{"id":26,"date":"2009-11-26T23:57:10","date_gmt":"2009-11-26T23:57:10","guid":{"rendered":"http:\/\/blogs.thesocialmedia.com\/leblogmoto\/2009\/11\/26\/vers-la-prime-a-lachat-pour-les-deuxroues-electriques\/"},"modified":"2012-07-11T17:42:57","modified_gmt":"2012-07-11T17:42:57","slug":"vers-la-prime-a-lachat-pour-les-deuxroues-electriques","status":"publish","type":"post","link":"https:\/\/blogs.thesocialmedia.com\/leblogmoto\/2009\/11\/26\/vers-la-prime-a-lachat-pour-les-deuxroues-electriques\/","title":{"rendered":"Vers la prime \u00e0 l&rsquo;achat pour les deux-roues \u00e9lectriques."},"content":{"rendered":"<p><img decoding=\"async\" alt=\"Moto Scooter Electrique Volt&#039;air Helio_Racing\" class=\"asset asset-image at-xid-6a00d83451b18369e2012875e0c83a970c \" src=\"http:\/\/blogs.thesocialmedia.com\/leblogmoto\/files\/2012\/07\/6a00d83451b18369e2012875e0c83a970c-500wi.jpg\" \/><\/p>\n<p>Les acheteurs de&#160;voitures \u00e9lectriques b\u00e9n\u00e9ficient d&#039;un bonus&#160;de 5000 \u20ac depuis le d\u00e9but&#160;de l&#039;ann\u00e9e 2008, et l&#039;on pouvait s&#039;\u00e9tonner de l&#039;absence d&#039;une telle incitation \u00e0 l&#039;achat chez les deux-roues, principalement, les scooters et les v\u00e9los mus par l&#039;\u00e9lectricit\u00e9. Christian Estrosi, s\u00e9millant ministre de l&#039;Industrie, maire de Nice,&#160;&quot;motodidacte&quot;, et ancien pilote&#160;au palmar\u00e8s&#8230;&#160;<a href=\"http:\/\/www.motorevue.com\/site\/estrosi-travestit-l-histoire-39390.html\">extensible<\/a> (non, je n&#039;ai rien contre lui), a annonc\u00e9&#160;aujourd&#039;hui l&#039;entr\u00e9e en vigueur d&#039;une prime \u00e0 l&#039;achat pour ces v\u00e9hicules, prime qui&#160;avoisinerait les 400 \u20ac. Reste \u00e0 d\u00e9terminer les modalit\u00e9s de celle-ci: le montant de l&#039;enveloppe consacr\u00e9e, son calendrier, et la distinction v\u00e9lo et scooter \u00e9lectriques (ah bon !?).<\/p>\n<\/p>\n<p>Dans la capitale, une subvention de 25&#160;% plafonn\u00e9e \u00e0 400 euros est propos\u00e9e depuis le d\u00e9but du mois aux acheteurs de v\u00e9lo ou cyclo \u00e9lectriques, selon <a href=\"http:\/\/www.lefigaro.fr\/conso\/2009\/11\/27\/05007-20091127ARTFIG00003-les-deux-roues-electriques-auront-leur-prime-.php\">Le Figaro<\/a>. Quand on pense prime deux-roues, on pense \u00e9videmment \u00e0 un achat plus doux pour les&#160;tr\u00e8s chers&#160;Vectrix. Mais cela rend aussi un engin plus modeste, tel le Velio (pr\u00e9sompteusement appel\u00e9 &quot;racing&quot;)&#160;int\u00e9ressant, lui qui co\u00fbte 1200 \u20ac; dans une toute autre cat\u00e9gorie, il est vrai.<\/p>\n<p>Toujours selon le quotidien national, &quot;Il s&#039;agit \u00e9galement d&#039;aider les industriels fran\u00e7ais \u00e0 d\u00e9velopper une offre comp\u00e9titive sur ce segment&quot;,&#160;d&#039;apr\u00e8s Ch.Estrosi citant les constructeurs Peugeot et Matra.<br \/>&#160;<\/p>\n","protected":false},"excerpt":{"rendered":"<p>Les acheteurs de&#160;voitures \u00e9lectriques b\u00e9n\u00e9ficient d&#039;un bonus&#160;de 5000 \u20ac depuis le d\u00e9but&#160;de l&#039;ann\u00e9e 2008, et l&#039;on pouvait s&#039;\u00e9tonner de l&#039;absence d&#039;une telle incitation \u00e0 l&#039;achat chez les deux-roues, principalement, les scooters et les v\u00e9los mus par l&#039;\u00e9lectricit\u00e9. Christian Estrosi, s\u00e9millant ministre de l&#039;Industrie, maire de Nice,&#160;&quot;motodidacte&quot;, et ancien pilote&#160;au palmar\u00e8s&#8230;&#160;extensible (non, je n&#039;ai rien contre [&hellip;]<\/p>\n","protected":false},"author":324,"featured_media":14369,"comment_status":"open","ping_status":"open","sticky":false,"template":"","format":"standard","meta":{"footnotes":""},"categories":[3,30,19],"tags":[],"class_list":["post-26","post","type-post","status-publish","format-standard","has-post-thumbnail","hentry","category-actualite","category-bio-carburantsvehicules-propres","category-scooter"],"yoast_head":"<!-- This site is optimized with the Yoast SEO plugin v26.0 - https:\/\/yoast.com\/wordpress\/plugins\/seo\/ -->\n<title>Vers la prime \u00e0 l&#039;achat pour les deux-roues \u00e9lectriques. - leblogmoto.com<\/title>\n<meta name=\"robots\" content=\"index, follow, max-snippet:-1, max-image-preview:large, max-video-preview:-1\" \/>\n<link rel=\"canonical\" href=\"https:\/\/blogs.thesocialmedia.com\/leblogmoto\/2009\/11\/26\/vers-la-prime-a-lachat-pour-les-deuxroues-electriques\/\" \/>\n<meta name=\"twitter:card\" content=\"summary_large_image\" \/>\n<meta name=\"twitter:title\" content=\"Vers la prime \u00e0 l&#039;achat pour les deux-roues \u00e9lectriques. - leblogmoto.com\" \/>\n<meta name=\"twitter:description\" content=\"Les acheteurs de&#160;voitures \u00e9lectriques b\u00e9n\u00e9ficient d&#039;un bonus&#160;de 5000 \u20ac depuis le d\u00e9but&#160;de l&#039;ann\u00e9e 2008, et l&#039;on pouvait s&#039;\u00e9tonner de l&#039;absence d&#039;une telle incitation \u00e0 l&#039;achat chez les deux-roues, principalement, les scooters et les v\u00e9los mus par l&#039;\u00e9lectricit\u00e9. Christian Estrosi, s\u00e9millant ministre de l&#039;Industrie, maire de Nice,&#160;&quot;motodidacte&quot;, et ancien pilote&#160;au palmar\u00e8s&#8230;&#160;extensible (non, je n&#039;ai rien contre [&hellip;]\" \/>\n<meta name=\"twitter:image\" content=\"https:\/\/blogs.thesocialmedia.com\/leblogmoto\/files\/2012\/07\/6a00d83451b18369e2012875e0c83a970c-500wi.jpg\" \/>\n<meta name=\"twitter:label1\" content=\"\u00c9crit par\" \/>\n\t<meta name=\"twitter:data1\" content=\"benoit rieu\" \/>\n\t<meta name=\"twitter:label2\" content=\"Dur\u00e9e de lecture estim\u00e9e\" \/>\n\t<meta name=\"twitter:data2\" content=\"1 minute\" \/>\n<script type=\"application\/ld+json\" class=\"yoast-schema-graph\">{\"@context\":\"https:\/\/schema.org\",\"@graph\":[{\"@type\":\"WebPage\",\"@id\":\"https:\/\/blogs.thesocialmedia.com\/leblogmoto\/2009\/11\/26\/vers-la-prime-a-lachat-pour-les-deuxroues-electriques\/\",\"url\":\"https:\/\/blogs.thesocialmedia.com\/leblogmoto\/2009\/11\/26\/vers-la-prime-a-lachat-pour-les-deuxroues-electriques\/\",\"name\":\"Vers la prime \u00e0 l'achat pour les deux-roues \u00e9lectriques. - leblogmoto.com\",\"isPartOf\":{\"@id\":\"https:\/\/blogs.thesocialmedia.com\/leblogmoto\/#website\"},\"primaryImageOfPage\":{\"@id\":\"https:\/\/blogs.thesocialmedia.com\/leblogmoto\/2009\/11\/26\/vers-la-prime-a-lachat-pour-les-deuxroues-electriques\/#primaryimage\"},\"image\":{\"@id\":\"https:\/\/blogs.thesocialmedia.com\/leblogmoto\/2009\/11\/26\/vers-la-prime-a-lachat-pour-les-deuxroues-electriques\/#primaryimage\"},\"thumbnailUrl\":\"https:\/\/blogs.thesocialmedia.com\/leblogmoto\/files\/2012\/07\/6a00d83451b18369e2012875e0c83a970c-500wi.jpg\",\"datePublished\":\"2009-11-26T23:57:10+00:00\",\"dateModified\":\"2012-07-11T17:42:57+00:00\",\"author\":{\"@id\":\"https:\/\/blogs.thesocialmedia.com\/leblogmoto\/#\/schema\/person\/18bfe773e5725ed6d24f743da805362a\"},\"breadcrumb\":{\"@id\":\"https:\/\/blogs.thesocialmedia.com\/leblogmoto\/2009\/11\/26\/vers-la-prime-a-lachat-pour-les-deuxroues-electriques\/#breadcrumb\"},\"inLanguage\":\"fr-FR\",\"potentialAction\":[{\"@type\":\"ReadAction\",\"target\":[\"https:\/\/blogs.thesocialmedia.com\/leblogmoto\/2009\/11\/26\/vers-la-prime-a-lachat-pour-les-deuxroues-electriques\/\"]}]},{\"@type\":\"ImageObject\",\"inLanguage\":\"fr-FR\",\"@id\":\"https:\/\/blogs.thesocialmedia.com\/leblogmoto\/2009\/11\/26\/vers-la-prime-a-lachat-pour-les-deuxroues-electriques\/#primaryimage\",\"url\":\"https:\/\/blogs.thesocialmedia.com\/leblogmoto\/files\/2012\/07\/6a00d83451b18369e2012875e0c83a970c-500wi.jpg\",\"contentUrl\":\"https:\/\/blogs.thesocialmedia.com\/leblogmoto\/files\/2012\/07\/6a00d83451b18369e2012875e0c83a970c-500wi.jpg\",\"width\":\"500\",\"height\":\"362\"},{\"@type\":\"BreadcrumbList\",\"@id\":\"https:\/\/blogs.thesocialmedia.com\/leblogmoto\/2009\/11\/26\/vers-la-prime-a-lachat-pour-les-deuxroues-electriques\/#breadcrumb\",\"itemListElement\":[{\"@type\":\"ListItem\",\"position\":1,\"name\":\"Accueil\",\"item\":\"https:\/\/blogs.thesocialmedia.com\/leblogmoto\/\"},{\"@type\":\"ListItem\",\"position\":2,\"name\":\"Vers la prime \u00e0 l&rsquo;achat pour les deux-roues \u00e9lectriques.\"}]},{\"@type\":\"WebSite\",\"@id\":\"https:\/\/blogs.thesocialmedia.com\/leblogmoto\/#website\",\"url\":\"https:\/\/blogs.thesocialmedia.com\/leblogmoto\/\",\"name\":\"leblogmoto\",\"description\":\"Toute l&#039;actualit\u00e9 des 2 roues\",\"potentialAction\":[{\"@type\":\"SearchAction\",\"target\":{\"@type\":\"EntryPoint\",\"urlTemplate\":\"https:\/\/blogs.thesocialmedia.com\/leblogmoto\/?s={search_term_string}\"},\"query-input\":{\"@type\":\"PropertyValueSpecification\",\"valueRequired\":true,\"valueName\":\"search_term_string\"}}],\"inLanguage\":\"fr-FR\"},{\"@type\":\"Person\",\"@id\":\"https:\/\/blogs.thesocialmedia.com\/leblogmoto\/#\/schema\/person\/18bfe773e5725ed6d24f743da805362a\",\"name\":\"benoit rieu\",\"image\":{\"@type\":\"ImageObject\",\"inLanguage\":\"fr-FR\",\"@id\":\"https:\/\/blogs.thesocialmedia.com\/leblogmoto\/#\/schema\/person\/image\/\",\"url\":\"https:\/\/secure.gravatar.com\/avatar\/?s=96&d=mm&r=g\",\"contentUrl\":\"https:\/\/secure.gravatar.com\/avatar\/?s=96&d=mm&r=g\",\"caption\":\"benoit rieu\"},\"url\":\"https:\/\/blogs.thesocialmedia.com\/leblogmoto\/author\/benoit-rieu\/\"}]}<\/script>\n<!-- \/ Yoast SEO plugin. -->","yoast_head_json":{"title":"Vers la prime \u00e0 l'achat pour les deux-roues \u00e9lectriques. - leblogmoto.com","robots":{"index":"index","follow":"follow","max-snippet":"max-snippet:-1","max-image-preview":"max-image-preview:large","max-video-preview":"max-video-preview:-1"},"canonical":"https:\/\/blogs.thesocialmedia.com\/leblogmoto\/2009\/11\/26\/vers-la-prime-a-lachat-pour-les-deuxroues-electriques\/","twitter_card":"summary_large_image","twitter_title":"Vers la prime \u00e0 l'achat pour les deux-roues \u00e9lectriques. - leblogmoto.com","twitter_description":"Les acheteurs de&#160;voitures \u00e9lectriques b\u00e9n\u00e9ficient d&#039;un bonus&#160;de 5000 \u20ac depuis le d\u00e9but&#160;de l&#039;ann\u00e9e 2008, et l&#039;on pouvait s&#039;\u00e9tonner de l&#039;absence d&#039;une telle incitation \u00e0 l&#039;achat chez les deux-roues, principalement, les scooters et les v\u00e9los mus par l&#039;\u00e9lectricit\u00e9. Christian Estrosi, s\u00e9millant ministre de l&#039;Industrie, maire de Nice,&#160;&quot;motodidacte&quot;, et ancien pilote&#160;au palmar\u00e8s&#8230;&#160;extensible (non, je n&#039;ai rien contre [&hellip;]","twitter_image":"https:\/\/blogs.thesocialmedia.com\/leblogmoto\/files\/2012\/07\/6a00d83451b18369e2012875e0c83a970c-500wi.jpg","twitter_misc":{"\u00c9crit par":"benoit rieu","Dur\u00e9e de lecture estim\u00e9e":"1 minute"},"schema":{"@context":"https:\/\/schema.org","@graph":[{"@type":"WebPage","@id":"https:\/\/blogs.thesocialmedia.com\/leblogmoto\/2009\/11\/26\/vers-la-prime-a-lachat-pour-les-deuxroues-electriques\/","url":"https:\/\/blogs.thesocialmedia.com\/leblogmoto\/2009\/11\/26\/vers-la-prime-a-lachat-pour-les-deuxroues-electriques\/","name":"Vers la prime \u00e0 l'achat pour les deux-roues \u00e9lectriques. - leblogmoto.com","isPartOf":{"@id":"https:\/\/blogs.thesocialmedia.com\/leblogmoto\/#website"},"primaryImageOfPage":{"@id":"https:\/\/blogs.thesocialmedia.com\/leblogmoto\/2009\/11\/26\/vers-la-prime-a-lachat-pour-les-deuxroues-electriques\/#primaryimage"},"image":{"@id":"https:\/\/blogs.thesocialmedia.com\/leblogmoto\/2009\/11\/26\/vers-la-prime-a-lachat-pour-les-deuxroues-electriques\/#primaryimage"},"thumbnailUrl":"https:\/\/blogs.thesocialmedia.com\/leblogmoto\/files\/2012\/07\/6a00d83451b18369e2012875e0c83a970c-500wi.jpg","datePublished":"2009-11-26T23:57:10+00:00","dateModified":"2012-07-11T17:42:57+00:00","author":{"@id":"https:\/\/blogs.thesocialmedia.com\/leblogmoto\/#\/schema\/person\/18bfe773e5725ed6d24f743da805362a"},"breadcrumb":{"@id":"https:\/\/blogs.thesocialmedia.com\/leblogmoto\/2009\/11\/26\/vers-la-prime-a-lachat-pour-les-deuxroues-electriques\/#breadcrumb"},"inLanguage":"fr-FR","potentialAction":[{"@type":"ReadAction","target":["https:\/\/blogs.thesocialmedia.com\/leblogmoto\/2009\/11\/26\/vers-la-prime-a-lachat-pour-les-deuxroues-electriques\/"]}]},{"@type":"ImageObject","inLanguage":"fr-FR","@id":"https:\/\/blogs.thesocialmedia.com\/leblogmoto\/2009\/11\/26\/vers-la-prime-a-lachat-pour-les-deuxroues-electriques\/#primaryimage","url":"https:\/\/blogs.thesocialmedia.com\/leblogmoto\/files\/2012\/07\/6a00d83451b18369e2012875e0c83a970c-500wi.jpg","contentUrl":"https:\/\/blogs.thesocialmedia.com\/leblogmoto\/files\/2012\/07\/6a00d83451b18369e2012875e0c83a970c-500wi.jpg","width":"500","height":"362"},{"@type":"BreadcrumbList","@id":"https:\/\/blogs.thesocialmedia.com\/leblogmoto\/2009\/11\/26\/vers-la-prime-a-lachat-pour-les-deuxroues-electriques\/#breadcrumb","itemListElement":[{"@type":"ListItem","position":1,"name":"Accueil","item":"https:\/\/blogs.thesocialmedia.com\/leblogmoto\/"},{"@type":"ListItem","position":2,"name":"Vers la prime \u00e0 l&rsquo;achat pour les deux-roues \u00e9lectriques."}]},{"@type":"WebSite","@id":"https:\/\/blogs.thesocialmedia.com\/leblogmoto\/#website","url":"https:\/\/blogs.thesocialmedia.com\/leblogmoto\/","name":"leblogmoto","description":"Toute l&#039;actualit\u00e9 des 2 roues","potentialAction":[{"@type":"SearchAction","target":{"@type":"EntryPoint","urlTemplate":"https:\/\/blogs.thesocialmedia.com\/leblogmoto\/?s={search_term_string}"},"query-input":{"@type":"PropertyValueSpecification","valueRequired":true,"valueName":"search_term_string"}}],"inLanguage":"fr-FR"},{"@type":"Person","@id":"https:\/\/blogs.thesocialmedia.com\/leblogmoto\/#\/schema\/person\/18bfe773e5725ed6d24f743da805362a","name":"benoit rieu","image":{"@type":"ImageObject","inLanguage":"fr-FR","@id":"https:\/\/blogs.thesocialmedia.com\/leblogmoto\/#\/schema\/person\/image\/","url":"https:\/\/secure.gravatar.com\/avatar\/?s=96&d=mm&r=g","contentUrl":"https:\/\/secure.gravatar.com\/avatar\/?s=96&d=mm&r=g","caption":"benoit rieu"},"url":"https:\/\/blogs.thesocialmedia.com\/leblogmoto\/author\/benoit-rieu\/"}]}},"_links":{"self":[{"href":"https:\/\/blogs.thesocialmedia.com\/leblogmoto\/wp-json\/wp\/v2\/posts\/26","targetHints":{"allow":["GET"]}}],"collection":[{"href":"https:\/\/blogs.thesocialmedia.com\/leblogmoto\/wp-json\/wp\/v2\/posts"}],"about":[{"href":"https:\/\/blogs.thesocialmedia.com\/leblogmoto\/wp-json\/wp\/v2\/types\/post"}],"author":[{"embeddable":true,"href":"https:\/\/blogs.thesocialmedia.com\/leblogmoto\/wp-json\/wp\/v2\/users\/324"}],"replies":[{"embeddable":true,"href":"https:\/\/blogs.thesocialmedia.com\/leblogmoto\/wp-json\/wp\/v2\/comments?post=26"}],"version-history":[{"count":2,"href":"https:\/\/blogs.thesocialmedia.com\/leblogmoto\/wp-json\/wp\/v2\/posts\/26\/revisions"}],"predecessor-version":[{"id":14370,"href":"https:\/\/blogs.thesocialmedia.com\/leblogmoto\/wp-json\/wp\/v2\/posts\/26\/revisions\/14370"}],"wp:featuredmedia":[{"embeddable":true,"href":"https:\/\/blogs.thesocialmedia.com\/leblogmoto\/wp-json\/wp\/v2\/media\/14369"}],"wp:attachment":[{"href":"https:\/\/blogs.thesocialmedia.com\/leblogmoto\/wp-json\/wp\/v2\/media?parent=26"}],"wp:term":[{"taxonomy":"category","embeddable":true,"href":"https:\/\/blogs.thesocialmedia.com\/leblogmoto\/wp-json\/wp\/v2\/categories?post=26"},{"taxonomy":"post_tag","embeddable":true,"href":"https:\/\/blogs.thesocialmedia.com\/leblogmoto\/wp-json\/wp\/v2\/tags?post=26"}],"curies":[{"name":"wp","href":"https:\/\/api.w.org\/{rel}","templated":true}]}}