{"id":260,"date":"2009-02-17T23:52:19","date_gmt":"2009-02-17T23:52:19","guid":{"rendered":"http:\/\/blogs.thesocialmedia.com\/leblogmoto\/2009\/02\/17\/jai-du-mal-comp\/"},"modified":"2012-07-11T17:06:13","modified_gmt":"2012-07-11T17:06:13","slug":"jai-du-mal-comp","status":"publish","type":"post","link":"https:\/\/blogs.thesocialmedia.com\/leblogmoto\/2009\/02\/17\/jai-du-mal-comp\/","title":{"rendered":"Alors que Jennifer Walcott lave votre moto, Kaleigh Pearson l&rsquo;assure."},"content":{"rendered":"<p><a href=\"http:\/\/blogs.thesocialmedia.com\/leblogmoto\/files\/2012\/07\/kaleigh_pearson3_2.jpg\"><img loading=\"lazy\" decoding=\"async\" height=\"254\"  width=\"470\" alt=\"Kaleigh_pearson3_2\" src=\"http:\/\/www.leblogmoto.com\/images\/2009\/02\/17\/kaleigh_pearson3_2.jpg\" \/><\/a> <\/p>\n<p><a href=\"http:\/\/blogs.thesocialmedia.com\/leblogmoto\/files\/2012\/07\/jennifer_walcott2_2.jpg\"><img loading=\"lazy\" decoding=\"async\" height=\"247\"  width=\"470\" alt=\"Jennifer_walcott2_2\" src=\"http:\/\/www.leblogmoto.com\/images\/2009\/02\/17\/jennifer_walcott2_2.jpg\" \/><\/a> <\/p>\n<p>J&rsquo;ai du mal \u00e0 comprendre ce qui nous vaut ces <a href=\"http:\/\/blogs.thesocialmedia.com\/leblogmoto\/files\/2012\/07\/nous-pardonnere.html_.png\">associations<\/a> de <em>babes<\/em> avec des 749 ou 999, les mod\u00e8les parmi les plus controvers\u00e9s de Pierre Terblanche, l&rsquo;ancien directeur du design de Ducati, parti de la firme de Bologne en 2007 pour d\u00e9velopper son propre studio. Non que je trouve ces sportives laides (j&rsquo;avoue avoir un peu de mal avec ces t\u00eates de fourches), mais simplement les roadsters de la marque sortis \u00e0 la m\u00eame \u00e9poque ont \u00e0 mon avis beaucoup plus de pr\u00e9sence avec leur ligne, leur rutilante m\u00e9canique et leur tripes \u00e0 l&rsquo;air. A moins que ce ne soit pour mettre en valeur les mannequins et <em>it girls<\/em> qui les accompagnent. Evidemment. Cela tombe bien, car <a href=\"http:\/\/www.kayleighpearson.net\/\">Kaleigh Pearson<\/a> a des arguments \u00e0 revendre. Celle qui continue \u00e0 poser pour le magazine FHM a m\u00eame pouss\u00e9 la chansonette avec un certain succ\u00e8s, vu les places qu&rsquo;elle a atteint dans les charts. Un second coup d&rsquo;oeil \u00e0 sa <a href=\"http:\/\/en.wikipedia.org\/wiki\/Kayleigh_Pearson\">bio<\/a> montre que Bath ne sera plus seulement connu pour fournir un tr\u00e8s s\u00e9rieux adversaire \u00e0 nos clubs de rugby hexagonaux. Le site <a href=\"http:\/\/lingeriesarea.blogspot.com\/2009\/01\/kaleigh-pearson-sexy-lingierie-pictures.html\">Hollywood Lingeries<\/a> o\u00f9 j&rsquo;ai trouv\u00e9 ces quelques photos les pr\u00e9sente comme issues du calendrier 2009 de la belle de 23 ans. Mouais, j&rsquo;en doute. Pourquoi une pub pour un assureur sur son petit <em>top<\/em> alors ? Pourquoi aussi ne pas la faire poser aux c\u00f4t\u00e9s d&rsquo;une sportive actuelle genre 848 ? Comme avec trois photos, cela aurait \u00e9t\u00e9 un peu chiche, je vous ai trouv\u00e9 sur le m\u00eame site des images de la <em>playmate<\/em> <a href=\"http:\/\/www.jenniferwalcott.com\/\">Jennifer Walcott<\/a> sur son cross Kawa sponsoris\u00e9 par Monser Energy, dat\u00e9es d&rsquo;il y a deux ans. Blonde <u>et<\/u> ch\u00e2tain.<\/p>\n<p><a href=\"http:\/\/clabedan.typepad.com\/.shared\/image.html?\/photos\/uncategorized\/2009\/02\/17\/kaleigh_pearson3.jpg\"><img loading=\"lazy\" decoding=\"async\" height=\"606\"  width=\"470\" src=\"http:\/\/www.leblogmoto.com\/images\/2009\/02\/17\/kaleigh_pearson3.jpg\" alt=\"Kaleigh_pearson3\" \/><\/a><\/p>\n<p><a href=\"http:\/\/blogs.thesocialmedia.com\/leblogmoto\/files\/2012\/07\/kaleigh_pearson2.jpg\"><img loading=\"lazy\" decoding=\"async\" height=\"537\"  width=\"470\" src=\"http:\/\/www.leblogmoto.com\/images\/2009\/02\/17\/kaleigh_pearson2.jpg\" alt=\"Kaleigh_pearson2\" \/><\/a><\/p>\n<p><a href=\"http:\/\/blogs.thesocialmedia.com\/leblogmoto\/files\/2012\/07\/kaleigh_pearson1_2.jpg\"><img loading=\"lazy\" decoding=\"async\" height=\"705\"  width=\"470\" src=\"http:\/\/www.leblogmoto.com\/images\/2009\/02\/17\/kaleigh_pearson1_2.jpg\" alt=\"Kaleigh_pearson1_2\" \/><\/a> <\/p>\n<p><a href=\"http:\/\/blogs.thesocialmedia.com\/leblogmoto\/files\/2012\/07\/jennifer_walcott1.jpg\"><img loading=\"lazy\" decoding=\"async\" height=\"547\"  width=\"469\" src=\"http:\/\/www.leblogmoto.com\/images\/2009\/02\/17\/jennifer_walcott1.jpg\" alt=\"Jennifer_walcott1\" \/><\/a> <\/p>\n<p><a href=\"http:\/\/blogs.thesocialmedia.com\/leblogmoto\/files\/2012\/07\/jennifer_walcott2.jpg\"><img loading=\"lazy\" decoding=\"async\" height=\"585\"  width=\"469\" src=\"http:\/\/www.leblogmoto.com\/images\/2009\/02\/17\/jennifer_walcott2.jpg\" alt=\"Jennifer_walcott2\" \/><\/a> <\/p>\n<p><a href=\"http:\/\/blogs.thesocialmedia.com\/leblogmoto\/files\/2012\/07\/jennifer_walcott3.jpg\"><img loading=\"lazy\" decoding=\"async\" height=\"541\"  width=\"470\" src=\"http:\/\/www.leblogmoto.com\/images\/2009\/02\/17\/jennifer_walcott3.jpg\" alt=\"Jennifer_walcott3\" \/><\/a> <\/p>\n","protected":false},"excerpt":{"rendered":"<p>J&rsquo;ai du mal \u00e0 comprendre ce qui nous vaut ces associations de babes avec des 749 ou 999, les mod\u00e8les parmi les plus controvers\u00e9s de Pierre Terblanche, l&rsquo;ancien directeur du design de Ducati, parti de la firme de Bologne en 2007 pour d\u00e9velopper son propre studio. Non que je trouve ces sportives laides (j&rsquo;avoue avoir [&hellip;]<\/p>\n","protected":false},"author":324,"featured_media":0,"comment_status":"open","ping_status":"open","sticky":false,"template":"","format":"standard","meta":{"footnotes":""},"categories":[17,41,45],"tags":[],"class_list":["post-260","post","type-post","status-publish","format-standard","hentry","category-divers","category-ducati","category-kawasaki"],"yoast_head":"<!-- This site is optimized with the Yoast SEO plugin v26.0 - https:\/\/yoast.com\/wordpress\/plugins\/seo\/ -->\n<title>Alors que Jennifer Walcott lave votre moto, Kaleigh Pearson l&#039;assure. - leblogmoto.com<\/title>\n<meta name=\"robots\" content=\"index, follow, max-snippet:-1, max-image-preview:large, max-video-preview:-1\" \/>\n<link rel=\"canonical\" href=\"https:\/\/blogs.thesocialmedia.com\/leblogmoto\/2009\/02\/17\/jai-du-mal-comp\/\" \/>\n<meta name=\"twitter:card\" content=\"summary_large_image\" \/>\n<meta name=\"twitter:title\" content=\"Alors que Jennifer Walcott lave votre moto, Kaleigh Pearson l&#039;assure. - leblogmoto.com\" \/>\n<meta name=\"twitter:description\" content=\"J&rsquo;ai du mal \u00e0 comprendre ce qui nous vaut ces associations de babes avec des 749 ou 999, les mod\u00e8les parmi les plus controvers\u00e9s de Pierre Terblanche, l&rsquo;ancien directeur du design de Ducati, parti de la firme de Bologne en 2007 pour d\u00e9velopper son propre studio. Non que je trouve ces sportives laides (j&rsquo;avoue avoir [&hellip;]\" \/>\n<meta name=\"twitter:image\" content=\"http:\/\/www.leblogmoto.com\/images\/2009\/02\/17\/kaleigh_pearson3_2.jpg\" \/>\n<meta name=\"twitter:label1\" content=\"\u00c9crit par\" \/>\n\t<meta name=\"twitter:data1\" content=\"benoit rieu\" \/>\n\t<meta name=\"twitter:label2\" content=\"Dur\u00e9e de lecture estim\u00e9e\" \/>\n\t<meta name=\"twitter:data2\" content=\"1 minute\" \/>\n<script type=\"application\/ld+json\" class=\"yoast-schema-graph\">{\"@context\":\"https:\/\/schema.org\",\"@graph\":[{\"@type\":\"WebPage\",\"@id\":\"https:\/\/blogs.thesocialmedia.com\/leblogmoto\/2009\/02\/17\/jai-du-mal-comp\/\",\"url\":\"https:\/\/blogs.thesocialmedia.com\/leblogmoto\/2009\/02\/17\/jai-du-mal-comp\/\",\"name\":\"Alors que Jennifer Walcott lave votre moto, Kaleigh Pearson l'assure. - leblogmoto.com\",\"isPartOf\":{\"@id\":\"https:\/\/blogs.thesocialmedia.com\/leblogmoto\/#website\"},\"primaryImageOfPage\":{\"@id\":\"https:\/\/blogs.thesocialmedia.com\/leblogmoto\/2009\/02\/17\/jai-du-mal-comp\/#primaryimage\"},\"image\":{\"@id\":\"https:\/\/blogs.thesocialmedia.com\/leblogmoto\/2009\/02\/17\/jai-du-mal-comp\/#primaryimage\"},\"thumbnailUrl\":\"http:\/\/www.leblogmoto.com\/images\/2009\/02\/17\/kaleigh_pearson3_2.jpg\",\"datePublished\":\"2009-02-17T23:52:19+00:00\",\"dateModified\":\"2012-07-11T17:06:13+00:00\",\"author\":{\"@id\":\"https:\/\/blogs.thesocialmedia.com\/leblogmoto\/#\/schema\/person\/18bfe773e5725ed6d24f743da805362a\"},\"breadcrumb\":{\"@id\":\"https:\/\/blogs.thesocialmedia.com\/leblogmoto\/2009\/02\/17\/jai-du-mal-comp\/#breadcrumb\"},\"inLanguage\":\"fr-FR\",\"potentialAction\":[{\"@type\":\"ReadAction\",\"target\":[\"https:\/\/blogs.thesocialmedia.com\/leblogmoto\/2009\/02\/17\/jai-du-mal-comp\/\"]}]},{\"@type\":\"ImageObject\",\"inLanguage\":\"fr-FR\",\"@id\":\"https:\/\/blogs.thesocialmedia.com\/leblogmoto\/2009\/02\/17\/jai-du-mal-comp\/#primaryimage\",\"url\":\"http:\/\/www.leblogmoto.com\/images\/2009\/02\/17\/kaleigh_pearson3_2.jpg\",\"contentUrl\":\"http:\/\/www.leblogmoto.com\/images\/2009\/02\/17\/kaleigh_pearson3_2.jpg\"},{\"@type\":\"BreadcrumbList\",\"@id\":\"https:\/\/blogs.thesocialmedia.com\/leblogmoto\/2009\/02\/17\/jai-du-mal-comp\/#breadcrumb\",\"itemListElement\":[{\"@type\":\"ListItem\",\"position\":1,\"name\":\"Accueil\",\"item\":\"https:\/\/blogs.thesocialmedia.com\/leblogmoto\/\"},{\"@type\":\"ListItem\",\"position\":2,\"name\":\"Alors que Jennifer Walcott lave votre moto, Kaleigh Pearson l&rsquo;assure.\"}]},{\"@type\":\"WebSite\",\"@id\":\"https:\/\/blogs.thesocialmedia.com\/leblogmoto\/#website\",\"url\":\"https:\/\/blogs.thesocialmedia.com\/leblogmoto\/\",\"name\":\"leblogmoto\",\"description\":\"Toute l&#039;actualit\u00e9 des 2 roues\",\"potentialAction\":[{\"@type\":\"SearchAction\",\"target\":{\"@type\":\"EntryPoint\",\"urlTemplate\":\"https:\/\/blogs.thesocialmedia.com\/leblogmoto\/?s={search_term_string}\"},\"query-input\":{\"@type\":\"PropertyValueSpecification\",\"valueRequired\":true,\"valueName\":\"search_term_string\"}}],\"inLanguage\":\"fr-FR\"},{\"@type\":\"Person\",\"@id\":\"https:\/\/blogs.thesocialmedia.com\/leblogmoto\/#\/schema\/person\/18bfe773e5725ed6d24f743da805362a\",\"name\":\"benoit rieu\",\"image\":{\"@type\":\"ImageObject\",\"inLanguage\":\"fr-FR\",\"@id\":\"https:\/\/blogs.thesocialmedia.com\/leblogmoto\/#\/schema\/person\/image\/\",\"url\":\"https:\/\/secure.gravatar.com\/avatar\/?s=96&d=mm&r=g\",\"contentUrl\":\"https:\/\/secure.gravatar.com\/avatar\/?s=96&d=mm&r=g\",\"caption\":\"benoit rieu\"},\"url\":\"https:\/\/blogs.thesocialmedia.com\/leblogmoto\/author\/benoit-rieu\/\"}]}<\/script>\n<!-- \/ Yoast SEO plugin. -->","yoast_head_json":{"title":"Alors que Jennifer Walcott lave votre moto, Kaleigh Pearson l'assure. - leblogmoto.com","robots":{"index":"index","follow":"follow","max-snippet":"max-snippet:-1","max-image-preview":"max-image-preview:large","max-video-preview":"max-video-preview:-1"},"canonical":"https:\/\/blogs.thesocialmedia.com\/leblogmoto\/2009\/02\/17\/jai-du-mal-comp\/","twitter_card":"summary_large_image","twitter_title":"Alors que Jennifer Walcott lave votre moto, Kaleigh Pearson l'assure. - leblogmoto.com","twitter_description":"J&rsquo;ai du mal \u00e0 comprendre ce qui nous vaut ces associations de babes avec des 749 ou 999, les mod\u00e8les parmi les plus controvers\u00e9s de Pierre Terblanche, l&rsquo;ancien directeur du design de Ducati, parti de la firme de Bologne en 2007 pour d\u00e9velopper son propre studio. Non que je trouve ces sportives laides (j&rsquo;avoue avoir [&hellip;]","twitter_image":"http:\/\/www.leblogmoto.com\/images\/2009\/02\/17\/kaleigh_pearson3_2.jpg","twitter_misc":{"\u00c9crit par":"benoit rieu","Dur\u00e9e de lecture estim\u00e9e":"1 minute"},"schema":{"@context":"https:\/\/schema.org","@graph":[{"@type":"WebPage","@id":"https:\/\/blogs.thesocialmedia.com\/leblogmoto\/2009\/02\/17\/jai-du-mal-comp\/","url":"https:\/\/blogs.thesocialmedia.com\/leblogmoto\/2009\/02\/17\/jai-du-mal-comp\/","name":"Alors que Jennifer Walcott lave votre moto, Kaleigh Pearson l'assure. - leblogmoto.com","isPartOf":{"@id":"https:\/\/blogs.thesocialmedia.com\/leblogmoto\/#website"},"primaryImageOfPage":{"@id":"https:\/\/blogs.thesocialmedia.com\/leblogmoto\/2009\/02\/17\/jai-du-mal-comp\/#primaryimage"},"image":{"@id":"https:\/\/blogs.thesocialmedia.com\/leblogmoto\/2009\/02\/17\/jai-du-mal-comp\/#primaryimage"},"thumbnailUrl":"http:\/\/www.leblogmoto.com\/images\/2009\/02\/17\/kaleigh_pearson3_2.jpg","datePublished":"2009-02-17T23:52:19+00:00","dateModified":"2012-07-11T17:06:13+00:00","author":{"@id":"https:\/\/blogs.thesocialmedia.com\/leblogmoto\/#\/schema\/person\/18bfe773e5725ed6d24f743da805362a"},"breadcrumb":{"@id":"https:\/\/blogs.thesocialmedia.com\/leblogmoto\/2009\/02\/17\/jai-du-mal-comp\/#breadcrumb"},"inLanguage":"fr-FR","potentialAction":[{"@type":"ReadAction","target":["https:\/\/blogs.thesocialmedia.com\/leblogmoto\/2009\/02\/17\/jai-du-mal-comp\/"]}]},{"@type":"ImageObject","inLanguage":"fr-FR","@id":"https:\/\/blogs.thesocialmedia.com\/leblogmoto\/2009\/02\/17\/jai-du-mal-comp\/#primaryimage","url":"http:\/\/www.leblogmoto.com\/images\/2009\/02\/17\/kaleigh_pearson3_2.jpg","contentUrl":"http:\/\/www.leblogmoto.com\/images\/2009\/02\/17\/kaleigh_pearson3_2.jpg"},{"@type":"BreadcrumbList","@id":"https:\/\/blogs.thesocialmedia.com\/leblogmoto\/2009\/02\/17\/jai-du-mal-comp\/#breadcrumb","itemListElement":[{"@type":"ListItem","position":1,"name":"Accueil","item":"https:\/\/blogs.thesocialmedia.com\/leblogmoto\/"},{"@type":"ListItem","position":2,"name":"Alors que Jennifer Walcott lave votre moto, Kaleigh Pearson l&rsquo;assure."}]},{"@type":"WebSite","@id":"https:\/\/blogs.thesocialmedia.com\/leblogmoto\/#website","url":"https:\/\/blogs.thesocialmedia.com\/leblogmoto\/","name":"leblogmoto","description":"Toute l&#039;actualit\u00e9 des 2 roues","potentialAction":[{"@type":"SearchAction","target":{"@type":"EntryPoint","urlTemplate":"https:\/\/blogs.thesocialmedia.com\/leblogmoto\/?s={search_term_string}"},"query-input":{"@type":"PropertyValueSpecification","valueRequired":true,"valueName":"search_term_string"}}],"inLanguage":"fr-FR"},{"@type":"Person","@id":"https:\/\/blogs.thesocialmedia.com\/leblogmoto\/#\/schema\/person\/18bfe773e5725ed6d24f743da805362a","name":"benoit rieu","image":{"@type":"ImageObject","inLanguage":"fr-FR","@id":"https:\/\/blogs.thesocialmedia.com\/leblogmoto\/#\/schema\/person\/image\/","url":"https:\/\/secure.gravatar.com\/avatar\/?s=96&d=mm&r=g","contentUrl":"https:\/\/secure.gravatar.com\/avatar\/?s=96&d=mm&r=g","caption":"benoit rieu"},"url":"https:\/\/blogs.thesocialmedia.com\/leblogmoto\/author\/benoit-rieu\/"}]}},"_links":{"self":[{"href":"https:\/\/blogs.thesocialmedia.com\/leblogmoto\/wp-json\/wp\/v2\/posts\/260","targetHints":{"allow":["GET"]}}],"collection":[{"href":"https:\/\/blogs.thesocialmedia.com\/leblogmoto\/wp-json\/wp\/v2\/posts"}],"about":[{"href":"https:\/\/blogs.thesocialmedia.com\/leblogmoto\/wp-json\/wp\/v2\/types\/post"}],"author":[{"embeddable":true,"href":"https:\/\/blogs.thesocialmedia.com\/leblogmoto\/wp-json\/wp\/v2\/users\/324"}],"replies":[{"embeddable":true,"href":"https:\/\/blogs.thesocialmedia.com\/leblogmoto\/wp-json\/wp\/v2\/comments?post=260"}],"version-history":[{"count":2,"href":"https:\/\/blogs.thesocialmedia.com\/leblogmoto\/wp-json\/wp\/v2\/posts\/260\/revisions"}],"predecessor-version":[{"id":12785,"href":"https:\/\/blogs.thesocialmedia.com\/leblogmoto\/wp-json\/wp\/v2\/posts\/260\/revisions\/12785"}],"wp:attachment":[{"href":"https:\/\/blogs.thesocialmedia.com\/leblogmoto\/wp-json\/wp\/v2\/media?parent=260"}],"wp:term":[{"taxonomy":"category","embeddable":true,"href":"https:\/\/blogs.thesocialmedia.com\/leblogmoto\/wp-json\/wp\/v2\/categories?post=260"},{"taxonomy":"post_tag","embeddable":true,"href":"https:\/\/blogs.thesocialmedia.com\/leblogmoto\/wp-json\/wp\/v2\/tags?post=260"}],"curies":[{"name":"wp","href":"https:\/\/api.w.org\/{rel}","templated":true}]}}