{"id":264,"date":"2009-02-14T23:00:17","date_gmt":"2009-02-14T23:00:17","guid":{"rendered":"http:\/\/blogs.thesocialmedia.com\/leblogmoto\/2009\/02\/14\/plainte-de-la-f\/"},"modified":"2012-07-11T17:05:48","modified_gmt":"2012-07-11T17:05:48","slug":"plainte-de-la-f","status":"publish","type":"post","link":"https:\/\/blogs.thesocialmedia.com\/leblogmoto\/2009\/02\/14\/plainte-de-la-f\/","title":{"rendered":"Plainte de la famille de Pascal Terry pour homicide involontaire."},"content":{"rendered":"<p><a href=\"http:\/\/blogs.thesocialmedia.com\/leblogmoto\/files\/2012\/07\/moto_pascal_terry_8.jpg\"><img loading=\"lazy\" decoding=\"async\" width=\"470\" height=\"342\" alt=\"Moto_pascal_terry_8\" src=\"http:\/\/www.leblogmoto.com\/images\/2009\/02\/14\/moto_pascal_terry_8.jpg\"  \/><\/a><\/p>\n<p>Disparu le 4 janvier dernier au cours de la deuxi\u00e8me \u00e9tape du Dakar 2009, entre Santa Rosa et Puerto Madryn, Pascal Terry avait \u00e9t\u00e9 retrouv\u00e9 mort trois jours apr\u00e8s, dans un endroit abrit\u00e9 \u00e0 une quinzaine de m\u00e8tres de son <em>trail<\/em>. Une d\u00e9p\u00eache d&rsquo;agence nous a appris vendredi que la <a href=\"http:\/\/www.leblogmoto.com\/2009\/01\/le-corps-de-pte.html\">famille du pilote<\/a> Yamaha avait d\u00e9pos\u00e9 une plainte au parquet de Nanterre, fin janvier, pour homicide involontaire. Toujours selon l&rsquo;AFP, le parquet n&rsquo;a pas encore pris de d\u00e9cision sur les suites \u00e0 donner \u00e0 cette plainte, alors qu&rsquo;un juge argentin est d\u00e9j\u00e0 en charge d&rsquo;une enqu\u00eate sur les circonstances de la mort du pilote, \u00e0 49 ans. ASO, pour Amaury Sport Organisation, a refus\u00e9 de commenter cette proc\u00e9dure judiciaire mais l&rsquo;organisateur du rallye-raid a d\u00e9clar\u00e9 hier \u00eatre au courant &quot;depuis au moins quinze jours&quot;. Le juge argentin Manuel Alvarez, alors en charge de l&rsquo;instruction, d\u00e9clarait il y a un mois &quot;Ou il y a eu n\u00e9gligence de la part du concurrent en situation d&rsquo;urgence (&#8230;) Ou il y a eu une organisation d\u00e9sastreuse de la part du rallye qui n&rsquo;avait pas pr\u00e9vu une s\u00e9rie d&rsquo;\u00e9v\u00e9nements et cela peut donner lieu \u00e0 un cas d&rsquo;abandon de personne&quot;. Pour ajouter encore \u00e0 la difficult\u00e9 de d\u00e9m\u00ealer l&rsquo;\u00e9cheveau des responsabilit\u00e9s*, Manuel Alvarez indiquait que la <a href=\"http:\/\/www.leblogmoto.com\/2009\/01\/dakar-dcs-de-pa.html\">mort<\/a> \u00e9tait due \u00e0 un &quot;arr\u00eat cardio-respiratoire non traumatique occasionn\u00e9 par un \u0153d\u00e8me pulmonaire qui avait son origine dans une cardiopathie pr\u00e9-existante&quot;.<\/p>\n<p><em>*m\u00eame si les torts d&rsquo;ASO paraissent \u00e9tablis.<\/em><\/p>\n<p><em>Via l&rsquo;Agence France Presse.<br \/><\/em><\/p>\n","protected":false},"excerpt":{"rendered":"<p>Disparu le 4 janvier dernier au cours de la deuxi\u00e8me \u00e9tape du Dakar 2009, entre Santa Rosa et Puerto Madryn, Pascal Terry avait \u00e9t\u00e9 retrouv\u00e9 mort trois jours apr\u00e8s, dans un endroit abrit\u00e9 \u00e0 une quinzaine de m\u00e8tres de son trail. Une d\u00e9p\u00eache d&rsquo;agence nous a appris vendredi que la famille du pilote Yamaha avait [&hellip;]<\/p>\n","protected":false},"author":324,"featured_media":0,"comment_status":"open","ping_status":"open","sticky":false,"template":"","format":"standard","meta":{"footnotes":""},"categories":[3,59,61],"tags":[],"class_list":["post-264","post","type-post","status-publish","format-standard","hentry","category-actualite","category-dakar","category-rallye-raid"],"yoast_head":"<!-- This site is optimized with the Yoast SEO plugin v26.0 - https:\/\/yoast.com\/wordpress\/plugins\/seo\/ -->\n<title>Plainte de la famille de Pascal Terry pour homicide involontaire. - leblogmoto.com<\/title>\n<meta name=\"robots\" content=\"index, follow, max-snippet:-1, max-image-preview:large, max-video-preview:-1\" \/>\n<link rel=\"canonical\" href=\"https:\/\/blogs.thesocialmedia.com\/leblogmoto\/2009\/02\/14\/plainte-de-la-f\/\" \/>\n<meta name=\"twitter:card\" content=\"summary_large_image\" \/>\n<meta name=\"twitter:title\" content=\"Plainte de la famille de Pascal Terry pour homicide involontaire. - leblogmoto.com\" \/>\n<meta name=\"twitter:description\" content=\"Disparu le 4 janvier dernier au cours de la deuxi\u00e8me \u00e9tape du Dakar 2009, entre Santa Rosa et Puerto Madryn, Pascal Terry avait \u00e9t\u00e9 retrouv\u00e9 mort trois jours apr\u00e8s, dans un endroit abrit\u00e9 \u00e0 une quinzaine de m\u00e8tres de son trail. Une d\u00e9p\u00eache d&rsquo;agence nous a appris vendredi que la famille du pilote Yamaha avait [&hellip;]\" \/>\n<meta name=\"twitter:image\" content=\"http:\/\/www.leblogmoto.com\/images\/2009\/02\/14\/moto_pascal_terry_8.jpg\" \/>\n<meta name=\"twitter:label1\" content=\"\u00c9crit par\" \/>\n\t<meta name=\"twitter:data1\" content=\"benoit rieu\" \/>\n\t<meta name=\"twitter:label2\" content=\"Dur\u00e9e de lecture estim\u00e9e\" \/>\n\t<meta name=\"twitter:data2\" content=\"1 minute\" \/>\n<script type=\"application\/ld+json\" class=\"yoast-schema-graph\">{\"@context\":\"https:\/\/schema.org\",\"@graph\":[{\"@type\":\"WebPage\",\"@id\":\"https:\/\/blogs.thesocialmedia.com\/leblogmoto\/2009\/02\/14\/plainte-de-la-f\/\",\"url\":\"https:\/\/blogs.thesocialmedia.com\/leblogmoto\/2009\/02\/14\/plainte-de-la-f\/\",\"name\":\"Plainte de la famille de Pascal Terry pour homicide involontaire. - leblogmoto.com\",\"isPartOf\":{\"@id\":\"https:\/\/blogs.thesocialmedia.com\/leblogmoto\/#website\"},\"primaryImageOfPage\":{\"@id\":\"https:\/\/blogs.thesocialmedia.com\/leblogmoto\/2009\/02\/14\/plainte-de-la-f\/#primaryimage\"},\"image\":{\"@id\":\"https:\/\/blogs.thesocialmedia.com\/leblogmoto\/2009\/02\/14\/plainte-de-la-f\/#primaryimage\"},\"thumbnailUrl\":\"http:\/\/www.leblogmoto.com\/images\/2009\/02\/14\/moto_pascal_terry_8.jpg\",\"datePublished\":\"2009-02-14T23:00:17+00:00\",\"dateModified\":\"2012-07-11T17:05:48+00:00\",\"author\":{\"@id\":\"https:\/\/blogs.thesocialmedia.com\/leblogmoto\/#\/schema\/person\/18bfe773e5725ed6d24f743da805362a\"},\"breadcrumb\":{\"@id\":\"https:\/\/blogs.thesocialmedia.com\/leblogmoto\/2009\/02\/14\/plainte-de-la-f\/#breadcrumb\"},\"inLanguage\":\"fr-FR\",\"potentialAction\":[{\"@type\":\"ReadAction\",\"target\":[\"https:\/\/blogs.thesocialmedia.com\/leblogmoto\/2009\/02\/14\/plainte-de-la-f\/\"]}]},{\"@type\":\"ImageObject\",\"inLanguage\":\"fr-FR\",\"@id\":\"https:\/\/blogs.thesocialmedia.com\/leblogmoto\/2009\/02\/14\/plainte-de-la-f\/#primaryimage\",\"url\":\"http:\/\/www.leblogmoto.com\/images\/2009\/02\/14\/moto_pascal_terry_8.jpg\",\"contentUrl\":\"http:\/\/www.leblogmoto.com\/images\/2009\/02\/14\/moto_pascal_terry_8.jpg\"},{\"@type\":\"BreadcrumbList\",\"@id\":\"https:\/\/blogs.thesocialmedia.com\/leblogmoto\/2009\/02\/14\/plainte-de-la-f\/#breadcrumb\",\"itemListElement\":[{\"@type\":\"ListItem\",\"position\":1,\"name\":\"Accueil\",\"item\":\"https:\/\/blogs.thesocialmedia.com\/leblogmoto\/\"},{\"@type\":\"ListItem\",\"position\":2,\"name\":\"Plainte de la famille de Pascal Terry pour homicide involontaire.\"}]},{\"@type\":\"WebSite\",\"@id\":\"https:\/\/blogs.thesocialmedia.com\/leblogmoto\/#website\",\"url\":\"https:\/\/blogs.thesocialmedia.com\/leblogmoto\/\",\"name\":\"leblogmoto\",\"description\":\"Toute l&#039;actualit\u00e9 des 2 roues\",\"potentialAction\":[{\"@type\":\"SearchAction\",\"target\":{\"@type\":\"EntryPoint\",\"urlTemplate\":\"https:\/\/blogs.thesocialmedia.com\/leblogmoto\/?s={search_term_string}\"},\"query-input\":{\"@type\":\"PropertyValueSpecification\",\"valueRequired\":true,\"valueName\":\"search_term_string\"}}],\"inLanguage\":\"fr-FR\"},{\"@type\":\"Person\",\"@id\":\"https:\/\/blogs.thesocialmedia.com\/leblogmoto\/#\/schema\/person\/18bfe773e5725ed6d24f743da805362a\",\"name\":\"benoit rieu\",\"image\":{\"@type\":\"ImageObject\",\"inLanguage\":\"fr-FR\",\"@id\":\"https:\/\/blogs.thesocialmedia.com\/leblogmoto\/#\/schema\/person\/image\/\",\"url\":\"https:\/\/secure.gravatar.com\/avatar\/?s=96&d=mm&r=g\",\"contentUrl\":\"https:\/\/secure.gravatar.com\/avatar\/?s=96&d=mm&r=g\",\"caption\":\"benoit rieu\"},\"url\":\"https:\/\/blogs.thesocialmedia.com\/leblogmoto\/author\/benoit-rieu\/\"}]}<\/script>\n<!-- \/ Yoast SEO plugin. -->","yoast_head_json":{"title":"Plainte de la famille de Pascal Terry pour homicide involontaire. - leblogmoto.com","robots":{"index":"index","follow":"follow","max-snippet":"max-snippet:-1","max-image-preview":"max-image-preview:large","max-video-preview":"max-video-preview:-1"},"canonical":"https:\/\/blogs.thesocialmedia.com\/leblogmoto\/2009\/02\/14\/plainte-de-la-f\/","twitter_card":"summary_large_image","twitter_title":"Plainte de la famille de Pascal Terry pour homicide involontaire. - leblogmoto.com","twitter_description":"Disparu le 4 janvier dernier au cours de la deuxi\u00e8me \u00e9tape du Dakar 2009, entre Santa Rosa et Puerto Madryn, Pascal Terry avait \u00e9t\u00e9 retrouv\u00e9 mort trois jours apr\u00e8s, dans un endroit abrit\u00e9 \u00e0 une quinzaine de m\u00e8tres de son trail. Une d\u00e9p\u00eache d&rsquo;agence nous a appris vendredi que la famille du pilote Yamaha avait [&hellip;]","twitter_image":"http:\/\/www.leblogmoto.com\/images\/2009\/02\/14\/moto_pascal_terry_8.jpg","twitter_misc":{"\u00c9crit par":"benoit rieu","Dur\u00e9e de lecture estim\u00e9e":"1 minute"},"schema":{"@context":"https:\/\/schema.org","@graph":[{"@type":"WebPage","@id":"https:\/\/blogs.thesocialmedia.com\/leblogmoto\/2009\/02\/14\/plainte-de-la-f\/","url":"https:\/\/blogs.thesocialmedia.com\/leblogmoto\/2009\/02\/14\/plainte-de-la-f\/","name":"Plainte de la famille de Pascal Terry pour homicide involontaire. - leblogmoto.com","isPartOf":{"@id":"https:\/\/blogs.thesocialmedia.com\/leblogmoto\/#website"},"primaryImageOfPage":{"@id":"https:\/\/blogs.thesocialmedia.com\/leblogmoto\/2009\/02\/14\/plainte-de-la-f\/#primaryimage"},"image":{"@id":"https:\/\/blogs.thesocialmedia.com\/leblogmoto\/2009\/02\/14\/plainte-de-la-f\/#primaryimage"},"thumbnailUrl":"http:\/\/www.leblogmoto.com\/images\/2009\/02\/14\/moto_pascal_terry_8.jpg","datePublished":"2009-02-14T23:00:17+00:00","dateModified":"2012-07-11T17:05:48+00:00","author":{"@id":"https:\/\/blogs.thesocialmedia.com\/leblogmoto\/#\/schema\/person\/18bfe773e5725ed6d24f743da805362a"},"breadcrumb":{"@id":"https:\/\/blogs.thesocialmedia.com\/leblogmoto\/2009\/02\/14\/plainte-de-la-f\/#breadcrumb"},"inLanguage":"fr-FR","potentialAction":[{"@type":"ReadAction","target":["https:\/\/blogs.thesocialmedia.com\/leblogmoto\/2009\/02\/14\/plainte-de-la-f\/"]}]},{"@type":"ImageObject","inLanguage":"fr-FR","@id":"https:\/\/blogs.thesocialmedia.com\/leblogmoto\/2009\/02\/14\/plainte-de-la-f\/#primaryimage","url":"http:\/\/www.leblogmoto.com\/images\/2009\/02\/14\/moto_pascal_terry_8.jpg","contentUrl":"http:\/\/www.leblogmoto.com\/images\/2009\/02\/14\/moto_pascal_terry_8.jpg"},{"@type":"BreadcrumbList","@id":"https:\/\/blogs.thesocialmedia.com\/leblogmoto\/2009\/02\/14\/plainte-de-la-f\/#breadcrumb","itemListElement":[{"@type":"ListItem","position":1,"name":"Accueil","item":"https:\/\/blogs.thesocialmedia.com\/leblogmoto\/"},{"@type":"ListItem","position":2,"name":"Plainte de la famille de Pascal Terry pour homicide involontaire."}]},{"@type":"WebSite","@id":"https:\/\/blogs.thesocialmedia.com\/leblogmoto\/#website","url":"https:\/\/blogs.thesocialmedia.com\/leblogmoto\/","name":"leblogmoto","description":"Toute l&#039;actualit\u00e9 des 2 roues","potentialAction":[{"@type":"SearchAction","target":{"@type":"EntryPoint","urlTemplate":"https:\/\/blogs.thesocialmedia.com\/leblogmoto\/?s={search_term_string}"},"query-input":{"@type":"PropertyValueSpecification","valueRequired":true,"valueName":"search_term_string"}}],"inLanguage":"fr-FR"},{"@type":"Person","@id":"https:\/\/blogs.thesocialmedia.com\/leblogmoto\/#\/schema\/person\/18bfe773e5725ed6d24f743da805362a","name":"benoit rieu","image":{"@type":"ImageObject","inLanguage":"fr-FR","@id":"https:\/\/blogs.thesocialmedia.com\/leblogmoto\/#\/schema\/person\/image\/","url":"https:\/\/secure.gravatar.com\/avatar\/?s=96&d=mm&r=g","contentUrl":"https:\/\/secure.gravatar.com\/avatar\/?s=96&d=mm&r=g","caption":"benoit rieu"},"url":"https:\/\/blogs.thesocialmedia.com\/leblogmoto\/author\/benoit-rieu\/"}]}},"_links":{"self":[{"href":"https:\/\/blogs.thesocialmedia.com\/leblogmoto\/wp-json\/wp\/v2\/posts\/264","targetHints":{"allow":["GET"]}}],"collection":[{"href":"https:\/\/blogs.thesocialmedia.com\/leblogmoto\/wp-json\/wp\/v2\/posts"}],"about":[{"href":"https:\/\/blogs.thesocialmedia.com\/leblogmoto\/wp-json\/wp\/v2\/types\/post"}],"author":[{"embeddable":true,"href":"https:\/\/blogs.thesocialmedia.com\/leblogmoto\/wp-json\/wp\/v2\/users\/324"}],"replies":[{"embeddable":true,"href":"https:\/\/blogs.thesocialmedia.com\/leblogmoto\/wp-json\/wp\/v2\/comments?post=264"}],"version-history":[{"count":2,"href":"https:\/\/blogs.thesocialmedia.com\/leblogmoto\/wp-json\/wp\/v2\/posts\/264\/revisions"}],"predecessor-version":[{"id":12771,"href":"https:\/\/blogs.thesocialmedia.com\/leblogmoto\/wp-json\/wp\/v2\/posts\/264\/revisions\/12771"}],"wp:attachment":[{"href":"https:\/\/blogs.thesocialmedia.com\/leblogmoto\/wp-json\/wp\/v2\/media?parent=264"}],"wp:term":[{"taxonomy":"category","embeddable":true,"href":"https:\/\/blogs.thesocialmedia.com\/leblogmoto\/wp-json\/wp\/v2\/categories?post=264"},{"taxonomy":"post_tag","embeddable":true,"href":"https:\/\/blogs.thesocialmedia.com\/leblogmoto\/wp-json\/wp\/v2\/tags?post=264"}],"curies":[{"name":"wp","href":"https:\/\/api.w.org\/{rel}","templated":true}]}}