{"id":265,"date":"2009-02-14T22:57:24","date_gmt":"2009-02-14T22:57:24","guid":{"rendered":"http:\/\/blogs.thesocialmedia.com\/leblogmoto\/2009\/02\/14\/le-petit-muse-d\/"},"modified":"2012-07-11T13:23:07","modified_gmt":"2012-07-11T13:23:07","slug":"le-petit-muse-d","status":"publish","type":"post","link":"https:\/\/blogs.thesocialmedia.com\/leblogmoto\/2009\/02\/14\/le-petit-muse-d\/","title":{"rendered":"Derri\u00e8re les \u00e9tals du primeur, un petit mus\u00e9e du deux-roues."},"content":{"rendered":"<div><object width=\"480\" height=\"381\"><embed width=\"480\" height=\"381\" src=\"http:\/\/www.dailymotion.com\/swf\/k3dg5rwPX7REsfWJj7&amp;related=1\" type=\"application\/x-shockwave-flash\"><\/embed><\/object><br \/><strong><a href=\"http:\/\/www.dailymotion.com\/video\/x8c0at_fruits-legumes-et-motos_auto\"><br \/><\/a><\/strong><em><a href=\"http:\/\/www.dailymotion.com\/AGDE-TV\"><\/a><\/em><\/div>\n<p>Une vid\u00e9o qui aurait pu s&rsquo;intituler &quot;TV Flamingo* a trouv\u00e9 une vraie perle&quot;, si le commentaire l\u00e9nifiant du reporter en fond sonore ne tuait pas l&rsquo;ambiance. Sans parler du micro-trottoir avec l&rsquo;interview du touriste qui ne sert strictement \u00e0 rien (mais tabernacle, ne serait-ce pas un accent qu\u00e9b\u00e9cois que j&rsquo;entends l\u00e0 !? tiens&#8230;). Qu&rsquo;importe, Jacques Delpech, le primeur, a la bonne gueule burin\u00e9e du m\u00e9cano sponsoris\u00e9 par Harley Davidson. Et il est passionn\u00e9, condition n\u00e9cessaire et suffisante pour faire partager l&rsquo;histoire et la m\u00e9canique des cinquante motocyclettes qui peuplent son arri\u00e8re-boutique. Des b\u00e9canes pour certaines centenaires et souvent en parfait \u00e9tat de marche. Pour lui tout avait commenc\u00e9 avec la restauration d&rsquo;une <a href=\"http:\/\/www.leblogmoto.com\/2008\/10\/bsa-d1-bantam-p.html\">BSA<\/a>; la suite en appuyant sur &quot;lecture&quot;.<\/p>\n<p><em>Source Dailymotion via Le Blog Moto.<\/em><\/p>\n<p><em>*devenue Agde TV., dans l&rsquo;H\u00e9rault (34).<br \/><\/em><\/p>\n","protected":false},"excerpt":{"rendered":"<p>Une vid\u00e9o qui aurait pu s&rsquo;intituler &quot;TV Flamingo* a trouv\u00e9 une vraie perle&quot;, si le commentaire l\u00e9nifiant du reporter en fond sonore ne tuait pas l&rsquo;ambiance. Sans parler du micro-trottoir avec l&rsquo;interview du touriste qui ne sert strictement \u00e0 rien (mais tabernacle, ne serait-ce pas un accent qu\u00e9b\u00e9cois que j&rsquo;entends l\u00e0 !? tiens&#8230;). Qu&rsquo;importe, Jacques [&hellip;]<\/p>\n","protected":false},"author":324,"featured_media":0,"comment_status":"open","ping_status":"open","sticky":false,"template":"","format":"standard","meta":{"footnotes":""},"categories":[3,9,58,12],"tags":[],"class_list":["post-265","post","type-post","status-publish","format-standard","hentry","category-actualite","category-historique","category-insolite","category-videos"],"yoast_head":"<!-- This site is optimized with the Yoast SEO plugin v26.0 - https:\/\/yoast.com\/wordpress\/plugins\/seo\/ -->\n<title>Derri\u00e8re les \u00e9tals du primeur, un petit mus\u00e9e du deux-roues. - leblogmoto.com<\/title>\n<meta name=\"robots\" content=\"index, follow, max-snippet:-1, max-image-preview:large, max-video-preview:-1\" \/>\n<link rel=\"canonical\" href=\"https:\/\/blogs.thesocialmedia.com\/leblogmoto\/2009\/02\/14\/le-petit-muse-d\/\" \/>\n<meta name=\"twitter:card\" content=\"summary_large_image\" \/>\n<meta name=\"twitter:title\" content=\"Derri\u00e8re les \u00e9tals du primeur, un petit mus\u00e9e du deux-roues. - leblogmoto.com\" \/>\n<meta name=\"twitter:description\" content=\"Une vid\u00e9o qui aurait pu s&rsquo;intituler &quot;TV Flamingo* a trouv\u00e9 une vraie perle&quot;, si le commentaire l\u00e9nifiant du reporter en fond sonore ne tuait pas l&rsquo;ambiance. Sans parler du micro-trottoir avec l&rsquo;interview du touriste qui ne sert strictement \u00e0 rien (mais tabernacle, ne serait-ce pas un accent qu\u00e9b\u00e9cois que j&rsquo;entends l\u00e0 !? tiens&#8230;). Qu&rsquo;importe, Jacques [&hellip;]\" \/>\n<meta name=\"twitter:label1\" content=\"\u00c9crit par\" \/>\n\t<meta name=\"twitter:data1\" content=\"benoit rieu\" \/>\n\t<meta name=\"twitter:label2\" content=\"Dur\u00e9e de lecture estim\u00e9e\" \/>\n\t<meta name=\"twitter:data2\" content=\"1 minute\" \/>\n<script type=\"application\/ld+json\" class=\"yoast-schema-graph\">{\"@context\":\"https:\/\/schema.org\",\"@graph\":[{\"@type\":\"WebPage\",\"@id\":\"https:\/\/blogs.thesocialmedia.com\/leblogmoto\/2009\/02\/14\/le-petit-muse-d\/\",\"url\":\"https:\/\/blogs.thesocialmedia.com\/leblogmoto\/2009\/02\/14\/le-petit-muse-d\/\",\"name\":\"Derri\u00e8re les \u00e9tals du primeur, un petit mus\u00e9e du deux-roues. - leblogmoto.com\",\"isPartOf\":{\"@id\":\"https:\/\/blogs.thesocialmedia.com\/leblogmoto\/#website\"},\"datePublished\":\"2009-02-14T22:57:24+00:00\",\"dateModified\":\"2012-07-11T13:23:07+00:00\",\"author\":{\"@id\":\"https:\/\/blogs.thesocialmedia.com\/leblogmoto\/#\/schema\/person\/18bfe773e5725ed6d24f743da805362a\"},\"breadcrumb\":{\"@id\":\"https:\/\/blogs.thesocialmedia.com\/leblogmoto\/2009\/02\/14\/le-petit-muse-d\/#breadcrumb\"},\"inLanguage\":\"fr-FR\",\"potentialAction\":[{\"@type\":\"ReadAction\",\"target\":[\"https:\/\/blogs.thesocialmedia.com\/leblogmoto\/2009\/02\/14\/le-petit-muse-d\/\"]}]},{\"@type\":\"BreadcrumbList\",\"@id\":\"https:\/\/blogs.thesocialmedia.com\/leblogmoto\/2009\/02\/14\/le-petit-muse-d\/#breadcrumb\",\"itemListElement\":[{\"@type\":\"ListItem\",\"position\":1,\"name\":\"Accueil\",\"item\":\"https:\/\/blogs.thesocialmedia.com\/leblogmoto\/\"},{\"@type\":\"ListItem\",\"position\":2,\"name\":\"Derri\u00e8re les \u00e9tals du primeur, un petit mus\u00e9e du deux-roues.\"}]},{\"@type\":\"WebSite\",\"@id\":\"https:\/\/blogs.thesocialmedia.com\/leblogmoto\/#website\",\"url\":\"https:\/\/blogs.thesocialmedia.com\/leblogmoto\/\",\"name\":\"leblogmoto\",\"description\":\"Toute l&#039;actualit\u00e9 des 2 roues\",\"potentialAction\":[{\"@type\":\"SearchAction\",\"target\":{\"@type\":\"EntryPoint\",\"urlTemplate\":\"https:\/\/blogs.thesocialmedia.com\/leblogmoto\/?s={search_term_string}\"},\"query-input\":{\"@type\":\"PropertyValueSpecification\",\"valueRequired\":true,\"valueName\":\"search_term_string\"}}],\"inLanguage\":\"fr-FR\"},{\"@type\":\"Person\",\"@id\":\"https:\/\/blogs.thesocialmedia.com\/leblogmoto\/#\/schema\/person\/18bfe773e5725ed6d24f743da805362a\",\"name\":\"benoit rieu\",\"image\":{\"@type\":\"ImageObject\",\"inLanguage\":\"fr-FR\",\"@id\":\"https:\/\/blogs.thesocialmedia.com\/leblogmoto\/#\/schema\/person\/image\/\",\"url\":\"https:\/\/secure.gravatar.com\/avatar\/?s=96&d=mm&r=g\",\"contentUrl\":\"https:\/\/secure.gravatar.com\/avatar\/?s=96&d=mm&r=g\",\"caption\":\"benoit rieu\"},\"url\":\"https:\/\/blogs.thesocialmedia.com\/leblogmoto\/author\/benoit-rieu\/\"}]}<\/script>\n<!-- \/ Yoast SEO plugin. -->","yoast_head_json":{"title":"Derri\u00e8re les \u00e9tals du primeur, un petit mus\u00e9e du deux-roues. - leblogmoto.com","robots":{"index":"index","follow":"follow","max-snippet":"max-snippet:-1","max-image-preview":"max-image-preview:large","max-video-preview":"max-video-preview:-1"},"canonical":"https:\/\/blogs.thesocialmedia.com\/leblogmoto\/2009\/02\/14\/le-petit-muse-d\/","twitter_card":"summary_large_image","twitter_title":"Derri\u00e8re les \u00e9tals du primeur, un petit mus\u00e9e du deux-roues. - leblogmoto.com","twitter_description":"Une vid\u00e9o qui aurait pu s&rsquo;intituler &quot;TV Flamingo* a trouv\u00e9 une vraie perle&quot;, si le commentaire l\u00e9nifiant du reporter en fond sonore ne tuait pas l&rsquo;ambiance. Sans parler du micro-trottoir avec l&rsquo;interview du touriste qui ne sert strictement \u00e0 rien (mais tabernacle, ne serait-ce pas un accent qu\u00e9b\u00e9cois que j&rsquo;entends l\u00e0 !? tiens&#8230;). Qu&rsquo;importe, Jacques [&hellip;]","twitter_misc":{"\u00c9crit par":"benoit rieu","Dur\u00e9e de lecture estim\u00e9e":"1 minute"},"schema":{"@context":"https:\/\/schema.org","@graph":[{"@type":"WebPage","@id":"https:\/\/blogs.thesocialmedia.com\/leblogmoto\/2009\/02\/14\/le-petit-muse-d\/","url":"https:\/\/blogs.thesocialmedia.com\/leblogmoto\/2009\/02\/14\/le-petit-muse-d\/","name":"Derri\u00e8re les \u00e9tals du primeur, un petit mus\u00e9e du deux-roues. - leblogmoto.com","isPartOf":{"@id":"https:\/\/blogs.thesocialmedia.com\/leblogmoto\/#website"},"datePublished":"2009-02-14T22:57:24+00:00","dateModified":"2012-07-11T13:23:07+00:00","author":{"@id":"https:\/\/blogs.thesocialmedia.com\/leblogmoto\/#\/schema\/person\/18bfe773e5725ed6d24f743da805362a"},"breadcrumb":{"@id":"https:\/\/blogs.thesocialmedia.com\/leblogmoto\/2009\/02\/14\/le-petit-muse-d\/#breadcrumb"},"inLanguage":"fr-FR","potentialAction":[{"@type":"ReadAction","target":["https:\/\/blogs.thesocialmedia.com\/leblogmoto\/2009\/02\/14\/le-petit-muse-d\/"]}]},{"@type":"BreadcrumbList","@id":"https:\/\/blogs.thesocialmedia.com\/leblogmoto\/2009\/02\/14\/le-petit-muse-d\/#breadcrumb","itemListElement":[{"@type":"ListItem","position":1,"name":"Accueil","item":"https:\/\/blogs.thesocialmedia.com\/leblogmoto\/"},{"@type":"ListItem","position":2,"name":"Derri\u00e8re les \u00e9tals du primeur, un petit mus\u00e9e du deux-roues."}]},{"@type":"WebSite","@id":"https:\/\/blogs.thesocialmedia.com\/leblogmoto\/#website","url":"https:\/\/blogs.thesocialmedia.com\/leblogmoto\/","name":"leblogmoto","description":"Toute l&#039;actualit\u00e9 des 2 roues","potentialAction":[{"@type":"SearchAction","target":{"@type":"EntryPoint","urlTemplate":"https:\/\/blogs.thesocialmedia.com\/leblogmoto\/?s={search_term_string}"},"query-input":{"@type":"PropertyValueSpecification","valueRequired":true,"valueName":"search_term_string"}}],"inLanguage":"fr-FR"},{"@type":"Person","@id":"https:\/\/blogs.thesocialmedia.com\/leblogmoto\/#\/schema\/person\/18bfe773e5725ed6d24f743da805362a","name":"benoit rieu","image":{"@type":"ImageObject","inLanguage":"fr-FR","@id":"https:\/\/blogs.thesocialmedia.com\/leblogmoto\/#\/schema\/person\/image\/","url":"https:\/\/secure.gravatar.com\/avatar\/?s=96&d=mm&r=g","contentUrl":"https:\/\/secure.gravatar.com\/avatar\/?s=96&d=mm&r=g","caption":"benoit rieu"},"url":"https:\/\/blogs.thesocialmedia.com\/leblogmoto\/author\/benoit-rieu\/"}]}},"_links":{"self":[{"href":"https:\/\/blogs.thesocialmedia.com\/leblogmoto\/wp-json\/wp\/v2\/posts\/265","targetHints":{"allow":["GET"]}}],"collection":[{"href":"https:\/\/blogs.thesocialmedia.com\/leblogmoto\/wp-json\/wp\/v2\/posts"}],"about":[{"href":"https:\/\/blogs.thesocialmedia.com\/leblogmoto\/wp-json\/wp\/v2\/types\/post"}],"author":[{"embeddable":true,"href":"https:\/\/blogs.thesocialmedia.com\/leblogmoto\/wp-json\/wp\/v2\/users\/324"}],"replies":[{"embeddable":true,"href":"https:\/\/blogs.thesocialmedia.com\/leblogmoto\/wp-json\/wp\/v2\/comments?post=265"}],"version-history":[{"count":1,"href":"https:\/\/blogs.thesocialmedia.com\/leblogmoto\/wp-json\/wp\/v2\/posts\/265\/revisions"}],"predecessor-version":[{"id":4985,"href":"https:\/\/blogs.thesocialmedia.com\/leblogmoto\/wp-json\/wp\/v2\/posts\/265\/revisions\/4985"}],"wp:attachment":[{"href":"https:\/\/blogs.thesocialmedia.com\/leblogmoto\/wp-json\/wp\/v2\/media?parent=265"}],"wp:term":[{"taxonomy":"category","embeddable":true,"href":"https:\/\/blogs.thesocialmedia.com\/leblogmoto\/wp-json\/wp\/v2\/categories?post=265"},{"taxonomy":"post_tag","embeddable":true,"href":"https:\/\/blogs.thesocialmedia.com\/leblogmoto\/wp-json\/wp\/v2\/tags?post=265"}],"curies":[{"name":"wp","href":"https:\/\/api.w.org\/{rel}","templated":true}]}}