{"id":268,"date":"2009-02-13T15:51:15","date_gmt":"2009-02-13T15:51:15","guid":{"rendered":"http:\/\/blogs.thesocialmedia.com\/leblogmoto\/2009\/02\/13\/aprs-la-busa-l\/"},"modified":"2012-07-11T17:05:42","modified_gmt":"2012-07-11T17:05:42","slug":"aprs-la-busa-l","status":"publish","type":"post","link":"https:\/\/blogs.thesocialmedia.com\/leblogmoto\/2009\/02\/13\/aprs-la-busa-l\/","title":{"rendered":"Apr\u00e8s la Busa, L-R-G r\u00e9cidive avec ce Supermotard Gladius."},"content":{"rendered":"<p><a href=\"http:\/\/blogs.thesocialmedia.com\/leblogmoto\/files\/2012\/07\/lrg_gladius_5.jpg\"><img loading=\"lazy\" decoding=\"async\" height=\"312\"  width=\"470\" alt=\"Lrg_gladius_5\" src=\"http:\/\/www.leblogmoto.com\/images\/2009\/02\/13\/lrg_gladius_5.jpg\" \/><\/a><\/p>\n<p>Je ne la trouve pas tr\u00e8s r\u00e9ussie visuellement, mais il faut reconna\u00eetre qu&rsquo;avec de simples modifications, L-R-G a su sortir une moto tr\u00e8s <a href=\"http:\/\/blogs.thesocialmedia.com\/leblogmoto\/files\/2012\/07\/suzuki-gladius.html_1.png\">diff\u00e9rente<\/a> de la Gladius <a href=\"http:\/\/www.leblogmoto.com\/2009\/02\/la-gladius-650.html\">originale<\/a>. Bien \u00e9videmment, il faudrait la chevaucher sur pistes pour savoir si son caract\u00e8re de supermot&rsquo; n&rsquo;est pas usurp\u00e9, mais avouez qu&rsquo;il serait difficile de la contraindre uniquement au train-train quotidien quand on voit les changements qui lui ont \u00e9t\u00e9 apport\u00e9s. Ce pot LeoVince et sa position lui conf\u00e8rent un caract\u00e8re d&rsquo;arsouilleuse et le garde-boue de MX invite \u00e0 l&rsquo;aventure p\u00e9ri-urbaine. Les <a href=\"http:\/\/www.leblogmoto.com\/2008\/11\/si-vous-avez-58.html\">jantes<\/a> transparentes en Lexan du faucon japonais, ont laiss\u00e9 la place \u00e0 de plus discr\u00e8tes (et fonctionnelles !) jantes rayons. Mais que les fans de la <a href=\"http:\/\/www.leblogmoto.com\/2007\/12\/portfolio-de-lt.html\">premi\u00e8re heure<\/a> se rassurent, le mauvais go\u00fbt demeure, exprim\u00e9 par la livr\u00e9e d\u00e9sormais classique &quot;white and kelly green&quot;, et ce carter dor\u00e9 du plus mauvais effet bling-bling. Comme le fait remarquer le site <em>Hell for leather<\/em>, l&rsquo;int\u00e9r\u00eat est aussi de se d\u00e9marquer de la concurrence directe des FZ6R, du Kawa ER6 version <em>naked<\/em> et de la Ducati 696. De quoi assurer \u00e0 Suz&rsquo; un beau produit d&rsquo;appel si la firme avait la bonne id\u00e9e de mettre un de ses clones \u00e0 son catalogue. <\/p>\n<p><em>Via Hell for leather.<\/em><\/p>\n<p><a href=\"http:\/\/clabedan.typepad.com\/.shared\/image.html?\/photos\/uncategorized\/2009\/02\/13\/lrg_gladius_4.jpg\"><img loading=\"lazy\" decoding=\"async\" height=\"312\"  width=\"470\" alt=\"Lrg_gladius_4\" src=\"http:\/\/www.leblogmoto.com\/images\/2009\/02\/13\/lrg_gladius_4.jpg\" \/><\/a> <\/p>\n<p><a href=\"http:\/\/blogs.thesocialmedia.com\/leblogmoto\/files\/2012\/07\/lrg_gladius_2.jpg\"><img loading=\"lazy\" decoding=\"async\" height=\"312\"  width=\"470\" alt=\"Lrg_gladius_2\" src=\"http:\/\/www.leblogmoto.com\/images\/2009\/02\/13\/lrg_gladius_2.jpg\" \/><\/a><\/p>\n<p><a href=\"http:\/\/blogs.thesocialmedia.com\/leblogmoto\/files\/2012\/07\/lrg_gladius_6.jpg\"><img loading=\"lazy\" decoding=\"async\" height=\"312\"  width=\"470\" alt=\"Lrg_gladius_6\" src=\"http:\/\/www.leblogmoto.com\/images\/2009\/02\/13\/lrg_gladius_6.jpg\" \/><\/a> <\/p>\n<p><a href=\"http:\/\/blogs.thesocialmedia.com\/leblogmoto\/files\/2012\/07\/lrg_gladius_3.jpg\"><img loading=\"lazy\" decoding=\"async\" height=\"312\"  width=\"470\" alt=\"Lrg_gladius_3\" src=\"http:\/\/www.leblogmoto.com\/images\/2009\/02\/13\/lrg_gladius_3.jpg\" \/><\/a> <\/p>\n<p><a href=\"http:\/\/blogs.thesocialmedia.com\/leblogmoto\/files\/2012\/07\/lrg_gladius_1.jpg\"><img loading=\"lazy\" decoding=\"async\" height=\"319\"  width=\"470\" alt=\"Lrg_gladius_1\" src=\"http:\/\/www.leblogmoto.com\/images\/2009\/02\/13\/lrg_gladius_1.jpg\" \/><\/a><\/p>\n<p>&nbsp;<\/p>\n","protected":false},"excerpt":{"rendered":"<p>Je ne la trouve pas tr\u00e8s r\u00e9ussie visuellement, mais il faut reconna\u00eetre qu&rsquo;avec de simples modifications, L-R-G a su sortir une moto tr\u00e8s diff\u00e9rente de la Gladius originale. Bien \u00e9videmment, il faudrait la chevaucher sur pistes pour savoir si son caract\u00e8re de supermot&rsquo; n&rsquo;est pas usurp\u00e9, mais avouez qu&rsquo;il serait difficile de la contraindre uniquement [&hellip;]<\/p>\n","protected":false},"author":324,"featured_media":0,"comment_status":"open","ping_status":"open","sticky":false,"template":"","format":"standard","meta":{"footnotes":""},"categories":[49,38,51],"tags":[],"class_list":["post-268","post","type-post","status-publish","format-standard","hentry","category-actualites-entreprise","category-atelier","category-suzuki"],"yoast_head":"<!-- This site is optimized with the Yoast SEO plugin v26.0 - https:\/\/yoast.com\/wordpress\/plugins\/seo\/ -->\n<title>Apr\u00e8s la Busa, L-R-G r\u00e9cidive avec ce Supermotard Gladius. - leblogmoto.com<\/title>\n<meta name=\"robots\" content=\"index, follow, max-snippet:-1, max-image-preview:large, max-video-preview:-1\" \/>\n<link rel=\"canonical\" href=\"https:\/\/blogs.thesocialmedia.com\/leblogmoto\/2009\/02\/13\/aprs-la-busa-l\/\" \/>\n<meta name=\"twitter:card\" content=\"summary_large_image\" \/>\n<meta name=\"twitter:title\" content=\"Apr\u00e8s la Busa, L-R-G r\u00e9cidive avec ce Supermotard Gladius. - leblogmoto.com\" \/>\n<meta name=\"twitter:description\" content=\"Je ne la trouve pas tr\u00e8s r\u00e9ussie visuellement, mais il faut reconna\u00eetre qu&rsquo;avec de simples modifications, L-R-G a su sortir une moto tr\u00e8s diff\u00e9rente de la Gladius originale. Bien \u00e9videmment, il faudrait la chevaucher sur pistes pour savoir si son caract\u00e8re de supermot&rsquo; n&rsquo;est pas usurp\u00e9, mais avouez qu&rsquo;il serait difficile de la contraindre uniquement [&hellip;]\" \/>\n<meta name=\"twitter:image\" content=\"http:\/\/www.leblogmoto.com\/images\/2009\/02\/13\/lrg_gladius_5.jpg\" \/>\n<meta name=\"twitter:label1\" content=\"\u00c9crit par\" \/>\n\t<meta name=\"twitter:data1\" content=\"benoit rieu\" \/>\n\t<meta name=\"twitter:label2\" content=\"Dur\u00e9e de lecture estim\u00e9e\" \/>\n\t<meta name=\"twitter:data2\" content=\"1 minute\" \/>\n<script type=\"application\/ld+json\" class=\"yoast-schema-graph\">{\"@context\":\"https:\/\/schema.org\",\"@graph\":[{\"@type\":\"WebPage\",\"@id\":\"https:\/\/blogs.thesocialmedia.com\/leblogmoto\/2009\/02\/13\/aprs-la-busa-l\/\",\"url\":\"https:\/\/blogs.thesocialmedia.com\/leblogmoto\/2009\/02\/13\/aprs-la-busa-l\/\",\"name\":\"Apr\u00e8s la Busa, L-R-G r\u00e9cidive avec ce Supermotard Gladius. - leblogmoto.com\",\"isPartOf\":{\"@id\":\"https:\/\/blogs.thesocialmedia.com\/leblogmoto\/#website\"},\"primaryImageOfPage\":{\"@id\":\"https:\/\/blogs.thesocialmedia.com\/leblogmoto\/2009\/02\/13\/aprs-la-busa-l\/#primaryimage\"},\"image\":{\"@id\":\"https:\/\/blogs.thesocialmedia.com\/leblogmoto\/2009\/02\/13\/aprs-la-busa-l\/#primaryimage\"},\"thumbnailUrl\":\"http:\/\/www.leblogmoto.com\/images\/2009\/02\/13\/lrg_gladius_5.jpg\",\"datePublished\":\"2009-02-13T15:51:15+00:00\",\"dateModified\":\"2012-07-11T17:05:42+00:00\",\"author\":{\"@id\":\"https:\/\/blogs.thesocialmedia.com\/leblogmoto\/#\/schema\/person\/18bfe773e5725ed6d24f743da805362a\"},\"breadcrumb\":{\"@id\":\"https:\/\/blogs.thesocialmedia.com\/leblogmoto\/2009\/02\/13\/aprs-la-busa-l\/#breadcrumb\"},\"inLanguage\":\"fr-FR\",\"potentialAction\":[{\"@type\":\"ReadAction\",\"target\":[\"https:\/\/blogs.thesocialmedia.com\/leblogmoto\/2009\/02\/13\/aprs-la-busa-l\/\"]}]},{\"@type\":\"ImageObject\",\"inLanguage\":\"fr-FR\",\"@id\":\"https:\/\/blogs.thesocialmedia.com\/leblogmoto\/2009\/02\/13\/aprs-la-busa-l\/#primaryimage\",\"url\":\"http:\/\/www.leblogmoto.com\/images\/2009\/02\/13\/lrg_gladius_5.jpg\",\"contentUrl\":\"http:\/\/www.leblogmoto.com\/images\/2009\/02\/13\/lrg_gladius_5.jpg\"},{\"@type\":\"BreadcrumbList\",\"@id\":\"https:\/\/blogs.thesocialmedia.com\/leblogmoto\/2009\/02\/13\/aprs-la-busa-l\/#breadcrumb\",\"itemListElement\":[{\"@type\":\"ListItem\",\"position\":1,\"name\":\"Accueil\",\"item\":\"https:\/\/blogs.thesocialmedia.com\/leblogmoto\/\"},{\"@type\":\"ListItem\",\"position\":2,\"name\":\"Apr\u00e8s la Busa, L-R-G r\u00e9cidive avec ce Supermotard Gladius.\"}]},{\"@type\":\"WebSite\",\"@id\":\"https:\/\/blogs.thesocialmedia.com\/leblogmoto\/#website\",\"url\":\"https:\/\/blogs.thesocialmedia.com\/leblogmoto\/\",\"name\":\"leblogmoto\",\"description\":\"Toute l&#039;actualit\u00e9 des 2 roues\",\"potentialAction\":[{\"@type\":\"SearchAction\",\"target\":{\"@type\":\"EntryPoint\",\"urlTemplate\":\"https:\/\/blogs.thesocialmedia.com\/leblogmoto\/?s={search_term_string}\"},\"query-input\":{\"@type\":\"PropertyValueSpecification\",\"valueRequired\":true,\"valueName\":\"search_term_string\"}}],\"inLanguage\":\"fr-FR\"},{\"@type\":\"Person\",\"@id\":\"https:\/\/blogs.thesocialmedia.com\/leblogmoto\/#\/schema\/person\/18bfe773e5725ed6d24f743da805362a\",\"name\":\"benoit rieu\",\"image\":{\"@type\":\"ImageObject\",\"inLanguage\":\"fr-FR\",\"@id\":\"https:\/\/blogs.thesocialmedia.com\/leblogmoto\/#\/schema\/person\/image\/\",\"url\":\"https:\/\/secure.gravatar.com\/avatar\/?s=96&d=mm&r=g\",\"contentUrl\":\"https:\/\/secure.gravatar.com\/avatar\/?s=96&d=mm&r=g\",\"caption\":\"benoit rieu\"},\"url\":\"https:\/\/blogs.thesocialmedia.com\/leblogmoto\/author\/benoit-rieu\/\"}]}<\/script>\n<!-- \/ Yoast SEO plugin. -->","yoast_head_json":{"title":"Apr\u00e8s la Busa, L-R-G r\u00e9cidive avec ce Supermotard Gladius. - leblogmoto.com","robots":{"index":"index","follow":"follow","max-snippet":"max-snippet:-1","max-image-preview":"max-image-preview:large","max-video-preview":"max-video-preview:-1"},"canonical":"https:\/\/blogs.thesocialmedia.com\/leblogmoto\/2009\/02\/13\/aprs-la-busa-l\/","twitter_card":"summary_large_image","twitter_title":"Apr\u00e8s la Busa, L-R-G r\u00e9cidive avec ce Supermotard Gladius. - leblogmoto.com","twitter_description":"Je ne la trouve pas tr\u00e8s r\u00e9ussie visuellement, mais il faut reconna\u00eetre qu&rsquo;avec de simples modifications, L-R-G a su sortir une moto tr\u00e8s diff\u00e9rente de la Gladius originale. Bien \u00e9videmment, il faudrait la chevaucher sur pistes pour savoir si son caract\u00e8re de supermot&rsquo; n&rsquo;est pas usurp\u00e9, mais avouez qu&rsquo;il serait difficile de la contraindre uniquement [&hellip;]","twitter_image":"http:\/\/www.leblogmoto.com\/images\/2009\/02\/13\/lrg_gladius_5.jpg","twitter_misc":{"\u00c9crit par":"benoit rieu","Dur\u00e9e de lecture estim\u00e9e":"1 minute"},"schema":{"@context":"https:\/\/schema.org","@graph":[{"@type":"WebPage","@id":"https:\/\/blogs.thesocialmedia.com\/leblogmoto\/2009\/02\/13\/aprs-la-busa-l\/","url":"https:\/\/blogs.thesocialmedia.com\/leblogmoto\/2009\/02\/13\/aprs-la-busa-l\/","name":"Apr\u00e8s la Busa, L-R-G r\u00e9cidive avec ce Supermotard Gladius. - leblogmoto.com","isPartOf":{"@id":"https:\/\/blogs.thesocialmedia.com\/leblogmoto\/#website"},"primaryImageOfPage":{"@id":"https:\/\/blogs.thesocialmedia.com\/leblogmoto\/2009\/02\/13\/aprs-la-busa-l\/#primaryimage"},"image":{"@id":"https:\/\/blogs.thesocialmedia.com\/leblogmoto\/2009\/02\/13\/aprs-la-busa-l\/#primaryimage"},"thumbnailUrl":"http:\/\/www.leblogmoto.com\/images\/2009\/02\/13\/lrg_gladius_5.jpg","datePublished":"2009-02-13T15:51:15+00:00","dateModified":"2012-07-11T17:05:42+00:00","author":{"@id":"https:\/\/blogs.thesocialmedia.com\/leblogmoto\/#\/schema\/person\/18bfe773e5725ed6d24f743da805362a"},"breadcrumb":{"@id":"https:\/\/blogs.thesocialmedia.com\/leblogmoto\/2009\/02\/13\/aprs-la-busa-l\/#breadcrumb"},"inLanguage":"fr-FR","potentialAction":[{"@type":"ReadAction","target":["https:\/\/blogs.thesocialmedia.com\/leblogmoto\/2009\/02\/13\/aprs-la-busa-l\/"]}]},{"@type":"ImageObject","inLanguage":"fr-FR","@id":"https:\/\/blogs.thesocialmedia.com\/leblogmoto\/2009\/02\/13\/aprs-la-busa-l\/#primaryimage","url":"http:\/\/www.leblogmoto.com\/images\/2009\/02\/13\/lrg_gladius_5.jpg","contentUrl":"http:\/\/www.leblogmoto.com\/images\/2009\/02\/13\/lrg_gladius_5.jpg"},{"@type":"BreadcrumbList","@id":"https:\/\/blogs.thesocialmedia.com\/leblogmoto\/2009\/02\/13\/aprs-la-busa-l\/#breadcrumb","itemListElement":[{"@type":"ListItem","position":1,"name":"Accueil","item":"https:\/\/blogs.thesocialmedia.com\/leblogmoto\/"},{"@type":"ListItem","position":2,"name":"Apr\u00e8s la Busa, L-R-G r\u00e9cidive avec ce Supermotard Gladius."}]},{"@type":"WebSite","@id":"https:\/\/blogs.thesocialmedia.com\/leblogmoto\/#website","url":"https:\/\/blogs.thesocialmedia.com\/leblogmoto\/","name":"leblogmoto","description":"Toute l&#039;actualit\u00e9 des 2 roues","potentialAction":[{"@type":"SearchAction","target":{"@type":"EntryPoint","urlTemplate":"https:\/\/blogs.thesocialmedia.com\/leblogmoto\/?s={search_term_string}"},"query-input":{"@type":"PropertyValueSpecification","valueRequired":true,"valueName":"search_term_string"}}],"inLanguage":"fr-FR"},{"@type":"Person","@id":"https:\/\/blogs.thesocialmedia.com\/leblogmoto\/#\/schema\/person\/18bfe773e5725ed6d24f743da805362a","name":"benoit rieu","image":{"@type":"ImageObject","inLanguage":"fr-FR","@id":"https:\/\/blogs.thesocialmedia.com\/leblogmoto\/#\/schema\/person\/image\/","url":"https:\/\/secure.gravatar.com\/avatar\/?s=96&d=mm&r=g","contentUrl":"https:\/\/secure.gravatar.com\/avatar\/?s=96&d=mm&r=g","caption":"benoit rieu"},"url":"https:\/\/blogs.thesocialmedia.com\/leblogmoto\/author\/benoit-rieu\/"}]}},"_links":{"self":[{"href":"https:\/\/blogs.thesocialmedia.com\/leblogmoto\/wp-json\/wp\/v2\/posts\/268","targetHints":{"allow":["GET"]}}],"collection":[{"href":"https:\/\/blogs.thesocialmedia.com\/leblogmoto\/wp-json\/wp\/v2\/posts"}],"about":[{"href":"https:\/\/blogs.thesocialmedia.com\/leblogmoto\/wp-json\/wp\/v2\/types\/post"}],"author":[{"embeddable":true,"href":"https:\/\/blogs.thesocialmedia.com\/leblogmoto\/wp-json\/wp\/v2\/users\/324"}],"replies":[{"embeddable":true,"href":"https:\/\/blogs.thesocialmedia.com\/leblogmoto\/wp-json\/wp\/v2\/comments?post=268"}],"version-history":[{"count":2,"href":"https:\/\/blogs.thesocialmedia.com\/leblogmoto\/wp-json\/wp\/v2\/posts\/268\/revisions"}],"predecessor-version":[{"id":12765,"href":"https:\/\/blogs.thesocialmedia.com\/leblogmoto\/wp-json\/wp\/v2\/posts\/268\/revisions\/12765"}],"wp:attachment":[{"href":"https:\/\/blogs.thesocialmedia.com\/leblogmoto\/wp-json\/wp\/v2\/media?parent=268"}],"wp:term":[{"taxonomy":"category","embeddable":true,"href":"https:\/\/blogs.thesocialmedia.com\/leblogmoto\/wp-json\/wp\/v2\/categories?post=268"},{"taxonomy":"post_tag","embeddable":true,"href":"https:\/\/blogs.thesocialmedia.com\/leblogmoto\/wp-json\/wp\/v2\/tags?post=268"}],"curies":[{"name":"wp","href":"https:\/\/api.w.org\/{rel}","templated":true}]}}