{"id":27,"date":"2009-11-25T18:43:32","date_gmt":"2009-11-25T18:43:32","guid":{"rendered":"http:\/\/blogs.thesocialmedia.com\/leblogmoto\/2009\/11\/25\/imagine-la-harley-du-futur\/"},"modified":"2012-07-11T17:42:55","modified_gmt":"2012-07-11T17:42:55","slug":"imagine-la-harley-du-futur","status":"publish","type":"post","link":"https:\/\/blogs.thesocialmedia.com\/leblogmoto\/2009\/11\/25\/imagine-la-harley-du-futur\/","title":{"rendered":"Harley se projette dans le futur, en design et au cin\u00e9ma."},"content":{"rendered":"<p><a href=\"http:\/\/blogs.thesocialmedia.com\/leblogmoto\/files\/2012\/07\/6a00d83451b18369e2012875d8c660970c-popup.png\"><img decoding=\"async\" alt=\"Moto Harley Davidson Miguel Cotto 1\" class=\"asset asset-image at-xid-6a00d83451b18369e2012875d8c660970c \" src=\"http:\/\/blogs.thesocialmedia.com\/leblogmoto\/files\/2012\/07\/6a00d83451b18369e2012875d8c660970c-500wi.jpg\" \/><\/a><\/p>\n<p><a href=\"http:\/\/blogs.thesocialmedia.com\/leblogmoto\/files\/2012\/07\/6a00d83451b18369e20120a6d72cf9970b-popup.png\"><img decoding=\"async\" alt=\"Moto Harley Cin\u00e9ma Avatar Worthington Cameron\" class=\"asset asset-image at-xid-6a00d83451b18369e20120a6d72cf9970b \" src=\"http:\/\/blogs.thesocialmedia.com\/leblogmoto\/files\/2012\/07\/6a00d83451b18369e20120a6d72cf9970b-500wi.jpg\" \/><\/a><\/p>\n<p>Miguel Cotto s&#039;est fendu d&#039;une belle r\u00e9alisation de &quot;Harley en 2020&quot; chez Yanko Design. Et pour une fois je ne bl\u00e2merais pas ce tic de designer qui consiste \u00e0 nous refourguer des <em>hubless wheels<\/em> (roues sans moyeux) \u00e0 toutes les sauces, puisque&#160;ce <em>concept bike<\/em> est b\u00e2ti autour du&#160;l\u00e9gendaire <a href=\"http:\/\/blogs.thesocialmedia.com\/leblogmoto\/files\/2012\/07\/livre-harley-da.html_.png\">883cc<\/a>. Merci&#160;de nous avoir \u00e9vit\u00e9 l&#039;\u00e9lectrique.&#160;Par contre, il n&#039;est pas s\u00fbr que l&#039;assiette guidon-selle&#160;apaise la lombalgie du proprio moyen des motos de Milwaukee. Mais plus que tout, cela participe de la volont\u00e9&#160;d&#039;Harley&#160;de&#160;s&#039;inscrire dans la dur\u00e9e. En t\u00e9moigne, dans un autre genre,&#160;le Tshirt basique que porte pendant une bonne partie du film la star montante d&#039;Hollywood, l&#039;acteur australien Sam Worthington dans la derni\u00e8re superproduction de James Cameron, le&#160;tr\u00e8s prometteur&#160;Avatar. <em><a href=\"http:\/\/fr.wikipedia.org\/wiki\/Placement_de_produit\">Product placement<\/a><\/em> ? <\/p>\n<\/p>\n<p>Plus que cela. Au-del\u00e0 de toute r\u00e9f\u00e9rence \u00e0 un marketing classique,&#160;faisant fi des <a href=\"http:\/\/www.leblogmoto.com\/2009\/10\/harleydavidson-l%C3%A2che-du-lest.html\">difficult\u00e9s<\/a> actuelles qu&#039;elle <a href=\"http:\/\/www.leblogmoto.com\/2008\/09\/harley-ragit-fa.html\">esp\u00e8re<\/a> passag\u00e8res, de la population&#160;vieillissante&#160;des bikers,&#160;Harley Davidson&#160;se projette dans l&#039;avenir et d\u00e9fend l&#039;id\u00e9e&#160;que la marque du Wisconsin&#160;est presque \u00e9ternelle. De quoi appr\u00e9cier, m\u00eame virtuellement,&#160;le chemin parcouru depuis la Silent grey, premier mod\u00e8le de la marque en 1903.<\/p>\n<p><a href=\"http:\/\/clabedan.typepad.com\/.a\/6a00d83451b18369e2012875d8c9c9970c-popup\"><img decoding=\"async\" alt=\"Moto Harley Davidson Miguel Cotto 4\" class=\"asset asset-image at-xid-6a00d83451b18369e2012875d8c9c9970c \" src=\"http:\/\/blogs.thesocialmedia.com\/leblogmoto\/files\/2012\/07\/6a00d83451b18369e2012875d8c9c9970c-500wi.jpg\" \/><\/a><\/p>\n<p><a href=\"http:\/\/blogs.thesocialmedia.com\/leblogmoto\/files\/2012\/07\/6a00d83451b18369e2012875d8cb17970c-popup.png\"><img decoding=\"async\" alt=\"Moto Harley Davidson Miguel Cotto 3\" class=\"asset asset-image at-xid-6a00d83451b18369e2012875d8cb17970c \" src=\"http:\/\/blogs.thesocialmedia.com\/leblogmoto\/files\/2012\/07\/6a00d83451b18369e2012875d8cb17970c-500wi.jpg\" \/><\/a><\/p>\n<p><a href=\"http:\/\/blogs.thesocialmedia.com\/leblogmoto\/files\/2012\/07\/6a00d83451b18369e2012875d8cc58970c-popup.png\"><img decoding=\"async\" alt=\"Moto Harley Davidson Miguel Cotto 2\" class=\"asset asset-image at-xid-6a00d83451b18369e2012875d8cc58970c \" src=\"http:\/\/blogs.thesocialmedia.com\/leblogmoto\/files\/2012\/07\/6a00d83451b18369e2012875d8cc58970c-500wi.jpg\" \/><\/a><\/p>\n<p><a href=\"http:\/\/blogs.thesocialmedia.com\/leblogmoto\/files\/2012\/07\/6a00d83451b18369e20120a6d77fd5970b-popup.png\"><img decoding=\"async\" alt=\"Moto Harley Cin\u00e9ma Avatar Worthington\" class=\"asset asset-image at-xid-6a00d83451b18369e20120a6d77fd5970b \" src=\"http:\/\/blogs.thesocialmedia.com\/leblogmoto\/files\/2012\/07\/6a00d83451b18369e20120a6d77fd5970b-500wi.jpg\" \/><\/a><\/p>\n<p><em>Source pour la Harley de Cotto: Yanko Design.<\/em><\/p>\n","protected":false},"excerpt":{"rendered":"<p>Miguel Cotto s&#039;est fendu d&#039;une belle r\u00e9alisation de &quot;Harley en 2020&quot; chez Yanko Design. Et pour une fois je ne bl\u00e2merais pas ce tic de designer qui consiste \u00e0 nous refourguer des hubless wheels (roues sans moyeux) \u00e0 toutes les sauces, puisque&#160;ce concept bike est b\u00e2ti autour du&#160;l\u00e9gendaire 883cc. Merci&#160;de nous avoir \u00e9vit\u00e9 l&#039;\u00e9lectrique.&#160;Par contre, [&hellip;]<\/p>\n","protected":false},"author":324,"featured_media":14357,"comment_status":"open","ping_status":"open","sticky":false,"template":"","format":"standard","meta":{"footnotes":""},"categories":[28,33,29],"tags":[],"class_list":["post-27","post","type-post","status-publish","format-standard","has-post-thumbnail","hentry","category-cinema","category-concept-bike","category-harley-davidson"],"yoast_head":"<!-- This site is optimized with the Yoast SEO plugin v26.0 - https:\/\/yoast.com\/wordpress\/plugins\/seo\/ -->\n<title>Harley se projette dans le futur, en design et au cin\u00e9ma. - leblogmoto.com<\/title>\n<meta name=\"robots\" content=\"index, follow, max-snippet:-1, max-image-preview:large, max-video-preview:-1\" \/>\n<link rel=\"canonical\" href=\"https:\/\/blogs.thesocialmedia.com\/leblogmoto\/2009\/11\/25\/imagine-la-harley-du-futur\/\" \/>\n<meta name=\"twitter:card\" content=\"summary_large_image\" \/>\n<meta name=\"twitter:title\" content=\"Harley se projette dans le futur, en design et au cin\u00e9ma. - leblogmoto.com\" \/>\n<meta name=\"twitter:description\" content=\"Miguel Cotto s&#039;est fendu d&#039;une belle r\u00e9alisation de &quot;Harley en 2020&quot; chez Yanko Design. Et pour une fois je ne bl\u00e2merais pas ce tic de designer qui consiste \u00e0 nous refourguer des hubless wheels (roues sans moyeux) \u00e0 toutes les sauces, puisque&#160;ce concept bike est b\u00e2ti autour du&#160;l\u00e9gendaire 883cc. Merci&#160;de nous avoir \u00e9vit\u00e9 l&#039;\u00e9lectrique.&#160;Par contre, [&hellip;]\" \/>\n<meta name=\"twitter:image\" content=\"https:\/\/blogs.thesocialmedia.com\/leblogmoto\/files\/2012\/07\/6a00d83451b18369e2012875d8c660970c-500wi.jpg\" \/>\n<meta name=\"twitter:label1\" content=\"\u00c9crit par\" \/>\n\t<meta name=\"twitter:data1\" content=\"benoit rieu\" \/>\n\t<meta name=\"twitter:label2\" content=\"Dur\u00e9e de lecture estim\u00e9e\" \/>\n\t<meta name=\"twitter:data2\" content=\"1 minute\" \/>\n<script type=\"application\/ld+json\" class=\"yoast-schema-graph\">{\"@context\":\"https:\/\/schema.org\",\"@graph\":[{\"@type\":\"WebPage\",\"@id\":\"https:\/\/blogs.thesocialmedia.com\/leblogmoto\/2009\/11\/25\/imagine-la-harley-du-futur\/\",\"url\":\"https:\/\/blogs.thesocialmedia.com\/leblogmoto\/2009\/11\/25\/imagine-la-harley-du-futur\/\",\"name\":\"Harley se projette dans le futur, en design et au cin\u00e9ma. - leblogmoto.com\",\"isPartOf\":{\"@id\":\"https:\/\/blogs.thesocialmedia.com\/leblogmoto\/#website\"},\"primaryImageOfPage\":{\"@id\":\"https:\/\/blogs.thesocialmedia.com\/leblogmoto\/2009\/11\/25\/imagine-la-harley-du-futur\/#primaryimage\"},\"image\":{\"@id\":\"https:\/\/blogs.thesocialmedia.com\/leblogmoto\/2009\/11\/25\/imagine-la-harley-du-futur\/#primaryimage\"},\"thumbnailUrl\":\"https:\/\/blogs.thesocialmedia.com\/leblogmoto\/files\/2012\/07\/6a00d83451b18369e2012875d8c660970c-500wi.jpg\",\"datePublished\":\"2009-11-25T18:43:32+00:00\",\"dateModified\":\"2012-07-11T17:42:55+00:00\",\"author\":{\"@id\":\"https:\/\/blogs.thesocialmedia.com\/leblogmoto\/#\/schema\/person\/18bfe773e5725ed6d24f743da805362a\"},\"breadcrumb\":{\"@id\":\"https:\/\/blogs.thesocialmedia.com\/leblogmoto\/2009\/11\/25\/imagine-la-harley-du-futur\/#breadcrumb\"},\"inLanguage\":\"fr-FR\",\"potentialAction\":[{\"@type\":\"ReadAction\",\"target\":[\"https:\/\/blogs.thesocialmedia.com\/leblogmoto\/2009\/11\/25\/imagine-la-harley-du-futur\/\"]}]},{\"@type\":\"ImageObject\",\"inLanguage\":\"fr-FR\",\"@id\":\"https:\/\/blogs.thesocialmedia.com\/leblogmoto\/2009\/11\/25\/imagine-la-harley-du-futur\/#primaryimage\",\"url\":\"https:\/\/blogs.thesocialmedia.com\/leblogmoto\/files\/2012\/07\/6a00d83451b18369e2012875d8c660970c-500wi.jpg\",\"contentUrl\":\"https:\/\/blogs.thesocialmedia.com\/leblogmoto\/files\/2012\/07\/6a00d83451b18369e2012875d8c660970c-500wi.jpg\",\"width\":\"464\",\"height\":\"388\"},{\"@type\":\"BreadcrumbList\",\"@id\":\"https:\/\/blogs.thesocialmedia.com\/leblogmoto\/2009\/11\/25\/imagine-la-harley-du-futur\/#breadcrumb\",\"itemListElement\":[{\"@type\":\"ListItem\",\"position\":1,\"name\":\"Accueil\",\"item\":\"https:\/\/blogs.thesocialmedia.com\/leblogmoto\/\"},{\"@type\":\"ListItem\",\"position\":2,\"name\":\"Harley se projette dans le futur, en design et au cin\u00e9ma.\"}]},{\"@type\":\"WebSite\",\"@id\":\"https:\/\/blogs.thesocialmedia.com\/leblogmoto\/#website\",\"url\":\"https:\/\/blogs.thesocialmedia.com\/leblogmoto\/\",\"name\":\"leblogmoto\",\"description\":\"Toute l&#039;actualit\u00e9 des 2 roues\",\"potentialAction\":[{\"@type\":\"SearchAction\",\"target\":{\"@type\":\"EntryPoint\",\"urlTemplate\":\"https:\/\/blogs.thesocialmedia.com\/leblogmoto\/?s={search_term_string}\"},\"query-input\":{\"@type\":\"PropertyValueSpecification\",\"valueRequired\":true,\"valueName\":\"search_term_string\"}}],\"inLanguage\":\"fr-FR\"},{\"@type\":\"Person\",\"@id\":\"https:\/\/blogs.thesocialmedia.com\/leblogmoto\/#\/schema\/person\/18bfe773e5725ed6d24f743da805362a\",\"name\":\"benoit rieu\",\"image\":{\"@type\":\"ImageObject\",\"inLanguage\":\"fr-FR\",\"@id\":\"https:\/\/blogs.thesocialmedia.com\/leblogmoto\/#\/schema\/person\/image\/\",\"url\":\"https:\/\/secure.gravatar.com\/avatar\/?s=96&d=mm&r=g\",\"contentUrl\":\"https:\/\/secure.gravatar.com\/avatar\/?s=96&d=mm&r=g\",\"caption\":\"benoit rieu\"},\"url\":\"https:\/\/blogs.thesocialmedia.com\/leblogmoto\/author\/benoit-rieu\/\"}]}<\/script>\n<!-- \/ Yoast SEO plugin. -->","yoast_head_json":{"title":"Harley se projette dans le futur, en design et au cin\u00e9ma. - leblogmoto.com","robots":{"index":"index","follow":"follow","max-snippet":"max-snippet:-1","max-image-preview":"max-image-preview:large","max-video-preview":"max-video-preview:-1"},"canonical":"https:\/\/blogs.thesocialmedia.com\/leblogmoto\/2009\/11\/25\/imagine-la-harley-du-futur\/","twitter_card":"summary_large_image","twitter_title":"Harley se projette dans le futur, en design et au cin\u00e9ma. - leblogmoto.com","twitter_description":"Miguel Cotto s&#039;est fendu d&#039;une belle r\u00e9alisation de &quot;Harley en 2020&quot; chez Yanko Design. Et pour une fois je ne bl\u00e2merais pas ce tic de designer qui consiste \u00e0 nous refourguer des hubless wheels (roues sans moyeux) \u00e0 toutes les sauces, puisque&#160;ce concept bike est b\u00e2ti autour du&#160;l\u00e9gendaire 883cc. Merci&#160;de nous avoir \u00e9vit\u00e9 l&#039;\u00e9lectrique.&#160;Par contre, [&hellip;]","twitter_image":"https:\/\/blogs.thesocialmedia.com\/leblogmoto\/files\/2012\/07\/6a00d83451b18369e2012875d8c660970c-500wi.jpg","twitter_misc":{"\u00c9crit par":"benoit rieu","Dur\u00e9e de lecture estim\u00e9e":"1 minute"},"schema":{"@context":"https:\/\/schema.org","@graph":[{"@type":"WebPage","@id":"https:\/\/blogs.thesocialmedia.com\/leblogmoto\/2009\/11\/25\/imagine-la-harley-du-futur\/","url":"https:\/\/blogs.thesocialmedia.com\/leblogmoto\/2009\/11\/25\/imagine-la-harley-du-futur\/","name":"Harley se projette dans le futur, en design et au cin\u00e9ma. - leblogmoto.com","isPartOf":{"@id":"https:\/\/blogs.thesocialmedia.com\/leblogmoto\/#website"},"primaryImageOfPage":{"@id":"https:\/\/blogs.thesocialmedia.com\/leblogmoto\/2009\/11\/25\/imagine-la-harley-du-futur\/#primaryimage"},"image":{"@id":"https:\/\/blogs.thesocialmedia.com\/leblogmoto\/2009\/11\/25\/imagine-la-harley-du-futur\/#primaryimage"},"thumbnailUrl":"https:\/\/blogs.thesocialmedia.com\/leblogmoto\/files\/2012\/07\/6a00d83451b18369e2012875d8c660970c-500wi.jpg","datePublished":"2009-11-25T18:43:32+00:00","dateModified":"2012-07-11T17:42:55+00:00","author":{"@id":"https:\/\/blogs.thesocialmedia.com\/leblogmoto\/#\/schema\/person\/18bfe773e5725ed6d24f743da805362a"},"breadcrumb":{"@id":"https:\/\/blogs.thesocialmedia.com\/leblogmoto\/2009\/11\/25\/imagine-la-harley-du-futur\/#breadcrumb"},"inLanguage":"fr-FR","potentialAction":[{"@type":"ReadAction","target":["https:\/\/blogs.thesocialmedia.com\/leblogmoto\/2009\/11\/25\/imagine-la-harley-du-futur\/"]}]},{"@type":"ImageObject","inLanguage":"fr-FR","@id":"https:\/\/blogs.thesocialmedia.com\/leblogmoto\/2009\/11\/25\/imagine-la-harley-du-futur\/#primaryimage","url":"https:\/\/blogs.thesocialmedia.com\/leblogmoto\/files\/2012\/07\/6a00d83451b18369e2012875d8c660970c-500wi.jpg","contentUrl":"https:\/\/blogs.thesocialmedia.com\/leblogmoto\/files\/2012\/07\/6a00d83451b18369e2012875d8c660970c-500wi.jpg","width":"464","height":"388"},{"@type":"BreadcrumbList","@id":"https:\/\/blogs.thesocialmedia.com\/leblogmoto\/2009\/11\/25\/imagine-la-harley-du-futur\/#breadcrumb","itemListElement":[{"@type":"ListItem","position":1,"name":"Accueil","item":"https:\/\/blogs.thesocialmedia.com\/leblogmoto\/"},{"@type":"ListItem","position":2,"name":"Harley se projette dans le futur, en design et au cin\u00e9ma."}]},{"@type":"WebSite","@id":"https:\/\/blogs.thesocialmedia.com\/leblogmoto\/#website","url":"https:\/\/blogs.thesocialmedia.com\/leblogmoto\/","name":"leblogmoto","description":"Toute l&#039;actualit\u00e9 des 2 roues","potentialAction":[{"@type":"SearchAction","target":{"@type":"EntryPoint","urlTemplate":"https:\/\/blogs.thesocialmedia.com\/leblogmoto\/?s={search_term_string}"},"query-input":{"@type":"PropertyValueSpecification","valueRequired":true,"valueName":"search_term_string"}}],"inLanguage":"fr-FR"},{"@type":"Person","@id":"https:\/\/blogs.thesocialmedia.com\/leblogmoto\/#\/schema\/person\/18bfe773e5725ed6d24f743da805362a","name":"benoit rieu","image":{"@type":"ImageObject","inLanguage":"fr-FR","@id":"https:\/\/blogs.thesocialmedia.com\/leblogmoto\/#\/schema\/person\/image\/","url":"https:\/\/secure.gravatar.com\/avatar\/?s=96&d=mm&r=g","contentUrl":"https:\/\/secure.gravatar.com\/avatar\/?s=96&d=mm&r=g","caption":"benoit rieu"},"url":"https:\/\/blogs.thesocialmedia.com\/leblogmoto\/author\/benoit-rieu\/"}]}},"_links":{"self":[{"href":"https:\/\/blogs.thesocialmedia.com\/leblogmoto\/wp-json\/wp\/v2\/posts\/27","targetHints":{"allow":["GET"]}}],"collection":[{"href":"https:\/\/blogs.thesocialmedia.com\/leblogmoto\/wp-json\/wp\/v2\/posts"}],"about":[{"href":"https:\/\/blogs.thesocialmedia.com\/leblogmoto\/wp-json\/wp\/v2\/types\/post"}],"author":[{"embeddable":true,"href":"https:\/\/blogs.thesocialmedia.com\/leblogmoto\/wp-json\/wp\/v2\/users\/324"}],"replies":[{"embeddable":true,"href":"https:\/\/blogs.thesocialmedia.com\/leblogmoto\/wp-json\/wp\/v2\/comments?post=27"}],"version-history":[{"count":2,"href":"https:\/\/blogs.thesocialmedia.com\/leblogmoto\/wp-json\/wp\/v2\/posts\/27\/revisions"}],"predecessor-version":[{"id":14368,"href":"https:\/\/blogs.thesocialmedia.com\/leblogmoto\/wp-json\/wp\/v2\/posts\/27\/revisions\/14368"}],"wp:featuredmedia":[{"embeddable":true,"href":"https:\/\/blogs.thesocialmedia.com\/leblogmoto\/wp-json\/wp\/v2\/media\/14357"}],"wp:attachment":[{"href":"https:\/\/blogs.thesocialmedia.com\/leblogmoto\/wp-json\/wp\/v2\/media?parent=27"}],"wp:term":[{"taxonomy":"category","embeddable":true,"href":"https:\/\/blogs.thesocialmedia.com\/leblogmoto\/wp-json\/wp\/v2\/categories?post=27"},{"taxonomy":"post_tag","embeddable":true,"href":"https:\/\/blogs.thesocialmedia.com\/leblogmoto\/wp-json\/wp\/v2\/tags?post=27"}],"curies":[{"name":"wp","href":"https:\/\/api.w.org\/{rel}","templated":true}]}}