{"id":270,"date":"2009-02-13T03:29:43","date_gmt":"2009-02-13T03:29:43","guid":{"rendered":"http:\/\/blogs.thesocialmedia.com\/leblogmoto\/2009\/02\/13\/album-du-vend-1-2\/"},"modified":"2012-07-11T17:05:16","modified_gmt":"2012-07-11T17:05:16","slug":"album-du-vend-1-2","status":"publish","type":"post","link":"https:\/\/blogs.thesocialmedia.com\/leblogmoto\/2009\/02\/13\/album-du-vend-1-2\/","title":{"rendered":"Album du vendredi, Quiz: Qui suis-je? bis"},"content":{"rendered":"<p><a href=\"http:\/\/blogs.thesocialmedia.com\/leblogmoto\/files\/2012\/07\/horsconcours.jpg\"><img loading=\"lazy\" decoding=\"async\" width=\"470\" height=\"313\"  src=\"http:\/\/www.leblogmoto.com\/images\/2009\/02\/12\/horsconcours.jpg\" alt=\"Horsconcours\" \/><\/a> <\/p>\n<p>Le <a href=\"http:\/\/blogs.thesocialmedia.com\/leblogmoto\/files\/2012\/07\/album-du-vendre.html_1.png\">premier quiz<\/a> \u00e0 la fin de l&rsquo;\u00e9t\u00e9 dernier eut un certain succ\u00e8s, suffisant pour remettre \u00e7a. Que de nouvelles t\u00eates, sauf celle qui ouvre la note, hors concours, car trop \u00e9vidente, mais je ne pouvais que lui faire une place, le quiz lui appartient. En fait, la plan\u00e8te semble lui appartenir en ce moment, ne lui reste plus qu&rsquo;\u00e0 mourir jeune, ce qu&rsquo;on ne lui souhaite pas \u00e9videmment.<\/p>\n<p>Quiz donc, comme toujours, la premi\u00e8re personne avec toutes les bonnes r\u00e9ponses gagne toute notre admiration.<br \/>R\u00e9ponses avec ou sans gagnant vendredi prochain.<\/p>\n<p><a href=\"http:\/\/clabedan.typepad.com\/.shared\/image.html?\/photos\/uncategorized\/2009\/02\/12\/concours1.jpg\"><img loading=\"lazy\" decoding=\"async\" width=\"470\" height=\"376\"  src=\"http:\/\/www.leblogmoto.com\/images\/2009\/02\/12\/concours1.jpg\" alt=\"Concours1\" \/><\/a> <br \/>1_<\/p>\n<p><a href=\"http:\/\/blogs.thesocialmedia.com\/leblogmoto\/files\/2012\/07\/concours21.jpg\"><img loading=\"lazy\" decoding=\"async\" width=\"470\" height=\"352\"  src=\"http:\/\/www.leblogmoto.com\/images\/2009\/02\/12\/concours2.jpg\" alt=\"Concours2\" \/><\/a> <br \/>2_<\/p>\n<p><a href=\"http:\/\/blogs.thesocialmedia.com\/leblogmoto\/files\/2012\/07\/concours3.jpg\"><img loading=\"lazy\" decoding=\"async\" width=\"470\" height=\"342\"  src=\"http:\/\/www.leblogmoto.com\/images\/2009\/02\/12\/concours3.jpg\" alt=\"Concours3\" \/><\/a> <br \/>3_<\/p>\n<p><a href=\"http:\/\/blogs.thesocialmedia.com\/leblogmoto\/files\/2012\/07\/concours41.jpg\"><img loading=\"lazy\" decoding=\"async\" width=\"470\" height=\"354\"  src=\"http:\/\/www.leblogmoto.com\/images\/2009\/02\/12\/concours4.jpg\" alt=\"Concours4\" \/><\/a> <br \/>4_<\/p>\n<p><a href=\"http:\/\/blogs.thesocialmedia.com\/leblogmoto\/files\/2012\/07\/concours5.jpg\"><img loading=\"lazy\" decoding=\"async\" width=\"470\" height=\"309\"  src=\"http:\/\/www.leblogmoto.com\/images\/2009\/02\/12\/concours5.jpg\" alt=\"Concours5\" \/><\/a> <br \/>5_<\/p>\n<p><a href=\"http:\/\/blogs.thesocialmedia.com\/leblogmoto\/files\/2012\/07\/concours6.jpg\"><img loading=\"lazy\" decoding=\"async\" width=\"470\" height=\"342\"  src=\"http:\/\/www.leblogmoto.com\/images\/2009\/02\/12\/concours6.jpg\" alt=\"Concours6\" \/><\/a> <br \/>6_<\/p>\n<p><a href=\"http:\/\/blogs.thesocialmedia.com\/leblogmoto\/files\/2012\/07\/concours7.jpg\"><img loading=\"lazy\" decoding=\"async\" width=\"470\" height=\"480\"  src=\"http:\/\/www.leblogmoto.com\/images\/2009\/02\/12\/concours7.jpg\" alt=\"Concours7\" \/><\/a> <br \/>7_<\/p>\n<p><a href=\"http:\/\/blogs.thesocialmedia.com\/leblogmoto\/files\/2012\/07\/concours8.jpg\"><img loading=\"lazy\" decoding=\"async\" width=\"470\" height=\"308\"  src=\"http:\/\/www.leblogmoto.com\/images\/2009\/02\/12\/concours8.jpg\" alt=\"Concours8\" \/><\/a> <br \/>8_<\/p>\n<p><a href=\"http:\/\/blogs.thesocialmedia.com\/leblogmoto\/files\/2012\/07\/concours9.jpg\"><img loading=\"lazy\" decoding=\"async\" width=\"470\" height=\"624\"  src=\"http:\/\/www.leblogmoto.com\/images\/2009\/02\/12\/concours9.jpg\" alt=\"Concours9\" \/><\/a> <br \/>9_<\/p>\n","protected":false},"excerpt":{"rendered":"<p>Le premier quiz \u00e0 la fin de l&rsquo;\u00e9t\u00e9 dernier eut un certain succ\u00e8s, suffisant pour remettre \u00e7a. Que de nouvelles t\u00eates, sauf celle qui ouvre la note, hors concours, car trop \u00e9vidente, mais je ne pouvais que lui faire une place, le quiz lui appartient. En fait, la plan\u00e8te semble lui appartenir en ce moment, [&hellip;]<\/p>\n","protected":false},"author":325,"featured_media":0,"comment_status":"open","ping_status":"open","sticky":false,"template":"","format":"standard","meta":{"footnotes":""},"categories":[17,58],"tags":[],"class_list":["post-270","post","type-post","status-publish","format-standard","hentry","category-divers","category-insolite"],"yoast_head":"<!-- This site is optimized with the Yoast SEO plugin v26.0 - https:\/\/yoast.com\/wordpress\/plugins\/seo\/ -->\n<title>Album du vendredi, Quiz: Qui suis-je? bis - leblogmoto.com<\/title>\n<meta name=\"robots\" content=\"index, follow, max-snippet:-1, max-image-preview:large, max-video-preview:-1\" \/>\n<link rel=\"canonical\" href=\"https:\/\/blogs.thesocialmedia.com\/leblogmoto\/2009\/02\/13\/album-du-vend-1-2\/\" \/>\n<meta name=\"twitter:card\" content=\"summary_large_image\" \/>\n<meta name=\"twitter:title\" content=\"Album du vendredi, Quiz: Qui suis-je? bis - leblogmoto.com\" \/>\n<meta name=\"twitter:description\" content=\"Le premier quiz \u00e0 la fin de l&rsquo;\u00e9t\u00e9 dernier eut un certain succ\u00e8s, suffisant pour remettre \u00e7a. Que de nouvelles t\u00eates, sauf celle qui ouvre la note, hors concours, car trop \u00e9vidente, mais je ne pouvais que lui faire une place, le quiz lui appartient. En fait, la plan\u00e8te semble lui appartenir en ce moment, [&hellip;]\" \/>\n<meta name=\"twitter:image\" content=\"http:\/\/www.leblogmoto.com\/images\/2009\/02\/12\/horsconcours.jpg\" \/>\n<meta name=\"twitter:label1\" content=\"\u00c9crit par\" \/>\n\t<meta name=\"twitter:data1\" content=\"jacques lesage\" \/>\n<script type=\"application\/ld+json\" class=\"yoast-schema-graph\">{\"@context\":\"https:\/\/schema.org\",\"@graph\":[{\"@type\":\"WebPage\",\"@id\":\"https:\/\/blogs.thesocialmedia.com\/leblogmoto\/2009\/02\/13\/album-du-vend-1-2\/\",\"url\":\"https:\/\/blogs.thesocialmedia.com\/leblogmoto\/2009\/02\/13\/album-du-vend-1-2\/\",\"name\":\"Album du vendredi, Quiz: Qui suis-je? bis - leblogmoto.com\",\"isPartOf\":{\"@id\":\"https:\/\/blogs.thesocialmedia.com\/leblogmoto\/#website\"},\"primaryImageOfPage\":{\"@id\":\"https:\/\/blogs.thesocialmedia.com\/leblogmoto\/2009\/02\/13\/album-du-vend-1-2\/#primaryimage\"},\"image\":{\"@id\":\"https:\/\/blogs.thesocialmedia.com\/leblogmoto\/2009\/02\/13\/album-du-vend-1-2\/#primaryimage\"},\"thumbnailUrl\":\"http:\/\/www.leblogmoto.com\/images\/2009\/02\/12\/horsconcours.jpg\",\"datePublished\":\"2009-02-13T03:29:43+00:00\",\"dateModified\":\"2012-07-11T17:05:16+00:00\",\"author\":{\"@id\":\"https:\/\/blogs.thesocialmedia.com\/leblogmoto\/#\/schema\/person\/e82a0ca8a9a63d031586097a3ed58526\"},\"breadcrumb\":{\"@id\":\"https:\/\/blogs.thesocialmedia.com\/leblogmoto\/2009\/02\/13\/album-du-vend-1-2\/#breadcrumb\"},\"inLanguage\":\"fr-FR\",\"potentialAction\":[{\"@type\":\"ReadAction\",\"target\":[\"https:\/\/blogs.thesocialmedia.com\/leblogmoto\/2009\/02\/13\/album-du-vend-1-2\/\"]}]},{\"@type\":\"ImageObject\",\"inLanguage\":\"fr-FR\",\"@id\":\"https:\/\/blogs.thesocialmedia.com\/leblogmoto\/2009\/02\/13\/album-du-vend-1-2\/#primaryimage\",\"url\":\"http:\/\/www.leblogmoto.com\/images\/2009\/02\/12\/horsconcours.jpg\",\"contentUrl\":\"http:\/\/www.leblogmoto.com\/images\/2009\/02\/12\/horsconcours.jpg\"},{\"@type\":\"BreadcrumbList\",\"@id\":\"https:\/\/blogs.thesocialmedia.com\/leblogmoto\/2009\/02\/13\/album-du-vend-1-2\/#breadcrumb\",\"itemListElement\":[{\"@type\":\"ListItem\",\"position\":1,\"name\":\"Accueil\",\"item\":\"https:\/\/blogs.thesocialmedia.com\/leblogmoto\/\"},{\"@type\":\"ListItem\",\"position\":2,\"name\":\"Album du vendredi, Quiz: Qui suis-je? bis\"}]},{\"@type\":\"WebSite\",\"@id\":\"https:\/\/blogs.thesocialmedia.com\/leblogmoto\/#website\",\"url\":\"https:\/\/blogs.thesocialmedia.com\/leblogmoto\/\",\"name\":\"leblogmoto\",\"description\":\"Toute l&#039;actualit\u00e9 des 2 roues\",\"potentialAction\":[{\"@type\":\"SearchAction\",\"target\":{\"@type\":\"EntryPoint\",\"urlTemplate\":\"https:\/\/blogs.thesocialmedia.com\/leblogmoto\/?s={search_term_string}\"},\"query-input\":{\"@type\":\"PropertyValueSpecification\",\"valueRequired\":true,\"valueName\":\"search_term_string\"}}],\"inLanguage\":\"fr-FR\"},{\"@type\":\"Person\",\"@id\":\"https:\/\/blogs.thesocialmedia.com\/leblogmoto\/#\/schema\/person\/e82a0ca8a9a63d031586097a3ed58526\",\"name\":\"jacques lesage\",\"image\":{\"@type\":\"ImageObject\",\"inLanguage\":\"fr-FR\",\"@id\":\"https:\/\/blogs.thesocialmedia.com\/leblogmoto\/#\/schema\/person\/image\/\",\"url\":\"https:\/\/secure.gravatar.com\/avatar\/?s=96&d=mm&r=g\",\"contentUrl\":\"https:\/\/secure.gravatar.com\/avatar\/?s=96&d=mm&r=g\",\"caption\":\"jacques lesage\"},\"url\":\"https:\/\/blogs.thesocialmedia.com\/leblogmoto\/author\/jacques-lesage\/\"}]}<\/script>\n<!-- \/ Yoast SEO plugin. -->","yoast_head_json":{"title":"Album du vendredi, Quiz: Qui suis-je? bis - leblogmoto.com","robots":{"index":"index","follow":"follow","max-snippet":"max-snippet:-1","max-image-preview":"max-image-preview:large","max-video-preview":"max-video-preview:-1"},"canonical":"https:\/\/blogs.thesocialmedia.com\/leblogmoto\/2009\/02\/13\/album-du-vend-1-2\/","twitter_card":"summary_large_image","twitter_title":"Album du vendredi, Quiz: Qui suis-je? bis - leblogmoto.com","twitter_description":"Le premier quiz \u00e0 la fin de l&rsquo;\u00e9t\u00e9 dernier eut un certain succ\u00e8s, suffisant pour remettre \u00e7a. Que de nouvelles t\u00eates, sauf celle qui ouvre la note, hors concours, car trop \u00e9vidente, mais je ne pouvais que lui faire une place, le quiz lui appartient. En fait, la plan\u00e8te semble lui appartenir en ce moment, [&hellip;]","twitter_image":"http:\/\/www.leblogmoto.com\/images\/2009\/02\/12\/horsconcours.jpg","twitter_misc":{"\u00c9crit par":"jacques lesage"},"schema":{"@context":"https:\/\/schema.org","@graph":[{"@type":"WebPage","@id":"https:\/\/blogs.thesocialmedia.com\/leblogmoto\/2009\/02\/13\/album-du-vend-1-2\/","url":"https:\/\/blogs.thesocialmedia.com\/leblogmoto\/2009\/02\/13\/album-du-vend-1-2\/","name":"Album du vendredi, Quiz: Qui suis-je? bis - leblogmoto.com","isPartOf":{"@id":"https:\/\/blogs.thesocialmedia.com\/leblogmoto\/#website"},"primaryImageOfPage":{"@id":"https:\/\/blogs.thesocialmedia.com\/leblogmoto\/2009\/02\/13\/album-du-vend-1-2\/#primaryimage"},"image":{"@id":"https:\/\/blogs.thesocialmedia.com\/leblogmoto\/2009\/02\/13\/album-du-vend-1-2\/#primaryimage"},"thumbnailUrl":"http:\/\/www.leblogmoto.com\/images\/2009\/02\/12\/horsconcours.jpg","datePublished":"2009-02-13T03:29:43+00:00","dateModified":"2012-07-11T17:05:16+00:00","author":{"@id":"https:\/\/blogs.thesocialmedia.com\/leblogmoto\/#\/schema\/person\/e82a0ca8a9a63d031586097a3ed58526"},"breadcrumb":{"@id":"https:\/\/blogs.thesocialmedia.com\/leblogmoto\/2009\/02\/13\/album-du-vend-1-2\/#breadcrumb"},"inLanguage":"fr-FR","potentialAction":[{"@type":"ReadAction","target":["https:\/\/blogs.thesocialmedia.com\/leblogmoto\/2009\/02\/13\/album-du-vend-1-2\/"]}]},{"@type":"ImageObject","inLanguage":"fr-FR","@id":"https:\/\/blogs.thesocialmedia.com\/leblogmoto\/2009\/02\/13\/album-du-vend-1-2\/#primaryimage","url":"http:\/\/www.leblogmoto.com\/images\/2009\/02\/12\/horsconcours.jpg","contentUrl":"http:\/\/www.leblogmoto.com\/images\/2009\/02\/12\/horsconcours.jpg"},{"@type":"BreadcrumbList","@id":"https:\/\/blogs.thesocialmedia.com\/leblogmoto\/2009\/02\/13\/album-du-vend-1-2\/#breadcrumb","itemListElement":[{"@type":"ListItem","position":1,"name":"Accueil","item":"https:\/\/blogs.thesocialmedia.com\/leblogmoto\/"},{"@type":"ListItem","position":2,"name":"Album du vendredi, Quiz: Qui suis-je? bis"}]},{"@type":"WebSite","@id":"https:\/\/blogs.thesocialmedia.com\/leblogmoto\/#website","url":"https:\/\/blogs.thesocialmedia.com\/leblogmoto\/","name":"leblogmoto","description":"Toute l&#039;actualit\u00e9 des 2 roues","potentialAction":[{"@type":"SearchAction","target":{"@type":"EntryPoint","urlTemplate":"https:\/\/blogs.thesocialmedia.com\/leblogmoto\/?s={search_term_string}"},"query-input":{"@type":"PropertyValueSpecification","valueRequired":true,"valueName":"search_term_string"}}],"inLanguage":"fr-FR"},{"@type":"Person","@id":"https:\/\/blogs.thesocialmedia.com\/leblogmoto\/#\/schema\/person\/e82a0ca8a9a63d031586097a3ed58526","name":"jacques lesage","image":{"@type":"ImageObject","inLanguage":"fr-FR","@id":"https:\/\/blogs.thesocialmedia.com\/leblogmoto\/#\/schema\/person\/image\/","url":"https:\/\/secure.gravatar.com\/avatar\/?s=96&d=mm&r=g","contentUrl":"https:\/\/secure.gravatar.com\/avatar\/?s=96&d=mm&r=g","caption":"jacques lesage"},"url":"https:\/\/blogs.thesocialmedia.com\/leblogmoto\/author\/jacques-lesage\/"}]}},"_links":{"self":[{"href":"https:\/\/blogs.thesocialmedia.com\/leblogmoto\/wp-json\/wp\/v2\/posts\/270","targetHints":{"allow":["GET"]}}],"collection":[{"href":"https:\/\/blogs.thesocialmedia.com\/leblogmoto\/wp-json\/wp\/v2\/posts"}],"about":[{"href":"https:\/\/blogs.thesocialmedia.com\/leblogmoto\/wp-json\/wp\/v2\/types\/post"}],"author":[{"embeddable":true,"href":"https:\/\/blogs.thesocialmedia.com\/leblogmoto\/wp-json\/wp\/v2\/users\/325"}],"replies":[{"embeddable":true,"href":"https:\/\/blogs.thesocialmedia.com\/leblogmoto\/wp-json\/wp\/v2\/comments?post=270"}],"version-history":[{"count":2,"href":"https:\/\/blogs.thesocialmedia.com\/leblogmoto\/wp-json\/wp\/v2\/posts\/270\/revisions"}],"predecessor-version":[{"id":12757,"href":"https:\/\/blogs.thesocialmedia.com\/leblogmoto\/wp-json\/wp\/v2\/posts\/270\/revisions\/12757"}],"wp:attachment":[{"href":"https:\/\/blogs.thesocialmedia.com\/leblogmoto\/wp-json\/wp\/v2\/media?parent=270"}],"wp:term":[{"taxonomy":"category","embeddable":true,"href":"https:\/\/blogs.thesocialmedia.com\/leblogmoto\/wp-json\/wp\/v2\/categories?post=270"},{"taxonomy":"post_tag","embeddable":true,"href":"https:\/\/blogs.thesocialmedia.com\/leblogmoto\/wp-json\/wp\/v2\/tags?post=270"}],"curies":[{"name":"wp","href":"https:\/\/api.w.org\/{rel}","templated":true}]}}