{"id":271,"date":"2009-02-12T23:58:27","date_gmt":"2009-02-12T23:58:27","guid":{"rendered":"http:\/\/blogs.thesocialmedia.com\/leblogmoto\/2009\/02\/12\/un-vice-champio\/"},"modified":"2012-07-11T17:05:00","modified_gmt":"2012-07-11T17:05:00","slug":"un-vice-champio","status":"publish","type":"post","link":"https:\/\/blogs.thesocialmedia.com\/leblogmoto\/2009\/02\/12\/un-vice-champio\/","title":{"rendered":"Un vice-champion entre grosses inqui\u00e9tudes et maigres satisfactions."},"content":{"rendered":"<p><a href=\"http:\/\/blogs.thesocialmedia.com\/leblogmoto\/files\/2012\/07\/casey_stoner_21_with_wife_adriana_t.jpg\"><img loading=\"lazy\" decoding=\"async\" height=\"316\"  width=\"470\" alt=\"Casey_stoner_21_with_wife_adriana_t\" src=\"http:\/\/www.leblogmoto.com\/images\/2009\/02\/12\/casey_stoner_21_with_wife_adriana_t.jpg\" \/><\/a><\/p>\n<p>J&rsquo;ai failli intituler l&rsquo;article &quot;Stoner, un dauphin entre deux eaux&quot;, mais vous pouvez remercier mes scrupules de vous avoir \u00e9pargn\u00e9 ce jeux de mots foireux, et ce, malgr\u00e9 son accessit au championnat 2008. L&rsquo;australien d\u00e9clare sur Autosport qu&rsquo;il aura des raisons d&rsquo;\u00eatre s\u00e9rieusement inquiet pour sa saison 2009 s&rsquo;il continue \u00e0 se battre avec sa douleur au poignet lors des essais au Qatar, le mois prochain. Et esp\u00e8re, sans trop y croire, que sa condition physique se sera am\u00e9lior\u00e9e d&rsquo;ici le premier mars, jour auquel reprennent les tests \u00e0 Losail. Un circuit qu&rsquo;il conna\u00eet et appr\u00e9cie, pour y avoir d\u00e9j\u00e0 gagn\u00e9, sous les projecteurs. Il d\u00e9clare \u00e0 <a href=\"http:\/\/www.motosprint.it\/moto\/indexRivistaMotoSprint.asp\">Motosprint<\/a> que &quot;trois mois sont pass\u00e9s et mon poignet n&rsquo;a que peu de mobilit\u00e9 et me fait mal. Pour tout vous dire, je n&rsquo;aime la fa\u00e7on dont cela se passe.&quot; Malgr\u00e9 son d\u00e9tachement, il finit par rench\u00e9rir: &quot;Je vais essayer de ne pas y penser jusqu&rsquo;au Qatar, puis nous verrons. Si mon \u00e9tat ne s&rsquo;est pas am\u00e9lior\u00e9 d&rsquo;ici Losail, cela signifie que je dois m&rsquo;en faire&quot;. Bien que jeune sur le plateau, il ne peut s&#8217;emp\u00eacher d&rsquo;\u00e9tablir un parall\u00e8le avec sa pr\u00e9c\u00e9dente intervention: &quot;J&rsquo;avais d\u00e9j\u00e0 eu une op\u00e9ration \u00e0 cette articulation, et apr\u00e8s deux semaines, j&rsquo;allais d\u00e9j\u00e0 bien&quot;. Malgr\u00e9 cette douleur chronique, Stoner a r\u00e9ussi \u00e0 \u00eatre le plus rapide des pilotes, pendant deux jours, sur les trois que comptaient les essais en Malaisie. Mais il ne se leurre pas. <\/p>\n<p>Ces chronos ont en effet \u00e9t\u00e9 r\u00e9alis\u00e9s lors de <em>runs<\/em> courts, rien \u00e0 voir avec une s\u00e9ance d&rsquo;essai pr\u00e9c\u00e9dant un grand prix.<\/p>\n<p>Ce qui ne l&#8217;emp\u00eache pas d&rsquo;\u00eatre \u00e9tonn\u00e9 par ses r\u00e9sultats sur la feuille des temps. Il donne en passant les solutions (des pis-aller) qu&rsquo;il a adopt\u00e9 pour rem\u00e9dier \u00e0 sa m\u00e9forme. Des solutions qui passent par l&rsquo;adoption de postures diff\u00e9rentes sur la GP9: &quot;J&rsquo;essaie de m&rsquo;adapter, de modifier la fa\u00e7on dont je m&rsquo;assieds sur la moto, je fais quelques mouvements pour compenser le fait que mon poignet bouge \u00e0 peine, et plus que tout, tout cela me fait mal lors des freinages&quot;. <\/p>\n<p>Et il conclut &quot;Je trouve irr\u00e9el d&rsquo;arriver \u00e0 \u00eatre si rapide, car la situation est pire que celle \u00e0 laquelle que je m&rsquo;attendais. Je ne m&rsquo;attendais pas \u00eatre super bien, mais pas aussi mal non plus.&quot; <\/p>\n<p><em>Cr\u00e9dit photo Robert Gilhooly, Casey Stoner et sa femme Adriana Tuchyna en 2007.<\/em><em><br \/><\/em><\/p>\n<p><em>Via Motosprint et Autosport.<\/em><\/p>\n","protected":false},"excerpt":{"rendered":"<p>J&rsquo;ai failli intituler l&rsquo;article &quot;Stoner, un dauphin entre deux eaux&quot;, mais vous pouvez remercier mes scrupules de vous avoir \u00e9pargn\u00e9 ce jeux de mots foireux, et ce, malgr\u00e9 son accessit au championnat 2008. L&rsquo;australien d\u00e9clare sur Autosport qu&rsquo;il aura des raisons d&rsquo;\u00eatre s\u00e9rieusement inquiet pour sa saison 2009 s&rsquo;il continue \u00e0 se battre avec sa [&hellip;]<\/p>\n","protected":false},"author":324,"featured_media":0,"comment_status":"open","ping_status":"open","sticky":false,"template":"","format":"standard","meta":{"footnotes":""},"categories":[3,41,22],"tags":[],"class_list":["post-271","post","type-post","status-publish","format-standard","hentry","category-actualite","category-ducati","category-motogp"],"yoast_head":"<!-- This site is optimized with the Yoast SEO plugin v26.0 - https:\/\/yoast.com\/wordpress\/plugins\/seo\/ -->\n<title>Un vice-champion entre grosses inqui\u00e9tudes et maigres satisfactions. - leblogmoto.com<\/title>\n<meta name=\"robots\" content=\"index, follow, max-snippet:-1, max-image-preview:large, max-video-preview:-1\" \/>\n<link rel=\"canonical\" href=\"https:\/\/blogs.thesocialmedia.com\/leblogmoto\/2009\/02\/12\/un-vice-champio\/\" \/>\n<meta name=\"twitter:card\" content=\"summary_large_image\" \/>\n<meta name=\"twitter:title\" content=\"Un vice-champion entre grosses inqui\u00e9tudes et maigres satisfactions. - leblogmoto.com\" \/>\n<meta name=\"twitter:description\" content=\"J&rsquo;ai failli intituler l&rsquo;article &quot;Stoner, un dauphin entre deux eaux&quot;, mais vous pouvez remercier mes scrupules de vous avoir \u00e9pargn\u00e9 ce jeux de mots foireux, et ce, malgr\u00e9 son accessit au championnat 2008. L&rsquo;australien d\u00e9clare sur Autosport qu&rsquo;il aura des raisons d&rsquo;\u00eatre s\u00e9rieusement inquiet pour sa saison 2009 s&rsquo;il continue \u00e0 se battre avec sa [&hellip;]\" \/>\n<meta name=\"twitter:image\" content=\"http:\/\/www.leblogmoto.com\/images\/2009\/02\/12\/casey_stoner_21_with_wife_adriana_t.jpg\" \/>\n<meta name=\"twitter:label1\" content=\"\u00c9crit par\" \/>\n\t<meta name=\"twitter:data1\" content=\"benoit rieu\" \/>\n\t<meta name=\"twitter:label2\" content=\"Dur\u00e9e de lecture estim\u00e9e\" \/>\n\t<meta name=\"twitter:data2\" content=\"2 minutes\" \/>\n<script type=\"application\/ld+json\" class=\"yoast-schema-graph\">{\"@context\":\"https:\/\/schema.org\",\"@graph\":[{\"@type\":\"WebPage\",\"@id\":\"https:\/\/blogs.thesocialmedia.com\/leblogmoto\/2009\/02\/12\/un-vice-champio\/\",\"url\":\"https:\/\/blogs.thesocialmedia.com\/leblogmoto\/2009\/02\/12\/un-vice-champio\/\",\"name\":\"Un vice-champion entre grosses inqui\u00e9tudes et maigres satisfactions. - leblogmoto.com\",\"isPartOf\":{\"@id\":\"https:\/\/blogs.thesocialmedia.com\/leblogmoto\/#website\"},\"primaryImageOfPage\":{\"@id\":\"https:\/\/blogs.thesocialmedia.com\/leblogmoto\/2009\/02\/12\/un-vice-champio\/#primaryimage\"},\"image\":{\"@id\":\"https:\/\/blogs.thesocialmedia.com\/leblogmoto\/2009\/02\/12\/un-vice-champio\/#primaryimage\"},\"thumbnailUrl\":\"http:\/\/www.leblogmoto.com\/images\/2009\/02\/12\/casey_stoner_21_with_wife_adriana_t.jpg\",\"datePublished\":\"2009-02-12T23:58:27+00:00\",\"dateModified\":\"2012-07-11T17:05:00+00:00\",\"author\":{\"@id\":\"https:\/\/blogs.thesocialmedia.com\/leblogmoto\/#\/schema\/person\/18bfe773e5725ed6d24f743da805362a\"},\"breadcrumb\":{\"@id\":\"https:\/\/blogs.thesocialmedia.com\/leblogmoto\/2009\/02\/12\/un-vice-champio\/#breadcrumb\"},\"inLanguage\":\"fr-FR\",\"potentialAction\":[{\"@type\":\"ReadAction\",\"target\":[\"https:\/\/blogs.thesocialmedia.com\/leblogmoto\/2009\/02\/12\/un-vice-champio\/\"]}]},{\"@type\":\"ImageObject\",\"inLanguage\":\"fr-FR\",\"@id\":\"https:\/\/blogs.thesocialmedia.com\/leblogmoto\/2009\/02\/12\/un-vice-champio\/#primaryimage\",\"url\":\"http:\/\/www.leblogmoto.com\/images\/2009\/02\/12\/casey_stoner_21_with_wife_adriana_t.jpg\",\"contentUrl\":\"http:\/\/www.leblogmoto.com\/images\/2009\/02\/12\/casey_stoner_21_with_wife_adriana_t.jpg\"},{\"@type\":\"BreadcrumbList\",\"@id\":\"https:\/\/blogs.thesocialmedia.com\/leblogmoto\/2009\/02\/12\/un-vice-champio\/#breadcrumb\",\"itemListElement\":[{\"@type\":\"ListItem\",\"position\":1,\"name\":\"Accueil\",\"item\":\"https:\/\/blogs.thesocialmedia.com\/leblogmoto\/\"},{\"@type\":\"ListItem\",\"position\":2,\"name\":\"Un vice-champion entre grosses inqui\u00e9tudes et maigres satisfactions.\"}]},{\"@type\":\"WebSite\",\"@id\":\"https:\/\/blogs.thesocialmedia.com\/leblogmoto\/#website\",\"url\":\"https:\/\/blogs.thesocialmedia.com\/leblogmoto\/\",\"name\":\"leblogmoto\",\"description\":\"Toute l&#039;actualit\u00e9 des 2 roues\",\"potentialAction\":[{\"@type\":\"SearchAction\",\"target\":{\"@type\":\"EntryPoint\",\"urlTemplate\":\"https:\/\/blogs.thesocialmedia.com\/leblogmoto\/?s={search_term_string}\"},\"query-input\":{\"@type\":\"PropertyValueSpecification\",\"valueRequired\":true,\"valueName\":\"search_term_string\"}}],\"inLanguage\":\"fr-FR\"},{\"@type\":\"Person\",\"@id\":\"https:\/\/blogs.thesocialmedia.com\/leblogmoto\/#\/schema\/person\/18bfe773e5725ed6d24f743da805362a\",\"name\":\"benoit rieu\",\"image\":{\"@type\":\"ImageObject\",\"inLanguage\":\"fr-FR\",\"@id\":\"https:\/\/blogs.thesocialmedia.com\/leblogmoto\/#\/schema\/person\/image\/\",\"url\":\"https:\/\/secure.gravatar.com\/avatar\/?s=96&d=mm&r=g\",\"contentUrl\":\"https:\/\/secure.gravatar.com\/avatar\/?s=96&d=mm&r=g\",\"caption\":\"benoit rieu\"},\"url\":\"https:\/\/blogs.thesocialmedia.com\/leblogmoto\/author\/benoit-rieu\/\"}]}<\/script>\n<!-- \/ Yoast SEO plugin. -->","yoast_head_json":{"title":"Un vice-champion entre grosses inqui\u00e9tudes et maigres satisfactions. - leblogmoto.com","robots":{"index":"index","follow":"follow","max-snippet":"max-snippet:-1","max-image-preview":"max-image-preview:large","max-video-preview":"max-video-preview:-1"},"canonical":"https:\/\/blogs.thesocialmedia.com\/leblogmoto\/2009\/02\/12\/un-vice-champio\/","twitter_card":"summary_large_image","twitter_title":"Un vice-champion entre grosses inqui\u00e9tudes et maigres satisfactions. - leblogmoto.com","twitter_description":"J&rsquo;ai failli intituler l&rsquo;article &quot;Stoner, un dauphin entre deux eaux&quot;, mais vous pouvez remercier mes scrupules de vous avoir \u00e9pargn\u00e9 ce jeux de mots foireux, et ce, malgr\u00e9 son accessit au championnat 2008. L&rsquo;australien d\u00e9clare sur Autosport qu&rsquo;il aura des raisons d&rsquo;\u00eatre s\u00e9rieusement inquiet pour sa saison 2009 s&rsquo;il continue \u00e0 se battre avec sa [&hellip;]","twitter_image":"http:\/\/www.leblogmoto.com\/images\/2009\/02\/12\/casey_stoner_21_with_wife_adriana_t.jpg","twitter_misc":{"\u00c9crit par":"benoit rieu","Dur\u00e9e de lecture estim\u00e9e":"2 minutes"},"schema":{"@context":"https:\/\/schema.org","@graph":[{"@type":"WebPage","@id":"https:\/\/blogs.thesocialmedia.com\/leblogmoto\/2009\/02\/12\/un-vice-champio\/","url":"https:\/\/blogs.thesocialmedia.com\/leblogmoto\/2009\/02\/12\/un-vice-champio\/","name":"Un vice-champion entre grosses inqui\u00e9tudes et maigres satisfactions. - leblogmoto.com","isPartOf":{"@id":"https:\/\/blogs.thesocialmedia.com\/leblogmoto\/#website"},"primaryImageOfPage":{"@id":"https:\/\/blogs.thesocialmedia.com\/leblogmoto\/2009\/02\/12\/un-vice-champio\/#primaryimage"},"image":{"@id":"https:\/\/blogs.thesocialmedia.com\/leblogmoto\/2009\/02\/12\/un-vice-champio\/#primaryimage"},"thumbnailUrl":"http:\/\/www.leblogmoto.com\/images\/2009\/02\/12\/casey_stoner_21_with_wife_adriana_t.jpg","datePublished":"2009-02-12T23:58:27+00:00","dateModified":"2012-07-11T17:05:00+00:00","author":{"@id":"https:\/\/blogs.thesocialmedia.com\/leblogmoto\/#\/schema\/person\/18bfe773e5725ed6d24f743da805362a"},"breadcrumb":{"@id":"https:\/\/blogs.thesocialmedia.com\/leblogmoto\/2009\/02\/12\/un-vice-champio\/#breadcrumb"},"inLanguage":"fr-FR","potentialAction":[{"@type":"ReadAction","target":["https:\/\/blogs.thesocialmedia.com\/leblogmoto\/2009\/02\/12\/un-vice-champio\/"]}]},{"@type":"ImageObject","inLanguage":"fr-FR","@id":"https:\/\/blogs.thesocialmedia.com\/leblogmoto\/2009\/02\/12\/un-vice-champio\/#primaryimage","url":"http:\/\/www.leblogmoto.com\/images\/2009\/02\/12\/casey_stoner_21_with_wife_adriana_t.jpg","contentUrl":"http:\/\/www.leblogmoto.com\/images\/2009\/02\/12\/casey_stoner_21_with_wife_adriana_t.jpg"},{"@type":"BreadcrumbList","@id":"https:\/\/blogs.thesocialmedia.com\/leblogmoto\/2009\/02\/12\/un-vice-champio\/#breadcrumb","itemListElement":[{"@type":"ListItem","position":1,"name":"Accueil","item":"https:\/\/blogs.thesocialmedia.com\/leblogmoto\/"},{"@type":"ListItem","position":2,"name":"Un vice-champion entre grosses inqui\u00e9tudes et maigres satisfactions."}]},{"@type":"WebSite","@id":"https:\/\/blogs.thesocialmedia.com\/leblogmoto\/#website","url":"https:\/\/blogs.thesocialmedia.com\/leblogmoto\/","name":"leblogmoto","description":"Toute l&#039;actualit\u00e9 des 2 roues","potentialAction":[{"@type":"SearchAction","target":{"@type":"EntryPoint","urlTemplate":"https:\/\/blogs.thesocialmedia.com\/leblogmoto\/?s={search_term_string}"},"query-input":{"@type":"PropertyValueSpecification","valueRequired":true,"valueName":"search_term_string"}}],"inLanguage":"fr-FR"},{"@type":"Person","@id":"https:\/\/blogs.thesocialmedia.com\/leblogmoto\/#\/schema\/person\/18bfe773e5725ed6d24f743da805362a","name":"benoit rieu","image":{"@type":"ImageObject","inLanguage":"fr-FR","@id":"https:\/\/blogs.thesocialmedia.com\/leblogmoto\/#\/schema\/person\/image\/","url":"https:\/\/secure.gravatar.com\/avatar\/?s=96&d=mm&r=g","contentUrl":"https:\/\/secure.gravatar.com\/avatar\/?s=96&d=mm&r=g","caption":"benoit rieu"},"url":"https:\/\/blogs.thesocialmedia.com\/leblogmoto\/author\/benoit-rieu\/"}]}},"_links":{"self":[{"href":"https:\/\/blogs.thesocialmedia.com\/leblogmoto\/wp-json\/wp\/v2\/posts\/271","targetHints":{"allow":["GET"]}}],"collection":[{"href":"https:\/\/blogs.thesocialmedia.com\/leblogmoto\/wp-json\/wp\/v2\/posts"}],"about":[{"href":"https:\/\/blogs.thesocialmedia.com\/leblogmoto\/wp-json\/wp\/v2\/types\/post"}],"author":[{"embeddable":true,"href":"https:\/\/blogs.thesocialmedia.com\/leblogmoto\/wp-json\/wp\/v2\/users\/324"}],"replies":[{"embeddable":true,"href":"https:\/\/blogs.thesocialmedia.com\/leblogmoto\/wp-json\/wp\/v2\/comments?post=271"}],"version-history":[{"count":2,"href":"https:\/\/blogs.thesocialmedia.com\/leblogmoto\/wp-json\/wp\/v2\/posts\/271\/revisions"}],"predecessor-version":[{"id":12747,"href":"https:\/\/blogs.thesocialmedia.com\/leblogmoto\/wp-json\/wp\/v2\/posts\/271\/revisions\/12747"}],"wp:attachment":[{"href":"https:\/\/blogs.thesocialmedia.com\/leblogmoto\/wp-json\/wp\/v2\/media?parent=271"}],"wp:term":[{"taxonomy":"category","embeddable":true,"href":"https:\/\/blogs.thesocialmedia.com\/leblogmoto\/wp-json\/wp\/v2\/categories?post=271"},{"taxonomy":"post_tag","embeddable":true,"href":"https:\/\/blogs.thesocialmedia.com\/leblogmoto\/wp-json\/wp\/v2\/tags?post=271"}],"curies":[{"name":"wp","href":"https:\/\/api.w.org\/{rel}","templated":true}]}}