{"id":272,"date":"2009-02-12T23:57:46","date_gmt":"2009-02-12T23:57:46","guid":{"rendered":"http:\/\/blogs.thesocialmedia.com\/leblogmoto\/2009\/02\/12\/quand-ktm-prend\/"},"modified":"2012-07-11T17:04:59","modified_gmt":"2012-07-11T17:04:59","slug":"quand-ktm-prend","status":"publish","type":"post","link":"https:\/\/blogs.thesocialmedia.com\/leblogmoto\/2009\/02\/12\/quand-ktm-prend\/","title":{"rendered":"Quand une 125 de KTM prend de vitesse le monde de la Formule 1."},"content":{"rendered":"<p><a href=\"http:\/\/blogs.thesocialmedia.com\/leblogmoto\/files\/2012\/07\/moto_125_koyama_ktm.jpe\"><img loading=\"lazy\" decoding=\"async\" height=\"312\"  width=\"470\" src=\"http:\/\/www.leblogmoto.com\/images\/2009\/02\/12\/moto_125_koyama_ktm.jpeg\" alt=\"Moto_125_koyama_ktm\" \/><\/a> <\/p>\n<p>Avertissement: il n&rsquo;est pas question ici de <a href=\"http:\/\/www.raptorsandrockets.com\/News\/red_bull_bike_v_car_v_stunt_plane.htm\">duel sur la piste<\/a> \u00e9videmment, mais bien de course \u00e0 l&rsquo;innovation. Le Kinetic Energy Recovery System est un syst\u00e8me \u00e0 r\u00e9cup\u00e9ration d&rsquo;\u00e9nergie cin\u00e9tique (de 60kW) que la FIA a autoris\u00e9 pour la saison actuelle en F1. L&rsquo;Automobile Club de l&rsquo;Ouest r\u00e9fl\u00e9chit \u00e9galement \u00e0 l&rsquo;introduire lors des 24 Heures du mans sur une cat\u00e9gorie de v\u00e9hicule participant \u00e0 la mythique \u00e9preuve d&rsquo;endurance, les LMP1. Dans les grandes lignes, le <a href=\"http:\/\/www.youtube.com\/watch?v=7xvNzrm1Vus\">KERS<\/a> r\u00e9cup\u00e8re de l\u2019\u00e9nergie cin\u00e9tique g\u00e9n\u00e9r\u00e9e lors des freinages, et est mis en oeuvre par le pilote en appuyant sur un bouton. Le comp\u00e9titeur b\u00e9n\u00e9ficie alors pendant quelques secondes d\u2019un surplus de puissance qui est restitu\u00e9, gr\u00e2ce \u00e0 l&rsquo;\u00e9nergie pr\u00e9c\u00e9demment emmagasin\u00e9e*. Au del\u00e0 de cet aspect technique, le Kers est tout un symbole. Concilier l&rsquo;inconciliable: Marier, sur le papier seulement, les consid\u00e9rations &#8211; vell\u00e9it\u00e9s ? &#8211; &quot;\u00e9cologiques&quot; du monde moderne avec la recherche de la puissance des courses&#8230; tout en gardant un moteur \u00e0 explosion. Les apparences sont sauves. Sauf qu&rsquo;entre temps, la montagne semble avoir accouch\u00e9 d&rsquo;une souris, les caprices du KERS le rel\u00e9guant parfois au rang de sous-gadget dangereux.<\/p>\n<p>Au mieux, au r\u00f4le d&rsquo;un casse-t\u00eate insoluble. Alors que de nombreuses \u00e9quipes de F1 se t\u00e2tent quant \u00e0 son utilisation et son int\u00e9r\u00eat r\u00e9el (avec des effets parfois cocasse sur des &quot;t\u00e9chos&quot; rendus <a href=\"http:\/\/www.youtube.com\/watch?v=__DpDTDyc4g\">chatouilleux<\/a>), l&rsquo;\u00e9curie autrichienne a franchi le pas, et sans crier gare. <\/p>\n<p>Harold Bartol, le patron des orange-et-noir, a r\u00e9v\u00e9l\u00e9 que le syst\u00e8me avait \u00e9t\u00e9 subrepticement introduit sur une de ses motos lors du Grand prix de Valencia. Alors, audace, talent, g\u00e9nie cr\u00e9atif, coup de bluff, dopage, triche, exploitation des failles du r\u00e8glement ? L&rsquo;<a href=\"http:\/\/www.autobloggreen.com\/2009\/02\/05\/ktm-used-kers-system-on-125-gp-bike-last-year\/\">article<\/a> en question n&rsquo;y r\u00e9pond pas et ne se pose m\u00eame pas la question. <\/p>\n<p>Contrairement au <a href=\"http:\/\/www.autobloggreen.com\/2009\/02\/05\/ktm-used-kers-system-on-125-gp-bike-last-year\/\">Autoblogreen<\/a> (d&rsquo;o\u00f9 la news est tir\u00e9e) qui semble dubitatif quant \u00e0 l&rsquo;apport de cette solution technique ce jour-l\u00e0, il n&rsquo;est pas interdit de penser que Tommy &quot;Koyamax&quot; Koyama a pu b\u00e9n\u00e9ficier des trois petits chevaux suppl\u00e9mentaires pour d\u00e9crocher une septi\u00e8me place lors du week-end espagnol. Gr\u00e2ce au culot des managers et \u00e0 la ma\u00eetrise technique des ing\u00e9s de chez Katoche.<em><br \/><\/em><\/p>\n<p><em>*\u00e0 la diff\u00e9rence de la F1 qui emploie un rotor, la moto de Koyama utilise une batterie comme syst\u00e8me de &quot;stockage&quot;.<br \/><\/em><\/p>\n","protected":false},"excerpt":{"rendered":"<p>Avertissement: il n&rsquo;est pas question ici de duel sur la piste \u00e9videmment, mais bien de course \u00e0 l&rsquo;innovation. Le Kinetic Energy Recovery System est un syst\u00e8me \u00e0 r\u00e9cup\u00e9ration d&rsquo;\u00e9nergie cin\u00e9tique (de 60kW) que la FIA a autoris\u00e9 pour la saison actuelle en F1. L&rsquo;Automobile Club de l&rsquo;Ouest r\u00e9fl\u00e9chit \u00e9galement \u00e0 l&rsquo;introduire lors des 24 Heures [&hellip;]<\/p>\n","protected":false},"author":324,"featured_media":0,"comment_status":"open","ping_status":"open","sticky":false,"template":"","format":"standard","meta":{"footnotes":""},"categories":[49,30,39,32],"tags":[],"class_list":["post-272","post","type-post","status-publish","format-standard","hentry","category-actualites-entreprise","category-bio-carburantsvehicules-propres","category-ktm","category-sport-moto"],"yoast_head":"<!-- This site is optimized with the Yoast SEO plugin v26.0 - https:\/\/yoast.com\/wordpress\/plugins\/seo\/ -->\n<title>Quand une 125 de KTM prend de vitesse le monde de la Formule 1. - leblogmoto.com<\/title>\n<meta name=\"robots\" content=\"index, follow, max-snippet:-1, max-image-preview:large, max-video-preview:-1\" \/>\n<link rel=\"canonical\" href=\"https:\/\/blogs.thesocialmedia.com\/leblogmoto\/2009\/02\/12\/quand-ktm-prend\/\" \/>\n<meta name=\"twitter:card\" content=\"summary_large_image\" \/>\n<meta name=\"twitter:title\" content=\"Quand une 125 de KTM prend de vitesse le monde de la Formule 1. - leblogmoto.com\" \/>\n<meta name=\"twitter:description\" content=\"Avertissement: il n&rsquo;est pas question ici de duel sur la piste \u00e9videmment, mais bien de course \u00e0 l&rsquo;innovation. Le Kinetic Energy Recovery System est un syst\u00e8me \u00e0 r\u00e9cup\u00e9ration d&rsquo;\u00e9nergie cin\u00e9tique (de 60kW) que la FIA a autoris\u00e9 pour la saison actuelle en F1. L&rsquo;Automobile Club de l&rsquo;Ouest r\u00e9fl\u00e9chit \u00e9galement \u00e0 l&rsquo;introduire lors des 24 Heures [&hellip;]\" \/>\n<meta name=\"twitter:image\" content=\"http:\/\/www.leblogmoto.com\/images\/2009\/02\/12\/moto_125_koyama_ktm.jpeg\" \/>\n<meta name=\"twitter:label1\" content=\"\u00c9crit par\" \/>\n\t<meta name=\"twitter:data1\" content=\"benoit rieu\" \/>\n\t<meta name=\"twitter:label2\" content=\"Dur\u00e9e de lecture estim\u00e9e\" \/>\n\t<meta name=\"twitter:data2\" content=\"2 minutes\" \/>\n<script type=\"application\/ld+json\" class=\"yoast-schema-graph\">{\"@context\":\"https:\/\/schema.org\",\"@graph\":[{\"@type\":\"WebPage\",\"@id\":\"https:\/\/blogs.thesocialmedia.com\/leblogmoto\/2009\/02\/12\/quand-ktm-prend\/\",\"url\":\"https:\/\/blogs.thesocialmedia.com\/leblogmoto\/2009\/02\/12\/quand-ktm-prend\/\",\"name\":\"Quand une 125 de KTM prend de vitesse le monde de la Formule 1. - leblogmoto.com\",\"isPartOf\":{\"@id\":\"https:\/\/blogs.thesocialmedia.com\/leblogmoto\/#website\"},\"primaryImageOfPage\":{\"@id\":\"https:\/\/blogs.thesocialmedia.com\/leblogmoto\/2009\/02\/12\/quand-ktm-prend\/#primaryimage\"},\"image\":{\"@id\":\"https:\/\/blogs.thesocialmedia.com\/leblogmoto\/2009\/02\/12\/quand-ktm-prend\/#primaryimage\"},\"thumbnailUrl\":\"http:\/\/www.leblogmoto.com\/images\/2009\/02\/12\/moto_125_koyama_ktm.jpeg\",\"datePublished\":\"2009-02-12T23:57:46+00:00\",\"dateModified\":\"2012-07-11T17:04:59+00:00\",\"author\":{\"@id\":\"https:\/\/blogs.thesocialmedia.com\/leblogmoto\/#\/schema\/person\/18bfe773e5725ed6d24f743da805362a\"},\"breadcrumb\":{\"@id\":\"https:\/\/blogs.thesocialmedia.com\/leblogmoto\/2009\/02\/12\/quand-ktm-prend\/#breadcrumb\"},\"inLanguage\":\"fr-FR\",\"potentialAction\":[{\"@type\":\"ReadAction\",\"target\":[\"https:\/\/blogs.thesocialmedia.com\/leblogmoto\/2009\/02\/12\/quand-ktm-prend\/\"]}]},{\"@type\":\"ImageObject\",\"inLanguage\":\"fr-FR\",\"@id\":\"https:\/\/blogs.thesocialmedia.com\/leblogmoto\/2009\/02\/12\/quand-ktm-prend\/#primaryimage\",\"url\":\"http:\/\/www.leblogmoto.com\/images\/2009\/02\/12\/moto_125_koyama_ktm.jpeg\",\"contentUrl\":\"http:\/\/www.leblogmoto.com\/images\/2009\/02\/12\/moto_125_koyama_ktm.jpeg\"},{\"@type\":\"BreadcrumbList\",\"@id\":\"https:\/\/blogs.thesocialmedia.com\/leblogmoto\/2009\/02\/12\/quand-ktm-prend\/#breadcrumb\",\"itemListElement\":[{\"@type\":\"ListItem\",\"position\":1,\"name\":\"Accueil\",\"item\":\"https:\/\/blogs.thesocialmedia.com\/leblogmoto\/\"},{\"@type\":\"ListItem\",\"position\":2,\"name\":\"Quand une 125 de KTM prend de vitesse le monde de la Formule 1.\"}]},{\"@type\":\"WebSite\",\"@id\":\"https:\/\/blogs.thesocialmedia.com\/leblogmoto\/#website\",\"url\":\"https:\/\/blogs.thesocialmedia.com\/leblogmoto\/\",\"name\":\"leblogmoto\",\"description\":\"Toute l&#039;actualit\u00e9 des 2 roues\",\"potentialAction\":[{\"@type\":\"SearchAction\",\"target\":{\"@type\":\"EntryPoint\",\"urlTemplate\":\"https:\/\/blogs.thesocialmedia.com\/leblogmoto\/?s={search_term_string}\"},\"query-input\":{\"@type\":\"PropertyValueSpecification\",\"valueRequired\":true,\"valueName\":\"search_term_string\"}}],\"inLanguage\":\"fr-FR\"},{\"@type\":\"Person\",\"@id\":\"https:\/\/blogs.thesocialmedia.com\/leblogmoto\/#\/schema\/person\/18bfe773e5725ed6d24f743da805362a\",\"name\":\"benoit rieu\",\"image\":{\"@type\":\"ImageObject\",\"inLanguage\":\"fr-FR\",\"@id\":\"https:\/\/blogs.thesocialmedia.com\/leblogmoto\/#\/schema\/person\/image\/\",\"url\":\"https:\/\/secure.gravatar.com\/avatar\/?s=96&d=mm&r=g\",\"contentUrl\":\"https:\/\/secure.gravatar.com\/avatar\/?s=96&d=mm&r=g\",\"caption\":\"benoit rieu\"},\"url\":\"https:\/\/blogs.thesocialmedia.com\/leblogmoto\/author\/benoit-rieu\/\"}]}<\/script>\n<!-- \/ Yoast SEO plugin. -->","yoast_head_json":{"title":"Quand une 125 de KTM prend de vitesse le monde de la Formule 1. - leblogmoto.com","robots":{"index":"index","follow":"follow","max-snippet":"max-snippet:-1","max-image-preview":"max-image-preview:large","max-video-preview":"max-video-preview:-1"},"canonical":"https:\/\/blogs.thesocialmedia.com\/leblogmoto\/2009\/02\/12\/quand-ktm-prend\/","twitter_card":"summary_large_image","twitter_title":"Quand une 125 de KTM prend de vitesse le monde de la Formule 1. - leblogmoto.com","twitter_description":"Avertissement: il n&rsquo;est pas question ici de duel sur la piste \u00e9videmment, mais bien de course \u00e0 l&rsquo;innovation. Le Kinetic Energy Recovery System est un syst\u00e8me \u00e0 r\u00e9cup\u00e9ration d&rsquo;\u00e9nergie cin\u00e9tique (de 60kW) que la FIA a autoris\u00e9 pour la saison actuelle en F1. L&rsquo;Automobile Club de l&rsquo;Ouest r\u00e9fl\u00e9chit \u00e9galement \u00e0 l&rsquo;introduire lors des 24 Heures [&hellip;]","twitter_image":"http:\/\/www.leblogmoto.com\/images\/2009\/02\/12\/moto_125_koyama_ktm.jpeg","twitter_misc":{"\u00c9crit par":"benoit rieu","Dur\u00e9e de lecture estim\u00e9e":"2 minutes"},"schema":{"@context":"https:\/\/schema.org","@graph":[{"@type":"WebPage","@id":"https:\/\/blogs.thesocialmedia.com\/leblogmoto\/2009\/02\/12\/quand-ktm-prend\/","url":"https:\/\/blogs.thesocialmedia.com\/leblogmoto\/2009\/02\/12\/quand-ktm-prend\/","name":"Quand une 125 de KTM prend de vitesse le monde de la Formule 1. - leblogmoto.com","isPartOf":{"@id":"https:\/\/blogs.thesocialmedia.com\/leblogmoto\/#website"},"primaryImageOfPage":{"@id":"https:\/\/blogs.thesocialmedia.com\/leblogmoto\/2009\/02\/12\/quand-ktm-prend\/#primaryimage"},"image":{"@id":"https:\/\/blogs.thesocialmedia.com\/leblogmoto\/2009\/02\/12\/quand-ktm-prend\/#primaryimage"},"thumbnailUrl":"http:\/\/www.leblogmoto.com\/images\/2009\/02\/12\/moto_125_koyama_ktm.jpeg","datePublished":"2009-02-12T23:57:46+00:00","dateModified":"2012-07-11T17:04:59+00:00","author":{"@id":"https:\/\/blogs.thesocialmedia.com\/leblogmoto\/#\/schema\/person\/18bfe773e5725ed6d24f743da805362a"},"breadcrumb":{"@id":"https:\/\/blogs.thesocialmedia.com\/leblogmoto\/2009\/02\/12\/quand-ktm-prend\/#breadcrumb"},"inLanguage":"fr-FR","potentialAction":[{"@type":"ReadAction","target":["https:\/\/blogs.thesocialmedia.com\/leblogmoto\/2009\/02\/12\/quand-ktm-prend\/"]}]},{"@type":"ImageObject","inLanguage":"fr-FR","@id":"https:\/\/blogs.thesocialmedia.com\/leblogmoto\/2009\/02\/12\/quand-ktm-prend\/#primaryimage","url":"http:\/\/www.leblogmoto.com\/images\/2009\/02\/12\/moto_125_koyama_ktm.jpeg","contentUrl":"http:\/\/www.leblogmoto.com\/images\/2009\/02\/12\/moto_125_koyama_ktm.jpeg"},{"@type":"BreadcrumbList","@id":"https:\/\/blogs.thesocialmedia.com\/leblogmoto\/2009\/02\/12\/quand-ktm-prend\/#breadcrumb","itemListElement":[{"@type":"ListItem","position":1,"name":"Accueil","item":"https:\/\/blogs.thesocialmedia.com\/leblogmoto\/"},{"@type":"ListItem","position":2,"name":"Quand une 125 de KTM prend de vitesse le monde de la Formule 1."}]},{"@type":"WebSite","@id":"https:\/\/blogs.thesocialmedia.com\/leblogmoto\/#website","url":"https:\/\/blogs.thesocialmedia.com\/leblogmoto\/","name":"leblogmoto","description":"Toute l&#039;actualit\u00e9 des 2 roues","potentialAction":[{"@type":"SearchAction","target":{"@type":"EntryPoint","urlTemplate":"https:\/\/blogs.thesocialmedia.com\/leblogmoto\/?s={search_term_string}"},"query-input":{"@type":"PropertyValueSpecification","valueRequired":true,"valueName":"search_term_string"}}],"inLanguage":"fr-FR"},{"@type":"Person","@id":"https:\/\/blogs.thesocialmedia.com\/leblogmoto\/#\/schema\/person\/18bfe773e5725ed6d24f743da805362a","name":"benoit rieu","image":{"@type":"ImageObject","inLanguage":"fr-FR","@id":"https:\/\/blogs.thesocialmedia.com\/leblogmoto\/#\/schema\/person\/image\/","url":"https:\/\/secure.gravatar.com\/avatar\/?s=96&d=mm&r=g","contentUrl":"https:\/\/secure.gravatar.com\/avatar\/?s=96&d=mm&r=g","caption":"benoit rieu"},"url":"https:\/\/blogs.thesocialmedia.com\/leblogmoto\/author\/benoit-rieu\/"}]}},"_links":{"self":[{"href":"https:\/\/blogs.thesocialmedia.com\/leblogmoto\/wp-json\/wp\/v2\/posts\/272","targetHints":{"allow":["GET"]}}],"collection":[{"href":"https:\/\/blogs.thesocialmedia.com\/leblogmoto\/wp-json\/wp\/v2\/posts"}],"about":[{"href":"https:\/\/blogs.thesocialmedia.com\/leblogmoto\/wp-json\/wp\/v2\/types\/post"}],"author":[{"embeddable":true,"href":"https:\/\/blogs.thesocialmedia.com\/leblogmoto\/wp-json\/wp\/v2\/users\/324"}],"replies":[{"embeddable":true,"href":"https:\/\/blogs.thesocialmedia.com\/leblogmoto\/wp-json\/wp\/v2\/comments?post=272"}],"version-history":[{"count":2,"href":"https:\/\/blogs.thesocialmedia.com\/leblogmoto\/wp-json\/wp\/v2\/posts\/272\/revisions"}],"predecessor-version":[{"id":12745,"href":"https:\/\/blogs.thesocialmedia.com\/leblogmoto\/wp-json\/wp\/v2\/posts\/272\/revisions\/12745"}],"wp:attachment":[{"href":"https:\/\/blogs.thesocialmedia.com\/leblogmoto\/wp-json\/wp\/v2\/media?parent=272"}],"wp:term":[{"taxonomy":"category","embeddable":true,"href":"https:\/\/blogs.thesocialmedia.com\/leblogmoto\/wp-json\/wp\/v2\/categories?post=272"},{"taxonomy":"post_tag","embeddable":true,"href":"https:\/\/blogs.thesocialmedia.com\/leblogmoto\/wp-json\/wp\/v2\/tags?post=272"}],"curies":[{"name":"wp","href":"https:\/\/api.w.org\/{rel}","templated":true}]}}