{"id":275,"date":"2009-02-12T04:36:01","date_gmt":"2009-02-12T04:36:01","guid":{"rendered":"http:\/\/blogs.thesocialmedia.com\/leblogmoto\/2009\/02\/12\/schumi-victime\/"},"modified":"2012-07-11T17:04:49","modified_gmt":"2012-07-11T17:04:49","slug":"schumi-victime","status":"publish","type":"post","link":"https:\/\/blogs.thesocialmedia.com\/leblogmoto\/2009\/02\/12\/schumi-victime\/","title":{"rendered":"Schumi victime d&rsquo;un accident pendant des essais moto en Espagne."},"content":{"rendered":"<p><a href=\"http:\/\/blogs.thesocialmedia.com\/leblogmoto\/files\/2012\/07\/moto_endurance_2008yamahaoschersl_2.jpg\"><img loading=\"lazy\" decoding=\"async\" height=\"313\" alt=\"Moto_endurance_2008yamahaoschersl_2\" src=\"http:\/\/www.leblogmoto.com\/images\/2009\/02\/11\/moto_endurance_2008yamahaoschersl_2.jpg\" width=\"470\"  \/><\/a> <\/p>\n<p>Selon une d\u00e9p\u00eache de Reuters dat\u00e9e d&rsquo;hier soir, le septuple champion du monde de Formule 1 reconverti (avec <a href=\"http:\/\/www.leblogmoto.com\/2008\/03\/premiere-victoi.html\">succ\u00e8s<\/a>) dans les comp\u00e9titions deux-roues, voire en <a href=\"http:\/\/www.leblogmoto.com\/2008\/04\/michael-schumac.html\">pilote essayeur<\/a> et banni\u00e8re <a href=\"http:\/\/www.leblogmoto.com\/2008\/05\/le-casque-race.html\">publicitaire<\/a>, a \u00e9t\u00e9 victime d&rsquo;un accident de moto en d\u00e9but de semaine. La photo qui le repr\u00e9sente ici a d&rsquo;ailleurs \u00e9t\u00e9 prise lors des Huit heures d&rsquo;Oschersleben en Allemagne. Le message laiss\u00e9 sur son <a href=\"www.michael-schumacher.de\">site<\/a> internet clarifie les choses, et constitue plus un communiqu\u00e9 pour couper court \u00e0 toutes rumeurs qu&rsquo;un papier informatif \u00e0 proprement parler: &quot;Aujourd&rsquo;hui, j&rsquo;ai eu un accident lors d&rsquo;essais \u00e0 Cartag\u00e8ne et pour \u00eatre rassur\u00e9, je suis all\u00e9 \u00e0 l&rsquo;h\u00f4pital. Les examens n&rsquo;ont rien d\u00e9cel\u00e9 et je voulais juste dire que je vais bien&quot;. L&rsquo;agence ajoute que selon une porte-parole de Schumacher, le pilote de 40 ans effectuait des essais au sein d&rsquo;un team allemand sur le circuit de Cartag\u00e8ne depuis lundi. M\u00eame si les examens n&rsquo;ont montr\u00e9 aucune fracture, le pilote devait rester hospitalis\u00e9 durant la nuit de mercredi \u00e0 jeudi. Certain(e)s d&rsquo;entre vous doivent se souvenir que Michael Schumacher, malgr\u00e9 ses grandes qualit\u00e9s au guidon, avait chut\u00e9 sur le circuit de Bresse, nous en avions parl\u00e9 en avril 2008. Pour les autres: petit rappel <a href=\"http:\/\/www.leblogmoto.com\/2008\/04\/michael-schum-1.html\">ici<\/a>.<\/p>\n<p><em>cr\u00e9dit photo: Reygondeau.com\/FIM via Yamaha-motor.<\/em><\/p>\n","protected":false},"excerpt":{"rendered":"<p>Selon une d\u00e9p\u00eache de Reuters dat\u00e9e d&rsquo;hier soir, le septuple champion du monde de Formule 1 reconverti (avec succ\u00e8s) dans les comp\u00e9titions deux-roues, voire en pilote essayeur et banni\u00e8re publicitaire, a \u00e9t\u00e9 victime d&rsquo;un accident de moto en d\u00e9but de semaine. La photo qui le repr\u00e9sente ici a d&rsquo;ailleurs \u00e9t\u00e9 prise lors des Huit heures [&hellip;]<\/p>\n","protected":false},"author":324,"featured_media":0,"comment_status":"open","ping_status":"open","sticky":false,"template":"","format":"standard","meta":{"footnotes":""},"categories":[1],"tags":[],"class_list":["post-275","post","type-post","status-publish","format-standard","hentry","category-uncategorized"],"yoast_head":"<!-- This site is optimized with the Yoast SEO plugin v26.0 - https:\/\/yoast.com\/wordpress\/plugins\/seo\/ -->\n<title>Schumi victime d&#039;un accident pendant des essais moto en Espagne. - leblogmoto.com<\/title>\n<meta name=\"robots\" content=\"index, follow, max-snippet:-1, max-image-preview:large, max-video-preview:-1\" \/>\n<link rel=\"canonical\" href=\"https:\/\/blogs.thesocialmedia.com\/leblogmoto\/2009\/02\/12\/schumi-victime\/\" \/>\n<meta name=\"twitter:card\" content=\"summary_large_image\" \/>\n<meta name=\"twitter:title\" content=\"Schumi victime d&#039;un accident pendant des essais moto en Espagne. - leblogmoto.com\" \/>\n<meta name=\"twitter:description\" content=\"Selon une d\u00e9p\u00eache de Reuters dat\u00e9e d&rsquo;hier soir, le septuple champion du monde de Formule 1 reconverti (avec succ\u00e8s) dans les comp\u00e9titions deux-roues, voire en pilote essayeur et banni\u00e8re publicitaire, a \u00e9t\u00e9 victime d&rsquo;un accident de moto en d\u00e9but de semaine. La photo qui le repr\u00e9sente ici a d&rsquo;ailleurs \u00e9t\u00e9 prise lors des Huit heures [&hellip;]\" \/>\n<meta name=\"twitter:image\" content=\"http:\/\/www.leblogmoto.com\/images\/2009\/02\/11\/moto_endurance_2008yamahaoschersl_2.jpg\" \/>\n<meta name=\"twitter:label1\" content=\"\u00c9crit par\" \/>\n\t<meta name=\"twitter:data1\" content=\"benoit rieu\" \/>\n\t<meta name=\"twitter:label2\" content=\"Dur\u00e9e de lecture estim\u00e9e\" \/>\n\t<meta name=\"twitter:data2\" content=\"1 minute\" \/>\n<script type=\"application\/ld+json\" class=\"yoast-schema-graph\">{\"@context\":\"https:\/\/schema.org\",\"@graph\":[{\"@type\":\"WebPage\",\"@id\":\"https:\/\/blogs.thesocialmedia.com\/leblogmoto\/2009\/02\/12\/schumi-victime\/\",\"url\":\"https:\/\/blogs.thesocialmedia.com\/leblogmoto\/2009\/02\/12\/schumi-victime\/\",\"name\":\"Schumi victime d'un accident pendant des essais moto en Espagne. - leblogmoto.com\",\"isPartOf\":{\"@id\":\"https:\/\/blogs.thesocialmedia.com\/leblogmoto\/#website\"},\"primaryImageOfPage\":{\"@id\":\"https:\/\/blogs.thesocialmedia.com\/leblogmoto\/2009\/02\/12\/schumi-victime\/#primaryimage\"},\"image\":{\"@id\":\"https:\/\/blogs.thesocialmedia.com\/leblogmoto\/2009\/02\/12\/schumi-victime\/#primaryimage\"},\"thumbnailUrl\":\"http:\/\/www.leblogmoto.com\/images\/2009\/02\/11\/moto_endurance_2008yamahaoschersl_2.jpg\",\"datePublished\":\"2009-02-12T04:36:01+00:00\",\"dateModified\":\"2012-07-11T17:04:49+00:00\",\"author\":{\"@id\":\"https:\/\/blogs.thesocialmedia.com\/leblogmoto\/#\/schema\/person\/18bfe773e5725ed6d24f743da805362a\"},\"breadcrumb\":{\"@id\":\"https:\/\/blogs.thesocialmedia.com\/leblogmoto\/2009\/02\/12\/schumi-victime\/#breadcrumb\"},\"inLanguage\":\"fr-FR\",\"potentialAction\":[{\"@type\":\"ReadAction\",\"target\":[\"https:\/\/blogs.thesocialmedia.com\/leblogmoto\/2009\/02\/12\/schumi-victime\/\"]}]},{\"@type\":\"ImageObject\",\"inLanguage\":\"fr-FR\",\"@id\":\"https:\/\/blogs.thesocialmedia.com\/leblogmoto\/2009\/02\/12\/schumi-victime\/#primaryimage\",\"url\":\"http:\/\/www.leblogmoto.com\/images\/2009\/02\/11\/moto_endurance_2008yamahaoschersl_2.jpg\",\"contentUrl\":\"http:\/\/www.leblogmoto.com\/images\/2009\/02\/11\/moto_endurance_2008yamahaoschersl_2.jpg\"},{\"@type\":\"BreadcrumbList\",\"@id\":\"https:\/\/blogs.thesocialmedia.com\/leblogmoto\/2009\/02\/12\/schumi-victime\/#breadcrumb\",\"itemListElement\":[{\"@type\":\"ListItem\",\"position\":1,\"name\":\"Accueil\",\"item\":\"https:\/\/blogs.thesocialmedia.com\/leblogmoto\/\"},{\"@type\":\"ListItem\",\"position\":2,\"name\":\"Schumi victime d&rsquo;un accident pendant des essais moto en Espagne.\"}]},{\"@type\":\"WebSite\",\"@id\":\"https:\/\/blogs.thesocialmedia.com\/leblogmoto\/#website\",\"url\":\"https:\/\/blogs.thesocialmedia.com\/leblogmoto\/\",\"name\":\"leblogmoto\",\"description\":\"Toute l&#039;actualit\u00e9 des 2 roues\",\"potentialAction\":[{\"@type\":\"SearchAction\",\"target\":{\"@type\":\"EntryPoint\",\"urlTemplate\":\"https:\/\/blogs.thesocialmedia.com\/leblogmoto\/?s={search_term_string}\"},\"query-input\":{\"@type\":\"PropertyValueSpecification\",\"valueRequired\":true,\"valueName\":\"search_term_string\"}}],\"inLanguage\":\"fr-FR\"},{\"@type\":\"Person\",\"@id\":\"https:\/\/blogs.thesocialmedia.com\/leblogmoto\/#\/schema\/person\/18bfe773e5725ed6d24f743da805362a\",\"name\":\"benoit rieu\",\"image\":{\"@type\":\"ImageObject\",\"inLanguage\":\"fr-FR\",\"@id\":\"https:\/\/blogs.thesocialmedia.com\/leblogmoto\/#\/schema\/person\/image\/\",\"url\":\"https:\/\/secure.gravatar.com\/avatar\/?s=96&d=mm&r=g\",\"contentUrl\":\"https:\/\/secure.gravatar.com\/avatar\/?s=96&d=mm&r=g\",\"caption\":\"benoit rieu\"},\"url\":\"https:\/\/blogs.thesocialmedia.com\/leblogmoto\/author\/benoit-rieu\/\"}]}<\/script>\n<!-- \/ Yoast SEO plugin. -->","yoast_head_json":{"title":"Schumi victime d'un accident pendant des essais moto en Espagne. - leblogmoto.com","robots":{"index":"index","follow":"follow","max-snippet":"max-snippet:-1","max-image-preview":"max-image-preview:large","max-video-preview":"max-video-preview:-1"},"canonical":"https:\/\/blogs.thesocialmedia.com\/leblogmoto\/2009\/02\/12\/schumi-victime\/","twitter_card":"summary_large_image","twitter_title":"Schumi victime d'un accident pendant des essais moto en Espagne. - leblogmoto.com","twitter_description":"Selon une d\u00e9p\u00eache de Reuters dat\u00e9e d&rsquo;hier soir, le septuple champion du monde de Formule 1 reconverti (avec succ\u00e8s) dans les comp\u00e9titions deux-roues, voire en pilote essayeur et banni\u00e8re publicitaire, a \u00e9t\u00e9 victime d&rsquo;un accident de moto en d\u00e9but de semaine. La photo qui le repr\u00e9sente ici a d&rsquo;ailleurs \u00e9t\u00e9 prise lors des Huit heures [&hellip;]","twitter_image":"http:\/\/www.leblogmoto.com\/images\/2009\/02\/11\/moto_endurance_2008yamahaoschersl_2.jpg","twitter_misc":{"\u00c9crit par":"benoit rieu","Dur\u00e9e de lecture estim\u00e9e":"1 minute"},"schema":{"@context":"https:\/\/schema.org","@graph":[{"@type":"WebPage","@id":"https:\/\/blogs.thesocialmedia.com\/leblogmoto\/2009\/02\/12\/schumi-victime\/","url":"https:\/\/blogs.thesocialmedia.com\/leblogmoto\/2009\/02\/12\/schumi-victime\/","name":"Schumi victime d'un accident pendant des essais moto en Espagne. - leblogmoto.com","isPartOf":{"@id":"https:\/\/blogs.thesocialmedia.com\/leblogmoto\/#website"},"primaryImageOfPage":{"@id":"https:\/\/blogs.thesocialmedia.com\/leblogmoto\/2009\/02\/12\/schumi-victime\/#primaryimage"},"image":{"@id":"https:\/\/blogs.thesocialmedia.com\/leblogmoto\/2009\/02\/12\/schumi-victime\/#primaryimage"},"thumbnailUrl":"http:\/\/www.leblogmoto.com\/images\/2009\/02\/11\/moto_endurance_2008yamahaoschersl_2.jpg","datePublished":"2009-02-12T04:36:01+00:00","dateModified":"2012-07-11T17:04:49+00:00","author":{"@id":"https:\/\/blogs.thesocialmedia.com\/leblogmoto\/#\/schema\/person\/18bfe773e5725ed6d24f743da805362a"},"breadcrumb":{"@id":"https:\/\/blogs.thesocialmedia.com\/leblogmoto\/2009\/02\/12\/schumi-victime\/#breadcrumb"},"inLanguage":"fr-FR","potentialAction":[{"@type":"ReadAction","target":["https:\/\/blogs.thesocialmedia.com\/leblogmoto\/2009\/02\/12\/schumi-victime\/"]}]},{"@type":"ImageObject","inLanguage":"fr-FR","@id":"https:\/\/blogs.thesocialmedia.com\/leblogmoto\/2009\/02\/12\/schumi-victime\/#primaryimage","url":"http:\/\/www.leblogmoto.com\/images\/2009\/02\/11\/moto_endurance_2008yamahaoschersl_2.jpg","contentUrl":"http:\/\/www.leblogmoto.com\/images\/2009\/02\/11\/moto_endurance_2008yamahaoschersl_2.jpg"},{"@type":"BreadcrumbList","@id":"https:\/\/blogs.thesocialmedia.com\/leblogmoto\/2009\/02\/12\/schumi-victime\/#breadcrumb","itemListElement":[{"@type":"ListItem","position":1,"name":"Accueil","item":"https:\/\/blogs.thesocialmedia.com\/leblogmoto\/"},{"@type":"ListItem","position":2,"name":"Schumi victime d&rsquo;un accident pendant des essais moto en Espagne."}]},{"@type":"WebSite","@id":"https:\/\/blogs.thesocialmedia.com\/leblogmoto\/#website","url":"https:\/\/blogs.thesocialmedia.com\/leblogmoto\/","name":"leblogmoto","description":"Toute l&#039;actualit\u00e9 des 2 roues","potentialAction":[{"@type":"SearchAction","target":{"@type":"EntryPoint","urlTemplate":"https:\/\/blogs.thesocialmedia.com\/leblogmoto\/?s={search_term_string}"},"query-input":{"@type":"PropertyValueSpecification","valueRequired":true,"valueName":"search_term_string"}}],"inLanguage":"fr-FR"},{"@type":"Person","@id":"https:\/\/blogs.thesocialmedia.com\/leblogmoto\/#\/schema\/person\/18bfe773e5725ed6d24f743da805362a","name":"benoit rieu","image":{"@type":"ImageObject","inLanguage":"fr-FR","@id":"https:\/\/blogs.thesocialmedia.com\/leblogmoto\/#\/schema\/person\/image\/","url":"https:\/\/secure.gravatar.com\/avatar\/?s=96&d=mm&r=g","contentUrl":"https:\/\/secure.gravatar.com\/avatar\/?s=96&d=mm&r=g","caption":"benoit rieu"},"url":"https:\/\/blogs.thesocialmedia.com\/leblogmoto\/author\/benoit-rieu\/"}]}},"_links":{"self":[{"href":"https:\/\/blogs.thesocialmedia.com\/leblogmoto\/wp-json\/wp\/v2\/posts\/275","targetHints":{"allow":["GET"]}}],"collection":[{"href":"https:\/\/blogs.thesocialmedia.com\/leblogmoto\/wp-json\/wp\/v2\/posts"}],"about":[{"href":"https:\/\/blogs.thesocialmedia.com\/leblogmoto\/wp-json\/wp\/v2\/types\/post"}],"author":[{"embeddable":true,"href":"https:\/\/blogs.thesocialmedia.com\/leblogmoto\/wp-json\/wp\/v2\/users\/324"}],"replies":[{"embeddable":true,"href":"https:\/\/blogs.thesocialmedia.com\/leblogmoto\/wp-json\/wp\/v2\/comments?post=275"}],"version-history":[{"count":2,"href":"https:\/\/blogs.thesocialmedia.com\/leblogmoto\/wp-json\/wp\/v2\/posts\/275\/revisions"}],"predecessor-version":[{"id":12738,"href":"https:\/\/blogs.thesocialmedia.com\/leblogmoto\/wp-json\/wp\/v2\/posts\/275\/revisions\/12738"}],"wp:attachment":[{"href":"https:\/\/blogs.thesocialmedia.com\/leblogmoto\/wp-json\/wp\/v2\/media?parent=275"}],"wp:term":[{"taxonomy":"category","embeddable":true,"href":"https:\/\/blogs.thesocialmedia.com\/leblogmoto\/wp-json\/wp\/v2\/categories?post=275"},{"taxonomy":"post_tag","embeddable":true,"href":"https:\/\/blogs.thesocialmedia.com\/leblogmoto\/wp-json\/wp\/v2\/tags?post=275"}],"curies":[{"name":"wp","href":"https:\/\/api.w.org\/{rel}","templated":true}]}}