{"id":276,"date":"2009-02-11T07:57:57","date_gmt":"2009-02-11T07:57:57","guid":{"rendered":"http:\/\/blogs.thesocialmedia.com\/leblogmoto\/2009\/02\/11\/les-nuages-sacc\/"},"modified":"2012-07-11T17:04:47","modified_gmt":"2012-07-11T17:04:47","slug":"les-nuages-sacc","status":"publish","type":"post","link":"https:\/\/blogs.thesocialmedia.com\/leblogmoto\/2009\/02\/11\/les-nuages-sacc\/","title":{"rendered":"Les nuages noirs s&rsquo;amoncellent au-dessus du Balatonring."},"content":{"rendered":"<p><a href=\"http:\/\/blogs.thesocialmedia.com\/leblogmoto\/files\/2012\/07\/motogp_balatonring_hirnezo.jpg\"><img loading=\"lazy\" decoding=\"async\" width=\"470\" height=\"341\" alt=\"Motogp_balatonring_hirnezo\" src=\"http:\/\/www.leblogmoto.com\/images\/2009\/02\/10\/motogp_balatonring_hirnezo.jpg\"  \/><\/a> <\/p>\n<p>Situ\u00e9 pr\u00e8s du lac Balaton en Hongrie, \u00e0 180 km de la capitale Budapest, ce circuit est actuellement en construction pour accueillir l&rsquo;\u00e9preuve de MotoGP le 20 septembre de cette ann\u00e9e. Si l&rsquo;on en croit le calendrier officiel. Car officieusement les perspectives offertes par ce trac\u00e9 aux fans d&rsquo;\u00e9preuves de vitesse sur deux roues sont beaucoup moins r\u00e9jouissantes. Le ministre hongrois des Collectivivt\u00e9s locales, Istvan Gyenesei, accuse l&rsquo;entreprise Sedesa de grave retard: &quot;Le partenaire espagnol pour la construction du circuit n&rsquo;a pas d\u00e9but\u00e9 les travaux pr\u00e9vus pour la tenue de la course&quot;. Une d\u00e9claration qui fait dire \u00e0 <a href=\"http:\/\/www.lequipe.fr\/\">l&rsquo;Equipe<\/a> que ce GP &quot;ne conna\u00eetra pas sa premi\u00e8re \u00e9dition&quot;. Alors que le groupe espagnol pr\u00e9cit\u00e9 avait \u00e9t\u00e9 charg\u00e9 de construire les 4650 m\u00e8tres du circuit, pour 80 millions \u20ac, le ministre du pays h\u00f4te d\u00e9clare \u00eatre &quot;sans nouvelles officielles&quot; de ses partenaires latins. A terme, le circuit sera contr\u00f4l\u00e9 et exploit\u00e9 par la soci\u00e9t\u00e9 hongroise Balatonring Zrt et par les ib\u00e8res de Worldwide Circuit Management (WCM), dont nous publions ici une des images du circuit tel qu&rsquo;il devrait \u00eatre.<\/p>\n","protected":false},"excerpt":{"rendered":"<p>Situ\u00e9 pr\u00e8s du lac Balaton en Hongrie, \u00e0 180 km de la capitale Budapest, ce circuit est actuellement en construction pour accueillir l&rsquo;\u00e9preuve de MotoGP le 20 septembre de cette ann\u00e9e. Si l&rsquo;on en croit le calendrier officiel. Car officieusement les perspectives offertes par ce trac\u00e9 aux fans d&rsquo;\u00e9preuves de vitesse sur deux roues sont [&hellip;]<\/p>\n","protected":false},"author":324,"featured_media":0,"comment_status":"open","ping_status":"open","sticky":false,"template":"","format":"standard","meta":{"footnotes":""},"categories":[3,22],"tags":[],"class_list":["post-276","post","type-post","status-publish","format-standard","hentry","category-actualite","category-motogp"],"yoast_head":"<!-- This site is optimized with the Yoast SEO plugin v26.0 - https:\/\/yoast.com\/wordpress\/plugins\/seo\/ -->\n<title>Les nuages noirs s&#039;amoncellent au-dessus du Balatonring. - leblogmoto.com<\/title>\n<meta name=\"robots\" content=\"index, follow, max-snippet:-1, max-image-preview:large, max-video-preview:-1\" \/>\n<link rel=\"canonical\" href=\"https:\/\/blogs.thesocialmedia.com\/leblogmoto\/2009\/02\/11\/les-nuages-sacc\/\" \/>\n<meta name=\"twitter:card\" content=\"summary_large_image\" \/>\n<meta name=\"twitter:title\" content=\"Les nuages noirs s&#039;amoncellent au-dessus du Balatonring. - leblogmoto.com\" \/>\n<meta name=\"twitter:description\" content=\"Situ\u00e9 pr\u00e8s du lac Balaton en Hongrie, \u00e0 180 km de la capitale Budapest, ce circuit est actuellement en construction pour accueillir l&rsquo;\u00e9preuve de MotoGP le 20 septembre de cette ann\u00e9e. Si l&rsquo;on en croit le calendrier officiel. Car officieusement les perspectives offertes par ce trac\u00e9 aux fans d&rsquo;\u00e9preuves de vitesse sur deux roues sont [&hellip;]\" \/>\n<meta name=\"twitter:image\" content=\"http:\/\/www.leblogmoto.com\/images\/2009\/02\/10\/motogp_balatonring_hirnezo.jpg\" \/>\n<meta name=\"twitter:label1\" content=\"\u00c9crit par\" \/>\n\t<meta name=\"twitter:data1\" content=\"benoit rieu\" \/>\n\t<meta name=\"twitter:label2\" content=\"Dur\u00e9e de lecture estim\u00e9e\" \/>\n\t<meta name=\"twitter:data2\" content=\"1 minute\" \/>\n<script type=\"application\/ld+json\" class=\"yoast-schema-graph\">{\"@context\":\"https:\/\/schema.org\",\"@graph\":[{\"@type\":\"WebPage\",\"@id\":\"https:\/\/blogs.thesocialmedia.com\/leblogmoto\/2009\/02\/11\/les-nuages-sacc\/\",\"url\":\"https:\/\/blogs.thesocialmedia.com\/leblogmoto\/2009\/02\/11\/les-nuages-sacc\/\",\"name\":\"Les nuages noirs s'amoncellent au-dessus du Balatonring. - leblogmoto.com\",\"isPartOf\":{\"@id\":\"https:\/\/blogs.thesocialmedia.com\/leblogmoto\/#website\"},\"primaryImageOfPage\":{\"@id\":\"https:\/\/blogs.thesocialmedia.com\/leblogmoto\/2009\/02\/11\/les-nuages-sacc\/#primaryimage\"},\"image\":{\"@id\":\"https:\/\/blogs.thesocialmedia.com\/leblogmoto\/2009\/02\/11\/les-nuages-sacc\/#primaryimage\"},\"thumbnailUrl\":\"http:\/\/www.leblogmoto.com\/images\/2009\/02\/10\/motogp_balatonring_hirnezo.jpg\",\"datePublished\":\"2009-02-11T07:57:57+00:00\",\"dateModified\":\"2012-07-11T17:04:47+00:00\",\"author\":{\"@id\":\"https:\/\/blogs.thesocialmedia.com\/leblogmoto\/#\/schema\/person\/18bfe773e5725ed6d24f743da805362a\"},\"breadcrumb\":{\"@id\":\"https:\/\/blogs.thesocialmedia.com\/leblogmoto\/2009\/02\/11\/les-nuages-sacc\/#breadcrumb\"},\"inLanguage\":\"fr-FR\",\"potentialAction\":[{\"@type\":\"ReadAction\",\"target\":[\"https:\/\/blogs.thesocialmedia.com\/leblogmoto\/2009\/02\/11\/les-nuages-sacc\/\"]}]},{\"@type\":\"ImageObject\",\"inLanguage\":\"fr-FR\",\"@id\":\"https:\/\/blogs.thesocialmedia.com\/leblogmoto\/2009\/02\/11\/les-nuages-sacc\/#primaryimage\",\"url\":\"http:\/\/www.leblogmoto.com\/images\/2009\/02\/10\/motogp_balatonring_hirnezo.jpg\",\"contentUrl\":\"http:\/\/www.leblogmoto.com\/images\/2009\/02\/10\/motogp_balatonring_hirnezo.jpg\"},{\"@type\":\"BreadcrumbList\",\"@id\":\"https:\/\/blogs.thesocialmedia.com\/leblogmoto\/2009\/02\/11\/les-nuages-sacc\/#breadcrumb\",\"itemListElement\":[{\"@type\":\"ListItem\",\"position\":1,\"name\":\"Accueil\",\"item\":\"https:\/\/blogs.thesocialmedia.com\/leblogmoto\/\"},{\"@type\":\"ListItem\",\"position\":2,\"name\":\"Les nuages noirs s&rsquo;amoncellent au-dessus du Balatonring.\"}]},{\"@type\":\"WebSite\",\"@id\":\"https:\/\/blogs.thesocialmedia.com\/leblogmoto\/#website\",\"url\":\"https:\/\/blogs.thesocialmedia.com\/leblogmoto\/\",\"name\":\"leblogmoto\",\"description\":\"Toute l&#039;actualit\u00e9 des 2 roues\",\"potentialAction\":[{\"@type\":\"SearchAction\",\"target\":{\"@type\":\"EntryPoint\",\"urlTemplate\":\"https:\/\/blogs.thesocialmedia.com\/leblogmoto\/?s={search_term_string}\"},\"query-input\":{\"@type\":\"PropertyValueSpecification\",\"valueRequired\":true,\"valueName\":\"search_term_string\"}}],\"inLanguage\":\"fr-FR\"},{\"@type\":\"Person\",\"@id\":\"https:\/\/blogs.thesocialmedia.com\/leblogmoto\/#\/schema\/person\/18bfe773e5725ed6d24f743da805362a\",\"name\":\"benoit rieu\",\"image\":{\"@type\":\"ImageObject\",\"inLanguage\":\"fr-FR\",\"@id\":\"https:\/\/blogs.thesocialmedia.com\/leblogmoto\/#\/schema\/person\/image\/\",\"url\":\"https:\/\/secure.gravatar.com\/avatar\/?s=96&d=mm&r=g\",\"contentUrl\":\"https:\/\/secure.gravatar.com\/avatar\/?s=96&d=mm&r=g\",\"caption\":\"benoit rieu\"},\"url\":\"https:\/\/blogs.thesocialmedia.com\/leblogmoto\/author\/benoit-rieu\/\"}]}<\/script>\n<!-- \/ Yoast SEO plugin. -->","yoast_head_json":{"title":"Les nuages noirs s'amoncellent au-dessus du Balatonring. - leblogmoto.com","robots":{"index":"index","follow":"follow","max-snippet":"max-snippet:-1","max-image-preview":"max-image-preview:large","max-video-preview":"max-video-preview:-1"},"canonical":"https:\/\/blogs.thesocialmedia.com\/leblogmoto\/2009\/02\/11\/les-nuages-sacc\/","twitter_card":"summary_large_image","twitter_title":"Les nuages noirs s'amoncellent au-dessus du Balatonring. - leblogmoto.com","twitter_description":"Situ\u00e9 pr\u00e8s du lac Balaton en Hongrie, \u00e0 180 km de la capitale Budapest, ce circuit est actuellement en construction pour accueillir l&rsquo;\u00e9preuve de MotoGP le 20 septembre de cette ann\u00e9e. Si l&rsquo;on en croit le calendrier officiel. Car officieusement les perspectives offertes par ce trac\u00e9 aux fans d&rsquo;\u00e9preuves de vitesse sur deux roues sont [&hellip;]","twitter_image":"http:\/\/www.leblogmoto.com\/images\/2009\/02\/10\/motogp_balatonring_hirnezo.jpg","twitter_misc":{"\u00c9crit par":"benoit rieu","Dur\u00e9e de lecture estim\u00e9e":"1 minute"},"schema":{"@context":"https:\/\/schema.org","@graph":[{"@type":"WebPage","@id":"https:\/\/blogs.thesocialmedia.com\/leblogmoto\/2009\/02\/11\/les-nuages-sacc\/","url":"https:\/\/blogs.thesocialmedia.com\/leblogmoto\/2009\/02\/11\/les-nuages-sacc\/","name":"Les nuages noirs s'amoncellent au-dessus du Balatonring. - leblogmoto.com","isPartOf":{"@id":"https:\/\/blogs.thesocialmedia.com\/leblogmoto\/#website"},"primaryImageOfPage":{"@id":"https:\/\/blogs.thesocialmedia.com\/leblogmoto\/2009\/02\/11\/les-nuages-sacc\/#primaryimage"},"image":{"@id":"https:\/\/blogs.thesocialmedia.com\/leblogmoto\/2009\/02\/11\/les-nuages-sacc\/#primaryimage"},"thumbnailUrl":"http:\/\/www.leblogmoto.com\/images\/2009\/02\/10\/motogp_balatonring_hirnezo.jpg","datePublished":"2009-02-11T07:57:57+00:00","dateModified":"2012-07-11T17:04:47+00:00","author":{"@id":"https:\/\/blogs.thesocialmedia.com\/leblogmoto\/#\/schema\/person\/18bfe773e5725ed6d24f743da805362a"},"breadcrumb":{"@id":"https:\/\/blogs.thesocialmedia.com\/leblogmoto\/2009\/02\/11\/les-nuages-sacc\/#breadcrumb"},"inLanguage":"fr-FR","potentialAction":[{"@type":"ReadAction","target":["https:\/\/blogs.thesocialmedia.com\/leblogmoto\/2009\/02\/11\/les-nuages-sacc\/"]}]},{"@type":"ImageObject","inLanguage":"fr-FR","@id":"https:\/\/blogs.thesocialmedia.com\/leblogmoto\/2009\/02\/11\/les-nuages-sacc\/#primaryimage","url":"http:\/\/www.leblogmoto.com\/images\/2009\/02\/10\/motogp_balatonring_hirnezo.jpg","contentUrl":"http:\/\/www.leblogmoto.com\/images\/2009\/02\/10\/motogp_balatonring_hirnezo.jpg"},{"@type":"BreadcrumbList","@id":"https:\/\/blogs.thesocialmedia.com\/leblogmoto\/2009\/02\/11\/les-nuages-sacc\/#breadcrumb","itemListElement":[{"@type":"ListItem","position":1,"name":"Accueil","item":"https:\/\/blogs.thesocialmedia.com\/leblogmoto\/"},{"@type":"ListItem","position":2,"name":"Les nuages noirs s&rsquo;amoncellent au-dessus du Balatonring."}]},{"@type":"WebSite","@id":"https:\/\/blogs.thesocialmedia.com\/leblogmoto\/#website","url":"https:\/\/blogs.thesocialmedia.com\/leblogmoto\/","name":"leblogmoto","description":"Toute l&#039;actualit\u00e9 des 2 roues","potentialAction":[{"@type":"SearchAction","target":{"@type":"EntryPoint","urlTemplate":"https:\/\/blogs.thesocialmedia.com\/leblogmoto\/?s={search_term_string}"},"query-input":{"@type":"PropertyValueSpecification","valueRequired":true,"valueName":"search_term_string"}}],"inLanguage":"fr-FR"},{"@type":"Person","@id":"https:\/\/blogs.thesocialmedia.com\/leblogmoto\/#\/schema\/person\/18bfe773e5725ed6d24f743da805362a","name":"benoit rieu","image":{"@type":"ImageObject","inLanguage":"fr-FR","@id":"https:\/\/blogs.thesocialmedia.com\/leblogmoto\/#\/schema\/person\/image\/","url":"https:\/\/secure.gravatar.com\/avatar\/?s=96&d=mm&r=g","contentUrl":"https:\/\/secure.gravatar.com\/avatar\/?s=96&d=mm&r=g","caption":"benoit rieu"},"url":"https:\/\/blogs.thesocialmedia.com\/leblogmoto\/author\/benoit-rieu\/"}]}},"_links":{"self":[{"href":"https:\/\/blogs.thesocialmedia.com\/leblogmoto\/wp-json\/wp\/v2\/posts\/276","targetHints":{"allow":["GET"]}}],"collection":[{"href":"https:\/\/blogs.thesocialmedia.com\/leblogmoto\/wp-json\/wp\/v2\/posts"}],"about":[{"href":"https:\/\/blogs.thesocialmedia.com\/leblogmoto\/wp-json\/wp\/v2\/types\/post"}],"author":[{"embeddable":true,"href":"https:\/\/blogs.thesocialmedia.com\/leblogmoto\/wp-json\/wp\/v2\/users\/324"}],"replies":[{"embeddable":true,"href":"https:\/\/blogs.thesocialmedia.com\/leblogmoto\/wp-json\/wp\/v2\/comments?post=276"}],"version-history":[{"count":2,"href":"https:\/\/blogs.thesocialmedia.com\/leblogmoto\/wp-json\/wp\/v2\/posts\/276\/revisions"}],"predecessor-version":[{"id":12736,"href":"https:\/\/blogs.thesocialmedia.com\/leblogmoto\/wp-json\/wp\/v2\/posts\/276\/revisions\/12736"}],"wp:attachment":[{"href":"https:\/\/blogs.thesocialmedia.com\/leblogmoto\/wp-json\/wp\/v2\/media?parent=276"}],"wp:term":[{"taxonomy":"category","embeddable":true,"href":"https:\/\/blogs.thesocialmedia.com\/leblogmoto\/wp-json\/wp\/v2\/categories?post=276"},{"taxonomy":"post_tag","embeddable":true,"href":"https:\/\/blogs.thesocialmedia.com\/leblogmoto\/wp-json\/wp\/v2\/tags?post=276"}],"curies":[{"name":"wp","href":"https:\/\/api.w.org\/{rel}","templated":true}]}}