{"id":278,"date":"2009-02-11T07:55:09","date_gmt":"2009-02-11T07:55:09","guid":{"rendered":"http:\/\/blogs.thesocialmedia.com\/leblogmoto\/2009\/02\/11\/ce-sont-deux-fi\/"},"modified":"2012-07-11T17:04:37","modified_gmt":"2012-07-11T17:04:37","slug":"ce-sont-deux-fi","status":"publish","type":"post","link":"https:\/\/blogs.thesocialmedia.com\/leblogmoto\/2009\/02\/11\/ce-sont-deux-fi\/","title":{"rendered":"Ce sont deux films qui essaieront de faire revivre le mythe."},"content":{"rendered":"<p><a href=\"http:\/\/blogs.thesocialmedia.com\/leblogmoto\/files\/2012\/07\/steve_mcqueen.jpg\"><img loading=\"lazy\" decoding=\"async\" height=\"368\"  width=\"470\" alt=\"Steve_mcqueen\" src=\"http:\/\/www.leblogmoto.com\/images\/2009\/02\/10\/steve_mcqueen.jpg\" \/><\/a><\/p>\n<p>J&rsquo;ai d\u00e9cid\u00e9 de reprendre en en-t\u00eate une image qui avait illustr\u00e9 un de mes anciens <a href=\"http:\/\/www.leblogmoto.com\/2008\/01\/les-motos-et-vo.html\">sujets<\/a> sur le King Of Cool. Au cas o\u00f9 un esprit aigri ne d\u00e9barque dans les commentaires de cet article et balance son fiel en faisant mine d&rsquo;ignorer le rapport entre le grand Steve et les motos. Certaines insultes r\u00e9centes (formul\u00e9es par un des v\u00f4tres bien planqu\u00e9 derri\u00e8re un \u00e9cran) m&rsquo;ont rendu pr\u00e9voyant. Bref. Comme vous l&rsquo;avait affirm\u00e9 Jacques dans un pr\u00e9c\u00e9dent <a href=\"http:\/\/www.leblogmoto.com\/2009\/01\/steve-mcqueen-l.html\">article<\/a>, un film sera tir\u00e9 de <em>Portrait of an american rebel<\/em>, une annonce qui avait inspir\u00e9 \u00e0 notre Qu\u00e9b\u00e9cois un <a href=\"http:\/\/www.leblogmoto.com\/2009\/01\/steve-mcqueen-q.html\">casting<\/a> sympathique. Ce projet de la Paramount des producteurs Michael Cerenzie et Christine Peters balaiera l&rsquo;ensemble de la carri\u00e8re du com\u00e9dien de ses d\u00e9buts dans <em>Marqu\u00e9 par la haine<\/em> de Robert Wise en 1956, \u00e0 sa mort, des suites d&rsquo;une ablation d&rsquo;une tumeur, en 1980 au Mexique. Selon le site <a href=\"http:\/\/www.commeaucinema.com\/tournage=deux-films-pour-steve-mcqueen,142340.html\">Comme au cinema<\/a>, ce biopic sans titre officiel, a obtenu l&rsquo;aval de Barbara Minty, sa derni\u00e8re compagne. Mais ce film sera concurrenc\u00e9 par &quot;McQueen&quot;, long m\u00e9trage inspir\u00e9 de <em>My Husband, My Friend<\/em> de Neil McQueen Toffel. Les sc\u00e9naristes Roderick et Bruce Taylor (d\u00e9j\u00e0 co-auteurs du script de &quot;A vif&quot; avec Jodie Foster) s&rsquo;att\u00e8leront \u00e0 l&rsquo;\u00e9criture du sc\u00e9nario, pour une initiative qui a d\u00e9j\u00e0 re\u00e7u le soutien, plus large, des h\u00e9ritiers de Steve. Un film qui selon le site, sera centr\u00e9 sur la relation entre Steve et sa premi\u00e8re \u00e9pouse. Un peu mince pour tenter de comprendre un homme qui d\u00e9clarait ne pas savoir &quot;s&rsquo;il \u00e9tait un acteur qui pilotait, ou un pilote qui jouait.&quot;&nbsp; <\/p>\n","protected":false},"excerpt":{"rendered":"<p>J&rsquo;ai d\u00e9cid\u00e9 de reprendre en en-t\u00eate une image qui avait illustr\u00e9 un de mes anciens sujets sur le King Of Cool. Au cas o\u00f9 un esprit aigri ne d\u00e9barque dans les commentaires de cet article et balance son fiel en faisant mine d&rsquo;ignorer le rapport entre le grand Steve et les motos. Certaines insultes r\u00e9centes [&hellip;]<\/p>\n","protected":false},"author":324,"featured_media":0,"comment_status":"open","ping_status":"open","sticky":false,"template":"","format":"standard","meta":{"footnotes":""},"categories":[3,17],"tags":[],"class_list":["post-278","post","type-post","status-publish","format-standard","hentry","category-actualite","category-divers"],"yoast_head":"<!-- This site is optimized with the Yoast SEO plugin v26.0 - https:\/\/yoast.com\/wordpress\/plugins\/seo\/ -->\n<title>Ce sont deux films qui essaieront de faire revivre le mythe. - leblogmoto.com<\/title>\n<meta name=\"robots\" content=\"index, follow, max-snippet:-1, max-image-preview:large, max-video-preview:-1\" \/>\n<link rel=\"canonical\" href=\"https:\/\/blogs.thesocialmedia.com\/leblogmoto\/2009\/02\/11\/ce-sont-deux-fi\/\" \/>\n<meta name=\"twitter:card\" content=\"summary_large_image\" \/>\n<meta name=\"twitter:title\" content=\"Ce sont deux films qui essaieront de faire revivre le mythe. - leblogmoto.com\" \/>\n<meta name=\"twitter:description\" content=\"J&rsquo;ai d\u00e9cid\u00e9 de reprendre en en-t\u00eate une image qui avait illustr\u00e9 un de mes anciens sujets sur le King Of Cool. Au cas o\u00f9 un esprit aigri ne d\u00e9barque dans les commentaires de cet article et balance son fiel en faisant mine d&rsquo;ignorer le rapport entre le grand Steve et les motos. Certaines insultes r\u00e9centes [&hellip;]\" \/>\n<meta name=\"twitter:image\" content=\"http:\/\/www.leblogmoto.com\/images\/2009\/02\/10\/steve_mcqueen.jpg\" \/>\n<meta name=\"twitter:label1\" content=\"\u00c9crit par\" \/>\n\t<meta name=\"twitter:data1\" content=\"benoit rieu\" \/>\n\t<meta name=\"twitter:label2\" content=\"Dur\u00e9e de lecture estim\u00e9e\" \/>\n\t<meta name=\"twitter:data2\" content=\"1 minute\" \/>\n<script type=\"application\/ld+json\" class=\"yoast-schema-graph\">{\"@context\":\"https:\/\/schema.org\",\"@graph\":[{\"@type\":\"WebPage\",\"@id\":\"https:\/\/blogs.thesocialmedia.com\/leblogmoto\/2009\/02\/11\/ce-sont-deux-fi\/\",\"url\":\"https:\/\/blogs.thesocialmedia.com\/leblogmoto\/2009\/02\/11\/ce-sont-deux-fi\/\",\"name\":\"Ce sont deux films qui essaieront de faire revivre le mythe. - leblogmoto.com\",\"isPartOf\":{\"@id\":\"https:\/\/blogs.thesocialmedia.com\/leblogmoto\/#website\"},\"primaryImageOfPage\":{\"@id\":\"https:\/\/blogs.thesocialmedia.com\/leblogmoto\/2009\/02\/11\/ce-sont-deux-fi\/#primaryimage\"},\"image\":{\"@id\":\"https:\/\/blogs.thesocialmedia.com\/leblogmoto\/2009\/02\/11\/ce-sont-deux-fi\/#primaryimage\"},\"thumbnailUrl\":\"http:\/\/www.leblogmoto.com\/images\/2009\/02\/10\/steve_mcqueen.jpg\",\"datePublished\":\"2009-02-11T07:55:09+00:00\",\"dateModified\":\"2012-07-11T17:04:37+00:00\",\"author\":{\"@id\":\"https:\/\/blogs.thesocialmedia.com\/leblogmoto\/#\/schema\/person\/18bfe773e5725ed6d24f743da805362a\"},\"breadcrumb\":{\"@id\":\"https:\/\/blogs.thesocialmedia.com\/leblogmoto\/2009\/02\/11\/ce-sont-deux-fi\/#breadcrumb\"},\"inLanguage\":\"fr-FR\",\"potentialAction\":[{\"@type\":\"ReadAction\",\"target\":[\"https:\/\/blogs.thesocialmedia.com\/leblogmoto\/2009\/02\/11\/ce-sont-deux-fi\/\"]}]},{\"@type\":\"ImageObject\",\"inLanguage\":\"fr-FR\",\"@id\":\"https:\/\/blogs.thesocialmedia.com\/leblogmoto\/2009\/02\/11\/ce-sont-deux-fi\/#primaryimage\",\"url\":\"http:\/\/www.leblogmoto.com\/images\/2009\/02\/10\/steve_mcqueen.jpg\",\"contentUrl\":\"http:\/\/www.leblogmoto.com\/images\/2009\/02\/10\/steve_mcqueen.jpg\"},{\"@type\":\"BreadcrumbList\",\"@id\":\"https:\/\/blogs.thesocialmedia.com\/leblogmoto\/2009\/02\/11\/ce-sont-deux-fi\/#breadcrumb\",\"itemListElement\":[{\"@type\":\"ListItem\",\"position\":1,\"name\":\"Accueil\",\"item\":\"https:\/\/blogs.thesocialmedia.com\/leblogmoto\/\"},{\"@type\":\"ListItem\",\"position\":2,\"name\":\"Ce sont deux films qui essaieront de faire revivre le mythe.\"}]},{\"@type\":\"WebSite\",\"@id\":\"https:\/\/blogs.thesocialmedia.com\/leblogmoto\/#website\",\"url\":\"https:\/\/blogs.thesocialmedia.com\/leblogmoto\/\",\"name\":\"leblogmoto\",\"description\":\"Toute l&#039;actualit\u00e9 des 2 roues\",\"potentialAction\":[{\"@type\":\"SearchAction\",\"target\":{\"@type\":\"EntryPoint\",\"urlTemplate\":\"https:\/\/blogs.thesocialmedia.com\/leblogmoto\/?s={search_term_string}\"},\"query-input\":{\"@type\":\"PropertyValueSpecification\",\"valueRequired\":true,\"valueName\":\"search_term_string\"}}],\"inLanguage\":\"fr-FR\"},{\"@type\":\"Person\",\"@id\":\"https:\/\/blogs.thesocialmedia.com\/leblogmoto\/#\/schema\/person\/18bfe773e5725ed6d24f743da805362a\",\"name\":\"benoit rieu\",\"image\":{\"@type\":\"ImageObject\",\"inLanguage\":\"fr-FR\",\"@id\":\"https:\/\/blogs.thesocialmedia.com\/leblogmoto\/#\/schema\/person\/image\/\",\"url\":\"https:\/\/secure.gravatar.com\/avatar\/?s=96&d=mm&r=g\",\"contentUrl\":\"https:\/\/secure.gravatar.com\/avatar\/?s=96&d=mm&r=g\",\"caption\":\"benoit rieu\"},\"url\":\"https:\/\/blogs.thesocialmedia.com\/leblogmoto\/author\/benoit-rieu\/\"}]}<\/script>\n<!-- \/ Yoast SEO plugin. -->","yoast_head_json":{"title":"Ce sont deux films qui essaieront de faire revivre le mythe. - leblogmoto.com","robots":{"index":"index","follow":"follow","max-snippet":"max-snippet:-1","max-image-preview":"max-image-preview:large","max-video-preview":"max-video-preview:-1"},"canonical":"https:\/\/blogs.thesocialmedia.com\/leblogmoto\/2009\/02\/11\/ce-sont-deux-fi\/","twitter_card":"summary_large_image","twitter_title":"Ce sont deux films qui essaieront de faire revivre le mythe. - leblogmoto.com","twitter_description":"J&rsquo;ai d\u00e9cid\u00e9 de reprendre en en-t\u00eate une image qui avait illustr\u00e9 un de mes anciens sujets sur le King Of Cool. Au cas o\u00f9 un esprit aigri ne d\u00e9barque dans les commentaires de cet article et balance son fiel en faisant mine d&rsquo;ignorer le rapport entre le grand Steve et les motos. Certaines insultes r\u00e9centes [&hellip;]","twitter_image":"http:\/\/www.leblogmoto.com\/images\/2009\/02\/10\/steve_mcqueen.jpg","twitter_misc":{"\u00c9crit par":"benoit rieu","Dur\u00e9e de lecture estim\u00e9e":"1 minute"},"schema":{"@context":"https:\/\/schema.org","@graph":[{"@type":"WebPage","@id":"https:\/\/blogs.thesocialmedia.com\/leblogmoto\/2009\/02\/11\/ce-sont-deux-fi\/","url":"https:\/\/blogs.thesocialmedia.com\/leblogmoto\/2009\/02\/11\/ce-sont-deux-fi\/","name":"Ce sont deux films qui essaieront de faire revivre le mythe. - leblogmoto.com","isPartOf":{"@id":"https:\/\/blogs.thesocialmedia.com\/leblogmoto\/#website"},"primaryImageOfPage":{"@id":"https:\/\/blogs.thesocialmedia.com\/leblogmoto\/2009\/02\/11\/ce-sont-deux-fi\/#primaryimage"},"image":{"@id":"https:\/\/blogs.thesocialmedia.com\/leblogmoto\/2009\/02\/11\/ce-sont-deux-fi\/#primaryimage"},"thumbnailUrl":"http:\/\/www.leblogmoto.com\/images\/2009\/02\/10\/steve_mcqueen.jpg","datePublished":"2009-02-11T07:55:09+00:00","dateModified":"2012-07-11T17:04:37+00:00","author":{"@id":"https:\/\/blogs.thesocialmedia.com\/leblogmoto\/#\/schema\/person\/18bfe773e5725ed6d24f743da805362a"},"breadcrumb":{"@id":"https:\/\/blogs.thesocialmedia.com\/leblogmoto\/2009\/02\/11\/ce-sont-deux-fi\/#breadcrumb"},"inLanguage":"fr-FR","potentialAction":[{"@type":"ReadAction","target":["https:\/\/blogs.thesocialmedia.com\/leblogmoto\/2009\/02\/11\/ce-sont-deux-fi\/"]}]},{"@type":"ImageObject","inLanguage":"fr-FR","@id":"https:\/\/blogs.thesocialmedia.com\/leblogmoto\/2009\/02\/11\/ce-sont-deux-fi\/#primaryimage","url":"http:\/\/www.leblogmoto.com\/images\/2009\/02\/10\/steve_mcqueen.jpg","contentUrl":"http:\/\/www.leblogmoto.com\/images\/2009\/02\/10\/steve_mcqueen.jpg"},{"@type":"BreadcrumbList","@id":"https:\/\/blogs.thesocialmedia.com\/leblogmoto\/2009\/02\/11\/ce-sont-deux-fi\/#breadcrumb","itemListElement":[{"@type":"ListItem","position":1,"name":"Accueil","item":"https:\/\/blogs.thesocialmedia.com\/leblogmoto\/"},{"@type":"ListItem","position":2,"name":"Ce sont deux films qui essaieront de faire revivre le mythe."}]},{"@type":"WebSite","@id":"https:\/\/blogs.thesocialmedia.com\/leblogmoto\/#website","url":"https:\/\/blogs.thesocialmedia.com\/leblogmoto\/","name":"leblogmoto","description":"Toute l&#039;actualit\u00e9 des 2 roues","potentialAction":[{"@type":"SearchAction","target":{"@type":"EntryPoint","urlTemplate":"https:\/\/blogs.thesocialmedia.com\/leblogmoto\/?s={search_term_string}"},"query-input":{"@type":"PropertyValueSpecification","valueRequired":true,"valueName":"search_term_string"}}],"inLanguage":"fr-FR"},{"@type":"Person","@id":"https:\/\/blogs.thesocialmedia.com\/leblogmoto\/#\/schema\/person\/18bfe773e5725ed6d24f743da805362a","name":"benoit rieu","image":{"@type":"ImageObject","inLanguage":"fr-FR","@id":"https:\/\/blogs.thesocialmedia.com\/leblogmoto\/#\/schema\/person\/image\/","url":"https:\/\/secure.gravatar.com\/avatar\/?s=96&d=mm&r=g","contentUrl":"https:\/\/secure.gravatar.com\/avatar\/?s=96&d=mm&r=g","caption":"benoit rieu"},"url":"https:\/\/blogs.thesocialmedia.com\/leblogmoto\/author\/benoit-rieu\/"}]}},"_links":{"self":[{"href":"https:\/\/blogs.thesocialmedia.com\/leblogmoto\/wp-json\/wp\/v2\/posts\/278","targetHints":{"allow":["GET"]}}],"collection":[{"href":"https:\/\/blogs.thesocialmedia.com\/leblogmoto\/wp-json\/wp\/v2\/posts"}],"about":[{"href":"https:\/\/blogs.thesocialmedia.com\/leblogmoto\/wp-json\/wp\/v2\/types\/post"}],"author":[{"embeddable":true,"href":"https:\/\/blogs.thesocialmedia.com\/leblogmoto\/wp-json\/wp\/v2\/users\/324"}],"replies":[{"embeddable":true,"href":"https:\/\/blogs.thesocialmedia.com\/leblogmoto\/wp-json\/wp\/v2\/comments?post=278"}],"version-history":[{"count":2,"href":"https:\/\/blogs.thesocialmedia.com\/leblogmoto\/wp-json\/wp\/v2\/posts\/278\/revisions"}],"predecessor-version":[{"id":12730,"href":"https:\/\/blogs.thesocialmedia.com\/leblogmoto\/wp-json\/wp\/v2\/posts\/278\/revisions\/12730"}],"wp:attachment":[{"href":"https:\/\/blogs.thesocialmedia.com\/leblogmoto\/wp-json\/wp\/v2\/media?parent=278"}],"wp:term":[{"taxonomy":"category","embeddable":true,"href":"https:\/\/blogs.thesocialmedia.com\/leblogmoto\/wp-json\/wp\/v2\/categories?post=278"},{"taxonomy":"post_tag","embeddable":true,"href":"https:\/\/blogs.thesocialmedia.com\/leblogmoto\/wp-json\/wp\/v2\/tags?post=278"}],"curies":[{"name":"wp","href":"https:\/\/api.w.org\/{rel}","templated":true}]}}