{"id":279,"date":"2009-02-11T05:27:42","date_gmt":"2009-02-11T05:27:42","guid":{"rendered":"http:\/\/blogs.thesocialmedia.com\/leblogmoto\/2009\/02\/11\/christobal-guer\/"},"modified":"2012-07-11T17:04:34","modified_gmt":"2012-07-11T17:04:34","slug":"christobal-guer","status":"publish","type":"post","link":"https:\/\/blogs.thesocialmedia.com\/leblogmoto\/2009\/02\/11\/christobal-guer\/","title":{"rendered":"Cristobal Guerrero transf\u00e9r\u00e9 en avion m\u00e9dicalis\u00e9 vers l&rsquo;Espagne."},"content":{"rendered":"<p><a href=\"http:\/\/blogs.thesocialmedia.com\/leblogmoto\/files\/2012\/07\/cristobal_guerrero.jpg\"><img loading=\"lazy\" decoding=\"async\" height=\"313\"  width=\"470\" alt=\"Cristobal_guerrero\" src=\"http:\/\/www.leblogmoto.com\/images\/2009\/02\/10\/cristobal_guerrero.jpg\" \/><\/a> <\/p>\n<p>Etrange de voir \u00e0 quel point le Dakar semble loin pour les media fran\u00e7ais: impossible de trouver &#8211; \u00e0 ma connaissance (et j&rsquo;ai cherch\u00e9 !) &#8211; des d\u00e9p\u00eaches ou articles pr\u00e9cisant le sort du pilote KTM. Avant de me tourner vers la <a href=\"http:\/\/www.elmundo.es\/elmundodeporte\/2009\/02\/06\/motor\/1233937602.html\">presse espagnole<\/a> donnant la parole \u00e0 son fils, qui porte les m\u00eames nom et pr\u00e9nom que son p\u00e8re d&rsquo;ailleurs. Un rejeton qui conna\u00eet bien les risque inh\u00e9rents \u00e0 la pratique <em>off road<\/em>, puisqu&rsquo;il est champion d&rsquo;Espagne d&rsquo;enduro. Selon lui, Cristobal est <a href=\"http:\/\/www.leblogmoto.com\/2009\/01\/le-dakar-en-amr.html\">sorti de son coma<\/a> et on lui a &quot;retir\u00e9 ses tubes&quot;, sa situation est stable, et l&rsquo;organisation de l&rsquo;\u00e9preuve a affr\u00e9t\u00e9 un avion m\u00e9dicalis\u00e9 qui le rapatriera en Espagne. Si ce n&rsquo;est pas d\u00e9j\u00e0 fait puisque l&rsquo;article date du 6 f\u00e9vrier. Cristobal junior d\u00e9clare qu&rsquo;il ne peut s&rsquo;avancer sur la sant\u00e9 de son paternel, car il n&rsquo;a eu que peu de nouvelles depuis son hospitalisation \u00e0 Santiago du Chili, mais veut \u00eatre optimiste, et esp\u00e8re que son \u00e9tat va aller en s&rsquo;am\u00e9liorant. Au moment de cette interview dat\u00e9e du 6 f\u00e9vrier, le jeune pilote espagnol assistait \u00e0 la finale de la coupe enduro indoor. Une comp\u00e9tition \u00e0 laquelle il ne pouvait s&rsquo;aligner, car il r\u00e9cup\u00e9rait d&rsquo;une fracture au p\u00e9ron\u00e9 qui lui a valu la pose d&rsquo;une plaque et de cinq vis. Gageons que dans son malheur, il a quand m\u00eame su relativiser depuis la grave chute de son p\u00e8re lors de la 10\u00e8me \u00e9tape du <a href=\"http:\/\/www.leblogmoto.com\/2009\/01\/prochaine-desti.html\">Dakar<\/a>. On peut rappeler que la nuit apr\u00e8s son accident, les m\u00e9decins d\u00e9claraient que le pronostic vital du pilote de 48 ans \u00e9tait &quot;tr\u00e8s engag\u00e9&quot;. <\/p>\n<p><em>Cr\u00e9dit photo: photo Reuters, C.Guerrero pris en charge apr\u00e8s sa chute lors de la dixi\u00e8me \u00e9tape de la premi\u00e8re \u00e9dition sud am\u00e9ricaine du rallye-raid.<\/em><\/p>\n<p><em>Via elmundo.es<\/em><\/p>\n","protected":false},"excerpt":{"rendered":"<p>Etrange de voir \u00e0 quel point le Dakar semble loin pour les media fran\u00e7ais: impossible de trouver &#8211; \u00e0 ma connaissance (et j&rsquo;ai cherch\u00e9 !) &#8211; des d\u00e9p\u00eaches ou articles pr\u00e9cisant le sort du pilote KTM. Avant de me tourner vers la presse espagnole donnant la parole \u00e0 son fils, qui porte les m\u00eames nom [&hellip;]<\/p>\n","protected":false},"author":324,"featured_media":0,"comment_status":"open","ping_status":"open","sticky":false,"template":"","format":"standard","meta":{"footnotes":""},"categories":[3,59,39,61],"tags":[],"class_list":["post-279","post","type-post","status-publish","format-standard","hentry","category-actualite","category-dakar","category-ktm","category-rallye-raid"],"yoast_head":"<!-- This site is optimized with the Yoast SEO plugin v26.0 - https:\/\/yoast.com\/wordpress\/plugins\/seo\/ -->\n<title>Cristobal Guerrero transf\u00e9r\u00e9 en avion m\u00e9dicalis\u00e9 vers l&#039;Espagne. - leblogmoto.com<\/title>\n<meta name=\"robots\" content=\"index, follow, max-snippet:-1, max-image-preview:large, max-video-preview:-1\" \/>\n<link rel=\"canonical\" href=\"https:\/\/blogs.thesocialmedia.com\/leblogmoto\/2009\/02\/11\/christobal-guer\/\" \/>\n<meta name=\"twitter:card\" content=\"summary_large_image\" \/>\n<meta name=\"twitter:title\" content=\"Cristobal Guerrero transf\u00e9r\u00e9 en avion m\u00e9dicalis\u00e9 vers l&#039;Espagne. - leblogmoto.com\" \/>\n<meta name=\"twitter:description\" content=\"Etrange de voir \u00e0 quel point le Dakar semble loin pour les media fran\u00e7ais: impossible de trouver &#8211; \u00e0 ma connaissance (et j&rsquo;ai cherch\u00e9 !) &#8211; des d\u00e9p\u00eaches ou articles pr\u00e9cisant le sort du pilote KTM. Avant de me tourner vers la presse espagnole donnant la parole \u00e0 son fils, qui porte les m\u00eames nom [&hellip;]\" \/>\n<meta name=\"twitter:image\" content=\"http:\/\/www.leblogmoto.com\/images\/2009\/02\/10\/cristobal_guerrero.jpg\" \/>\n<meta name=\"twitter:label1\" content=\"\u00c9crit par\" \/>\n\t<meta name=\"twitter:data1\" content=\"benoit rieu\" \/>\n\t<meta name=\"twitter:label2\" content=\"Dur\u00e9e de lecture estim\u00e9e\" \/>\n\t<meta name=\"twitter:data2\" content=\"2 minutes\" \/>\n<script type=\"application\/ld+json\" class=\"yoast-schema-graph\">{\"@context\":\"https:\/\/schema.org\",\"@graph\":[{\"@type\":\"WebPage\",\"@id\":\"https:\/\/blogs.thesocialmedia.com\/leblogmoto\/2009\/02\/11\/christobal-guer\/\",\"url\":\"https:\/\/blogs.thesocialmedia.com\/leblogmoto\/2009\/02\/11\/christobal-guer\/\",\"name\":\"Cristobal Guerrero transf\u00e9r\u00e9 en avion m\u00e9dicalis\u00e9 vers l'Espagne. - leblogmoto.com\",\"isPartOf\":{\"@id\":\"https:\/\/blogs.thesocialmedia.com\/leblogmoto\/#website\"},\"primaryImageOfPage\":{\"@id\":\"https:\/\/blogs.thesocialmedia.com\/leblogmoto\/2009\/02\/11\/christobal-guer\/#primaryimage\"},\"image\":{\"@id\":\"https:\/\/blogs.thesocialmedia.com\/leblogmoto\/2009\/02\/11\/christobal-guer\/#primaryimage\"},\"thumbnailUrl\":\"http:\/\/www.leblogmoto.com\/images\/2009\/02\/10\/cristobal_guerrero.jpg\",\"datePublished\":\"2009-02-11T05:27:42+00:00\",\"dateModified\":\"2012-07-11T17:04:34+00:00\",\"author\":{\"@id\":\"https:\/\/blogs.thesocialmedia.com\/leblogmoto\/#\/schema\/person\/18bfe773e5725ed6d24f743da805362a\"},\"breadcrumb\":{\"@id\":\"https:\/\/blogs.thesocialmedia.com\/leblogmoto\/2009\/02\/11\/christobal-guer\/#breadcrumb\"},\"inLanguage\":\"fr-FR\",\"potentialAction\":[{\"@type\":\"ReadAction\",\"target\":[\"https:\/\/blogs.thesocialmedia.com\/leblogmoto\/2009\/02\/11\/christobal-guer\/\"]}]},{\"@type\":\"ImageObject\",\"inLanguage\":\"fr-FR\",\"@id\":\"https:\/\/blogs.thesocialmedia.com\/leblogmoto\/2009\/02\/11\/christobal-guer\/#primaryimage\",\"url\":\"http:\/\/www.leblogmoto.com\/images\/2009\/02\/10\/cristobal_guerrero.jpg\",\"contentUrl\":\"http:\/\/www.leblogmoto.com\/images\/2009\/02\/10\/cristobal_guerrero.jpg\"},{\"@type\":\"BreadcrumbList\",\"@id\":\"https:\/\/blogs.thesocialmedia.com\/leblogmoto\/2009\/02\/11\/christobal-guer\/#breadcrumb\",\"itemListElement\":[{\"@type\":\"ListItem\",\"position\":1,\"name\":\"Accueil\",\"item\":\"https:\/\/blogs.thesocialmedia.com\/leblogmoto\/\"},{\"@type\":\"ListItem\",\"position\":2,\"name\":\"Cristobal Guerrero transf\u00e9r\u00e9 en avion m\u00e9dicalis\u00e9 vers l&rsquo;Espagne.\"}]},{\"@type\":\"WebSite\",\"@id\":\"https:\/\/blogs.thesocialmedia.com\/leblogmoto\/#website\",\"url\":\"https:\/\/blogs.thesocialmedia.com\/leblogmoto\/\",\"name\":\"leblogmoto\",\"description\":\"Toute l&#039;actualit\u00e9 des 2 roues\",\"potentialAction\":[{\"@type\":\"SearchAction\",\"target\":{\"@type\":\"EntryPoint\",\"urlTemplate\":\"https:\/\/blogs.thesocialmedia.com\/leblogmoto\/?s={search_term_string}\"},\"query-input\":{\"@type\":\"PropertyValueSpecification\",\"valueRequired\":true,\"valueName\":\"search_term_string\"}}],\"inLanguage\":\"fr-FR\"},{\"@type\":\"Person\",\"@id\":\"https:\/\/blogs.thesocialmedia.com\/leblogmoto\/#\/schema\/person\/18bfe773e5725ed6d24f743da805362a\",\"name\":\"benoit rieu\",\"image\":{\"@type\":\"ImageObject\",\"inLanguage\":\"fr-FR\",\"@id\":\"https:\/\/blogs.thesocialmedia.com\/leblogmoto\/#\/schema\/person\/image\/\",\"url\":\"https:\/\/secure.gravatar.com\/avatar\/?s=96&d=mm&r=g\",\"contentUrl\":\"https:\/\/secure.gravatar.com\/avatar\/?s=96&d=mm&r=g\",\"caption\":\"benoit rieu\"},\"url\":\"https:\/\/blogs.thesocialmedia.com\/leblogmoto\/author\/benoit-rieu\/\"}]}<\/script>\n<!-- \/ Yoast SEO plugin. -->","yoast_head_json":{"title":"Cristobal Guerrero transf\u00e9r\u00e9 en avion m\u00e9dicalis\u00e9 vers l'Espagne. - leblogmoto.com","robots":{"index":"index","follow":"follow","max-snippet":"max-snippet:-1","max-image-preview":"max-image-preview:large","max-video-preview":"max-video-preview:-1"},"canonical":"https:\/\/blogs.thesocialmedia.com\/leblogmoto\/2009\/02\/11\/christobal-guer\/","twitter_card":"summary_large_image","twitter_title":"Cristobal Guerrero transf\u00e9r\u00e9 en avion m\u00e9dicalis\u00e9 vers l'Espagne. - leblogmoto.com","twitter_description":"Etrange de voir \u00e0 quel point le Dakar semble loin pour les media fran\u00e7ais: impossible de trouver &#8211; \u00e0 ma connaissance (et j&rsquo;ai cherch\u00e9 !) &#8211; des d\u00e9p\u00eaches ou articles pr\u00e9cisant le sort du pilote KTM. Avant de me tourner vers la presse espagnole donnant la parole \u00e0 son fils, qui porte les m\u00eames nom [&hellip;]","twitter_image":"http:\/\/www.leblogmoto.com\/images\/2009\/02\/10\/cristobal_guerrero.jpg","twitter_misc":{"\u00c9crit par":"benoit rieu","Dur\u00e9e de lecture estim\u00e9e":"2 minutes"},"schema":{"@context":"https:\/\/schema.org","@graph":[{"@type":"WebPage","@id":"https:\/\/blogs.thesocialmedia.com\/leblogmoto\/2009\/02\/11\/christobal-guer\/","url":"https:\/\/blogs.thesocialmedia.com\/leblogmoto\/2009\/02\/11\/christobal-guer\/","name":"Cristobal Guerrero transf\u00e9r\u00e9 en avion m\u00e9dicalis\u00e9 vers l'Espagne. - leblogmoto.com","isPartOf":{"@id":"https:\/\/blogs.thesocialmedia.com\/leblogmoto\/#website"},"primaryImageOfPage":{"@id":"https:\/\/blogs.thesocialmedia.com\/leblogmoto\/2009\/02\/11\/christobal-guer\/#primaryimage"},"image":{"@id":"https:\/\/blogs.thesocialmedia.com\/leblogmoto\/2009\/02\/11\/christobal-guer\/#primaryimage"},"thumbnailUrl":"http:\/\/www.leblogmoto.com\/images\/2009\/02\/10\/cristobal_guerrero.jpg","datePublished":"2009-02-11T05:27:42+00:00","dateModified":"2012-07-11T17:04:34+00:00","author":{"@id":"https:\/\/blogs.thesocialmedia.com\/leblogmoto\/#\/schema\/person\/18bfe773e5725ed6d24f743da805362a"},"breadcrumb":{"@id":"https:\/\/blogs.thesocialmedia.com\/leblogmoto\/2009\/02\/11\/christobal-guer\/#breadcrumb"},"inLanguage":"fr-FR","potentialAction":[{"@type":"ReadAction","target":["https:\/\/blogs.thesocialmedia.com\/leblogmoto\/2009\/02\/11\/christobal-guer\/"]}]},{"@type":"ImageObject","inLanguage":"fr-FR","@id":"https:\/\/blogs.thesocialmedia.com\/leblogmoto\/2009\/02\/11\/christobal-guer\/#primaryimage","url":"http:\/\/www.leblogmoto.com\/images\/2009\/02\/10\/cristobal_guerrero.jpg","contentUrl":"http:\/\/www.leblogmoto.com\/images\/2009\/02\/10\/cristobal_guerrero.jpg"},{"@type":"BreadcrumbList","@id":"https:\/\/blogs.thesocialmedia.com\/leblogmoto\/2009\/02\/11\/christobal-guer\/#breadcrumb","itemListElement":[{"@type":"ListItem","position":1,"name":"Accueil","item":"https:\/\/blogs.thesocialmedia.com\/leblogmoto\/"},{"@type":"ListItem","position":2,"name":"Cristobal Guerrero transf\u00e9r\u00e9 en avion m\u00e9dicalis\u00e9 vers l&rsquo;Espagne."}]},{"@type":"WebSite","@id":"https:\/\/blogs.thesocialmedia.com\/leblogmoto\/#website","url":"https:\/\/blogs.thesocialmedia.com\/leblogmoto\/","name":"leblogmoto","description":"Toute l&#039;actualit\u00e9 des 2 roues","potentialAction":[{"@type":"SearchAction","target":{"@type":"EntryPoint","urlTemplate":"https:\/\/blogs.thesocialmedia.com\/leblogmoto\/?s={search_term_string}"},"query-input":{"@type":"PropertyValueSpecification","valueRequired":true,"valueName":"search_term_string"}}],"inLanguage":"fr-FR"},{"@type":"Person","@id":"https:\/\/blogs.thesocialmedia.com\/leblogmoto\/#\/schema\/person\/18bfe773e5725ed6d24f743da805362a","name":"benoit rieu","image":{"@type":"ImageObject","inLanguage":"fr-FR","@id":"https:\/\/blogs.thesocialmedia.com\/leblogmoto\/#\/schema\/person\/image\/","url":"https:\/\/secure.gravatar.com\/avatar\/?s=96&d=mm&r=g","contentUrl":"https:\/\/secure.gravatar.com\/avatar\/?s=96&d=mm&r=g","caption":"benoit rieu"},"url":"https:\/\/blogs.thesocialmedia.com\/leblogmoto\/author\/benoit-rieu\/"}]}},"_links":{"self":[{"href":"https:\/\/blogs.thesocialmedia.com\/leblogmoto\/wp-json\/wp\/v2\/posts\/279","targetHints":{"allow":["GET"]}}],"collection":[{"href":"https:\/\/blogs.thesocialmedia.com\/leblogmoto\/wp-json\/wp\/v2\/posts"}],"about":[{"href":"https:\/\/blogs.thesocialmedia.com\/leblogmoto\/wp-json\/wp\/v2\/types\/post"}],"author":[{"embeddable":true,"href":"https:\/\/blogs.thesocialmedia.com\/leblogmoto\/wp-json\/wp\/v2\/users\/324"}],"replies":[{"embeddable":true,"href":"https:\/\/blogs.thesocialmedia.com\/leblogmoto\/wp-json\/wp\/v2\/comments?post=279"}],"version-history":[{"count":2,"href":"https:\/\/blogs.thesocialmedia.com\/leblogmoto\/wp-json\/wp\/v2\/posts\/279\/revisions"}],"predecessor-version":[{"id":12728,"href":"https:\/\/blogs.thesocialmedia.com\/leblogmoto\/wp-json\/wp\/v2\/posts\/279\/revisions\/12728"}],"wp:attachment":[{"href":"https:\/\/blogs.thesocialmedia.com\/leblogmoto\/wp-json\/wp\/v2\/media?parent=279"}],"wp:term":[{"taxonomy":"category","embeddable":true,"href":"https:\/\/blogs.thesocialmedia.com\/leblogmoto\/wp-json\/wp\/v2\/categories?post=279"},{"taxonomy":"post_tag","embeddable":true,"href":"https:\/\/blogs.thesocialmedia.com\/leblogmoto\/wp-json\/wp\/v2\/tags?post=279"}],"curies":[{"name":"wp","href":"https:\/\/api.w.org\/{rel}","templated":true}]}}