{"id":280,"date":"2009-02-11T03:09:31","date_gmt":"2009-02-11T03:09:31","guid":{"rendered":"http:\/\/blogs.thesocialmedia.com\/leblogmoto\/2009\/02\/11\/world-superbike\/"},"modified":"2012-07-11T17:04:32","modified_gmt":"2012-07-11T17:04:32","slug":"world-superbike","status":"publish","type":"post","link":"https:\/\/blogs.thesocialmedia.com\/leblogmoto\/2009\/02\/11\/world-superbike\/","title":{"rendered":"World Superbike 2009, qui sera chef de meute?"},"content":{"rendered":"<p><a href=\"http:\/\/blogs.thesocialmedia.com\/leblogmoto\/files\/2012\/07\/2009.jpg\"><img loading=\"lazy\" decoding=\"async\" width=\"470\" height=\"313\"  src=\"http:\/\/www.leblogmoto.com\/images\/2009\/02\/10\/2009.jpg\" alt=\"2009\" \/><\/a> <br \/>Photos <a href=\"http:\/\/flickr.com\/photos\/frenariedicobardi\/sets\/\">Pablo Guti\u00e9rrez<\/a><\/p>\n<p>La saison de course s\u2019amorcera bient\u00f4t avec le WSBK en Australie dans 2 semaines.<br \/>Esp\u00e9rons que la nature se sera calm\u00e9e apr\u00e8s des semaines de canicules, feux de brousse an\u00e9antissant des villages entiers, et des inondations, et que les Australiens voudront avoir le c\u0153ur \u00e0 la f\u00eate.<br \/>Parce que pour une f\u00eate, \u00e7a devrait en \u00eatre une. Le WSBK \u00e9dition 2009 s\u2019annonce comme la s\u00e9rie la plus relev\u00e9e, autant c\u00f4t\u00e9 machines que pilotes. Le seul regret que l\u2019on puisse exprimer est l\u2019absence de <a href=\"http:\/\/fr.wikipedia.org\/wiki\/Troy_Bayliss\">Troy Bayliss<\/a>, mais son retrait permettra sans doute \u00e0 certains jeunes loups de se faire les dents et esp\u00e9rer devenir le nouveau chef de meute.<\/p>\n<p>Parlant de jeunes loups, des \u00e9curies de pointe en alignent, dont Ducati Xerox avec <a href=\"http:\/\/www.michelfabrizio.net\/\">Michel Fabrizio<\/a> qui voit l\u2019ann\u00e9e 2009 comme une chance unique de s\u2019imposer. Malheureusement pour lui, son co\u00e9quipier n\u2019est nul autre que <a href=\"http:\/\/en.wikipedia.org\/wiki\/Noriyuki_Haga\">Noriyuki Haga<\/a>, qui ne voudra pas s\u2019en laisser imposer. Haga est sans aucun doute le plus s\u00e9rieux pr\u00e9tendant au titre, surtout que les autres pointures, Corser et Biaggi vont devoir se contenter de s\u2019amuser en milieu de peloton aux guidons de leurs nouvelles BMW et Aprilia.<\/p>\n<p>Autre jeune loup \u00e0 surveiller est l\u2019am\u00e9ricain <a href=\"http:\/\/www.benspies.com\/\">Ben Spies<\/a> chez Yanaha World Superbike. Nouveau venu, non seulement dans la s\u00e9rie, mais sur le continent, il devra composer avec l\u2019apprentissage des circuits et des mentalit\u00e9s. On pourra tout de m\u00eame compter sur un rythme d\u2019enfer de la part du triple champion en AMA Superbike. Et si ses prestations lors des essais pr\u00e9 saison sont garants de ce qu\u2019il nous r\u00e9serve lors des diff\u00e9rentes manches, il sera, \u00e0 n\u2019en pas douter, l\u2019un des pr\u00e9tendants au titre.<br \/>Il peut para\u00eetre pr\u00e9somptueux de si bien placer Spies dans la course au titre, alors qu\u2019il n\u2019a pas encore disput\u00e9 une seule manche en WSBK, mais si Bayliss l\u2019y voit au c\u00f4t\u00e9 de Haga, qui sommes-nous pour en contester les conclusions?<\/p>\n<p>Chez les ind\u00e9pendants, <a href=\"http:\/\/www.shakey.com\/\">Shane Byrne<\/a> sur sa Ducati 1098RS a tr\u00e8s bien fait lors des derniers essais fin janvier au Portugal, malgr\u00e9 ou peut \u00eatre gr\u00e2ce, \u00e0 une m\u00e9t\u00e9o capricieuse, mais cela confirme la belle forme des Ducati.<\/p>\n<p>Vivement le mois de mars, et heureusement pour nous, nous ne sommes pas dans une ann\u00e9e bissextile.<\/p>\n<p><a href=\"http:\/\/clabedan.typepad.com\/.shared\/image.html?\/photos\/uncategorized\/2009\/02\/10\/corser.jpg\"><img loading=\"lazy\" decoding=\"async\" width=\"470\" height=\"313\"  src=\"http:\/\/www.leblogmoto.com\/images\/2009\/02\/10\/corser.jpg\" alt=\"Corser\" \/><\/a> <br \/>Troy Corser &#8211; BMW Motorrad Team Alpha Racing<\/p>\n<p><a href=\"http:\/\/blogs.thesocialmedia.com\/leblogmoto\/files\/2012\/07\/spies5.jpg\"><img loading=\"lazy\" decoding=\"async\" width=\"470\" height=\"313\"  src=\"http:\/\/www.leblogmoto.com\/images\/2009\/02\/10\/spies.jpg\" alt=\"Spies\" \/><\/a> <br \/>Ben Spies &#8211; Yamaha World Superbike<\/p>\n<p><a href=\"http:\/\/blogs.thesocialmedia.com\/leblogmoto\/files\/2012\/07\/byrne.jpg\"><img loading=\"lazy\" decoding=\"async\" width=\"470\" height=\"312\"  src=\"http:\/\/www.leblogmoto.com\/images\/2009\/02\/10\/byrne.jpg\" alt=\"Byrne\" \/><\/a> <br \/>Shane Byrne &#8211; Ducati 1098R Sterilgarda<\/p>\n<p><a href=\"http:\/\/blogs.thesocialmedia.com\/leblogmoto\/files\/2012\/07\/biaggi1.jpg\"><img loading=\"lazy\" decoding=\"async\" width=\"470\" height=\"313\"  src=\"http:\/\/www.leblogmoto.com\/images\/2009\/02\/10\/biaggi.jpg\" alt=\"Biaggi\" \/><\/a> <br \/>Max Biaggi &#8211; Aprilia Racing<\/p>\n<p><a href=\"http:\/\/blogs.thesocialmedia.com\/leblogmoto\/files\/2012\/07\/fabrizio.jpg\"><img loading=\"lazy\" decoding=\"async\" width=\"470\" height=\"313\"  src=\"http:\/\/www.leblogmoto.com\/images\/2009\/02\/10\/fabrizio.jpg\" alt=\"Fabrizio\" \/><\/a> <br \/>Michel Fabrizio &#8211; Ducati Xerox Team<\/p>\n<p><a href=\"http:\/\/blogs.thesocialmedia.com\/leblogmoto\/files\/2012\/07\/haga.jpg\"><img loading=\"lazy\" decoding=\"async\" width=\"470\" height=\"313\"  src=\"http:\/\/www.leblogmoto.com\/images\/2009\/02\/10\/haga.jpg\" alt=\"Haga\" \/><\/a> <br \/>Noriyuki Haga &#8211; Ducati Xerox Team<\/p>\n","protected":false},"excerpt":{"rendered":"<p>Photos Pablo Guti\u00e9rrez La saison de course s\u2019amorcera bient\u00f4t avec le WSBK en Australie dans 2 semaines.Esp\u00e9rons que la nature se sera calm\u00e9e apr\u00e8s des semaines de canicules, feux de brousse an\u00e9antissant des villages entiers, et des inondations, et que les Australiens voudront avoir le c\u0153ur \u00e0 la f\u00eate.Parce que pour une f\u00eate, \u00e7a devrait [&hellip;]<\/p>\n","protected":false},"author":325,"featured_media":0,"comment_status":"open","ping_status":"open","sticky":false,"template":"","format":"standard","meta":{"footnotes":""},"categories":[31,7,41,43,44],"tags":[],"class_list":["post-280","post","type-post","status-publish","format-standard","hentry","category-aprilia","category-bmw","category-ducati","category-wsbk","category-yamaha"],"yoast_head":"<!-- This site is optimized with the Yoast SEO plugin v26.0 - https:\/\/yoast.com\/wordpress\/plugins\/seo\/ -->\n<title>World Superbike 2009, qui sera chef de meute? - leblogmoto.com<\/title>\n<meta name=\"robots\" content=\"index, follow, max-snippet:-1, max-image-preview:large, max-video-preview:-1\" \/>\n<link rel=\"canonical\" href=\"https:\/\/blogs.thesocialmedia.com\/leblogmoto\/2009\/02\/11\/world-superbike\/\" \/>\n<meta name=\"twitter:card\" content=\"summary_large_image\" \/>\n<meta name=\"twitter:title\" content=\"World Superbike 2009, qui sera chef de meute? - leblogmoto.com\" \/>\n<meta name=\"twitter:description\" content=\"Photos Pablo Guti\u00e9rrez La saison de course s\u2019amorcera bient\u00f4t avec le WSBK en Australie dans 2 semaines.Esp\u00e9rons que la nature se sera calm\u00e9e apr\u00e8s des semaines de canicules, feux de brousse an\u00e9antissant des villages entiers, et des inondations, et que les Australiens voudront avoir le c\u0153ur \u00e0 la f\u00eate.Parce que pour une f\u00eate, \u00e7a devrait [&hellip;]\" \/>\n<meta name=\"twitter:image\" content=\"http:\/\/www.leblogmoto.com\/images\/2009\/02\/10\/2009.jpg\" \/>\n<meta name=\"twitter:label1\" content=\"\u00c9crit par\" \/>\n\t<meta name=\"twitter:data1\" content=\"jacques lesage\" \/>\n\t<meta name=\"twitter:label2\" content=\"Dur\u00e9e de lecture estim\u00e9e\" \/>\n\t<meta name=\"twitter:data2\" content=\"2 minutes\" \/>\n<script type=\"application\/ld+json\" class=\"yoast-schema-graph\">{\"@context\":\"https:\/\/schema.org\",\"@graph\":[{\"@type\":\"WebPage\",\"@id\":\"https:\/\/blogs.thesocialmedia.com\/leblogmoto\/2009\/02\/11\/world-superbike\/\",\"url\":\"https:\/\/blogs.thesocialmedia.com\/leblogmoto\/2009\/02\/11\/world-superbike\/\",\"name\":\"World Superbike 2009, qui sera chef de meute? - leblogmoto.com\",\"isPartOf\":{\"@id\":\"https:\/\/blogs.thesocialmedia.com\/leblogmoto\/#website\"},\"primaryImageOfPage\":{\"@id\":\"https:\/\/blogs.thesocialmedia.com\/leblogmoto\/2009\/02\/11\/world-superbike\/#primaryimage\"},\"image\":{\"@id\":\"https:\/\/blogs.thesocialmedia.com\/leblogmoto\/2009\/02\/11\/world-superbike\/#primaryimage\"},\"thumbnailUrl\":\"http:\/\/www.leblogmoto.com\/images\/2009\/02\/10\/2009.jpg\",\"datePublished\":\"2009-02-11T03:09:31+00:00\",\"dateModified\":\"2012-07-11T17:04:32+00:00\",\"author\":{\"@id\":\"https:\/\/blogs.thesocialmedia.com\/leblogmoto\/#\/schema\/person\/e82a0ca8a9a63d031586097a3ed58526\"},\"breadcrumb\":{\"@id\":\"https:\/\/blogs.thesocialmedia.com\/leblogmoto\/2009\/02\/11\/world-superbike\/#breadcrumb\"},\"inLanguage\":\"fr-FR\",\"potentialAction\":[{\"@type\":\"ReadAction\",\"target\":[\"https:\/\/blogs.thesocialmedia.com\/leblogmoto\/2009\/02\/11\/world-superbike\/\"]}]},{\"@type\":\"ImageObject\",\"inLanguage\":\"fr-FR\",\"@id\":\"https:\/\/blogs.thesocialmedia.com\/leblogmoto\/2009\/02\/11\/world-superbike\/#primaryimage\",\"url\":\"http:\/\/www.leblogmoto.com\/images\/2009\/02\/10\/2009.jpg\",\"contentUrl\":\"http:\/\/www.leblogmoto.com\/images\/2009\/02\/10\/2009.jpg\"},{\"@type\":\"BreadcrumbList\",\"@id\":\"https:\/\/blogs.thesocialmedia.com\/leblogmoto\/2009\/02\/11\/world-superbike\/#breadcrumb\",\"itemListElement\":[{\"@type\":\"ListItem\",\"position\":1,\"name\":\"Accueil\",\"item\":\"https:\/\/blogs.thesocialmedia.com\/leblogmoto\/\"},{\"@type\":\"ListItem\",\"position\":2,\"name\":\"World Superbike 2009, qui sera chef de meute?\"}]},{\"@type\":\"WebSite\",\"@id\":\"https:\/\/blogs.thesocialmedia.com\/leblogmoto\/#website\",\"url\":\"https:\/\/blogs.thesocialmedia.com\/leblogmoto\/\",\"name\":\"leblogmoto\",\"description\":\"Toute l&#039;actualit\u00e9 des 2 roues\",\"potentialAction\":[{\"@type\":\"SearchAction\",\"target\":{\"@type\":\"EntryPoint\",\"urlTemplate\":\"https:\/\/blogs.thesocialmedia.com\/leblogmoto\/?s={search_term_string}\"},\"query-input\":{\"@type\":\"PropertyValueSpecification\",\"valueRequired\":true,\"valueName\":\"search_term_string\"}}],\"inLanguage\":\"fr-FR\"},{\"@type\":\"Person\",\"@id\":\"https:\/\/blogs.thesocialmedia.com\/leblogmoto\/#\/schema\/person\/e82a0ca8a9a63d031586097a3ed58526\",\"name\":\"jacques lesage\",\"image\":{\"@type\":\"ImageObject\",\"inLanguage\":\"fr-FR\",\"@id\":\"https:\/\/blogs.thesocialmedia.com\/leblogmoto\/#\/schema\/person\/image\/\",\"url\":\"https:\/\/secure.gravatar.com\/avatar\/?s=96&d=mm&r=g\",\"contentUrl\":\"https:\/\/secure.gravatar.com\/avatar\/?s=96&d=mm&r=g\",\"caption\":\"jacques lesage\"},\"url\":\"https:\/\/blogs.thesocialmedia.com\/leblogmoto\/author\/jacques-lesage\/\"}]}<\/script>\n<!-- \/ Yoast SEO plugin. -->","yoast_head_json":{"title":"World Superbike 2009, qui sera chef de meute? - leblogmoto.com","robots":{"index":"index","follow":"follow","max-snippet":"max-snippet:-1","max-image-preview":"max-image-preview:large","max-video-preview":"max-video-preview:-1"},"canonical":"https:\/\/blogs.thesocialmedia.com\/leblogmoto\/2009\/02\/11\/world-superbike\/","twitter_card":"summary_large_image","twitter_title":"World Superbike 2009, qui sera chef de meute? - leblogmoto.com","twitter_description":"Photos Pablo Guti\u00e9rrez La saison de course s\u2019amorcera bient\u00f4t avec le WSBK en Australie dans 2 semaines.Esp\u00e9rons que la nature se sera calm\u00e9e apr\u00e8s des semaines de canicules, feux de brousse an\u00e9antissant des villages entiers, et des inondations, et que les Australiens voudront avoir le c\u0153ur \u00e0 la f\u00eate.Parce que pour une f\u00eate, \u00e7a devrait [&hellip;]","twitter_image":"http:\/\/www.leblogmoto.com\/images\/2009\/02\/10\/2009.jpg","twitter_misc":{"\u00c9crit par":"jacques lesage","Dur\u00e9e de lecture estim\u00e9e":"2 minutes"},"schema":{"@context":"https:\/\/schema.org","@graph":[{"@type":"WebPage","@id":"https:\/\/blogs.thesocialmedia.com\/leblogmoto\/2009\/02\/11\/world-superbike\/","url":"https:\/\/blogs.thesocialmedia.com\/leblogmoto\/2009\/02\/11\/world-superbike\/","name":"World Superbike 2009, qui sera chef de meute? - leblogmoto.com","isPartOf":{"@id":"https:\/\/blogs.thesocialmedia.com\/leblogmoto\/#website"},"primaryImageOfPage":{"@id":"https:\/\/blogs.thesocialmedia.com\/leblogmoto\/2009\/02\/11\/world-superbike\/#primaryimage"},"image":{"@id":"https:\/\/blogs.thesocialmedia.com\/leblogmoto\/2009\/02\/11\/world-superbike\/#primaryimage"},"thumbnailUrl":"http:\/\/www.leblogmoto.com\/images\/2009\/02\/10\/2009.jpg","datePublished":"2009-02-11T03:09:31+00:00","dateModified":"2012-07-11T17:04:32+00:00","author":{"@id":"https:\/\/blogs.thesocialmedia.com\/leblogmoto\/#\/schema\/person\/e82a0ca8a9a63d031586097a3ed58526"},"breadcrumb":{"@id":"https:\/\/blogs.thesocialmedia.com\/leblogmoto\/2009\/02\/11\/world-superbike\/#breadcrumb"},"inLanguage":"fr-FR","potentialAction":[{"@type":"ReadAction","target":["https:\/\/blogs.thesocialmedia.com\/leblogmoto\/2009\/02\/11\/world-superbike\/"]}]},{"@type":"ImageObject","inLanguage":"fr-FR","@id":"https:\/\/blogs.thesocialmedia.com\/leblogmoto\/2009\/02\/11\/world-superbike\/#primaryimage","url":"http:\/\/www.leblogmoto.com\/images\/2009\/02\/10\/2009.jpg","contentUrl":"http:\/\/www.leblogmoto.com\/images\/2009\/02\/10\/2009.jpg"},{"@type":"BreadcrumbList","@id":"https:\/\/blogs.thesocialmedia.com\/leblogmoto\/2009\/02\/11\/world-superbike\/#breadcrumb","itemListElement":[{"@type":"ListItem","position":1,"name":"Accueil","item":"https:\/\/blogs.thesocialmedia.com\/leblogmoto\/"},{"@type":"ListItem","position":2,"name":"World Superbike 2009, qui sera chef de meute?"}]},{"@type":"WebSite","@id":"https:\/\/blogs.thesocialmedia.com\/leblogmoto\/#website","url":"https:\/\/blogs.thesocialmedia.com\/leblogmoto\/","name":"leblogmoto","description":"Toute l&#039;actualit\u00e9 des 2 roues","potentialAction":[{"@type":"SearchAction","target":{"@type":"EntryPoint","urlTemplate":"https:\/\/blogs.thesocialmedia.com\/leblogmoto\/?s={search_term_string}"},"query-input":{"@type":"PropertyValueSpecification","valueRequired":true,"valueName":"search_term_string"}}],"inLanguage":"fr-FR"},{"@type":"Person","@id":"https:\/\/blogs.thesocialmedia.com\/leblogmoto\/#\/schema\/person\/e82a0ca8a9a63d031586097a3ed58526","name":"jacques lesage","image":{"@type":"ImageObject","inLanguage":"fr-FR","@id":"https:\/\/blogs.thesocialmedia.com\/leblogmoto\/#\/schema\/person\/image\/","url":"https:\/\/secure.gravatar.com\/avatar\/?s=96&d=mm&r=g","contentUrl":"https:\/\/secure.gravatar.com\/avatar\/?s=96&d=mm&r=g","caption":"jacques lesage"},"url":"https:\/\/blogs.thesocialmedia.com\/leblogmoto\/author\/jacques-lesage\/"}]}},"_links":{"self":[{"href":"https:\/\/blogs.thesocialmedia.com\/leblogmoto\/wp-json\/wp\/v2\/posts\/280","targetHints":{"allow":["GET"]}}],"collection":[{"href":"https:\/\/blogs.thesocialmedia.com\/leblogmoto\/wp-json\/wp\/v2\/posts"}],"about":[{"href":"https:\/\/blogs.thesocialmedia.com\/leblogmoto\/wp-json\/wp\/v2\/types\/post"}],"author":[{"embeddable":true,"href":"https:\/\/blogs.thesocialmedia.com\/leblogmoto\/wp-json\/wp\/v2\/users\/325"}],"replies":[{"embeddable":true,"href":"https:\/\/blogs.thesocialmedia.com\/leblogmoto\/wp-json\/wp\/v2\/comments?post=280"}],"version-history":[{"count":2,"href":"https:\/\/blogs.thesocialmedia.com\/leblogmoto\/wp-json\/wp\/v2\/posts\/280\/revisions"}],"predecessor-version":[{"id":12726,"href":"https:\/\/blogs.thesocialmedia.com\/leblogmoto\/wp-json\/wp\/v2\/posts\/280\/revisions\/12726"}],"wp:attachment":[{"href":"https:\/\/blogs.thesocialmedia.com\/leblogmoto\/wp-json\/wp\/v2\/media?parent=280"}],"wp:term":[{"taxonomy":"category","embeddable":true,"href":"https:\/\/blogs.thesocialmedia.com\/leblogmoto\/wp-json\/wp\/v2\/categories?post=280"},{"taxonomy":"post_tag","embeddable":true,"href":"https:\/\/blogs.thesocialmedia.com\/leblogmoto\/wp-json\/wp\/v2\/tags?post=280"}],"curies":[{"name":"wp","href":"https:\/\/api.w.org\/{rel}","templated":true}]}}