{"id":281,"date":"2009-02-10T04:26:11","date_gmt":"2009-02-10T04:26:11","guid":{"rendered":"http:\/\/blogs.thesocialmedia.com\/leblogmoto\/2009\/02\/10\/keanu-reeves-le\/"},"modified":"2012-07-11T17:04:15","modified_gmt":"2012-07-11T17:04:15","slug":"keanu-reeves-le","status":"publish","type":"post","link":"https:\/\/blogs.thesocialmedia.com\/leblogmoto\/2009\/02\/10\/keanu-reeves-le\/","title":{"rendered":"Keanu Reeves, le rebelle en Commando"},"content":{"rendered":"<p><a href=\"http:\/\/blogs.thesocialmedia.com\/leblogmoto\/files\/2012\/07\/keanureeves.jpg\"><img loading=\"lazy\" decoding=\"async\" width=\"470\" height=\"655\"  src=\"http:\/\/www.leblogmoto.com\/images\/2009\/02\/09\/keanureeves.jpg\" alt=\"Keanureeves\" \/><\/a> <\/p>\n<p>Je suis tomb\u00e9 par hasard sur <a href=\"http:\/\/www.timesonline.co.uk\/tol\/driving\/features\/article415229.ece\">un article<\/a> dans le Times, le quotidien londonien, \u00e0 propos de <a href=\"http:\/\/fr.wikipedia.org\/wiki\/Keanu_Reeves\">Keanu Reeves<\/a>, et ses jouets m\u00e9caniques. Il est question ici, bien s\u00fbr, de motos et d\u2019auto.<\/p>\n<p>On dresse le portrait de Reeves comme d\u2019un des derniers rebelles d\u2019Hollywood, de ceux qui ne donnent pas que dans la frime comme Colin Farrell ou Russell Crowe. Keanu Reeves, le dernier des h\u00e9ros romantique pourrait-on lire entre les lignes, mais il demeure toujours, malgr\u00e9 ses 40 ans, un beau t\u00e9n\u00e9breux existentialiste qui sait choisir ses montures dans le plus bel esprit des enfants d\u2019un autre si\u00e8cle.<\/p>\n<p><a href=\"http:\/\/clabedan.typepad.com\/.shared\/image.html?\/photos\/uncategorized\/2009\/02\/09\/reeves2.jpg\"><img loading=\"lazy\" decoding=\"async\" width=\"470\" height=\"174\"  src=\"http:\/\/www.leblogmoto.com\/images\/2009\/02\/09\/reeves2.jpg\" alt=\"Reeves2\" \/><\/a> <\/p>\n<p>Sa premi\u00e8re voiture fut une Volvo 122, avec laquelle fera, \u00e0 17 ans, le voyage de Toronto \u00e0 Los Angeles, dans l\u2019espoir d\u2019y trouver gloire et fortune.<br \/>Son premier accident de moto surviendra 3 ans plus tard, en 1988, le laissant pour mort avec des c\u00f4tes cass\u00e9es et une ablation de la rate comme souvenir. Son deuxi\u00e8me sera en 1996, moins grave, qu\u2019une cheville cass\u00e9e et une belle cicatrice sur la jambe, privant sans doute les dames de plan large sur son anatomie.<br \/>Mais il ne peut se r\u00e9soudre \u00e0 abandonner ses motos, sa seule concession aux studios \u00e9tant de rouler en voiture plut\u00f4t qu\u2019en moto lorsqu\u2019en tournage. Alors, il s\u2019est pay\u00e9 une Porsche Carrera 4, un pied de nez aux studios et un clin d\u2019\u0153il \u00e0 James Dean.<\/p>\n<p><a href=\"http:\/\/blogs.thesocialmedia.com\/leblogmoto\/files\/2012\/07\/reeves3.jpg\"><img loading=\"lazy\" decoding=\"async\" width=\"470\" height=\"257\"  src=\"http:\/\/www.leblogmoto.com\/images\/2009\/02\/09\/reeves3.jpg\" alt=\"Reeves3\" \/><\/a> <\/p>\n<p>Fou des marques europ\u00e9ennes, il poss\u00e8de en ce moment 2 Norton Commando du d\u00e9but des ann\u00e9es 70. Mais son premier amour fut pour Moto Guzzi, qu\u2019il surnommait affectueusement Guzzimoto, pour que \u00e7a sonne comme Quasimodo, parce qu\u2019un peu lourde et encombrante.<br \/>Mais en vrai rebelle, il aime toujours rouler tous phares \u00e9teints par des nuits de pleine lune, sur la route du bord de mer entre Los Angeles et San Francisco. Un reste d\u2019adolescence qui ne veut pas le quitter.<\/p>\n<p><a href=\"http:\/\/blogs.thesocialmedia.com\/leblogmoto\/files\/2012\/07\/reeves4.jpg\"><img loading=\"lazy\" decoding=\"async\" width=\"470\" height=\"312\"  src=\"http:\/\/www.leblogmoto.com\/images\/2009\/02\/09\/reeves4.jpg\" alt=\"Reeves4\" \/><\/a> <\/p>\n<p><a href=\"http:\/\/blogs.thesocialmedia.com\/leblogmoto\/files\/2012\/07\/reeves5.jpg\"><img loading=\"lazy\" decoding=\"async\" width=\"470\" height=\"239\"  src=\"http:\/\/www.leblogmoto.com\/images\/2009\/02\/09\/reeves5.jpg\" alt=\"Reeves5\" \/><\/a> <\/p>\n<p><a href=\"http:\/\/blogs.thesocialmedia.com\/leblogmoto\/files\/2012\/07\/reeves6.jpg\"><img loading=\"lazy\" decoding=\"async\" width=\"470\" height=\"295\"  src=\"http:\/\/www.leblogmoto.com\/images\/2009\/02\/09\/reeves6.jpg\" alt=\"Reeves6\" \/><\/a> <\/p>\n","protected":false},"excerpt":{"rendered":"<p>Je suis tomb\u00e9 par hasard sur un article dans le Times, le quotidien londonien, \u00e0 propos de Keanu Reeves, et ses jouets m\u00e9caniques. Il est question ici, bien s\u00fbr, de motos et d\u2019auto. On dresse le portrait de Reeves comme d\u2019un des derniers rebelles d\u2019Hollywood, de ceux qui ne donnent pas que dans la frime [&hellip;]<\/p>\n","protected":false},"author":325,"featured_media":0,"comment_status":"open","ping_status":"open","sticky":false,"template":"","format":"standard","meta":{"footnotes":""},"categories":[17,35],"tags":[],"class_list":["post-281","post","type-post","status-publish","format-standard","hentry","category-divers","category-moto-guzzi"],"yoast_head":"<!-- This site is optimized with the Yoast SEO plugin v26.0 - https:\/\/yoast.com\/wordpress\/plugins\/seo\/ -->\n<title>Keanu Reeves, le rebelle en Commando - leblogmoto.com<\/title>\n<meta name=\"robots\" content=\"index, follow, max-snippet:-1, max-image-preview:large, max-video-preview:-1\" \/>\n<link rel=\"canonical\" href=\"https:\/\/blogs.thesocialmedia.com\/leblogmoto\/2009\/02\/10\/keanu-reeves-le\/\" \/>\n<meta name=\"twitter:card\" content=\"summary_large_image\" \/>\n<meta name=\"twitter:title\" content=\"Keanu Reeves, le rebelle en Commando - leblogmoto.com\" \/>\n<meta name=\"twitter:description\" content=\"Je suis tomb\u00e9 par hasard sur un article dans le Times, le quotidien londonien, \u00e0 propos de Keanu Reeves, et ses jouets m\u00e9caniques. Il est question ici, bien s\u00fbr, de motos et d\u2019auto. On dresse le portrait de Reeves comme d\u2019un des derniers rebelles d\u2019Hollywood, de ceux qui ne donnent pas que dans la frime [&hellip;]\" \/>\n<meta name=\"twitter:image\" content=\"http:\/\/www.leblogmoto.com\/images\/2009\/02\/09\/keanureeves.jpg\" \/>\n<meta name=\"twitter:label1\" content=\"\u00c9crit par\" \/>\n\t<meta name=\"twitter:data1\" content=\"jacques lesage\" \/>\n\t<meta name=\"twitter:label2\" content=\"Dur\u00e9e de lecture estim\u00e9e\" \/>\n\t<meta name=\"twitter:data2\" content=\"2 minutes\" \/>\n<script type=\"application\/ld+json\" class=\"yoast-schema-graph\">{\"@context\":\"https:\/\/schema.org\",\"@graph\":[{\"@type\":\"WebPage\",\"@id\":\"https:\/\/blogs.thesocialmedia.com\/leblogmoto\/2009\/02\/10\/keanu-reeves-le\/\",\"url\":\"https:\/\/blogs.thesocialmedia.com\/leblogmoto\/2009\/02\/10\/keanu-reeves-le\/\",\"name\":\"Keanu Reeves, le rebelle en Commando - leblogmoto.com\",\"isPartOf\":{\"@id\":\"https:\/\/blogs.thesocialmedia.com\/leblogmoto\/#website\"},\"primaryImageOfPage\":{\"@id\":\"https:\/\/blogs.thesocialmedia.com\/leblogmoto\/2009\/02\/10\/keanu-reeves-le\/#primaryimage\"},\"image\":{\"@id\":\"https:\/\/blogs.thesocialmedia.com\/leblogmoto\/2009\/02\/10\/keanu-reeves-le\/#primaryimage\"},\"thumbnailUrl\":\"http:\/\/www.leblogmoto.com\/images\/2009\/02\/09\/keanureeves.jpg\",\"datePublished\":\"2009-02-10T04:26:11+00:00\",\"dateModified\":\"2012-07-11T17:04:15+00:00\",\"author\":{\"@id\":\"https:\/\/blogs.thesocialmedia.com\/leblogmoto\/#\/schema\/person\/e82a0ca8a9a63d031586097a3ed58526\"},\"breadcrumb\":{\"@id\":\"https:\/\/blogs.thesocialmedia.com\/leblogmoto\/2009\/02\/10\/keanu-reeves-le\/#breadcrumb\"},\"inLanguage\":\"fr-FR\",\"potentialAction\":[{\"@type\":\"ReadAction\",\"target\":[\"https:\/\/blogs.thesocialmedia.com\/leblogmoto\/2009\/02\/10\/keanu-reeves-le\/\"]}]},{\"@type\":\"ImageObject\",\"inLanguage\":\"fr-FR\",\"@id\":\"https:\/\/blogs.thesocialmedia.com\/leblogmoto\/2009\/02\/10\/keanu-reeves-le\/#primaryimage\",\"url\":\"http:\/\/www.leblogmoto.com\/images\/2009\/02\/09\/keanureeves.jpg\",\"contentUrl\":\"http:\/\/www.leblogmoto.com\/images\/2009\/02\/09\/keanureeves.jpg\"},{\"@type\":\"BreadcrumbList\",\"@id\":\"https:\/\/blogs.thesocialmedia.com\/leblogmoto\/2009\/02\/10\/keanu-reeves-le\/#breadcrumb\",\"itemListElement\":[{\"@type\":\"ListItem\",\"position\":1,\"name\":\"Accueil\",\"item\":\"https:\/\/blogs.thesocialmedia.com\/leblogmoto\/\"},{\"@type\":\"ListItem\",\"position\":2,\"name\":\"Keanu Reeves, le rebelle en Commando\"}]},{\"@type\":\"WebSite\",\"@id\":\"https:\/\/blogs.thesocialmedia.com\/leblogmoto\/#website\",\"url\":\"https:\/\/blogs.thesocialmedia.com\/leblogmoto\/\",\"name\":\"leblogmoto\",\"description\":\"Toute l&#039;actualit\u00e9 des 2 roues\",\"potentialAction\":[{\"@type\":\"SearchAction\",\"target\":{\"@type\":\"EntryPoint\",\"urlTemplate\":\"https:\/\/blogs.thesocialmedia.com\/leblogmoto\/?s={search_term_string}\"},\"query-input\":{\"@type\":\"PropertyValueSpecification\",\"valueRequired\":true,\"valueName\":\"search_term_string\"}}],\"inLanguage\":\"fr-FR\"},{\"@type\":\"Person\",\"@id\":\"https:\/\/blogs.thesocialmedia.com\/leblogmoto\/#\/schema\/person\/e82a0ca8a9a63d031586097a3ed58526\",\"name\":\"jacques lesage\",\"image\":{\"@type\":\"ImageObject\",\"inLanguage\":\"fr-FR\",\"@id\":\"https:\/\/blogs.thesocialmedia.com\/leblogmoto\/#\/schema\/person\/image\/\",\"url\":\"https:\/\/secure.gravatar.com\/avatar\/?s=96&d=mm&r=g\",\"contentUrl\":\"https:\/\/secure.gravatar.com\/avatar\/?s=96&d=mm&r=g\",\"caption\":\"jacques lesage\"},\"url\":\"https:\/\/blogs.thesocialmedia.com\/leblogmoto\/author\/jacques-lesage\/\"}]}<\/script>\n<!-- \/ Yoast SEO plugin. -->","yoast_head_json":{"title":"Keanu Reeves, le rebelle en Commando - leblogmoto.com","robots":{"index":"index","follow":"follow","max-snippet":"max-snippet:-1","max-image-preview":"max-image-preview:large","max-video-preview":"max-video-preview:-1"},"canonical":"https:\/\/blogs.thesocialmedia.com\/leblogmoto\/2009\/02\/10\/keanu-reeves-le\/","twitter_card":"summary_large_image","twitter_title":"Keanu Reeves, le rebelle en Commando - leblogmoto.com","twitter_description":"Je suis tomb\u00e9 par hasard sur un article dans le Times, le quotidien londonien, \u00e0 propos de Keanu Reeves, et ses jouets m\u00e9caniques. Il est question ici, bien s\u00fbr, de motos et d\u2019auto. On dresse le portrait de Reeves comme d\u2019un des derniers rebelles d\u2019Hollywood, de ceux qui ne donnent pas que dans la frime [&hellip;]","twitter_image":"http:\/\/www.leblogmoto.com\/images\/2009\/02\/09\/keanureeves.jpg","twitter_misc":{"\u00c9crit par":"jacques lesage","Dur\u00e9e de lecture estim\u00e9e":"2 minutes"},"schema":{"@context":"https:\/\/schema.org","@graph":[{"@type":"WebPage","@id":"https:\/\/blogs.thesocialmedia.com\/leblogmoto\/2009\/02\/10\/keanu-reeves-le\/","url":"https:\/\/blogs.thesocialmedia.com\/leblogmoto\/2009\/02\/10\/keanu-reeves-le\/","name":"Keanu Reeves, le rebelle en Commando - leblogmoto.com","isPartOf":{"@id":"https:\/\/blogs.thesocialmedia.com\/leblogmoto\/#website"},"primaryImageOfPage":{"@id":"https:\/\/blogs.thesocialmedia.com\/leblogmoto\/2009\/02\/10\/keanu-reeves-le\/#primaryimage"},"image":{"@id":"https:\/\/blogs.thesocialmedia.com\/leblogmoto\/2009\/02\/10\/keanu-reeves-le\/#primaryimage"},"thumbnailUrl":"http:\/\/www.leblogmoto.com\/images\/2009\/02\/09\/keanureeves.jpg","datePublished":"2009-02-10T04:26:11+00:00","dateModified":"2012-07-11T17:04:15+00:00","author":{"@id":"https:\/\/blogs.thesocialmedia.com\/leblogmoto\/#\/schema\/person\/e82a0ca8a9a63d031586097a3ed58526"},"breadcrumb":{"@id":"https:\/\/blogs.thesocialmedia.com\/leblogmoto\/2009\/02\/10\/keanu-reeves-le\/#breadcrumb"},"inLanguage":"fr-FR","potentialAction":[{"@type":"ReadAction","target":["https:\/\/blogs.thesocialmedia.com\/leblogmoto\/2009\/02\/10\/keanu-reeves-le\/"]}]},{"@type":"ImageObject","inLanguage":"fr-FR","@id":"https:\/\/blogs.thesocialmedia.com\/leblogmoto\/2009\/02\/10\/keanu-reeves-le\/#primaryimage","url":"http:\/\/www.leblogmoto.com\/images\/2009\/02\/09\/keanureeves.jpg","contentUrl":"http:\/\/www.leblogmoto.com\/images\/2009\/02\/09\/keanureeves.jpg"},{"@type":"BreadcrumbList","@id":"https:\/\/blogs.thesocialmedia.com\/leblogmoto\/2009\/02\/10\/keanu-reeves-le\/#breadcrumb","itemListElement":[{"@type":"ListItem","position":1,"name":"Accueil","item":"https:\/\/blogs.thesocialmedia.com\/leblogmoto\/"},{"@type":"ListItem","position":2,"name":"Keanu Reeves, le rebelle en Commando"}]},{"@type":"WebSite","@id":"https:\/\/blogs.thesocialmedia.com\/leblogmoto\/#website","url":"https:\/\/blogs.thesocialmedia.com\/leblogmoto\/","name":"leblogmoto","description":"Toute l&#039;actualit\u00e9 des 2 roues","potentialAction":[{"@type":"SearchAction","target":{"@type":"EntryPoint","urlTemplate":"https:\/\/blogs.thesocialmedia.com\/leblogmoto\/?s={search_term_string}"},"query-input":{"@type":"PropertyValueSpecification","valueRequired":true,"valueName":"search_term_string"}}],"inLanguage":"fr-FR"},{"@type":"Person","@id":"https:\/\/blogs.thesocialmedia.com\/leblogmoto\/#\/schema\/person\/e82a0ca8a9a63d031586097a3ed58526","name":"jacques lesage","image":{"@type":"ImageObject","inLanguage":"fr-FR","@id":"https:\/\/blogs.thesocialmedia.com\/leblogmoto\/#\/schema\/person\/image\/","url":"https:\/\/secure.gravatar.com\/avatar\/?s=96&d=mm&r=g","contentUrl":"https:\/\/secure.gravatar.com\/avatar\/?s=96&d=mm&r=g","caption":"jacques lesage"},"url":"https:\/\/blogs.thesocialmedia.com\/leblogmoto\/author\/jacques-lesage\/"}]}},"_links":{"self":[{"href":"https:\/\/blogs.thesocialmedia.com\/leblogmoto\/wp-json\/wp\/v2\/posts\/281","targetHints":{"allow":["GET"]}}],"collection":[{"href":"https:\/\/blogs.thesocialmedia.com\/leblogmoto\/wp-json\/wp\/v2\/posts"}],"about":[{"href":"https:\/\/blogs.thesocialmedia.com\/leblogmoto\/wp-json\/wp\/v2\/types\/post"}],"author":[{"embeddable":true,"href":"https:\/\/blogs.thesocialmedia.com\/leblogmoto\/wp-json\/wp\/v2\/users\/325"}],"replies":[{"embeddable":true,"href":"https:\/\/blogs.thesocialmedia.com\/leblogmoto\/wp-json\/wp\/v2\/comments?post=281"}],"version-history":[{"count":2,"href":"https:\/\/blogs.thesocialmedia.com\/leblogmoto\/wp-json\/wp\/v2\/posts\/281\/revisions"}],"predecessor-version":[{"id":12719,"href":"https:\/\/blogs.thesocialmedia.com\/leblogmoto\/wp-json\/wp\/v2\/posts\/281\/revisions\/12719"}],"wp:attachment":[{"href":"https:\/\/blogs.thesocialmedia.com\/leblogmoto\/wp-json\/wp\/v2\/media?parent=281"}],"wp:term":[{"taxonomy":"category","embeddable":true,"href":"https:\/\/blogs.thesocialmedia.com\/leblogmoto\/wp-json\/wp\/v2\/categories?post=281"},{"taxonomy":"post_tag","embeddable":true,"href":"https:\/\/blogs.thesocialmedia.com\/leblogmoto\/wp-json\/wp\/v2\/tags?post=281"}],"curies":[{"name":"wp","href":"https:\/\/api.w.org\/{rel}","templated":true}]}}