{"id":283,"date":"2009-02-07T23:34:40","date_gmt":"2009-02-07T23:34:40","guid":{"rendered":"http:\/\/blogs.thesocialmedia.com\/leblogmoto\/2009\/02\/07\/aimables-et-mes\/"},"modified":"2012-07-11T17:04:04","modified_gmt":"2012-07-11T17:04:04","slug":"aimables-et-mes","status":"publish","type":"post","link":"https:\/\/blogs.thesocialmedia.com\/leblogmoto\/2009\/02\/07\/aimables-et-mes\/","title":{"rendered":"Bref relev\u00e9 d&rsquo;inventions cyclistes rassurantes ou mesquines."},"content":{"rendered":"<p><a href=\"http:\/\/blogs.thesocialmedia.com\/leblogmoto\/files\/2012\/07\/lightlanecopyright.jpg\"><img loading=\"lazy\" decoding=\"async\" height=\"353\"  width=\"470\" alt=\"Lightlanecopyright\" src=\"http:\/\/www.leblogmoto.com\/images\/2009\/02\/07\/lightlanecopyright.jpg\" \/><\/a><br \/><a href=\"http:\/\/blogs.thesocialmedia.com\/leblogmoto\/files\/2012\/07\/bikevandalism.jpg\"><img loading=\"lazy\" decoding=\"async\" height=\"106\"  width=\"470\" alt=\"Bikevandalism\" src=\"http:\/\/www.leblogmoto.com\/images\/2009\/02\/07\/bikevandalism.jpg\" \/><\/a><\/p>\n<p>Je pense avoir assez vu d&rsquo;optiques bizarro\u00efdes dans l&rsquo;histoire de ce blog, mais c&rsquo;est bien la premi\u00e8re fois que j&rsquo;entends parler d&rsquo;un marquage au sol transportable. M\u00eame si celui-ci n&rsquo;en est qu&rsquo;au stade du concept, il pourrait profiter \u00e9galement aux motos et scoots*. D&rsquo;ailleurs pour tout vous dire, ce picto couleur carmin sur la chauss\u00e9e me fait plus penser \u00e0 un motard qu&rsquo;\u00e0 un cycliste. Une fa\u00e7on de cr\u00e9er sa propre piste cyclable portative, selon le tr\u00e8s bon blog <a href=\"http:\/\/www.odenis.com\/crer-votre-propre-piste-cyclable\/\">Odenis.com<\/a>. Reste \u00e0 conna\u00eetre la port\u00e9e en m\u00e8tres de ce marquage basse visibilit\u00e9, et son efficacit\u00e9 &quot;tout temps\/tout terrain&quot; (quid de la pluie, brume et des reliefs accident\u00e9s ?). A moins de consid\u00e9rer cette id\u00e9e comme une nouvelle signalisation passive qui viendrait renforcer l&rsquo;arsenal de signalisation habituel, au milieu des panneaux, bittes, plots r\u00e9tror\u00e9fl\u00e9chissants, phares, combardes r\u00e9fl\u00e9chissantes et des catadioptres. Dans un tout autre style, rep\u00e9r\u00e9 cette fois sur <a href=\"http:\/\/www.therecordplayer.net\/2009\/01\/bikers-revenge.asp\">The Record Player<\/a>, via le blog pour <em>geeks<\/em> Gizmodo, voici des embouts \u00e0 fixer \u00e0 vos guidons pour tenter de calmer les irr\u00e9pressibles humeurs vengeresses (photos dans la suite). Les marques laiss\u00e9es le long des flancs des voitures par ces cl\u00e9s recycl\u00e9es, rendront les caisseux tr\u00e8s populaires aupr\u00e8s des carossiers de votre quartier. Et elles \u00e9pargneront aux plus expressifs d&rsquo;entre vous de donner des coups de pieds dans les porti\u00e8res des BAR qui font de la godille dans la circulation. A prendre au second degr\u00e9, bien s\u00fbr.<\/p>\n<p>*\u00e0 rapprocher pour le moyen utilis\u00e9 (faisceaux) de <a href=\"http:\/\/www.leblogmoto.com\/2008\/06\/un-mur-virtuel.html\">ceci<\/a>; et pour le support (chauss\u00e9e), de <a href=\"http:\/\/www.leblogmoto.com\/2008\/05\/barcelone-et-ma.html\">ceci<\/a> ainsi que <a href=\"http:\/\/www.leblogmoto.com\/2009\/01\/les-motards-fte.html\">cela<\/a>. <\/p>\n<p><a href=\"http:\/\/clabedan.typepad.com\/.shared\/image.html?\/photos\/uncategorized\/2009\/02\/07\/modules743502.jpg\"><img loading=\"lazy\" decoding=\"async\" height=\"312\"  width=\"470\" alt=\"Modules743502\" src=\"http:\/\/www.leblogmoto.com\/images\/2009\/02\/07\/modules743502.jpg\" \/><\/a><\/p>\n<p><a href=\"http:\/\/blogs.thesocialmedia.com\/leblogmoto\/files\/2012\/07\/gearingup743600.jpg\"><img loading=\"lazy\" decoding=\"async\" height=\"312\"  width=\"470\" alt=\"Gearingup743600\" src=\"http:\/\/www.leblogmoto.com\/images\/2009\/02\/07\/gearingup743600.jpg\" \/><\/a> <\/p>\n<p><a href=\"http:\/\/blogs.thesocialmedia.com\/leblogmoto\/files\/2012\/07\/action776545.jpg\"><img loading=\"lazy\" decoding=\"async\" height=\"312\"  width=\"470\" alt=\"Action776545\" src=\"http:\/\/www.leblogmoto.com\/images\/2009\/02\/07\/action776545.jpg\" \/><\/a> <\/p>\n","protected":false},"excerpt":{"rendered":"<p>Je pense avoir assez vu d&rsquo;optiques bizarro\u00efdes dans l&rsquo;histoire de ce blog, mais c&rsquo;est bien la premi\u00e8re fois que j&rsquo;entends parler d&rsquo;un marquage au sol transportable. M\u00eame si celui-ci n&rsquo;en est qu&rsquo;au stade du concept, il pourrait profiter \u00e9galement aux motos et scoots*. D&rsquo;ailleurs pour tout vous dire, ce picto couleur carmin sur la chauss\u00e9e [&hellip;]<\/p>\n","protected":false},"author":324,"featured_media":0,"comment_status":"open","ping_status":"open","sticky":false,"template":"","format":"standard","meta":{"footnotes":""},"categories":[17,27],"tags":[],"class_list":["post-283","post","type-post","status-publish","format-standard","hentry","category-divers","category-securite"],"yoast_head":"<!-- This site is optimized with the Yoast SEO plugin v26.0 - https:\/\/yoast.com\/wordpress\/plugins\/seo\/ -->\n<title>Bref relev\u00e9 d&#039;inventions cyclistes rassurantes ou mesquines. - leblogmoto.com<\/title>\n<meta name=\"robots\" content=\"index, follow, max-snippet:-1, max-image-preview:large, max-video-preview:-1\" \/>\n<link rel=\"canonical\" href=\"https:\/\/blogs.thesocialmedia.com\/leblogmoto\/2009\/02\/07\/aimables-et-mes\/\" \/>\n<meta name=\"twitter:card\" content=\"summary_large_image\" \/>\n<meta name=\"twitter:title\" content=\"Bref relev\u00e9 d&#039;inventions cyclistes rassurantes ou mesquines. - leblogmoto.com\" \/>\n<meta name=\"twitter:description\" content=\"Je pense avoir assez vu d&rsquo;optiques bizarro\u00efdes dans l&rsquo;histoire de ce blog, mais c&rsquo;est bien la premi\u00e8re fois que j&rsquo;entends parler d&rsquo;un marquage au sol transportable. M\u00eame si celui-ci n&rsquo;en est qu&rsquo;au stade du concept, il pourrait profiter \u00e9galement aux motos et scoots*. D&rsquo;ailleurs pour tout vous dire, ce picto couleur carmin sur la chauss\u00e9e [&hellip;]\" \/>\n<meta name=\"twitter:image\" content=\"http:\/\/www.leblogmoto.com\/images\/2009\/02\/07\/lightlanecopyright.jpg\" \/>\n<meta name=\"twitter:label1\" content=\"\u00c9crit par\" \/>\n\t<meta name=\"twitter:data1\" content=\"benoit rieu\" \/>\n\t<meta name=\"twitter:label2\" content=\"Dur\u00e9e de lecture estim\u00e9e\" \/>\n\t<meta name=\"twitter:data2\" content=\"1 minute\" \/>\n<script type=\"application\/ld+json\" class=\"yoast-schema-graph\">{\"@context\":\"https:\/\/schema.org\",\"@graph\":[{\"@type\":\"WebPage\",\"@id\":\"https:\/\/blogs.thesocialmedia.com\/leblogmoto\/2009\/02\/07\/aimables-et-mes\/\",\"url\":\"https:\/\/blogs.thesocialmedia.com\/leblogmoto\/2009\/02\/07\/aimables-et-mes\/\",\"name\":\"Bref relev\u00e9 d'inventions cyclistes rassurantes ou mesquines. - leblogmoto.com\",\"isPartOf\":{\"@id\":\"https:\/\/blogs.thesocialmedia.com\/leblogmoto\/#website\"},\"primaryImageOfPage\":{\"@id\":\"https:\/\/blogs.thesocialmedia.com\/leblogmoto\/2009\/02\/07\/aimables-et-mes\/#primaryimage\"},\"image\":{\"@id\":\"https:\/\/blogs.thesocialmedia.com\/leblogmoto\/2009\/02\/07\/aimables-et-mes\/#primaryimage\"},\"thumbnailUrl\":\"http:\/\/www.leblogmoto.com\/images\/2009\/02\/07\/lightlanecopyright.jpg\",\"datePublished\":\"2009-02-07T23:34:40+00:00\",\"dateModified\":\"2012-07-11T17:04:04+00:00\",\"author\":{\"@id\":\"https:\/\/blogs.thesocialmedia.com\/leblogmoto\/#\/schema\/person\/18bfe773e5725ed6d24f743da805362a\"},\"breadcrumb\":{\"@id\":\"https:\/\/blogs.thesocialmedia.com\/leblogmoto\/2009\/02\/07\/aimables-et-mes\/#breadcrumb\"},\"inLanguage\":\"fr-FR\",\"potentialAction\":[{\"@type\":\"ReadAction\",\"target\":[\"https:\/\/blogs.thesocialmedia.com\/leblogmoto\/2009\/02\/07\/aimables-et-mes\/\"]}]},{\"@type\":\"ImageObject\",\"inLanguage\":\"fr-FR\",\"@id\":\"https:\/\/blogs.thesocialmedia.com\/leblogmoto\/2009\/02\/07\/aimables-et-mes\/#primaryimage\",\"url\":\"http:\/\/www.leblogmoto.com\/images\/2009\/02\/07\/lightlanecopyright.jpg\",\"contentUrl\":\"http:\/\/www.leblogmoto.com\/images\/2009\/02\/07\/lightlanecopyright.jpg\"},{\"@type\":\"BreadcrumbList\",\"@id\":\"https:\/\/blogs.thesocialmedia.com\/leblogmoto\/2009\/02\/07\/aimables-et-mes\/#breadcrumb\",\"itemListElement\":[{\"@type\":\"ListItem\",\"position\":1,\"name\":\"Accueil\",\"item\":\"https:\/\/blogs.thesocialmedia.com\/leblogmoto\/\"},{\"@type\":\"ListItem\",\"position\":2,\"name\":\"Bref relev\u00e9 d&rsquo;inventions cyclistes rassurantes ou mesquines.\"}]},{\"@type\":\"WebSite\",\"@id\":\"https:\/\/blogs.thesocialmedia.com\/leblogmoto\/#website\",\"url\":\"https:\/\/blogs.thesocialmedia.com\/leblogmoto\/\",\"name\":\"leblogmoto\",\"description\":\"Toute l&#039;actualit\u00e9 des 2 roues\",\"potentialAction\":[{\"@type\":\"SearchAction\",\"target\":{\"@type\":\"EntryPoint\",\"urlTemplate\":\"https:\/\/blogs.thesocialmedia.com\/leblogmoto\/?s={search_term_string}\"},\"query-input\":{\"@type\":\"PropertyValueSpecification\",\"valueRequired\":true,\"valueName\":\"search_term_string\"}}],\"inLanguage\":\"fr-FR\"},{\"@type\":\"Person\",\"@id\":\"https:\/\/blogs.thesocialmedia.com\/leblogmoto\/#\/schema\/person\/18bfe773e5725ed6d24f743da805362a\",\"name\":\"benoit rieu\",\"image\":{\"@type\":\"ImageObject\",\"inLanguage\":\"fr-FR\",\"@id\":\"https:\/\/blogs.thesocialmedia.com\/leblogmoto\/#\/schema\/person\/image\/\",\"url\":\"https:\/\/secure.gravatar.com\/avatar\/?s=96&d=mm&r=g\",\"contentUrl\":\"https:\/\/secure.gravatar.com\/avatar\/?s=96&d=mm&r=g\",\"caption\":\"benoit rieu\"},\"url\":\"https:\/\/blogs.thesocialmedia.com\/leblogmoto\/author\/benoit-rieu\/\"}]}<\/script>\n<!-- \/ Yoast SEO plugin. -->","yoast_head_json":{"title":"Bref relev\u00e9 d'inventions cyclistes rassurantes ou mesquines. - leblogmoto.com","robots":{"index":"index","follow":"follow","max-snippet":"max-snippet:-1","max-image-preview":"max-image-preview:large","max-video-preview":"max-video-preview:-1"},"canonical":"https:\/\/blogs.thesocialmedia.com\/leblogmoto\/2009\/02\/07\/aimables-et-mes\/","twitter_card":"summary_large_image","twitter_title":"Bref relev\u00e9 d'inventions cyclistes rassurantes ou mesquines. - leblogmoto.com","twitter_description":"Je pense avoir assez vu d&rsquo;optiques bizarro\u00efdes dans l&rsquo;histoire de ce blog, mais c&rsquo;est bien la premi\u00e8re fois que j&rsquo;entends parler d&rsquo;un marquage au sol transportable. M\u00eame si celui-ci n&rsquo;en est qu&rsquo;au stade du concept, il pourrait profiter \u00e9galement aux motos et scoots*. D&rsquo;ailleurs pour tout vous dire, ce picto couleur carmin sur la chauss\u00e9e [&hellip;]","twitter_image":"http:\/\/www.leblogmoto.com\/images\/2009\/02\/07\/lightlanecopyright.jpg","twitter_misc":{"\u00c9crit par":"benoit rieu","Dur\u00e9e de lecture estim\u00e9e":"1 minute"},"schema":{"@context":"https:\/\/schema.org","@graph":[{"@type":"WebPage","@id":"https:\/\/blogs.thesocialmedia.com\/leblogmoto\/2009\/02\/07\/aimables-et-mes\/","url":"https:\/\/blogs.thesocialmedia.com\/leblogmoto\/2009\/02\/07\/aimables-et-mes\/","name":"Bref relev\u00e9 d'inventions cyclistes rassurantes ou mesquines. - leblogmoto.com","isPartOf":{"@id":"https:\/\/blogs.thesocialmedia.com\/leblogmoto\/#website"},"primaryImageOfPage":{"@id":"https:\/\/blogs.thesocialmedia.com\/leblogmoto\/2009\/02\/07\/aimables-et-mes\/#primaryimage"},"image":{"@id":"https:\/\/blogs.thesocialmedia.com\/leblogmoto\/2009\/02\/07\/aimables-et-mes\/#primaryimage"},"thumbnailUrl":"http:\/\/www.leblogmoto.com\/images\/2009\/02\/07\/lightlanecopyright.jpg","datePublished":"2009-02-07T23:34:40+00:00","dateModified":"2012-07-11T17:04:04+00:00","author":{"@id":"https:\/\/blogs.thesocialmedia.com\/leblogmoto\/#\/schema\/person\/18bfe773e5725ed6d24f743da805362a"},"breadcrumb":{"@id":"https:\/\/blogs.thesocialmedia.com\/leblogmoto\/2009\/02\/07\/aimables-et-mes\/#breadcrumb"},"inLanguage":"fr-FR","potentialAction":[{"@type":"ReadAction","target":["https:\/\/blogs.thesocialmedia.com\/leblogmoto\/2009\/02\/07\/aimables-et-mes\/"]}]},{"@type":"ImageObject","inLanguage":"fr-FR","@id":"https:\/\/blogs.thesocialmedia.com\/leblogmoto\/2009\/02\/07\/aimables-et-mes\/#primaryimage","url":"http:\/\/www.leblogmoto.com\/images\/2009\/02\/07\/lightlanecopyright.jpg","contentUrl":"http:\/\/www.leblogmoto.com\/images\/2009\/02\/07\/lightlanecopyright.jpg"},{"@type":"BreadcrumbList","@id":"https:\/\/blogs.thesocialmedia.com\/leblogmoto\/2009\/02\/07\/aimables-et-mes\/#breadcrumb","itemListElement":[{"@type":"ListItem","position":1,"name":"Accueil","item":"https:\/\/blogs.thesocialmedia.com\/leblogmoto\/"},{"@type":"ListItem","position":2,"name":"Bref relev\u00e9 d&rsquo;inventions cyclistes rassurantes ou mesquines."}]},{"@type":"WebSite","@id":"https:\/\/blogs.thesocialmedia.com\/leblogmoto\/#website","url":"https:\/\/blogs.thesocialmedia.com\/leblogmoto\/","name":"leblogmoto","description":"Toute l&#039;actualit\u00e9 des 2 roues","potentialAction":[{"@type":"SearchAction","target":{"@type":"EntryPoint","urlTemplate":"https:\/\/blogs.thesocialmedia.com\/leblogmoto\/?s={search_term_string}"},"query-input":{"@type":"PropertyValueSpecification","valueRequired":true,"valueName":"search_term_string"}}],"inLanguage":"fr-FR"},{"@type":"Person","@id":"https:\/\/blogs.thesocialmedia.com\/leblogmoto\/#\/schema\/person\/18bfe773e5725ed6d24f743da805362a","name":"benoit rieu","image":{"@type":"ImageObject","inLanguage":"fr-FR","@id":"https:\/\/blogs.thesocialmedia.com\/leblogmoto\/#\/schema\/person\/image\/","url":"https:\/\/secure.gravatar.com\/avatar\/?s=96&d=mm&r=g","contentUrl":"https:\/\/secure.gravatar.com\/avatar\/?s=96&d=mm&r=g","caption":"benoit rieu"},"url":"https:\/\/blogs.thesocialmedia.com\/leblogmoto\/author\/benoit-rieu\/"}]}},"_links":{"self":[{"href":"https:\/\/blogs.thesocialmedia.com\/leblogmoto\/wp-json\/wp\/v2\/posts\/283","targetHints":{"allow":["GET"]}}],"collection":[{"href":"https:\/\/blogs.thesocialmedia.com\/leblogmoto\/wp-json\/wp\/v2\/posts"}],"about":[{"href":"https:\/\/blogs.thesocialmedia.com\/leblogmoto\/wp-json\/wp\/v2\/types\/post"}],"author":[{"embeddable":true,"href":"https:\/\/blogs.thesocialmedia.com\/leblogmoto\/wp-json\/wp\/v2\/users\/324"}],"replies":[{"embeddable":true,"href":"https:\/\/blogs.thesocialmedia.com\/leblogmoto\/wp-json\/wp\/v2\/comments?post=283"}],"version-history":[{"count":2,"href":"https:\/\/blogs.thesocialmedia.com\/leblogmoto\/wp-json\/wp\/v2\/posts\/283\/revisions"}],"predecessor-version":[{"id":12713,"href":"https:\/\/blogs.thesocialmedia.com\/leblogmoto\/wp-json\/wp\/v2\/posts\/283\/revisions\/12713"}],"wp:attachment":[{"href":"https:\/\/blogs.thesocialmedia.com\/leblogmoto\/wp-json\/wp\/v2\/media?parent=283"}],"wp:term":[{"taxonomy":"category","embeddable":true,"href":"https:\/\/blogs.thesocialmedia.com\/leblogmoto\/wp-json\/wp\/v2\/categories?post=283"},{"taxonomy":"post_tag","embeddable":true,"href":"https:\/\/blogs.thesocialmedia.com\/leblogmoto\/wp-json\/wp\/v2\/tags?post=283"}],"curies":[{"name":"wp","href":"https:\/\/api.w.org\/{rel}","templated":true}]}}