{"id":284,"date":"2009-02-07T23:34:02","date_gmt":"2009-02-07T23:34:02","guid":{"rendered":"http:\/\/blogs.thesocialmedia.com\/leblogmoto\/2009\/02\/07\/des-radars-auto\/"},"modified":"2012-07-11T13:23:06","modified_gmt":"2012-07-11T13:23:06","slug":"des-radars-auto","status":"publish","type":"post","link":"https:\/\/blogs.thesocialmedia.com\/leblogmoto\/2009\/02\/07\/des-radars-auto\/","title":{"rendered":"Des radars, en long, en large, et en travers&#8230; de la gorge ?"},"content":{"rendered":"<div><object height=\"381\" width=\"470\"><param name=\"movie\" value=\"http:\/\/www.dailymotion.com\/swf\/kM9mVEpSSzVYsaVf0Y&amp;related=1\" \/><param name=\"allowFullScreen\" value=\"true\" \/><param name=\"allowScriptAccess\" value=\"always\" \/><embed height=\"381\" width=\"470\" src=\"http:\/\/www.dailymotion.com\/swf\/kM9mVEpSSzVYsaVf0Y&amp;related=1\" type=\"application\/x-shockwave-flash\"><\/embed><\/object><br \/><strong><a href=\"http:\/\/www.dailymotion.com\/video\/x84ek0_meilleur-radar-au-monde_auto\">Meilleur Radar au Monde<\/a><\/strong> <\/p>\n<p>Je n&rsquo;ai compt\u00e9 que tr\u00e8s peu de motards dans cette vid\u00e9o ahurissante montrant les flashages r\u00e9p\u00e9t\u00e9s de contrevenants. Au del\u00e0 de la politique de s\u00e9curit\u00e9 routi\u00e8re, ces radars-ci sont de vraies machines \u00e0 sous dont la manne rendrait probablement fous de jalousie les propri\u00e9taires de casinos et leur armada de bandits manchots de Las Vegas, Atlantic City, Macao et Deauville r\u00e9unis. Et les cr\u00e9ateurs de cette astucieuse tirelire (photo suivante) ne s&rsquo;y sont pas tromp\u00e9s en mettant sur le march\u00e9 cet objet, si t\u00f4t rebaptis\u00e9e de fa\u00e7on un peu provocatrice &quot;Racket Box&quot;. Pour ajouter au r\u00e9alisme, chaque pi\u00e8ce, plac\u00e9e dans les entrailles de la bo\u00eete \u00e0 l&rsquo;ind\u00e9fectible vigilance, sera salu\u00e9e d&rsquo;un flash. J&rsquo;ai envie de reprendre l&rsquo;idoine expression de Paris Match (semaine du 11 au 17 d\u00e9cembre 2008), magazine dans lequel je suis tomb\u00e9 sur cette <a href=\"http:\/\/www.autocadeaux.com\/boutique\/insolite\/tirelire-radar.html\">id\u00e9e cadeau<\/a> \u00e0 20 \u20ac : &quot;Quand c&rsquo;est la crise on th\u00e9saurise. Mais c&rsquo;est vous qui choisissez le tarif. Et vous ne serez pas interpell\u00e9 s&rsquo;il vous vient un jour, l&rsquo;envie de le casser&quot;. Tout est dit.<\/p>\n<\/div>\n<p><a href=\"http:\/\/clabedan.typepad.com\/.shared\/image.html?\/photos\/uncategorized\/2009\/02\/07\/tirelire_radar.jpg\"><img loading=\"lazy\" decoding=\"async\" height=\"584\"  width=\"470\" alt=\"Tirelire_radar\" src=\"http:\/\/www.leblogmoto.com\/images\/2009\/02\/07\/tirelire_radar.jpg\" \/><\/a> <\/p>\n","protected":false},"excerpt":{"rendered":"<p>Meilleur Radar au Monde Je n&rsquo;ai compt\u00e9 que tr\u00e8s peu de motards dans cette vid\u00e9o ahurissante montrant les flashages r\u00e9p\u00e9t\u00e9s de contrevenants. Au del\u00e0 de la politique de s\u00e9curit\u00e9 routi\u00e8re, ces radars-ci sont de vraies machines \u00e0 sous dont la manne rendrait probablement fous de jalousie les propri\u00e9taires de casinos et leur armada de bandits [&hellip;]<\/p>\n","protected":false},"author":324,"featured_media":0,"comment_status":"open","ping_status":"open","sticky":false,"template":"","format":"standard","meta":{"footnotes":""},"categories":[58,27,12],"tags":[],"class_list":["post-284","post","type-post","status-publish","format-standard","hentry","category-insolite","category-securite","category-videos"],"yoast_head":"<!-- This site is optimized with the Yoast SEO plugin v26.0 - https:\/\/yoast.com\/wordpress\/plugins\/seo\/ -->\n<title>Des radars, en long, en large, et en travers... de la gorge ? - leblogmoto.com<\/title>\n<meta name=\"robots\" content=\"index, follow, max-snippet:-1, max-image-preview:large, max-video-preview:-1\" \/>\n<link rel=\"canonical\" href=\"https:\/\/blogs.thesocialmedia.com\/leblogmoto\/2009\/02\/07\/des-radars-auto\/\" \/>\n<meta name=\"twitter:card\" content=\"summary_large_image\" \/>\n<meta name=\"twitter:title\" content=\"Des radars, en long, en large, et en travers... de la gorge ? - leblogmoto.com\" \/>\n<meta name=\"twitter:description\" content=\"Meilleur Radar au Monde Je n&rsquo;ai compt\u00e9 que tr\u00e8s peu de motards dans cette vid\u00e9o ahurissante montrant les flashages r\u00e9p\u00e9t\u00e9s de contrevenants. Au del\u00e0 de la politique de s\u00e9curit\u00e9 routi\u00e8re, ces radars-ci sont de vraies machines \u00e0 sous dont la manne rendrait probablement fous de jalousie les propri\u00e9taires de casinos et leur armada de bandits [&hellip;]\" \/>\n<meta name=\"twitter:image\" content=\"http:\/\/www.leblogmoto.com\/images\/2009\/02\/07\/tirelire_radar.jpg\" \/>\n<meta name=\"twitter:label1\" content=\"\u00c9crit par\" \/>\n\t<meta name=\"twitter:data1\" content=\"benoit rieu\" \/>\n\t<meta name=\"twitter:label2\" content=\"Dur\u00e9e de lecture estim\u00e9e\" \/>\n\t<meta name=\"twitter:data2\" content=\"1 minute\" \/>\n<script type=\"application\/ld+json\" class=\"yoast-schema-graph\">{\"@context\":\"https:\/\/schema.org\",\"@graph\":[{\"@type\":\"WebPage\",\"@id\":\"https:\/\/blogs.thesocialmedia.com\/leblogmoto\/2009\/02\/07\/des-radars-auto\/\",\"url\":\"https:\/\/blogs.thesocialmedia.com\/leblogmoto\/2009\/02\/07\/des-radars-auto\/\",\"name\":\"Des radars, en long, en large, et en travers... de la gorge ? - leblogmoto.com\",\"isPartOf\":{\"@id\":\"https:\/\/blogs.thesocialmedia.com\/leblogmoto\/#website\"},\"primaryImageOfPage\":{\"@id\":\"https:\/\/blogs.thesocialmedia.com\/leblogmoto\/2009\/02\/07\/des-radars-auto\/#primaryimage\"},\"image\":{\"@id\":\"https:\/\/blogs.thesocialmedia.com\/leblogmoto\/2009\/02\/07\/des-radars-auto\/#primaryimage\"},\"thumbnailUrl\":\"http:\/\/www.leblogmoto.com\/images\/2009\/02\/07\/tirelire_radar.jpg\",\"datePublished\":\"2009-02-07T23:34:02+00:00\",\"dateModified\":\"2012-07-11T13:23:06+00:00\",\"author\":{\"@id\":\"https:\/\/blogs.thesocialmedia.com\/leblogmoto\/#\/schema\/person\/18bfe773e5725ed6d24f743da805362a\"},\"breadcrumb\":{\"@id\":\"https:\/\/blogs.thesocialmedia.com\/leblogmoto\/2009\/02\/07\/des-radars-auto\/#breadcrumb\"},\"inLanguage\":\"fr-FR\",\"potentialAction\":[{\"@type\":\"ReadAction\",\"target\":[\"https:\/\/blogs.thesocialmedia.com\/leblogmoto\/2009\/02\/07\/des-radars-auto\/\"]}]},{\"@type\":\"ImageObject\",\"inLanguage\":\"fr-FR\",\"@id\":\"https:\/\/blogs.thesocialmedia.com\/leblogmoto\/2009\/02\/07\/des-radars-auto\/#primaryimage\",\"url\":\"http:\/\/www.leblogmoto.com\/images\/2009\/02\/07\/tirelire_radar.jpg\",\"contentUrl\":\"http:\/\/www.leblogmoto.com\/images\/2009\/02\/07\/tirelire_radar.jpg\"},{\"@type\":\"BreadcrumbList\",\"@id\":\"https:\/\/blogs.thesocialmedia.com\/leblogmoto\/2009\/02\/07\/des-radars-auto\/#breadcrumb\",\"itemListElement\":[{\"@type\":\"ListItem\",\"position\":1,\"name\":\"Accueil\",\"item\":\"https:\/\/blogs.thesocialmedia.com\/leblogmoto\/\"},{\"@type\":\"ListItem\",\"position\":2,\"name\":\"Des radars, en long, en large, et en travers&#8230; de la gorge ?\"}]},{\"@type\":\"WebSite\",\"@id\":\"https:\/\/blogs.thesocialmedia.com\/leblogmoto\/#website\",\"url\":\"https:\/\/blogs.thesocialmedia.com\/leblogmoto\/\",\"name\":\"leblogmoto\",\"description\":\"Toute l&#039;actualit\u00e9 des 2 roues\",\"potentialAction\":[{\"@type\":\"SearchAction\",\"target\":{\"@type\":\"EntryPoint\",\"urlTemplate\":\"https:\/\/blogs.thesocialmedia.com\/leblogmoto\/?s={search_term_string}\"},\"query-input\":{\"@type\":\"PropertyValueSpecification\",\"valueRequired\":true,\"valueName\":\"search_term_string\"}}],\"inLanguage\":\"fr-FR\"},{\"@type\":\"Person\",\"@id\":\"https:\/\/blogs.thesocialmedia.com\/leblogmoto\/#\/schema\/person\/18bfe773e5725ed6d24f743da805362a\",\"name\":\"benoit rieu\",\"image\":{\"@type\":\"ImageObject\",\"inLanguage\":\"fr-FR\",\"@id\":\"https:\/\/blogs.thesocialmedia.com\/leblogmoto\/#\/schema\/person\/image\/\",\"url\":\"https:\/\/secure.gravatar.com\/avatar\/?s=96&d=mm&r=g\",\"contentUrl\":\"https:\/\/secure.gravatar.com\/avatar\/?s=96&d=mm&r=g\",\"caption\":\"benoit rieu\"},\"url\":\"https:\/\/blogs.thesocialmedia.com\/leblogmoto\/author\/benoit-rieu\/\"}]}<\/script>\n<!-- \/ Yoast SEO plugin. -->","yoast_head_json":{"title":"Des radars, en long, en large, et en travers... de la gorge ? - leblogmoto.com","robots":{"index":"index","follow":"follow","max-snippet":"max-snippet:-1","max-image-preview":"max-image-preview:large","max-video-preview":"max-video-preview:-1"},"canonical":"https:\/\/blogs.thesocialmedia.com\/leblogmoto\/2009\/02\/07\/des-radars-auto\/","twitter_card":"summary_large_image","twitter_title":"Des radars, en long, en large, et en travers... de la gorge ? - leblogmoto.com","twitter_description":"Meilleur Radar au Monde Je n&rsquo;ai compt\u00e9 que tr\u00e8s peu de motards dans cette vid\u00e9o ahurissante montrant les flashages r\u00e9p\u00e9t\u00e9s de contrevenants. Au del\u00e0 de la politique de s\u00e9curit\u00e9 routi\u00e8re, ces radars-ci sont de vraies machines \u00e0 sous dont la manne rendrait probablement fous de jalousie les propri\u00e9taires de casinos et leur armada de bandits [&hellip;]","twitter_image":"http:\/\/www.leblogmoto.com\/images\/2009\/02\/07\/tirelire_radar.jpg","twitter_misc":{"\u00c9crit par":"benoit rieu","Dur\u00e9e de lecture estim\u00e9e":"1 minute"},"schema":{"@context":"https:\/\/schema.org","@graph":[{"@type":"WebPage","@id":"https:\/\/blogs.thesocialmedia.com\/leblogmoto\/2009\/02\/07\/des-radars-auto\/","url":"https:\/\/blogs.thesocialmedia.com\/leblogmoto\/2009\/02\/07\/des-radars-auto\/","name":"Des radars, en long, en large, et en travers... de la gorge ? - leblogmoto.com","isPartOf":{"@id":"https:\/\/blogs.thesocialmedia.com\/leblogmoto\/#website"},"primaryImageOfPage":{"@id":"https:\/\/blogs.thesocialmedia.com\/leblogmoto\/2009\/02\/07\/des-radars-auto\/#primaryimage"},"image":{"@id":"https:\/\/blogs.thesocialmedia.com\/leblogmoto\/2009\/02\/07\/des-radars-auto\/#primaryimage"},"thumbnailUrl":"http:\/\/www.leblogmoto.com\/images\/2009\/02\/07\/tirelire_radar.jpg","datePublished":"2009-02-07T23:34:02+00:00","dateModified":"2012-07-11T13:23:06+00:00","author":{"@id":"https:\/\/blogs.thesocialmedia.com\/leblogmoto\/#\/schema\/person\/18bfe773e5725ed6d24f743da805362a"},"breadcrumb":{"@id":"https:\/\/blogs.thesocialmedia.com\/leblogmoto\/2009\/02\/07\/des-radars-auto\/#breadcrumb"},"inLanguage":"fr-FR","potentialAction":[{"@type":"ReadAction","target":["https:\/\/blogs.thesocialmedia.com\/leblogmoto\/2009\/02\/07\/des-radars-auto\/"]}]},{"@type":"ImageObject","inLanguage":"fr-FR","@id":"https:\/\/blogs.thesocialmedia.com\/leblogmoto\/2009\/02\/07\/des-radars-auto\/#primaryimage","url":"http:\/\/www.leblogmoto.com\/images\/2009\/02\/07\/tirelire_radar.jpg","contentUrl":"http:\/\/www.leblogmoto.com\/images\/2009\/02\/07\/tirelire_radar.jpg"},{"@type":"BreadcrumbList","@id":"https:\/\/blogs.thesocialmedia.com\/leblogmoto\/2009\/02\/07\/des-radars-auto\/#breadcrumb","itemListElement":[{"@type":"ListItem","position":1,"name":"Accueil","item":"https:\/\/blogs.thesocialmedia.com\/leblogmoto\/"},{"@type":"ListItem","position":2,"name":"Des radars, en long, en large, et en travers&#8230; de la gorge ?"}]},{"@type":"WebSite","@id":"https:\/\/blogs.thesocialmedia.com\/leblogmoto\/#website","url":"https:\/\/blogs.thesocialmedia.com\/leblogmoto\/","name":"leblogmoto","description":"Toute l&#039;actualit\u00e9 des 2 roues","potentialAction":[{"@type":"SearchAction","target":{"@type":"EntryPoint","urlTemplate":"https:\/\/blogs.thesocialmedia.com\/leblogmoto\/?s={search_term_string}"},"query-input":{"@type":"PropertyValueSpecification","valueRequired":true,"valueName":"search_term_string"}}],"inLanguage":"fr-FR"},{"@type":"Person","@id":"https:\/\/blogs.thesocialmedia.com\/leblogmoto\/#\/schema\/person\/18bfe773e5725ed6d24f743da805362a","name":"benoit rieu","image":{"@type":"ImageObject","inLanguage":"fr-FR","@id":"https:\/\/blogs.thesocialmedia.com\/leblogmoto\/#\/schema\/person\/image\/","url":"https:\/\/secure.gravatar.com\/avatar\/?s=96&d=mm&r=g","contentUrl":"https:\/\/secure.gravatar.com\/avatar\/?s=96&d=mm&r=g","caption":"benoit rieu"},"url":"https:\/\/blogs.thesocialmedia.com\/leblogmoto\/author\/benoit-rieu\/"}]}},"_links":{"self":[{"href":"https:\/\/blogs.thesocialmedia.com\/leblogmoto\/wp-json\/wp\/v2\/posts\/284","targetHints":{"allow":["GET"]}}],"collection":[{"href":"https:\/\/blogs.thesocialmedia.com\/leblogmoto\/wp-json\/wp\/v2\/posts"}],"about":[{"href":"https:\/\/blogs.thesocialmedia.com\/leblogmoto\/wp-json\/wp\/v2\/types\/post"}],"author":[{"embeddable":true,"href":"https:\/\/blogs.thesocialmedia.com\/leblogmoto\/wp-json\/wp\/v2\/users\/324"}],"replies":[{"embeddable":true,"href":"https:\/\/blogs.thesocialmedia.com\/leblogmoto\/wp-json\/wp\/v2\/comments?post=284"}],"version-history":[{"count":1,"href":"https:\/\/blogs.thesocialmedia.com\/leblogmoto\/wp-json\/wp\/v2\/posts\/284\/revisions"}],"predecessor-version":[{"id":4965,"href":"https:\/\/blogs.thesocialmedia.com\/leblogmoto\/wp-json\/wp\/v2\/posts\/284\/revisions\/4965"}],"wp:attachment":[{"href":"https:\/\/blogs.thesocialmedia.com\/leblogmoto\/wp-json\/wp\/v2\/media?parent=284"}],"wp:term":[{"taxonomy":"category","embeddable":true,"href":"https:\/\/blogs.thesocialmedia.com\/leblogmoto\/wp-json\/wp\/v2\/categories?post=284"},{"taxonomy":"post_tag","embeddable":true,"href":"https:\/\/blogs.thesocialmedia.com\/leblogmoto\/wp-json\/wp\/v2\/tags?post=284"}],"curies":[{"name":"wp","href":"https:\/\/api.w.org\/{rel}","templated":true}]}}