{"id":285,"date":"2009-02-06T05:09:01","date_gmt":"2009-02-06T05:09:01","guid":{"rendered":"http:\/\/blogs.thesocialmedia.com\/leblogmoto\/2009\/02\/06\/album-du-vendre-2\/"},"modified":"2012-07-11T17:03:56","modified_gmt":"2012-07-11T17:03:56","slug":"album-du-vendre-2","status":"publish","type":"post","link":"https:\/\/blogs.thesocialmedia.com\/leblogmoto\/2009\/02\/06\/album-du-vendre-2\/","title":{"rendered":"Album du vendredi, 3 roues"},"content":{"rendered":"<p><a href=\"http:\/\/blogs.thesocialmedia.com\/leblogmoto\/files\/2012\/07\/tri1.jpg\"><img loading=\"lazy\" decoding=\"async\" width=\"470\" height=\"361\"  alt=\"Tri1\" src=\"http:\/\/www.leblogmoto.com\/images\/2009\/02\/05\/tri1.jpg\" \/><\/a> <br \/><a href=\"http:\/\/www.ideabender.com\/index.html\"><em>Jerry Baber<\/em><\/a><\/p>\n<p>Il y a quelque chose avec les trois roues, une attirance\/r\u00e9pulsion qui vient sans doute de l\u2019enfance. Le tricycle est le premier v\u00e9ritable instrument de libert\u00e9, le v\u00e9hicule fondateur de notre autonomie, et en tant que tel, nous lui en sommes reconnaissants. En m\u00eame temps, on cherche \u00e0 s\u2019en \u00e9manciper le plus rapidement possible, pour ne plus \u00eatre un \u00abb\u00e9b\u00e9\u00bb, surtout s\u2019il y a des pressions d\u2019un entourage d\u00e9j\u00e0 pass\u00e9 aux deux roues.<\/p>\n<p>C\u2019est sans doute pourquoi nous retrouvons aujourd\u2019hui sur le march\u00e9 deux cat\u00e9gories bien distinctes de motos \u00e0 trois roues, dict\u00e9es soit par une contrainte, comme un handicap, ou par le pur plaisir des possibles.<br \/>Permettez-moi un apart\u00e9 sur le side-car qui, de par la notion d\u2019adition \u00e0 partir de consid\u00e9ration utilitaire, transforme la moto comme l\u2019ajout d\u2019une remorque transforme une voiture. Le changement n\u2019est pas fondamental.<br \/>Ainsi, le jour est peut-\u00eatre venu de revoir la nature de son moyen de transport lorsqu\u2019au guidon de son <a href=\"http:\/\/www.harley-davidson.com\/wcm\/Content\/Pages\/2009_Motorcycles\/2009_Motorcycles.jsp?locale=en_US#\/family\/to\">Electra Glide<\/a>, on laisse tra\u00eener les pieds au sol plus de 100 m\u00e8tres avant un arr\u00eat et autant apr\u00e8s, juste pour \u00eatre certains de ne pas l\u2019\u00e9chapper.<br \/>Ce march\u00e9 du trois roues, avec le vieillissement de la population dans nos soci\u00e9t\u00e9s occidentales, ne devrait pas conna\u00eetre trop de difficult\u00e9s.<br \/>Une moto conventionnelle se voit donc amputer de son train arri\u00e8re, et se fait greffer un essieu avec deux \u00e9normes pneus. L\u2019allure de ce type de v\u00e9hicules donne dans l\u2019opulence, pour compenser peut-\u00eatre la perte d\u2019une certaine autonomie.<br \/>Je trouve int\u00e9ressant un engin comme le <a href=\"http:\/\/spyder.brp.com\/fr-FR\/\">Spyder<\/a> de Can-Am qui se positionne comme un outil interm\u00e9diaire, moins d\u00e9bilitant d\u2019allure, et rassurant pour l\u2019ego. Une sorte de pr\u00e9paration psychologique avant l\u2019in\u00e9vitable.<\/p>\n<p>Et puis, \u00e0 l\u2019oppos\u00e9, des machines privil\u00e9giant le plaisir de rouler, g\u00e9n\u00e9ralement vite, poussant l\u2019enveloppe technologique dans ses retranchements, s\u2019essayant \u00e0 droite comme \u00e0 gauche, donnant un surplus de style \u00e0 d\u00e9faut, parfois, de substance.<\/p>\n<p>Trois roues, ce n\u2019est pas forc\u00e9ment mieux, mais c\u2019est plus stable\u2026 en ligne droite.<\/p>\n<p><em>Can Am Spyder<\/em><br \/><a href=\"http:\/\/clabedan.typepad.com\/.shared\/image.html?\/photos\/uncategorized\/2009\/02\/05\/tri2.jpg\"><img loading=\"lazy\" decoding=\"async\" width=\"470\" height=\"251\"  src=\"http:\/\/www.leblogmoto.com\/images\/2009\/02\/05\/tri2.jpg\" alt=\"Tri2\" \/><\/a> <\/p>\n<p><em>H-D Tri Glide<\/em><br \/><a href=\"http:\/\/blogs.thesocialmedia.com\/leblogmoto\/files\/2012\/07\/tri3.jpg\"><img loading=\"lazy\" decoding=\"async\" width=\"470\" height=\"329\"  src=\"http:\/\/www.leblogmoto.com\/images\/2009\/02\/05\/tri3.jpg\" alt=\"Tri3\" \/><\/a> <\/p>\n<p><a href=\"http:\/\/www.twistedtrikes.com\/TwistedTrikes.html\"><em>Twisted Trikes<\/em><\/a><br \/><a href=\"http:\/\/clabedan.typepad.com\/.shared\/image.html?\/photos\/uncategorized\/2009\/02\/05\/tri4.jpg\"><img loading=\"lazy\" decoding=\"async\" width=\"470\" height=\"239\"  src=\"http:\/\/www.leblogmoto.com\/images\/2009\/02\/05\/tri4.jpg\" alt=\"Tri4\" \/><\/a> <\/p>\n<p><a href=\"http:\/\/www.sub3wheeler.com\/index.php\"><em>Sub3Wheeler<\/em><\/a><br \/><a href=\"http:\/\/clabedan.typepad.com\/.shared\/image.html?\/photos\/uncategorized\/2009\/02\/05\/tri5.jpg\"><img loading=\"lazy\" decoding=\"async\" width=\"470\" height=\"352\"  src=\"http:\/\/www.leblogmoto.com\/images\/2009\/02\/05\/tri5.jpg\" alt=\"Tri5\" \/><\/a> <\/p>\n<p><a href=\"http:\/\/www.apriliausa.com\/magazine_dettaglio.asp?id=355\"><em>Aprilia Magnet<\/em><\/a><br \/><a href=\"http:\/\/clabedan.typepad.com\/.shared\/image.html?\/photos\/uncategorized\/2009\/02\/05\/tri6.jpg\"><img loading=\"lazy\" decoding=\"async\" width=\"470\" height=\"293\"  src=\"http:\/\/www.leblogmoto.com\/images\/2009\/02\/05\/tri6.jpg\" alt=\"Tri6\" \/><\/a> <\/p>\n<p><a href=\"http:\/\/www.diseno-art.com\/encyclopedia\/concept_cars\/volkswagen_gx3.html\"><em>Volks GX3<\/em><\/a><br \/><a href=\"http:\/\/clabedan.typepad.com\/.shared\/image.html?\/photos\/uncategorized\/2009\/02\/05\/tri7.jpg\"><img loading=\"lazy\" decoding=\"async\" width=\"470\" height=\"176\"  src=\"http:\/\/www.leblogmoto.com\/images\/2009\/02\/05\/tri7.jpg\" alt=\"Tri7\" \/><\/a> <\/p>\n<p><a href=\"http:\/\/www.carver-worldwide.com\/\"><em>Carver One<\/em><\/a><br \/><a href=\"http:\/\/clabedan.typepad.com\/.shared\/image.html?\/photos\/uncategorized\/2009\/02\/05\/tri8.jpg\"><img loading=\"lazy\" decoding=\"async\" width=\"470\" height=\"147\"  src=\"http:\/\/www.leblogmoto.com\/images\/2009\/02\/05\/tri8.jpg\" alt=\"Tri8\" \/><\/a> <\/p>\n<p><a href=\"http:\/\/www.cree.ch\/\"><em>Cree-Sam<\/em><\/a><br \/><a href=\"http:\/\/clabedan.typepad.com\/.shared\/image.html?\/photos\/uncategorized\/2009\/02\/05\/tri9.jpg\"><img loading=\"lazy\" decoding=\"async\" width=\"470\" height=\"343\"  src=\"http:\/\/www.leblogmoto.com\/images\/2009\/02\/05\/tri9.jpg\" alt=\"Tri9\" \/><\/a> <\/p>\n<p><a href=\"http:\/\/carscoop.blogspot.com\/2006\/04\/bmw-clever-concept_20.html\"><em>BMW Clever<\/em><\/a><br \/><a href=\"http:\/\/clabedan.typepad.com\/.shared\/image.html?\/photos\/uncategorized\/2009\/02\/05\/tri10.jpg\"><img loading=\"lazy\" decoding=\"async\" width=\"470\" height=\"283\"  src=\"http:\/\/www.leblogmoto.com\/images\/2009\/02\/05\/tri10.jpg\" alt=\"Tri10\" \/><\/a> <\/p>\n<p><a href=\"http:\/\/www.gizmag.com\/go\/3628\/\"><em>Mercedes F300<\/em><\/a><br \/><a href=\"http:\/\/clabedan.typepad.com\/.shared\/image.html?\/photos\/uncategorized\/2009\/02\/05\/tri11.jpg\"><img loading=\"lazy\" decoding=\"async\" width=\"470\" height=\"165\"  src=\"http:\/\/www.leblogmoto.com\/images\/2009\/02\/05\/tri11.jpg\" alt=\"Tri11\" \/><\/a> <\/p>\n<p><a href=\"http:\/\/www.netcarshow.com\/toyota\/2007-i-real_concept\/\"><em>Toyota iReal<\/em><\/a><br \/><a href=\"http:\/\/clabedan.typepad.com\/.shared\/image.html?\/photos\/uncategorized\/2009\/02\/05\/tri12.jpg\"><img loading=\"lazy\" decoding=\"async\" width=\"470\" height=\"352\"  src=\"http:\/\/www.leblogmoto.com\/images\/2009\/02\/05\/tri12.jpg\" alt=\"Tri12\" \/><\/a> <\/p>\n<p><a href=\"http:\/\/www.naodesign.net\/aphaeno.htm\"><em>Aphaenogaster<\/em><\/a><br \/><a href=\"http:\/\/clabedan.typepad.com\/.shared\/image.html?\/photos\/uncategorized\/2009\/02\/05\/tri13.jpg\"><img loading=\"lazy\" decoding=\"async\" width=\"470\" height=\"285\"  src=\"http:\/\/www.leblogmoto.com\/images\/2009\/02\/05\/tri13.jpg\" alt=\"Tri13\" \/><\/a> <\/p>\n<p><a href=\"http:\/\/www.side-bike.com\/\"><em>Celtik<br \/><a href=\"http:\/\/clabedan.typepad.com\/.shared\/image.html?\/photos\/uncategorized\/2009\/02\/06\/tri55.jpg\"><img loading=\"lazy\" decoding=\"async\" width=\"470\" height=\"312\"  src=\"http:\/\/www.leblogmoto.com\/images\/2009\/02\/06\/tri55.jpg\" alt=\"Tri55\" \/><\/a> <br \/><\/em><\/a><\/p>\n","protected":false},"excerpt":{"rendered":"<p>Jerry Baber Il y a quelque chose avec les trois roues, une attirance\/r\u00e9pulsion qui vient sans doute de l\u2019enfance. Le tricycle est le premier v\u00e9ritable instrument de libert\u00e9, le v\u00e9hicule fondateur de notre autonomie, et en tant que tel, nous lui en sommes reconnaissants. En m\u00eame temps, on cherche \u00e0 s\u2019en \u00e9manciper le plus rapidement [&hellip;]<\/p>\n","protected":false},"author":325,"featured_media":0,"comment_status":"open","ping_status":"open","sticky":false,"template":"","format":"standard","meta":{"footnotes":""},"categories":[67,17,29,52],"tags":[],"class_list":["post-285","post","type-post","status-publish","format-standard","hentry","category-brp","category-divers","category-harley-davidson","category-trike"],"yoast_head":"<!-- This site is optimized with the Yoast SEO plugin v26.0 - https:\/\/yoast.com\/wordpress\/plugins\/seo\/ -->\n<title>Album du vendredi, 3 roues - leblogmoto.com<\/title>\n<meta name=\"robots\" content=\"index, follow, max-snippet:-1, max-image-preview:large, max-video-preview:-1\" \/>\n<link rel=\"canonical\" href=\"https:\/\/blogs.thesocialmedia.com\/leblogmoto\/2009\/02\/06\/album-du-vendre-2\/\" \/>\n<meta name=\"twitter:card\" content=\"summary_large_image\" \/>\n<meta name=\"twitter:title\" content=\"Album du vendredi, 3 roues - leblogmoto.com\" \/>\n<meta name=\"twitter:description\" content=\"Jerry Baber Il y a quelque chose avec les trois roues, une attirance\/r\u00e9pulsion qui vient sans doute de l\u2019enfance. Le tricycle est le premier v\u00e9ritable instrument de libert\u00e9, le v\u00e9hicule fondateur de notre autonomie, et en tant que tel, nous lui en sommes reconnaissants. En m\u00eame temps, on cherche \u00e0 s\u2019en \u00e9manciper le plus rapidement [&hellip;]\" \/>\n<meta name=\"twitter:image\" content=\"http:\/\/www.leblogmoto.com\/images\/2009\/02\/05\/tri1.jpg\" \/>\n<meta name=\"twitter:label1\" content=\"\u00c9crit par\" \/>\n\t<meta name=\"twitter:data1\" content=\"jacques lesage\" \/>\n\t<meta name=\"twitter:label2\" content=\"Dur\u00e9e de lecture estim\u00e9e\" \/>\n\t<meta name=\"twitter:data2\" content=\"2 minutes\" \/>\n<script type=\"application\/ld+json\" class=\"yoast-schema-graph\">{\"@context\":\"https:\/\/schema.org\",\"@graph\":[{\"@type\":\"WebPage\",\"@id\":\"https:\/\/blogs.thesocialmedia.com\/leblogmoto\/2009\/02\/06\/album-du-vendre-2\/\",\"url\":\"https:\/\/blogs.thesocialmedia.com\/leblogmoto\/2009\/02\/06\/album-du-vendre-2\/\",\"name\":\"Album du vendredi, 3 roues - leblogmoto.com\",\"isPartOf\":{\"@id\":\"https:\/\/blogs.thesocialmedia.com\/leblogmoto\/#website\"},\"primaryImageOfPage\":{\"@id\":\"https:\/\/blogs.thesocialmedia.com\/leblogmoto\/2009\/02\/06\/album-du-vendre-2\/#primaryimage\"},\"image\":{\"@id\":\"https:\/\/blogs.thesocialmedia.com\/leblogmoto\/2009\/02\/06\/album-du-vendre-2\/#primaryimage\"},\"thumbnailUrl\":\"http:\/\/www.leblogmoto.com\/images\/2009\/02\/05\/tri1.jpg\",\"datePublished\":\"2009-02-06T05:09:01+00:00\",\"dateModified\":\"2012-07-11T17:03:56+00:00\",\"author\":{\"@id\":\"https:\/\/blogs.thesocialmedia.com\/leblogmoto\/#\/schema\/person\/e82a0ca8a9a63d031586097a3ed58526\"},\"breadcrumb\":{\"@id\":\"https:\/\/blogs.thesocialmedia.com\/leblogmoto\/2009\/02\/06\/album-du-vendre-2\/#breadcrumb\"},\"inLanguage\":\"fr-FR\",\"potentialAction\":[{\"@type\":\"ReadAction\",\"target\":[\"https:\/\/blogs.thesocialmedia.com\/leblogmoto\/2009\/02\/06\/album-du-vendre-2\/\"]}]},{\"@type\":\"ImageObject\",\"inLanguage\":\"fr-FR\",\"@id\":\"https:\/\/blogs.thesocialmedia.com\/leblogmoto\/2009\/02\/06\/album-du-vendre-2\/#primaryimage\",\"url\":\"http:\/\/www.leblogmoto.com\/images\/2009\/02\/05\/tri1.jpg\",\"contentUrl\":\"http:\/\/www.leblogmoto.com\/images\/2009\/02\/05\/tri1.jpg\"},{\"@type\":\"BreadcrumbList\",\"@id\":\"https:\/\/blogs.thesocialmedia.com\/leblogmoto\/2009\/02\/06\/album-du-vendre-2\/#breadcrumb\",\"itemListElement\":[{\"@type\":\"ListItem\",\"position\":1,\"name\":\"Accueil\",\"item\":\"https:\/\/blogs.thesocialmedia.com\/leblogmoto\/\"},{\"@type\":\"ListItem\",\"position\":2,\"name\":\"Album du vendredi, 3 roues\"}]},{\"@type\":\"WebSite\",\"@id\":\"https:\/\/blogs.thesocialmedia.com\/leblogmoto\/#website\",\"url\":\"https:\/\/blogs.thesocialmedia.com\/leblogmoto\/\",\"name\":\"leblogmoto\",\"description\":\"Toute l&#039;actualit\u00e9 des 2 roues\",\"potentialAction\":[{\"@type\":\"SearchAction\",\"target\":{\"@type\":\"EntryPoint\",\"urlTemplate\":\"https:\/\/blogs.thesocialmedia.com\/leblogmoto\/?s={search_term_string}\"},\"query-input\":{\"@type\":\"PropertyValueSpecification\",\"valueRequired\":true,\"valueName\":\"search_term_string\"}}],\"inLanguage\":\"fr-FR\"},{\"@type\":\"Person\",\"@id\":\"https:\/\/blogs.thesocialmedia.com\/leblogmoto\/#\/schema\/person\/e82a0ca8a9a63d031586097a3ed58526\",\"name\":\"jacques lesage\",\"image\":{\"@type\":\"ImageObject\",\"inLanguage\":\"fr-FR\",\"@id\":\"https:\/\/blogs.thesocialmedia.com\/leblogmoto\/#\/schema\/person\/image\/\",\"url\":\"https:\/\/secure.gravatar.com\/avatar\/?s=96&d=mm&r=g\",\"contentUrl\":\"https:\/\/secure.gravatar.com\/avatar\/?s=96&d=mm&r=g\",\"caption\":\"jacques lesage\"},\"url\":\"https:\/\/blogs.thesocialmedia.com\/leblogmoto\/author\/jacques-lesage\/\"}]}<\/script>\n<!-- \/ Yoast SEO plugin. -->","yoast_head_json":{"title":"Album du vendredi, 3 roues - leblogmoto.com","robots":{"index":"index","follow":"follow","max-snippet":"max-snippet:-1","max-image-preview":"max-image-preview:large","max-video-preview":"max-video-preview:-1"},"canonical":"https:\/\/blogs.thesocialmedia.com\/leblogmoto\/2009\/02\/06\/album-du-vendre-2\/","twitter_card":"summary_large_image","twitter_title":"Album du vendredi, 3 roues - leblogmoto.com","twitter_description":"Jerry Baber Il y a quelque chose avec les trois roues, une attirance\/r\u00e9pulsion qui vient sans doute de l\u2019enfance. Le tricycle est le premier v\u00e9ritable instrument de libert\u00e9, le v\u00e9hicule fondateur de notre autonomie, et en tant que tel, nous lui en sommes reconnaissants. En m\u00eame temps, on cherche \u00e0 s\u2019en \u00e9manciper le plus rapidement [&hellip;]","twitter_image":"http:\/\/www.leblogmoto.com\/images\/2009\/02\/05\/tri1.jpg","twitter_misc":{"\u00c9crit par":"jacques lesage","Dur\u00e9e de lecture estim\u00e9e":"2 minutes"},"schema":{"@context":"https:\/\/schema.org","@graph":[{"@type":"WebPage","@id":"https:\/\/blogs.thesocialmedia.com\/leblogmoto\/2009\/02\/06\/album-du-vendre-2\/","url":"https:\/\/blogs.thesocialmedia.com\/leblogmoto\/2009\/02\/06\/album-du-vendre-2\/","name":"Album du vendredi, 3 roues - leblogmoto.com","isPartOf":{"@id":"https:\/\/blogs.thesocialmedia.com\/leblogmoto\/#website"},"primaryImageOfPage":{"@id":"https:\/\/blogs.thesocialmedia.com\/leblogmoto\/2009\/02\/06\/album-du-vendre-2\/#primaryimage"},"image":{"@id":"https:\/\/blogs.thesocialmedia.com\/leblogmoto\/2009\/02\/06\/album-du-vendre-2\/#primaryimage"},"thumbnailUrl":"http:\/\/www.leblogmoto.com\/images\/2009\/02\/05\/tri1.jpg","datePublished":"2009-02-06T05:09:01+00:00","dateModified":"2012-07-11T17:03:56+00:00","author":{"@id":"https:\/\/blogs.thesocialmedia.com\/leblogmoto\/#\/schema\/person\/e82a0ca8a9a63d031586097a3ed58526"},"breadcrumb":{"@id":"https:\/\/blogs.thesocialmedia.com\/leblogmoto\/2009\/02\/06\/album-du-vendre-2\/#breadcrumb"},"inLanguage":"fr-FR","potentialAction":[{"@type":"ReadAction","target":["https:\/\/blogs.thesocialmedia.com\/leblogmoto\/2009\/02\/06\/album-du-vendre-2\/"]}]},{"@type":"ImageObject","inLanguage":"fr-FR","@id":"https:\/\/blogs.thesocialmedia.com\/leblogmoto\/2009\/02\/06\/album-du-vendre-2\/#primaryimage","url":"http:\/\/www.leblogmoto.com\/images\/2009\/02\/05\/tri1.jpg","contentUrl":"http:\/\/www.leblogmoto.com\/images\/2009\/02\/05\/tri1.jpg"},{"@type":"BreadcrumbList","@id":"https:\/\/blogs.thesocialmedia.com\/leblogmoto\/2009\/02\/06\/album-du-vendre-2\/#breadcrumb","itemListElement":[{"@type":"ListItem","position":1,"name":"Accueil","item":"https:\/\/blogs.thesocialmedia.com\/leblogmoto\/"},{"@type":"ListItem","position":2,"name":"Album du vendredi, 3 roues"}]},{"@type":"WebSite","@id":"https:\/\/blogs.thesocialmedia.com\/leblogmoto\/#website","url":"https:\/\/blogs.thesocialmedia.com\/leblogmoto\/","name":"leblogmoto","description":"Toute l&#039;actualit\u00e9 des 2 roues","potentialAction":[{"@type":"SearchAction","target":{"@type":"EntryPoint","urlTemplate":"https:\/\/blogs.thesocialmedia.com\/leblogmoto\/?s={search_term_string}"},"query-input":{"@type":"PropertyValueSpecification","valueRequired":true,"valueName":"search_term_string"}}],"inLanguage":"fr-FR"},{"@type":"Person","@id":"https:\/\/blogs.thesocialmedia.com\/leblogmoto\/#\/schema\/person\/e82a0ca8a9a63d031586097a3ed58526","name":"jacques lesage","image":{"@type":"ImageObject","inLanguage":"fr-FR","@id":"https:\/\/blogs.thesocialmedia.com\/leblogmoto\/#\/schema\/person\/image\/","url":"https:\/\/secure.gravatar.com\/avatar\/?s=96&d=mm&r=g","contentUrl":"https:\/\/secure.gravatar.com\/avatar\/?s=96&d=mm&r=g","caption":"jacques lesage"},"url":"https:\/\/blogs.thesocialmedia.com\/leblogmoto\/author\/jacques-lesage\/"}]}},"_links":{"self":[{"href":"https:\/\/blogs.thesocialmedia.com\/leblogmoto\/wp-json\/wp\/v2\/posts\/285","targetHints":{"allow":["GET"]}}],"collection":[{"href":"https:\/\/blogs.thesocialmedia.com\/leblogmoto\/wp-json\/wp\/v2\/posts"}],"about":[{"href":"https:\/\/blogs.thesocialmedia.com\/leblogmoto\/wp-json\/wp\/v2\/types\/post"}],"author":[{"embeddable":true,"href":"https:\/\/blogs.thesocialmedia.com\/leblogmoto\/wp-json\/wp\/v2\/users\/325"}],"replies":[{"embeddable":true,"href":"https:\/\/blogs.thesocialmedia.com\/leblogmoto\/wp-json\/wp\/v2\/comments?post=285"}],"version-history":[{"count":2,"href":"https:\/\/blogs.thesocialmedia.com\/leblogmoto\/wp-json\/wp\/v2\/posts\/285\/revisions"}],"predecessor-version":[{"id":12708,"href":"https:\/\/blogs.thesocialmedia.com\/leblogmoto\/wp-json\/wp\/v2\/posts\/285\/revisions\/12708"}],"wp:attachment":[{"href":"https:\/\/blogs.thesocialmedia.com\/leblogmoto\/wp-json\/wp\/v2\/media?parent=285"}],"wp:term":[{"taxonomy":"category","embeddable":true,"href":"https:\/\/blogs.thesocialmedia.com\/leblogmoto\/wp-json\/wp\/v2\/categories?post=285"},{"taxonomy":"post_tag","embeddable":true,"href":"https:\/\/blogs.thesocialmedia.com\/leblogmoto\/wp-json\/wp\/v2\/tags?post=285"}],"curies":[{"name":"wp","href":"https:\/\/api.w.org\/{rel}","templated":true}]}}