{"id":286,"date":"2009-02-05T23:37:10","date_gmt":"2009-02-05T23:37:10","guid":{"rendered":"http:\/\/blogs.thesocialmedia.com\/leblogmoto\/2009\/02\/05\/carey-hart-pour\/"},"modified":"2012-07-11T17:03:51","modified_gmt":"2012-07-11T17:03:51","slug":"carey-hart-pour","status":"publish","type":"post","link":"https:\/\/blogs.thesocialmedia.com\/leblogmoto\/2009\/02\/05\/carey-hart-pour\/","title":{"rendered":"Carey Hart poursuit sa collaboration avec la Peta."},"content":{"rendered":"<p><a href=\"http:\/\/blogs.thesocialmedia.com\/leblogmoto\/files\/2012\/07\/moto_carey_hart_peta_1.jpg\"><img loading=\"lazy\" decoding=\"async\" width=\"470\" height=\"618\" alt=\"Moto_carey_hart_peta_1\" src=\"http:\/\/www.leblogmoto.com\/images\/2009\/02\/05\/moto_carey_hart_peta_1.jpg\"  \/><\/a><\/p>\n<p>Je ne sais comment traduire ce titre de la <a href=\"http:\/\/www.petafrance.com\/\">Peta<\/a>, tout en respectant la rime qui en fait une accroche de leur nouvelle campagne: &quot;Tatouage, mais pas de pelage&quot;, &quot;Ecriture oui, Fourrure non&quot;, &quot;Tatouons, mais pas de vison&quot; peut-\u00eatre. Toute autre suggestion est la bienvenue. A bient\u00f4t 34 ans, le <em>freestyler<\/em>, crossman et supermotard de Las Vegas continue de d\u00e9fendre la cause animale donc, apr\u00e8s le remarqu\u00e9 visuel &quot;Les cha\u00eenes sont faites pour les motos, pas pour les chiens&quot;, comme le montre la photo qui suit. Au del\u00e0 de la sinc\u00e9rit\u00e9 de son engagement (que je ne conteste pas), c&rsquo;est aussi le moyen pour le champion de FMX de capitaliser sur sa c\u00e9l\u00e9brit\u00e9, ce pilote se faisant conna\u00eetre par ses apparitions dans les medias et ses contrats publicitaires, apr\u00e8s de r\u00e9els exploits au guidon. Carey Hart est ainsi le second* a avoir tent\u00e9 le <em>backflip<\/em> en comp\u00e9tition de FMX, au Gravity Games en 2000, apr\u00e8s <a href=\"http:\/\/www.leblogmoto.com\/2008\/02\/la-lgende-du-fm.html\">Travis<\/a> Pastrana. Le m\u00eame <a href=\"http:\/\/www.leblogmoto.com\/2008\/03\/travis-pastrana.html\">Pastrana<\/a> qui r\u00e9ussira le <em>double<\/em> backflip en 2006. Parlant de tatouages, Hart avait \u00e9pous\u00e9 la chanteuse <a href=\"http:\/\/www.youtube.com\/watch?v=dJZDsJ8UU64&amp;feature=related\">Pink<\/a>. Les deux sont divorc\u00e9s depuis un an, mais rest\u00e9s en tr\u00e8s bon termes**. Pink est aussi une <a href=\"http:\/\/en.wikipedia.org\/wiki\/File:Pink_for_PETA.JPG\">ardente protectrice<\/a> des b\u00eates au sein de la m\u00eame association. La chanteuse l&rsquo;avait demand\u00e9 en mariage pendant une comp\u00e9tition \u00e0 <em>Mammoth Lake<\/em> en utilisant le panneautage &quot;Will you marry me ?&quot; (et \u00e0 l&rsquo;envers du <em>pit board<\/em>: &quot;I&rsquo;m serious !&quot;). Cette intervention a manqu\u00e9 cr\u00e9er un accident. C&rsquo;est pas mignon tout de m\u00eame ? Encore plus quand cela vient de la demoiselle&#8230; <\/p>\n<p><em>*et non le premier comme l&rsquo;affirme le texte accompagnant la vid\u00e9o de YouTube, vid\u00e9o ins\u00e9r\u00e9e dans cet article.<\/em><\/p>\n<p><em>**la chanson link\u00e9e sur &quot;Pink&quot;,<\/em> <em>intitul\u00e9e<\/em> <em>So What,<\/em> <em>est d\u00e9di\u00e9e \u00e0 leur s\u00e9paration, Carey appara\u00eet d&rsquo;ailleurs dans le clip.<\/em> <\/p>\n<p><em>source de la news originale: <a href=\"http:\/\/www.popcrunch.com\/carey-hart-peta-ad-photo-ink-not-mink\/\">Popcrunch.com<\/a><\/em><\/p>\n<p><a href=\"http:\/\/clabedan.typepad.com\/.shared\/image.html?\/photos\/uncategorized\/2009\/02\/05\/moto_carey_hart_640_carey_hart_ad.jpg\"><img loading=\"lazy\" decoding=\"async\" width=\"470\" height=\"619\" alt=\"Moto_carey_hart_640_carey_hart_ad\" src=\"http:\/\/www.leblogmoto.com\/images\/2009\/02\/05\/moto_carey_hart_640_carey_hart_ad.jpg\"  \/><\/a><\/p>\n<p><object width=\"425\" height=\"344\"><embed width=\"425\" height=\"344\" src=\"http:\/\/www.youtube.com\/v\/Buw2YDkNx5w&amp;hl=fr&amp;fs=1\" type=\"application\/x-shockwave-flash\"><\/embed><\/object><\/p>\n","protected":false},"excerpt":{"rendered":"<p>Je ne sais comment traduire ce titre de la Peta, tout en respectant la rime qui en fait une accroche de leur nouvelle campagne: &quot;Tatouage, mais pas de pelage&quot;, &quot;Ecriture oui, Fourrure non&quot;, &quot;Tatouons, mais pas de vison&quot; peut-\u00eatre. Toute autre suggestion est la bienvenue. A bient\u00f4t 34 ans, le freestyler, crossman et supermotard de [&hellip;]<\/p>\n","protected":false},"author":324,"featured_media":0,"comment_status":"open","ping_status":"open","sticky":false,"template":"","format":"standard","meta":{"footnotes":""},"categories":[3,17,40,12],"tags":[],"class_list":["post-286","post","type-post","status-publish","format-standard","hentry","category-actualite","category-divers","category-fmx","category-videos"],"yoast_head":"<!-- This site is optimized with the Yoast SEO plugin v26.0 - https:\/\/yoast.com\/wordpress\/plugins\/seo\/ -->\n<title>Carey Hart poursuit sa collaboration avec la Peta. - leblogmoto.com<\/title>\n<meta name=\"robots\" content=\"index, follow, max-snippet:-1, max-image-preview:large, max-video-preview:-1\" \/>\n<link rel=\"canonical\" href=\"https:\/\/blogs.thesocialmedia.com\/leblogmoto\/2009\/02\/05\/carey-hart-pour\/\" \/>\n<meta name=\"twitter:card\" content=\"summary_large_image\" \/>\n<meta name=\"twitter:title\" content=\"Carey Hart poursuit sa collaboration avec la Peta. - leblogmoto.com\" \/>\n<meta name=\"twitter:description\" content=\"Je ne sais comment traduire ce titre de la Peta, tout en respectant la rime qui en fait une accroche de leur nouvelle campagne: &quot;Tatouage, mais pas de pelage&quot;, &quot;Ecriture oui, Fourrure non&quot;, &quot;Tatouons, mais pas de vison&quot; peut-\u00eatre. Toute autre suggestion est la bienvenue. A bient\u00f4t 34 ans, le freestyler, crossman et supermotard de [&hellip;]\" \/>\n<meta name=\"twitter:image\" content=\"http:\/\/www.leblogmoto.com\/images\/2009\/02\/05\/moto_carey_hart_peta_1.jpg\" \/>\n<meta name=\"twitter:label1\" content=\"\u00c9crit par\" \/>\n\t<meta name=\"twitter:data1\" content=\"benoit rieu\" \/>\n\t<meta name=\"twitter:label2\" content=\"Dur\u00e9e de lecture estim\u00e9e\" \/>\n\t<meta name=\"twitter:data2\" content=\"2 minutes\" \/>\n<script type=\"application\/ld+json\" class=\"yoast-schema-graph\">{\"@context\":\"https:\/\/schema.org\",\"@graph\":[{\"@type\":\"WebPage\",\"@id\":\"https:\/\/blogs.thesocialmedia.com\/leblogmoto\/2009\/02\/05\/carey-hart-pour\/\",\"url\":\"https:\/\/blogs.thesocialmedia.com\/leblogmoto\/2009\/02\/05\/carey-hart-pour\/\",\"name\":\"Carey Hart poursuit sa collaboration avec la Peta. - leblogmoto.com\",\"isPartOf\":{\"@id\":\"https:\/\/blogs.thesocialmedia.com\/leblogmoto\/#website\"},\"primaryImageOfPage\":{\"@id\":\"https:\/\/blogs.thesocialmedia.com\/leblogmoto\/2009\/02\/05\/carey-hart-pour\/#primaryimage\"},\"image\":{\"@id\":\"https:\/\/blogs.thesocialmedia.com\/leblogmoto\/2009\/02\/05\/carey-hart-pour\/#primaryimage\"},\"thumbnailUrl\":\"http:\/\/www.leblogmoto.com\/images\/2009\/02\/05\/moto_carey_hart_peta_1.jpg\",\"datePublished\":\"2009-02-05T23:37:10+00:00\",\"dateModified\":\"2012-07-11T17:03:51+00:00\",\"author\":{\"@id\":\"https:\/\/blogs.thesocialmedia.com\/leblogmoto\/#\/schema\/person\/18bfe773e5725ed6d24f743da805362a\"},\"breadcrumb\":{\"@id\":\"https:\/\/blogs.thesocialmedia.com\/leblogmoto\/2009\/02\/05\/carey-hart-pour\/#breadcrumb\"},\"inLanguage\":\"fr-FR\",\"potentialAction\":[{\"@type\":\"ReadAction\",\"target\":[\"https:\/\/blogs.thesocialmedia.com\/leblogmoto\/2009\/02\/05\/carey-hart-pour\/\"]}]},{\"@type\":\"ImageObject\",\"inLanguage\":\"fr-FR\",\"@id\":\"https:\/\/blogs.thesocialmedia.com\/leblogmoto\/2009\/02\/05\/carey-hart-pour\/#primaryimage\",\"url\":\"http:\/\/www.leblogmoto.com\/images\/2009\/02\/05\/moto_carey_hart_peta_1.jpg\",\"contentUrl\":\"http:\/\/www.leblogmoto.com\/images\/2009\/02\/05\/moto_carey_hart_peta_1.jpg\"},{\"@type\":\"BreadcrumbList\",\"@id\":\"https:\/\/blogs.thesocialmedia.com\/leblogmoto\/2009\/02\/05\/carey-hart-pour\/#breadcrumb\",\"itemListElement\":[{\"@type\":\"ListItem\",\"position\":1,\"name\":\"Accueil\",\"item\":\"https:\/\/blogs.thesocialmedia.com\/leblogmoto\/\"},{\"@type\":\"ListItem\",\"position\":2,\"name\":\"Carey Hart poursuit sa collaboration avec la Peta.\"}]},{\"@type\":\"WebSite\",\"@id\":\"https:\/\/blogs.thesocialmedia.com\/leblogmoto\/#website\",\"url\":\"https:\/\/blogs.thesocialmedia.com\/leblogmoto\/\",\"name\":\"leblogmoto\",\"description\":\"Toute l&#039;actualit\u00e9 des 2 roues\",\"potentialAction\":[{\"@type\":\"SearchAction\",\"target\":{\"@type\":\"EntryPoint\",\"urlTemplate\":\"https:\/\/blogs.thesocialmedia.com\/leblogmoto\/?s={search_term_string}\"},\"query-input\":{\"@type\":\"PropertyValueSpecification\",\"valueRequired\":true,\"valueName\":\"search_term_string\"}}],\"inLanguage\":\"fr-FR\"},{\"@type\":\"Person\",\"@id\":\"https:\/\/blogs.thesocialmedia.com\/leblogmoto\/#\/schema\/person\/18bfe773e5725ed6d24f743da805362a\",\"name\":\"benoit rieu\",\"image\":{\"@type\":\"ImageObject\",\"inLanguage\":\"fr-FR\",\"@id\":\"https:\/\/blogs.thesocialmedia.com\/leblogmoto\/#\/schema\/person\/image\/\",\"url\":\"https:\/\/secure.gravatar.com\/avatar\/?s=96&d=mm&r=g\",\"contentUrl\":\"https:\/\/secure.gravatar.com\/avatar\/?s=96&d=mm&r=g\",\"caption\":\"benoit rieu\"},\"url\":\"https:\/\/blogs.thesocialmedia.com\/leblogmoto\/author\/benoit-rieu\/\"}]}<\/script>\n<!-- \/ Yoast SEO plugin. -->","yoast_head_json":{"title":"Carey Hart poursuit sa collaboration avec la Peta. - leblogmoto.com","robots":{"index":"index","follow":"follow","max-snippet":"max-snippet:-1","max-image-preview":"max-image-preview:large","max-video-preview":"max-video-preview:-1"},"canonical":"https:\/\/blogs.thesocialmedia.com\/leblogmoto\/2009\/02\/05\/carey-hart-pour\/","twitter_card":"summary_large_image","twitter_title":"Carey Hart poursuit sa collaboration avec la Peta. - leblogmoto.com","twitter_description":"Je ne sais comment traduire ce titre de la Peta, tout en respectant la rime qui en fait une accroche de leur nouvelle campagne: &quot;Tatouage, mais pas de pelage&quot;, &quot;Ecriture oui, Fourrure non&quot;, &quot;Tatouons, mais pas de vison&quot; peut-\u00eatre. Toute autre suggestion est la bienvenue. A bient\u00f4t 34 ans, le freestyler, crossman et supermotard de [&hellip;]","twitter_image":"http:\/\/www.leblogmoto.com\/images\/2009\/02\/05\/moto_carey_hart_peta_1.jpg","twitter_misc":{"\u00c9crit par":"benoit rieu","Dur\u00e9e de lecture estim\u00e9e":"2 minutes"},"schema":{"@context":"https:\/\/schema.org","@graph":[{"@type":"WebPage","@id":"https:\/\/blogs.thesocialmedia.com\/leblogmoto\/2009\/02\/05\/carey-hart-pour\/","url":"https:\/\/blogs.thesocialmedia.com\/leblogmoto\/2009\/02\/05\/carey-hart-pour\/","name":"Carey Hart poursuit sa collaboration avec la Peta. - leblogmoto.com","isPartOf":{"@id":"https:\/\/blogs.thesocialmedia.com\/leblogmoto\/#website"},"primaryImageOfPage":{"@id":"https:\/\/blogs.thesocialmedia.com\/leblogmoto\/2009\/02\/05\/carey-hart-pour\/#primaryimage"},"image":{"@id":"https:\/\/blogs.thesocialmedia.com\/leblogmoto\/2009\/02\/05\/carey-hart-pour\/#primaryimage"},"thumbnailUrl":"http:\/\/www.leblogmoto.com\/images\/2009\/02\/05\/moto_carey_hart_peta_1.jpg","datePublished":"2009-02-05T23:37:10+00:00","dateModified":"2012-07-11T17:03:51+00:00","author":{"@id":"https:\/\/blogs.thesocialmedia.com\/leblogmoto\/#\/schema\/person\/18bfe773e5725ed6d24f743da805362a"},"breadcrumb":{"@id":"https:\/\/blogs.thesocialmedia.com\/leblogmoto\/2009\/02\/05\/carey-hart-pour\/#breadcrumb"},"inLanguage":"fr-FR","potentialAction":[{"@type":"ReadAction","target":["https:\/\/blogs.thesocialmedia.com\/leblogmoto\/2009\/02\/05\/carey-hart-pour\/"]}]},{"@type":"ImageObject","inLanguage":"fr-FR","@id":"https:\/\/blogs.thesocialmedia.com\/leblogmoto\/2009\/02\/05\/carey-hart-pour\/#primaryimage","url":"http:\/\/www.leblogmoto.com\/images\/2009\/02\/05\/moto_carey_hart_peta_1.jpg","contentUrl":"http:\/\/www.leblogmoto.com\/images\/2009\/02\/05\/moto_carey_hart_peta_1.jpg"},{"@type":"BreadcrumbList","@id":"https:\/\/blogs.thesocialmedia.com\/leblogmoto\/2009\/02\/05\/carey-hart-pour\/#breadcrumb","itemListElement":[{"@type":"ListItem","position":1,"name":"Accueil","item":"https:\/\/blogs.thesocialmedia.com\/leblogmoto\/"},{"@type":"ListItem","position":2,"name":"Carey Hart poursuit sa collaboration avec la Peta."}]},{"@type":"WebSite","@id":"https:\/\/blogs.thesocialmedia.com\/leblogmoto\/#website","url":"https:\/\/blogs.thesocialmedia.com\/leblogmoto\/","name":"leblogmoto","description":"Toute l&#039;actualit\u00e9 des 2 roues","potentialAction":[{"@type":"SearchAction","target":{"@type":"EntryPoint","urlTemplate":"https:\/\/blogs.thesocialmedia.com\/leblogmoto\/?s={search_term_string}"},"query-input":{"@type":"PropertyValueSpecification","valueRequired":true,"valueName":"search_term_string"}}],"inLanguage":"fr-FR"},{"@type":"Person","@id":"https:\/\/blogs.thesocialmedia.com\/leblogmoto\/#\/schema\/person\/18bfe773e5725ed6d24f743da805362a","name":"benoit rieu","image":{"@type":"ImageObject","inLanguage":"fr-FR","@id":"https:\/\/blogs.thesocialmedia.com\/leblogmoto\/#\/schema\/person\/image\/","url":"https:\/\/secure.gravatar.com\/avatar\/?s=96&d=mm&r=g","contentUrl":"https:\/\/secure.gravatar.com\/avatar\/?s=96&d=mm&r=g","caption":"benoit rieu"},"url":"https:\/\/blogs.thesocialmedia.com\/leblogmoto\/author\/benoit-rieu\/"}]}},"_links":{"self":[{"href":"https:\/\/blogs.thesocialmedia.com\/leblogmoto\/wp-json\/wp\/v2\/posts\/286","targetHints":{"allow":["GET"]}}],"collection":[{"href":"https:\/\/blogs.thesocialmedia.com\/leblogmoto\/wp-json\/wp\/v2\/posts"}],"about":[{"href":"https:\/\/blogs.thesocialmedia.com\/leblogmoto\/wp-json\/wp\/v2\/types\/post"}],"author":[{"embeddable":true,"href":"https:\/\/blogs.thesocialmedia.com\/leblogmoto\/wp-json\/wp\/v2\/users\/324"}],"replies":[{"embeddable":true,"href":"https:\/\/blogs.thesocialmedia.com\/leblogmoto\/wp-json\/wp\/v2\/comments?post=286"}],"version-history":[{"count":2,"href":"https:\/\/blogs.thesocialmedia.com\/leblogmoto\/wp-json\/wp\/v2\/posts\/286\/revisions"}],"predecessor-version":[{"id":12705,"href":"https:\/\/blogs.thesocialmedia.com\/leblogmoto\/wp-json\/wp\/v2\/posts\/286\/revisions\/12705"}],"wp:attachment":[{"href":"https:\/\/blogs.thesocialmedia.com\/leblogmoto\/wp-json\/wp\/v2\/media?parent=286"}],"wp:term":[{"taxonomy":"category","embeddable":true,"href":"https:\/\/blogs.thesocialmedia.com\/leblogmoto\/wp-json\/wp\/v2\/categories?post=286"},{"taxonomy":"post_tag","embeddable":true,"href":"https:\/\/blogs.thesocialmedia.com\/leblogmoto\/wp-json\/wp\/v2\/tags?post=286"}],"curies":[{"name":"wp","href":"https:\/\/api.w.org\/{rel}","templated":true}]}}