{"id":29,"date":"2009-11-23T19:27:47","date_gmt":"2009-11-23T19:27:47","guid":{"rendered":"http:\/\/blogs.thesocialmedia.com\/leblogmoto\/2009\/11\/23\/deux-ouvrages-pour-jeter-un-coup-doeil-dans-le-retro\/"},"modified":"2012-07-11T17:42:31","modified_gmt":"2012-07-11T17:42:31","slug":"deux-ouvrages-pour-jeter-un-coup-doeil-dans-le-retro","status":"publish","type":"post","link":"https:\/\/blogs.thesocialmedia.com\/leblogmoto\/2009\/11\/23\/deux-ouvrages-pour-jeter-un-coup-doeil-dans-le-retro\/","title":{"rendered":"Deux ouvrages pour jeter un coup d&rsquo;oeil dans le r\u00e9tro."},"content":{"rendered":"<p><a href=\"http:\/\/blogs.thesocialmedia.com\/leblogmoto\/files\/2012\/07\/6a00d83451b18369e20120a6c9574b970b-popup.png\"><img decoding=\"async\" alt=\"Moto Livre 100 ans de Motos\" class=\"asset asset-image at-xid-6a00d83451b18369e20120a6c9574b970b \" src=\"http:\/\/blogs.thesocialmedia.com\/leblogmoto\/files\/2012\/07\/6a00d83451b18369e20120a6c9574b970b-500wi.jpg\" \/><\/a><\/p>\n<p><a href=\"http:\/\/blogs.thesocialmedia.com\/leblogmoto\/files\/2012\/07\/6a00d83451b18369e20120a6c957e7970b-popup.png\"><img decoding=\"async\" alt=\"Moto Livre Un si\u00e8cle de motos\" class=\"asset asset-image at-xid-6a00d83451b18369e20120a6c957e7970b \" src=\"http:\/\/blogs.thesocialmedia.com\/leblogmoto\/files\/2012\/07\/6a00d83451b18369e20120a6c957e7970b-500wi.jpg\" \/><\/a><\/p>\n<p>Pour rebondir sur le sujet de Jacques qui traitait des <a href=\"http:\/\/www.leblogmoto.com\/2009\/11\/le-v%C3%A9lo-%C3%A9lectrique-nest-pas-une-nouveaut%C3%A9-mais-celui-ci-de-la-compagnie-allemande-grace-semble-avoir-quelques-atout.html\">v\u00e9los \u00e9lectriques<\/a> voici&#160;un&#160;choix succinct&#160;d&#039;ouvrages tr\u00e8s r\u00e9cents (octobre et septembre de cette ann\u00e9e) sur l&#039;histoire de la moto. Pourquoi &quot;rebondir&quot;,&#160;car&#160;la naissance de la&#160;motocyclette consistait en&#160;l&#039;adjonction de moteur \u00e0 explosion sur des bicyclettes banales, comme le rappelle d&#039;ailleurs&#160;opportun\u00e9ment &quot;100 ans de moto&quot; de Francis Dr\u00e9er, sur son quatri\u00e8me de couverture. Sans aucun doute le plus exhaustif de notre choix, il&#160;couvre sur 400 pages l&#039;\u00e9volution des b\u00e9canes&#160;et se&#160;pr\u00e9sente sous la forme d&#039;un coffret en deux volumes: &quot;L&#039;\u00e2ge d&#039;or&quot; de 1900 \u00e0 1945, pr\u00e9c\u00e9dant chronologiquement &quot;Les temps modernes&quot;, depuis la fin de la guerre jusqu&#039;\u00e0 nos jours. <\/p>\n<\/p>\n<p>Le second livre intitul\u00e9 &quot;Un si\u00e8cle de motos&quot;, est&#160;publi\u00e9 au S\u00e9lection du Reader&#039;s Digest par Gilbert Lecat, et revendique quant \u00e0 lui une pr\u00e9sentation originale, th\u00e9matique puis chronologique.<\/p>\n<p>Certes, mais 175 pages pour un tel sujet,&#160;\u00e7a me semble un peu chiche. Et puisque cela n&#039;engage que moi, je me permets de pr\u00e9f\u00e9rer le premier au second, quitte \u00e0 compl\u00e9ter plus tard.&#160;D&#039;autant qu&#039;ils sont quasiment au m\u00eame prix, autour de 28 \u20ac chez <a href=\"http:\/\/www.amazon.fr\/Un-si%C3%A8cle-motos-Gilbert-Lecat\/dp\/270982079X\/ref=sr_1_12?ie=UTF8&amp;s=books&amp;qid=1259000323&amp;sr=1-12\">Amazon<\/a> et \u00e0 la <a href=\"http:\/\/livre.fnac.com\/a2710786\/Collectif-100-ans-de-motos?Mn=-1&amp;Mu=-13&amp;Ra=-1&amp;To=0&amp;Nu=2&amp;Fr=0\">Fnac<\/a>, ou l&#039;<a href=\"http:\/\/www.amazon.fr\/100-ans-moto-1900-1945-modernes\/dp\/2723473236\/ref=sr_1_6?ie=UTF8&amp;s=books&amp;qid=1259000323&amp;sr=1-6\">inverse<\/a>, y&#039;aura pas de <a href=\"http:\/\/livre.fnac.com\/a2696649\/Gilbert-Lecat-Un-siecle-de-motos?Mn=-1&amp;Ra=-1&amp;To=0&amp;Nu=1&amp;Fr=0\">jaloux<\/a>.<br \/>&#160;<\/p>\n","protected":false},"excerpt":{"rendered":"<p>Pour rebondir sur le sujet de Jacques qui traitait des v\u00e9los \u00e9lectriques voici&#160;un&#160;choix succinct&#160;d&#039;ouvrages tr\u00e8s r\u00e9cents (octobre et septembre de cette ann\u00e9e) sur l&#039;histoire de la moto. Pourquoi &quot;rebondir&quot;,&#160;car&#160;la naissance de la&#160;motocyclette consistait en&#160;l&#039;adjonction de moteur \u00e0 explosion sur des bicyclettes banales, comme le rappelle d&#039;ailleurs&#160;opportun\u00e9ment &quot;100 ans de moto&quot; de Francis Dr\u00e9er, sur son [&hellip;]<\/p>\n","protected":false},"author":324,"featured_media":14343,"comment_status":"open","ping_status":"open","sticky":false,"template":"","format":"standard","meta":{"footnotes":""},"categories":[9,15],"tags":[],"class_list":["post-29","post","type-post","status-publish","format-standard","has-post-thumbnail","hentry","category-historique","category-livres"],"yoast_head":"<!-- This site is optimized with the Yoast SEO plugin v26.0 - https:\/\/yoast.com\/wordpress\/plugins\/seo\/ -->\n<title>Deux ouvrages pour jeter un coup d&#039;oeil dans le r\u00e9tro. - leblogmoto.com<\/title>\n<meta name=\"robots\" content=\"index, follow, max-snippet:-1, max-image-preview:large, max-video-preview:-1\" \/>\n<link rel=\"canonical\" href=\"https:\/\/blogs.thesocialmedia.com\/leblogmoto\/2009\/11\/23\/deux-ouvrages-pour-jeter-un-coup-doeil-dans-le-retro\/\" \/>\n<meta name=\"twitter:card\" content=\"summary_large_image\" \/>\n<meta name=\"twitter:title\" content=\"Deux ouvrages pour jeter un coup d&#039;oeil dans le r\u00e9tro. - leblogmoto.com\" \/>\n<meta name=\"twitter:description\" content=\"Pour rebondir sur le sujet de Jacques qui traitait des v\u00e9los \u00e9lectriques voici&#160;un&#160;choix succinct&#160;d&#039;ouvrages tr\u00e8s r\u00e9cents (octobre et septembre de cette ann\u00e9e) sur l&#039;histoire de la moto. Pourquoi &quot;rebondir&quot;,&#160;car&#160;la naissance de la&#160;motocyclette consistait en&#160;l&#039;adjonction de moteur \u00e0 explosion sur des bicyclettes banales, comme le rappelle d&#039;ailleurs&#160;opportun\u00e9ment &quot;100 ans de moto&quot; de Francis Dr\u00e9er, sur son [&hellip;]\" \/>\n<meta name=\"twitter:image\" content=\"https:\/\/blogs.thesocialmedia.com\/leblogmoto\/files\/2012\/07\/6a00d83451b18369e20120a6c9574b970b-500wi.jpg\" \/>\n<meta name=\"twitter:label1\" content=\"\u00c9crit par\" \/>\n\t<meta name=\"twitter:data1\" content=\"benoit rieu\" \/>\n\t<meta name=\"twitter:label2\" content=\"Dur\u00e9e de lecture estim\u00e9e\" \/>\n\t<meta name=\"twitter:data2\" content=\"1 minute\" \/>\n<script type=\"application\/ld+json\" class=\"yoast-schema-graph\">{\"@context\":\"https:\/\/schema.org\",\"@graph\":[{\"@type\":\"WebPage\",\"@id\":\"https:\/\/blogs.thesocialmedia.com\/leblogmoto\/2009\/11\/23\/deux-ouvrages-pour-jeter-un-coup-doeil-dans-le-retro\/\",\"url\":\"https:\/\/blogs.thesocialmedia.com\/leblogmoto\/2009\/11\/23\/deux-ouvrages-pour-jeter-un-coup-doeil-dans-le-retro\/\",\"name\":\"Deux ouvrages pour jeter un coup d'oeil dans le r\u00e9tro. - leblogmoto.com\",\"isPartOf\":{\"@id\":\"https:\/\/blogs.thesocialmedia.com\/leblogmoto\/#website\"},\"primaryImageOfPage\":{\"@id\":\"https:\/\/blogs.thesocialmedia.com\/leblogmoto\/2009\/11\/23\/deux-ouvrages-pour-jeter-un-coup-doeil-dans-le-retro\/#primaryimage\"},\"image\":{\"@id\":\"https:\/\/blogs.thesocialmedia.com\/leblogmoto\/2009\/11\/23\/deux-ouvrages-pour-jeter-un-coup-doeil-dans-le-retro\/#primaryimage\"},\"thumbnailUrl\":\"https:\/\/blogs.thesocialmedia.com\/leblogmoto\/files\/2012\/07\/6a00d83451b18369e20120a6c9574b970b-500wi.jpg\",\"datePublished\":\"2009-11-23T19:27:47+00:00\",\"dateModified\":\"2012-07-11T17:42:31+00:00\",\"author\":{\"@id\":\"https:\/\/blogs.thesocialmedia.com\/leblogmoto\/#\/schema\/person\/18bfe773e5725ed6d24f743da805362a\"},\"breadcrumb\":{\"@id\":\"https:\/\/blogs.thesocialmedia.com\/leblogmoto\/2009\/11\/23\/deux-ouvrages-pour-jeter-un-coup-doeil-dans-le-retro\/#breadcrumb\"},\"inLanguage\":\"fr-FR\",\"potentialAction\":[{\"@type\":\"ReadAction\",\"target\":[\"https:\/\/blogs.thesocialmedia.com\/leblogmoto\/2009\/11\/23\/deux-ouvrages-pour-jeter-un-coup-doeil-dans-le-retro\/\"]}]},{\"@type\":\"ImageObject\",\"inLanguage\":\"fr-FR\",\"@id\":\"https:\/\/blogs.thesocialmedia.com\/leblogmoto\/2009\/11\/23\/deux-ouvrages-pour-jeter-un-coup-doeil-dans-le-retro\/#primaryimage\",\"url\":\"https:\/\/blogs.thesocialmedia.com\/leblogmoto\/files\/2012\/07\/6a00d83451b18369e20120a6c9574b970b-500wi.jpg\",\"contentUrl\":\"https:\/\/blogs.thesocialmedia.com\/leblogmoto\/files\/2012\/07\/6a00d83451b18369e20120a6c9574b970b-500wi.jpg\",\"width\":\"500\",\"height\":\"324\"},{\"@type\":\"BreadcrumbList\",\"@id\":\"https:\/\/blogs.thesocialmedia.com\/leblogmoto\/2009\/11\/23\/deux-ouvrages-pour-jeter-un-coup-doeil-dans-le-retro\/#breadcrumb\",\"itemListElement\":[{\"@type\":\"ListItem\",\"position\":1,\"name\":\"Accueil\",\"item\":\"https:\/\/blogs.thesocialmedia.com\/leblogmoto\/\"},{\"@type\":\"ListItem\",\"position\":2,\"name\":\"Deux ouvrages pour jeter un coup d&rsquo;oeil dans le r\u00e9tro.\"}]},{\"@type\":\"WebSite\",\"@id\":\"https:\/\/blogs.thesocialmedia.com\/leblogmoto\/#website\",\"url\":\"https:\/\/blogs.thesocialmedia.com\/leblogmoto\/\",\"name\":\"leblogmoto\",\"description\":\"Toute l&#039;actualit\u00e9 des 2 roues\",\"potentialAction\":[{\"@type\":\"SearchAction\",\"target\":{\"@type\":\"EntryPoint\",\"urlTemplate\":\"https:\/\/blogs.thesocialmedia.com\/leblogmoto\/?s={search_term_string}\"},\"query-input\":{\"@type\":\"PropertyValueSpecification\",\"valueRequired\":true,\"valueName\":\"search_term_string\"}}],\"inLanguage\":\"fr-FR\"},{\"@type\":\"Person\",\"@id\":\"https:\/\/blogs.thesocialmedia.com\/leblogmoto\/#\/schema\/person\/18bfe773e5725ed6d24f743da805362a\",\"name\":\"benoit rieu\",\"image\":{\"@type\":\"ImageObject\",\"inLanguage\":\"fr-FR\",\"@id\":\"https:\/\/blogs.thesocialmedia.com\/leblogmoto\/#\/schema\/person\/image\/\",\"url\":\"https:\/\/secure.gravatar.com\/avatar\/?s=96&d=mm&r=g\",\"contentUrl\":\"https:\/\/secure.gravatar.com\/avatar\/?s=96&d=mm&r=g\",\"caption\":\"benoit rieu\"},\"url\":\"https:\/\/blogs.thesocialmedia.com\/leblogmoto\/author\/benoit-rieu\/\"}]}<\/script>\n<!-- \/ Yoast SEO plugin. -->","yoast_head_json":{"title":"Deux ouvrages pour jeter un coup d'oeil dans le r\u00e9tro. - leblogmoto.com","robots":{"index":"index","follow":"follow","max-snippet":"max-snippet:-1","max-image-preview":"max-image-preview:large","max-video-preview":"max-video-preview:-1"},"canonical":"https:\/\/blogs.thesocialmedia.com\/leblogmoto\/2009\/11\/23\/deux-ouvrages-pour-jeter-un-coup-doeil-dans-le-retro\/","twitter_card":"summary_large_image","twitter_title":"Deux ouvrages pour jeter un coup d'oeil dans le r\u00e9tro. - leblogmoto.com","twitter_description":"Pour rebondir sur le sujet de Jacques qui traitait des v\u00e9los \u00e9lectriques voici&#160;un&#160;choix succinct&#160;d&#039;ouvrages tr\u00e8s r\u00e9cents (octobre et septembre de cette ann\u00e9e) sur l&#039;histoire de la moto. Pourquoi &quot;rebondir&quot;,&#160;car&#160;la naissance de la&#160;motocyclette consistait en&#160;l&#039;adjonction de moteur \u00e0 explosion sur des bicyclettes banales, comme le rappelle d&#039;ailleurs&#160;opportun\u00e9ment &quot;100 ans de moto&quot; de Francis Dr\u00e9er, sur son [&hellip;]","twitter_image":"https:\/\/blogs.thesocialmedia.com\/leblogmoto\/files\/2012\/07\/6a00d83451b18369e20120a6c9574b970b-500wi.jpg","twitter_misc":{"\u00c9crit par":"benoit rieu","Dur\u00e9e de lecture estim\u00e9e":"1 minute"},"schema":{"@context":"https:\/\/schema.org","@graph":[{"@type":"WebPage","@id":"https:\/\/blogs.thesocialmedia.com\/leblogmoto\/2009\/11\/23\/deux-ouvrages-pour-jeter-un-coup-doeil-dans-le-retro\/","url":"https:\/\/blogs.thesocialmedia.com\/leblogmoto\/2009\/11\/23\/deux-ouvrages-pour-jeter-un-coup-doeil-dans-le-retro\/","name":"Deux ouvrages pour jeter un coup d'oeil dans le r\u00e9tro. - leblogmoto.com","isPartOf":{"@id":"https:\/\/blogs.thesocialmedia.com\/leblogmoto\/#website"},"primaryImageOfPage":{"@id":"https:\/\/blogs.thesocialmedia.com\/leblogmoto\/2009\/11\/23\/deux-ouvrages-pour-jeter-un-coup-doeil-dans-le-retro\/#primaryimage"},"image":{"@id":"https:\/\/blogs.thesocialmedia.com\/leblogmoto\/2009\/11\/23\/deux-ouvrages-pour-jeter-un-coup-doeil-dans-le-retro\/#primaryimage"},"thumbnailUrl":"https:\/\/blogs.thesocialmedia.com\/leblogmoto\/files\/2012\/07\/6a00d83451b18369e20120a6c9574b970b-500wi.jpg","datePublished":"2009-11-23T19:27:47+00:00","dateModified":"2012-07-11T17:42:31+00:00","author":{"@id":"https:\/\/blogs.thesocialmedia.com\/leblogmoto\/#\/schema\/person\/18bfe773e5725ed6d24f743da805362a"},"breadcrumb":{"@id":"https:\/\/blogs.thesocialmedia.com\/leblogmoto\/2009\/11\/23\/deux-ouvrages-pour-jeter-un-coup-doeil-dans-le-retro\/#breadcrumb"},"inLanguage":"fr-FR","potentialAction":[{"@type":"ReadAction","target":["https:\/\/blogs.thesocialmedia.com\/leblogmoto\/2009\/11\/23\/deux-ouvrages-pour-jeter-un-coup-doeil-dans-le-retro\/"]}]},{"@type":"ImageObject","inLanguage":"fr-FR","@id":"https:\/\/blogs.thesocialmedia.com\/leblogmoto\/2009\/11\/23\/deux-ouvrages-pour-jeter-un-coup-doeil-dans-le-retro\/#primaryimage","url":"https:\/\/blogs.thesocialmedia.com\/leblogmoto\/files\/2012\/07\/6a00d83451b18369e20120a6c9574b970b-500wi.jpg","contentUrl":"https:\/\/blogs.thesocialmedia.com\/leblogmoto\/files\/2012\/07\/6a00d83451b18369e20120a6c9574b970b-500wi.jpg","width":"500","height":"324"},{"@type":"BreadcrumbList","@id":"https:\/\/blogs.thesocialmedia.com\/leblogmoto\/2009\/11\/23\/deux-ouvrages-pour-jeter-un-coup-doeil-dans-le-retro\/#breadcrumb","itemListElement":[{"@type":"ListItem","position":1,"name":"Accueil","item":"https:\/\/blogs.thesocialmedia.com\/leblogmoto\/"},{"@type":"ListItem","position":2,"name":"Deux ouvrages pour jeter un coup d&rsquo;oeil dans le r\u00e9tro."}]},{"@type":"WebSite","@id":"https:\/\/blogs.thesocialmedia.com\/leblogmoto\/#website","url":"https:\/\/blogs.thesocialmedia.com\/leblogmoto\/","name":"leblogmoto","description":"Toute l&#039;actualit\u00e9 des 2 roues","potentialAction":[{"@type":"SearchAction","target":{"@type":"EntryPoint","urlTemplate":"https:\/\/blogs.thesocialmedia.com\/leblogmoto\/?s={search_term_string}"},"query-input":{"@type":"PropertyValueSpecification","valueRequired":true,"valueName":"search_term_string"}}],"inLanguage":"fr-FR"},{"@type":"Person","@id":"https:\/\/blogs.thesocialmedia.com\/leblogmoto\/#\/schema\/person\/18bfe773e5725ed6d24f743da805362a","name":"benoit rieu","image":{"@type":"ImageObject","inLanguage":"fr-FR","@id":"https:\/\/blogs.thesocialmedia.com\/leblogmoto\/#\/schema\/person\/image\/","url":"https:\/\/secure.gravatar.com\/avatar\/?s=96&d=mm&r=g","contentUrl":"https:\/\/secure.gravatar.com\/avatar\/?s=96&d=mm&r=g","caption":"benoit rieu"},"url":"https:\/\/blogs.thesocialmedia.com\/leblogmoto\/author\/benoit-rieu\/"}]}},"_links":{"self":[{"href":"https:\/\/blogs.thesocialmedia.com\/leblogmoto\/wp-json\/wp\/v2\/posts\/29","targetHints":{"allow":["GET"]}}],"collection":[{"href":"https:\/\/blogs.thesocialmedia.com\/leblogmoto\/wp-json\/wp\/v2\/posts"}],"about":[{"href":"https:\/\/blogs.thesocialmedia.com\/leblogmoto\/wp-json\/wp\/v2\/types\/post"}],"author":[{"embeddable":true,"href":"https:\/\/blogs.thesocialmedia.com\/leblogmoto\/wp-json\/wp\/v2\/users\/324"}],"replies":[{"embeddable":true,"href":"https:\/\/blogs.thesocialmedia.com\/leblogmoto\/wp-json\/wp\/v2\/comments?post=29"}],"version-history":[{"count":2,"href":"https:\/\/blogs.thesocialmedia.com\/leblogmoto\/wp-json\/wp\/v2\/posts\/29\/revisions"}],"predecessor-version":[{"id":14347,"href":"https:\/\/blogs.thesocialmedia.com\/leblogmoto\/wp-json\/wp\/v2\/posts\/29\/revisions\/14347"}],"wp:featuredmedia":[{"embeddable":true,"href":"https:\/\/blogs.thesocialmedia.com\/leblogmoto\/wp-json\/wp\/v2\/media\/14343"}],"wp:attachment":[{"href":"https:\/\/blogs.thesocialmedia.com\/leblogmoto\/wp-json\/wp\/v2\/media?parent=29"}],"wp:term":[{"taxonomy":"category","embeddable":true,"href":"https:\/\/blogs.thesocialmedia.com\/leblogmoto\/wp-json\/wp\/v2\/categories?post=29"},{"taxonomy":"post_tag","embeddable":true,"href":"https:\/\/blogs.thesocialmedia.com\/leblogmoto\/wp-json\/wp\/v2\/tags?post=29"}],"curies":[{"name":"wp","href":"https:\/\/api.w.org\/{rel}","templated":true}]}}