{"id":291,"date":"2009-01-31T22:52:07","date_gmt":"2009-01-31T22:52:07","guid":{"rendered":"http:\/\/blogs.thesocialmedia.com\/leblogmoto\/2009\/01\/31\/rcit-dun-bike-j\/"},"modified":"2012-07-11T17:03:07","modified_gmt":"2012-07-11T17:03:07","slug":"rcit-dun-bike-j","status":"publish","type":"post","link":"https:\/\/blogs.thesocialmedia.com\/leblogmoto\/2009\/01\/31\/rcit-dun-bike-j\/","title":{"rendered":"R\u00e9cit d&rsquo;un bike-jacking, avant les conseils pour tenter de l&rsquo;\u00e9viter."},"content":{"rendered":"<p><a href=\"http:\/\/blogs.thesocialmedia.com\/leblogmoto\/files\/2012\/07\/151.jpg\"><img loading=\"lazy\" decoding=\"async\" alt=\"15\"  height=\"312\" src=\"http:\/\/www.leblogmoto.com\/images\/2009\/01\/31\/15.jpg\" width=\"470\" \/><\/a> <\/p>\n<p>J&#039;avais h\u00e9sit\u00e9 \u00e0 vous parler du &quot;drame du pont Saint-Michel&quot; comme on le d\u00e9signe. Une p\u00e9riphrase qui masque maladroitement la mort d&#039;un homme. Pour ceux qui ne sauraient pas, Fr\u00e9d\u00e9ric Daigneau a \u00e9t\u00e9 frapp\u00e9 \u00e0 coup de couteaux le 28 septembre de l&#039;ann\u00e9e derni\u00e8re. Il est mort trois jours apr\u00e8s, pour avoir voulu d\u00e9fendre son bien. Les rassemblements et comm\u00e9morations ont mobilis\u00e9 les motards toulousains (et de villes voisines) dans un soutien sans pr\u00e9c\u00e9dent. Mais en classant un peu mes signets, j&#039;ai retrouv\u00e9 cet <a href=\"http:\/\/www.ladepeche.fr\/article\/2008\/10\/11\/480985-La-revolte-des-motards-apres-le-drame-du-pont-Saint-Michel.html\">extrait<\/a> d&#039;article de <a href=\"http:\/\/www.ladepeche.fr\/\">la D\u00e9p\u00eache du Midi<\/a> relatant une agression qui pr\u00e9c\u00e8de le meurtre de Fr\u00e9d\u00e9ric. Je m&#039;en tiens \u00e0 cette ligne, ne pas parler de sa disparition. Dans la suite donc, le compte rendu que donne le journaliste du quotidien r\u00e9gional d&#039;un vol qui s&#039;est d\u00e9roul\u00e9 quelques jours auparavant.<\/p>\n<p>Sauf que cette fois la victime est heureusement l\u00e0 pour t\u00e9moigner de ce qui lui est arriv\u00e9. Le motard raconte la technique, m\u00e9langeant la brutalit\u00e9 du vol \u00e0 main arm\u00e9 et la ruse d&#039;un voleur madr\u00e9. Il d\u00e9crit aussi la vaine poursuite, parle de l&#039;hosto, puis de la col\u00e8re d&#039;avoir perdu sa b\u00e9cane qu&#039;il bichonnait. J&#039;ai pens\u00e9 que cela pouvait vous int\u00e9resser d&#039;en parler, sans sombrer dans le pathos ou dans la parano\u00efa, je sais que certains d&#039;entre vous se sont fait d\u00e9rober leur machine.<\/p>\n<p><strong>Extrait de l&#039;article de la D\u00e9p\u00eache:<\/strong><\/p>\n<p>Dimanche 14 septembre : au guidon d&#039;une moto Yamaha, \u00ab Z \u00bb attend au feu du rond-point Bazerque, pr\u00e8s de la C\u00e9pi\u00e8re \u00e0 Toulouse. La suite, cet homme de 38 ans, install\u00e9e en banlieue toulousaine, le raconte la col\u00e8re aux l\u00e8vres malgr\u00e9 les semaines qui se sont \u00e9coul\u00e9es.<\/p>\n<p><strong>Que vous est-il arriv\u00e9 ?<\/strong> \u00ab J&#039;\u00e9tais arr\u00eat\u00e9 au feu, tranquille. J&#039;avais pass\u00e9 la journ\u00e9e au foot avec mon fils. Je n&#039;\u00e9tais pas assez m\u00e9fiant. Un deux-roues est arriv\u00e9. Un jeune en scooter. Il s&#039;est arr\u00eat\u00e9 compl\u00e8tement \u00e0 droite. J&#039;ai trouv\u00e9 \u00e7a curieux. En fait, il a d\u00e9tourn\u00e9 mon attention\u2026<\/p>\n<p><strong>Et apr\u00e8s ?<\/strong> Une moto a d\u00e9barqu\u00e9. Le passager m&#039;a mis un p\u00e9tard sous le nez. J&#039;ai balanc\u00e9 la moto. Je me suis coinc\u00e9 la jambe et le genou contre une glissi\u00e8re de s\u00e9curit\u00e9. Ils ont pris la moto et ils ont fonc\u00e9. J&#039;ai essay\u00e9 de les suivre dans une voiture. Impossible. J&#039;ai fini \u00e0 l&#039;h\u00f4pital apr\u00e8s avoir d\u00e9pos\u00e9 plainte.<\/p>\n<p><strong>Quel est votre sentiment aujourd&#039;hui ?<\/strong> La col\u00e8re, une immense col\u00e8re. J&#039;ai perdu une moto que je bichonnais et que je continue de payer \u00e0 cr\u00e9dit en attendant l&#039;assurance\u2026 Mais \u00e7a, \u00e0 la limite, a peu d&#039;importance.<\/p>\n<p><strong>Pourquoi ?<\/strong> J&#039;ai la haine contre ces jeunes. J&#039;ai la haine contre ceux qui sont capables de sortir une arme et m\u00eame de tuer pour voler une moto. Je culpabilise aussi un peu. L&#039;enqu\u00eate aurait pu avancer plus vite. En tournant dans les cit\u00e9s, je l&#039;ai vu une fois ma moto, mon fr\u00e8re aussi. Mais les policiers n&#039;ont pas r\u00e9ussi \u00e0 l&#039;intercepter, ni \u00e0 la retrouver. Si les voleurs avaient \u00e9t\u00e9 interpell\u00e9s, le petit jeune ne serait peut-\u00eatre pas mort.<\/p>\n<p><strong>Rien n&#039;indique qu&#039;il s&#039;agit des m\u00eames individus\u2026<\/strong> Rien ne prouve le contraire non plus. Faut arr\u00eater. Je suis d&#039;origine alg\u00e9rienne mais quand je vais au Mirail, que je vois passer des gamins sur des quads \u00e0 10 000 \u20ac, je me pose des questions. Je m&#039;en sors avec un genou en compote, des tranquillisants et au moins deux mois d&#039;arr\u00eat de travail. La famille du petit Fred, elle a perdu un fils. Cela me rend malade. <\/p>\n<p><em>Via la D\u00e9p\u00eache du Midi.<\/em><\/p>\n<p><em>Cr\u00e9dit photo: photo constructeur de la Yamaha MT01.<\/em><\/p>\n","protected":false},"excerpt":{"rendered":"<p>J&#039;avais h\u00e9sit\u00e9 \u00e0 vous parler du &quot;drame du pont Saint-Michel&quot; comme on le d\u00e9signe. Une p\u00e9riphrase qui masque maladroitement la mort d&#039;un homme. Pour ceux qui ne sauraient pas, Fr\u00e9d\u00e9ric Daigneau a \u00e9t\u00e9 frapp\u00e9 \u00e0 coup de couteaux le 28 septembre de l&#039;ann\u00e9e derni\u00e8re. Il est mort trois jours apr\u00e8s, pour avoir voulu d\u00e9fendre son [&hellip;]<\/p>\n","protected":false},"author":324,"featured_media":0,"comment_status":"open","ping_status":"open","sticky":false,"template":"","format":"standard","meta":{"footnotes":""},"categories":[27,78],"tags":[],"class_list":["post-291","post","type-post","status-publish","format-standard","hentry","category-securite","category-tuyaux-et-astuces"],"yoast_head":"<!-- This site is optimized with the Yoast SEO plugin v26.0 - https:\/\/yoast.com\/wordpress\/plugins\/seo\/ -->\n<title>R\u00e9cit d&#039;un bike-jacking, avant les conseils pour tenter de l&#039;\u00e9viter. - leblogmoto.com<\/title>\n<meta name=\"robots\" content=\"index, follow, max-snippet:-1, max-image-preview:large, max-video-preview:-1\" \/>\n<link rel=\"canonical\" href=\"https:\/\/blogs.thesocialmedia.com\/leblogmoto\/2009\/01\/31\/rcit-dun-bike-j\/\" \/>\n<meta name=\"twitter:card\" content=\"summary_large_image\" \/>\n<meta name=\"twitter:title\" content=\"R\u00e9cit d&#039;un bike-jacking, avant les conseils pour tenter de l&#039;\u00e9viter. - leblogmoto.com\" \/>\n<meta name=\"twitter:description\" content=\"J&#039;avais h\u00e9sit\u00e9 \u00e0 vous parler du &quot;drame du pont Saint-Michel&quot; comme on le d\u00e9signe. Une p\u00e9riphrase qui masque maladroitement la mort d&#039;un homme. Pour ceux qui ne sauraient pas, Fr\u00e9d\u00e9ric Daigneau a \u00e9t\u00e9 frapp\u00e9 \u00e0 coup de couteaux le 28 septembre de l&#039;ann\u00e9e derni\u00e8re. Il est mort trois jours apr\u00e8s, pour avoir voulu d\u00e9fendre son [&hellip;]\" \/>\n<meta name=\"twitter:image\" content=\"http:\/\/www.leblogmoto.com\/images\/2009\/01\/31\/15.jpg\" \/>\n<meta name=\"twitter:label1\" content=\"\u00c9crit par\" \/>\n\t<meta name=\"twitter:data1\" content=\"benoit rieu\" \/>\n\t<meta name=\"twitter:label2\" content=\"Dur\u00e9e de lecture estim\u00e9e\" \/>\n\t<meta name=\"twitter:data2\" content=\"3 minutes\" \/>\n<script type=\"application\/ld+json\" class=\"yoast-schema-graph\">{\"@context\":\"https:\/\/schema.org\",\"@graph\":[{\"@type\":\"WebPage\",\"@id\":\"https:\/\/blogs.thesocialmedia.com\/leblogmoto\/2009\/01\/31\/rcit-dun-bike-j\/\",\"url\":\"https:\/\/blogs.thesocialmedia.com\/leblogmoto\/2009\/01\/31\/rcit-dun-bike-j\/\",\"name\":\"R\u00e9cit d'un bike-jacking, avant les conseils pour tenter de l'\u00e9viter. - leblogmoto.com\",\"isPartOf\":{\"@id\":\"https:\/\/blogs.thesocialmedia.com\/leblogmoto\/#website\"},\"primaryImageOfPage\":{\"@id\":\"https:\/\/blogs.thesocialmedia.com\/leblogmoto\/2009\/01\/31\/rcit-dun-bike-j\/#primaryimage\"},\"image\":{\"@id\":\"https:\/\/blogs.thesocialmedia.com\/leblogmoto\/2009\/01\/31\/rcit-dun-bike-j\/#primaryimage\"},\"thumbnailUrl\":\"http:\/\/www.leblogmoto.com\/images\/2009\/01\/31\/15.jpg\",\"datePublished\":\"2009-01-31T22:52:07+00:00\",\"dateModified\":\"2012-07-11T17:03:07+00:00\",\"author\":{\"@id\":\"https:\/\/blogs.thesocialmedia.com\/leblogmoto\/#\/schema\/person\/18bfe773e5725ed6d24f743da805362a\"},\"breadcrumb\":{\"@id\":\"https:\/\/blogs.thesocialmedia.com\/leblogmoto\/2009\/01\/31\/rcit-dun-bike-j\/#breadcrumb\"},\"inLanguage\":\"fr-FR\",\"potentialAction\":[{\"@type\":\"ReadAction\",\"target\":[\"https:\/\/blogs.thesocialmedia.com\/leblogmoto\/2009\/01\/31\/rcit-dun-bike-j\/\"]}]},{\"@type\":\"ImageObject\",\"inLanguage\":\"fr-FR\",\"@id\":\"https:\/\/blogs.thesocialmedia.com\/leblogmoto\/2009\/01\/31\/rcit-dun-bike-j\/#primaryimage\",\"url\":\"http:\/\/www.leblogmoto.com\/images\/2009\/01\/31\/15.jpg\",\"contentUrl\":\"http:\/\/www.leblogmoto.com\/images\/2009\/01\/31\/15.jpg\"},{\"@type\":\"BreadcrumbList\",\"@id\":\"https:\/\/blogs.thesocialmedia.com\/leblogmoto\/2009\/01\/31\/rcit-dun-bike-j\/#breadcrumb\",\"itemListElement\":[{\"@type\":\"ListItem\",\"position\":1,\"name\":\"Accueil\",\"item\":\"https:\/\/blogs.thesocialmedia.com\/leblogmoto\/\"},{\"@type\":\"ListItem\",\"position\":2,\"name\":\"R\u00e9cit d&rsquo;un bike-jacking, avant les conseils pour tenter de l&rsquo;\u00e9viter.\"}]},{\"@type\":\"WebSite\",\"@id\":\"https:\/\/blogs.thesocialmedia.com\/leblogmoto\/#website\",\"url\":\"https:\/\/blogs.thesocialmedia.com\/leblogmoto\/\",\"name\":\"leblogmoto\",\"description\":\"Toute l&#039;actualit\u00e9 des 2 roues\",\"potentialAction\":[{\"@type\":\"SearchAction\",\"target\":{\"@type\":\"EntryPoint\",\"urlTemplate\":\"https:\/\/blogs.thesocialmedia.com\/leblogmoto\/?s={search_term_string}\"},\"query-input\":{\"@type\":\"PropertyValueSpecification\",\"valueRequired\":true,\"valueName\":\"search_term_string\"}}],\"inLanguage\":\"fr-FR\"},{\"@type\":\"Person\",\"@id\":\"https:\/\/blogs.thesocialmedia.com\/leblogmoto\/#\/schema\/person\/18bfe773e5725ed6d24f743da805362a\",\"name\":\"benoit rieu\",\"image\":{\"@type\":\"ImageObject\",\"inLanguage\":\"fr-FR\",\"@id\":\"https:\/\/blogs.thesocialmedia.com\/leblogmoto\/#\/schema\/person\/image\/\",\"url\":\"https:\/\/secure.gravatar.com\/avatar\/?s=96&d=mm&r=g\",\"contentUrl\":\"https:\/\/secure.gravatar.com\/avatar\/?s=96&d=mm&r=g\",\"caption\":\"benoit rieu\"},\"url\":\"https:\/\/blogs.thesocialmedia.com\/leblogmoto\/author\/benoit-rieu\/\"}]}<\/script>\n<!-- \/ Yoast SEO plugin. -->","yoast_head_json":{"title":"R\u00e9cit d'un bike-jacking, avant les conseils pour tenter de l'\u00e9viter. - leblogmoto.com","robots":{"index":"index","follow":"follow","max-snippet":"max-snippet:-1","max-image-preview":"max-image-preview:large","max-video-preview":"max-video-preview:-1"},"canonical":"https:\/\/blogs.thesocialmedia.com\/leblogmoto\/2009\/01\/31\/rcit-dun-bike-j\/","twitter_card":"summary_large_image","twitter_title":"R\u00e9cit d'un bike-jacking, avant les conseils pour tenter de l'\u00e9viter. - leblogmoto.com","twitter_description":"J&#039;avais h\u00e9sit\u00e9 \u00e0 vous parler du &quot;drame du pont Saint-Michel&quot; comme on le d\u00e9signe. Une p\u00e9riphrase qui masque maladroitement la mort d&#039;un homme. Pour ceux qui ne sauraient pas, Fr\u00e9d\u00e9ric Daigneau a \u00e9t\u00e9 frapp\u00e9 \u00e0 coup de couteaux le 28 septembre de l&#039;ann\u00e9e derni\u00e8re. Il est mort trois jours apr\u00e8s, pour avoir voulu d\u00e9fendre son [&hellip;]","twitter_image":"http:\/\/www.leblogmoto.com\/images\/2009\/01\/31\/15.jpg","twitter_misc":{"\u00c9crit par":"benoit rieu","Dur\u00e9e de lecture estim\u00e9e":"3 minutes"},"schema":{"@context":"https:\/\/schema.org","@graph":[{"@type":"WebPage","@id":"https:\/\/blogs.thesocialmedia.com\/leblogmoto\/2009\/01\/31\/rcit-dun-bike-j\/","url":"https:\/\/blogs.thesocialmedia.com\/leblogmoto\/2009\/01\/31\/rcit-dun-bike-j\/","name":"R\u00e9cit d'un bike-jacking, avant les conseils pour tenter de l'\u00e9viter. - leblogmoto.com","isPartOf":{"@id":"https:\/\/blogs.thesocialmedia.com\/leblogmoto\/#website"},"primaryImageOfPage":{"@id":"https:\/\/blogs.thesocialmedia.com\/leblogmoto\/2009\/01\/31\/rcit-dun-bike-j\/#primaryimage"},"image":{"@id":"https:\/\/blogs.thesocialmedia.com\/leblogmoto\/2009\/01\/31\/rcit-dun-bike-j\/#primaryimage"},"thumbnailUrl":"http:\/\/www.leblogmoto.com\/images\/2009\/01\/31\/15.jpg","datePublished":"2009-01-31T22:52:07+00:00","dateModified":"2012-07-11T17:03:07+00:00","author":{"@id":"https:\/\/blogs.thesocialmedia.com\/leblogmoto\/#\/schema\/person\/18bfe773e5725ed6d24f743da805362a"},"breadcrumb":{"@id":"https:\/\/blogs.thesocialmedia.com\/leblogmoto\/2009\/01\/31\/rcit-dun-bike-j\/#breadcrumb"},"inLanguage":"fr-FR","potentialAction":[{"@type":"ReadAction","target":["https:\/\/blogs.thesocialmedia.com\/leblogmoto\/2009\/01\/31\/rcit-dun-bike-j\/"]}]},{"@type":"ImageObject","inLanguage":"fr-FR","@id":"https:\/\/blogs.thesocialmedia.com\/leblogmoto\/2009\/01\/31\/rcit-dun-bike-j\/#primaryimage","url":"http:\/\/www.leblogmoto.com\/images\/2009\/01\/31\/15.jpg","contentUrl":"http:\/\/www.leblogmoto.com\/images\/2009\/01\/31\/15.jpg"},{"@type":"BreadcrumbList","@id":"https:\/\/blogs.thesocialmedia.com\/leblogmoto\/2009\/01\/31\/rcit-dun-bike-j\/#breadcrumb","itemListElement":[{"@type":"ListItem","position":1,"name":"Accueil","item":"https:\/\/blogs.thesocialmedia.com\/leblogmoto\/"},{"@type":"ListItem","position":2,"name":"R\u00e9cit d&rsquo;un bike-jacking, avant les conseils pour tenter de l&rsquo;\u00e9viter."}]},{"@type":"WebSite","@id":"https:\/\/blogs.thesocialmedia.com\/leblogmoto\/#website","url":"https:\/\/blogs.thesocialmedia.com\/leblogmoto\/","name":"leblogmoto","description":"Toute l&#039;actualit\u00e9 des 2 roues","potentialAction":[{"@type":"SearchAction","target":{"@type":"EntryPoint","urlTemplate":"https:\/\/blogs.thesocialmedia.com\/leblogmoto\/?s={search_term_string}"},"query-input":{"@type":"PropertyValueSpecification","valueRequired":true,"valueName":"search_term_string"}}],"inLanguage":"fr-FR"},{"@type":"Person","@id":"https:\/\/blogs.thesocialmedia.com\/leblogmoto\/#\/schema\/person\/18bfe773e5725ed6d24f743da805362a","name":"benoit rieu","image":{"@type":"ImageObject","inLanguage":"fr-FR","@id":"https:\/\/blogs.thesocialmedia.com\/leblogmoto\/#\/schema\/person\/image\/","url":"https:\/\/secure.gravatar.com\/avatar\/?s=96&d=mm&r=g","contentUrl":"https:\/\/secure.gravatar.com\/avatar\/?s=96&d=mm&r=g","caption":"benoit rieu"},"url":"https:\/\/blogs.thesocialmedia.com\/leblogmoto\/author\/benoit-rieu\/"}]}},"_links":{"self":[{"href":"https:\/\/blogs.thesocialmedia.com\/leblogmoto\/wp-json\/wp\/v2\/posts\/291","targetHints":{"allow":["GET"]}}],"collection":[{"href":"https:\/\/blogs.thesocialmedia.com\/leblogmoto\/wp-json\/wp\/v2\/posts"}],"about":[{"href":"https:\/\/blogs.thesocialmedia.com\/leblogmoto\/wp-json\/wp\/v2\/types\/post"}],"author":[{"embeddable":true,"href":"https:\/\/blogs.thesocialmedia.com\/leblogmoto\/wp-json\/wp\/v2\/users\/324"}],"replies":[{"embeddable":true,"href":"https:\/\/blogs.thesocialmedia.com\/leblogmoto\/wp-json\/wp\/v2\/comments?post=291"}],"version-history":[{"count":2,"href":"https:\/\/blogs.thesocialmedia.com\/leblogmoto\/wp-json\/wp\/v2\/posts\/291\/revisions"}],"predecessor-version":[{"id":12683,"href":"https:\/\/blogs.thesocialmedia.com\/leblogmoto\/wp-json\/wp\/v2\/posts\/291\/revisions\/12683"}],"wp:attachment":[{"href":"https:\/\/blogs.thesocialmedia.com\/leblogmoto\/wp-json\/wp\/v2\/media?parent=291"}],"wp:term":[{"taxonomy":"category","embeddable":true,"href":"https:\/\/blogs.thesocialmedia.com\/leblogmoto\/wp-json\/wp\/v2\/categories?post=291"},{"taxonomy":"post_tag","embeddable":true,"href":"https:\/\/blogs.thesocialmedia.com\/leblogmoto\/wp-json\/wp\/v2\/tags?post=291"}],"curies":[{"name":"wp","href":"https:\/\/api.w.org\/{rel}","templated":true}]}}