{"id":292,"date":"2009-01-31T03:15:13","date_gmt":"2009-01-31T03:15:13","guid":{"rendered":"http:\/\/blogs.thesocialmedia.com\/leblogmoto\/2009\/01\/31\/chicara-nagata\/"},"modified":"2012-07-11T17:03:05","modified_gmt":"2012-07-11T17:03:05","slug":"chicara-nagata","status":"publish","type":"post","link":"https:\/\/blogs.thesocialmedia.com\/leblogmoto\/2009\/01\/31\/chicara-nagata\/","title":{"rendered":"Chicara Nagata, la vid\u00e9o"},"content":{"rendered":"<p><a href=\"http:\/\/blogs.thesocialmedia.com\/leblogmoto\/files\/2012\/07\/chi1.jpg\"><img loading=\"lazy\" decoding=\"async\" width=\"470\" height=\"267\"  src=\"http:\/\/www.leblogmoto.com\/images\/2009\/01\/30\/chi1.jpg\" alt=\"Chi1\" \/><\/a> <\/p>\n<p>On vous pr\u00e9sentait les oeuvres, car c\u2019est de \u00e7a qu\u2019il s\u2019agit, de <a href=\"http:\/\/www.chicara.com\/\">Chicara Nagata<\/a> en <a href=\"http:\/\/www.leblogmoto.com\/2008\/11\/chicara-nagata.html\">novembre dernier<\/a>.<br \/>L\u2019exposition \u00e0 la <a href=\"http:\/\/www.ippodogallery.com\/Chicara_e.html\">galerie Ippodo<\/a> de New York se termine, mais le cin\u00e9aste Chris Winterbourne a profit\u00e9 de la pr\u00e9sence de l\u2019artiste sur place pour faire un court film (6 minutes et quelques secondes) o\u00f9 Nagata explique ses sources d\u2019inspirations et sa philosophie derri\u00e8re chaque moto.<\/p>\n<p>Chaque moto est construite amoureusement, morceau par morceau, avec l\u2019aide d\u2019un seul assistant et sans outils sophistiqu\u00e9s. Artisan plut\u00f4t qu\u2019ing\u00e9nieur, il fa\u00e7onne inlassablement chaque pi\u00e8ce, y consacrant des milliers d\u2019heures.<\/p>\n<p><a href=\"http:\/\/clabedan.typepad.com\/.shared\/image.html?\/photos\/uncategorized\/2009\/01\/30\/chi2.jpg\"><img loading=\"lazy\" decoding=\"async\" width=\"470\" height=\"188\"  src=\"http:\/\/www.leblogmoto.com\/images\/2009\/01\/30\/chi2.jpg\" alt=\"Chi2\" \/><\/a> <\/p>\n<p>La vid\u00e9o ne se retrouvant que sur ce site, Current TV, en voici donc <a href=\"http:\/\/current.com\/items\/89761568\/chicara_liquid_chrome_1_million_dollar_custom_motorcycles.htm\">le lien<\/a>. Chicara Nagata s\u2019exprime en japonais, mais il y a des sous-titres en anglais.<\/p>\n<p><a href=\"http:\/\/clabedan.typepad.com\/.shared\/image.html?\/photos\/uncategorized\/2009\/01\/30\/chi3.jpg\"><img loading=\"lazy\" decoding=\"async\" width=\"470\" height=\"205\"  src=\"http:\/\/www.leblogmoto.com\/images\/2009\/01\/30\/chi3.jpg\" alt=\"Chi3\" \/><\/a> <\/p>\n","protected":false},"excerpt":{"rendered":"<p>On vous pr\u00e9sentait les oeuvres, car c\u2019est de \u00e7a qu\u2019il s\u2019agit, de Chicara Nagata en novembre dernier.L\u2019exposition \u00e0 la galerie Ippodo de New York se termine, mais le cin\u00e9aste Chris Winterbourne a profit\u00e9 de la pr\u00e9sence de l\u2019artiste sur place pour faire un court film (6 minutes et quelques secondes) o\u00f9 Nagata explique ses sources [&hellip;]<\/p>\n","protected":false},"author":325,"featured_media":0,"comment_status":"open","ping_status":"open","sticky":false,"template":"","format":"standard","meta":{"footnotes":""},"categories":[16,12],"tags":[],"class_list":["post-292","post","type-post","status-publish","format-standard","hentry","category-art-moto","category-videos"],"yoast_head":"<!-- This site is optimized with the Yoast SEO plugin v26.0 - https:\/\/yoast.com\/wordpress\/plugins\/seo\/ -->\n<title>Chicara Nagata, la vid\u00e9o - leblogmoto.com<\/title>\n<meta name=\"robots\" content=\"index, follow, max-snippet:-1, max-image-preview:large, max-video-preview:-1\" \/>\n<link rel=\"canonical\" href=\"https:\/\/blogs.thesocialmedia.com\/leblogmoto\/2009\/01\/31\/chicara-nagata\/\" \/>\n<meta name=\"twitter:card\" content=\"summary_large_image\" \/>\n<meta name=\"twitter:title\" content=\"Chicara Nagata, la vid\u00e9o - leblogmoto.com\" \/>\n<meta name=\"twitter:description\" content=\"On vous pr\u00e9sentait les oeuvres, car c\u2019est de \u00e7a qu\u2019il s\u2019agit, de Chicara Nagata en novembre dernier.L\u2019exposition \u00e0 la galerie Ippodo de New York se termine, mais le cin\u00e9aste Chris Winterbourne a profit\u00e9 de la pr\u00e9sence de l\u2019artiste sur place pour faire un court film (6 minutes et quelques secondes) o\u00f9 Nagata explique ses sources [&hellip;]\" \/>\n<meta name=\"twitter:image\" content=\"http:\/\/www.leblogmoto.com\/images\/2009\/01\/30\/chi1.jpg\" \/>\n<meta name=\"twitter:label1\" content=\"\u00c9crit par\" \/>\n\t<meta name=\"twitter:data1\" content=\"jacques lesage\" \/>\n\t<meta name=\"twitter:label2\" content=\"Dur\u00e9e de lecture estim\u00e9e\" \/>\n\t<meta name=\"twitter:data2\" content=\"1 minute\" \/>\n<script type=\"application\/ld+json\" class=\"yoast-schema-graph\">{\"@context\":\"https:\/\/schema.org\",\"@graph\":[{\"@type\":\"WebPage\",\"@id\":\"https:\/\/blogs.thesocialmedia.com\/leblogmoto\/2009\/01\/31\/chicara-nagata\/\",\"url\":\"https:\/\/blogs.thesocialmedia.com\/leblogmoto\/2009\/01\/31\/chicara-nagata\/\",\"name\":\"Chicara Nagata, la vid\u00e9o - leblogmoto.com\",\"isPartOf\":{\"@id\":\"https:\/\/blogs.thesocialmedia.com\/leblogmoto\/#website\"},\"primaryImageOfPage\":{\"@id\":\"https:\/\/blogs.thesocialmedia.com\/leblogmoto\/2009\/01\/31\/chicara-nagata\/#primaryimage\"},\"image\":{\"@id\":\"https:\/\/blogs.thesocialmedia.com\/leblogmoto\/2009\/01\/31\/chicara-nagata\/#primaryimage\"},\"thumbnailUrl\":\"http:\/\/www.leblogmoto.com\/images\/2009\/01\/30\/chi1.jpg\",\"datePublished\":\"2009-01-31T03:15:13+00:00\",\"dateModified\":\"2012-07-11T17:03:05+00:00\",\"author\":{\"@id\":\"https:\/\/blogs.thesocialmedia.com\/leblogmoto\/#\/schema\/person\/e82a0ca8a9a63d031586097a3ed58526\"},\"breadcrumb\":{\"@id\":\"https:\/\/blogs.thesocialmedia.com\/leblogmoto\/2009\/01\/31\/chicara-nagata\/#breadcrumb\"},\"inLanguage\":\"fr-FR\",\"potentialAction\":[{\"@type\":\"ReadAction\",\"target\":[\"https:\/\/blogs.thesocialmedia.com\/leblogmoto\/2009\/01\/31\/chicara-nagata\/\"]}]},{\"@type\":\"ImageObject\",\"inLanguage\":\"fr-FR\",\"@id\":\"https:\/\/blogs.thesocialmedia.com\/leblogmoto\/2009\/01\/31\/chicara-nagata\/#primaryimage\",\"url\":\"http:\/\/www.leblogmoto.com\/images\/2009\/01\/30\/chi1.jpg\",\"contentUrl\":\"http:\/\/www.leblogmoto.com\/images\/2009\/01\/30\/chi1.jpg\"},{\"@type\":\"BreadcrumbList\",\"@id\":\"https:\/\/blogs.thesocialmedia.com\/leblogmoto\/2009\/01\/31\/chicara-nagata\/#breadcrumb\",\"itemListElement\":[{\"@type\":\"ListItem\",\"position\":1,\"name\":\"Accueil\",\"item\":\"https:\/\/blogs.thesocialmedia.com\/leblogmoto\/\"},{\"@type\":\"ListItem\",\"position\":2,\"name\":\"Chicara Nagata, la vid\u00e9o\"}]},{\"@type\":\"WebSite\",\"@id\":\"https:\/\/blogs.thesocialmedia.com\/leblogmoto\/#website\",\"url\":\"https:\/\/blogs.thesocialmedia.com\/leblogmoto\/\",\"name\":\"leblogmoto\",\"description\":\"Toute l&#039;actualit\u00e9 des 2 roues\",\"potentialAction\":[{\"@type\":\"SearchAction\",\"target\":{\"@type\":\"EntryPoint\",\"urlTemplate\":\"https:\/\/blogs.thesocialmedia.com\/leblogmoto\/?s={search_term_string}\"},\"query-input\":{\"@type\":\"PropertyValueSpecification\",\"valueRequired\":true,\"valueName\":\"search_term_string\"}}],\"inLanguage\":\"fr-FR\"},{\"@type\":\"Person\",\"@id\":\"https:\/\/blogs.thesocialmedia.com\/leblogmoto\/#\/schema\/person\/e82a0ca8a9a63d031586097a3ed58526\",\"name\":\"jacques lesage\",\"image\":{\"@type\":\"ImageObject\",\"inLanguage\":\"fr-FR\",\"@id\":\"https:\/\/blogs.thesocialmedia.com\/leblogmoto\/#\/schema\/person\/image\/\",\"url\":\"https:\/\/secure.gravatar.com\/avatar\/?s=96&d=mm&r=g\",\"contentUrl\":\"https:\/\/secure.gravatar.com\/avatar\/?s=96&d=mm&r=g\",\"caption\":\"jacques lesage\"},\"url\":\"https:\/\/blogs.thesocialmedia.com\/leblogmoto\/author\/jacques-lesage\/\"}]}<\/script>\n<!-- \/ Yoast SEO plugin. -->","yoast_head_json":{"title":"Chicara Nagata, la vid\u00e9o - leblogmoto.com","robots":{"index":"index","follow":"follow","max-snippet":"max-snippet:-1","max-image-preview":"max-image-preview:large","max-video-preview":"max-video-preview:-1"},"canonical":"https:\/\/blogs.thesocialmedia.com\/leblogmoto\/2009\/01\/31\/chicara-nagata\/","twitter_card":"summary_large_image","twitter_title":"Chicara Nagata, la vid\u00e9o - leblogmoto.com","twitter_description":"On vous pr\u00e9sentait les oeuvres, car c\u2019est de \u00e7a qu\u2019il s\u2019agit, de Chicara Nagata en novembre dernier.L\u2019exposition \u00e0 la galerie Ippodo de New York se termine, mais le cin\u00e9aste Chris Winterbourne a profit\u00e9 de la pr\u00e9sence de l\u2019artiste sur place pour faire un court film (6 minutes et quelques secondes) o\u00f9 Nagata explique ses sources [&hellip;]","twitter_image":"http:\/\/www.leblogmoto.com\/images\/2009\/01\/30\/chi1.jpg","twitter_misc":{"\u00c9crit par":"jacques lesage","Dur\u00e9e de lecture estim\u00e9e":"1 minute"},"schema":{"@context":"https:\/\/schema.org","@graph":[{"@type":"WebPage","@id":"https:\/\/blogs.thesocialmedia.com\/leblogmoto\/2009\/01\/31\/chicara-nagata\/","url":"https:\/\/blogs.thesocialmedia.com\/leblogmoto\/2009\/01\/31\/chicara-nagata\/","name":"Chicara Nagata, la vid\u00e9o - leblogmoto.com","isPartOf":{"@id":"https:\/\/blogs.thesocialmedia.com\/leblogmoto\/#website"},"primaryImageOfPage":{"@id":"https:\/\/blogs.thesocialmedia.com\/leblogmoto\/2009\/01\/31\/chicara-nagata\/#primaryimage"},"image":{"@id":"https:\/\/blogs.thesocialmedia.com\/leblogmoto\/2009\/01\/31\/chicara-nagata\/#primaryimage"},"thumbnailUrl":"http:\/\/www.leblogmoto.com\/images\/2009\/01\/30\/chi1.jpg","datePublished":"2009-01-31T03:15:13+00:00","dateModified":"2012-07-11T17:03:05+00:00","author":{"@id":"https:\/\/blogs.thesocialmedia.com\/leblogmoto\/#\/schema\/person\/e82a0ca8a9a63d031586097a3ed58526"},"breadcrumb":{"@id":"https:\/\/blogs.thesocialmedia.com\/leblogmoto\/2009\/01\/31\/chicara-nagata\/#breadcrumb"},"inLanguage":"fr-FR","potentialAction":[{"@type":"ReadAction","target":["https:\/\/blogs.thesocialmedia.com\/leblogmoto\/2009\/01\/31\/chicara-nagata\/"]}]},{"@type":"ImageObject","inLanguage":"fr-FR","@id":"https:\/\/blogs.thesocialmedia.com\/leblogmoto\/2009\/01\/31\/chicara-nagata\/#primaryimage","url":"http:\/\/www.leblogmoto.com\/images\/2009\/01\/30\/chi1.jpg","contentUrl":"http:\/\/www.leblogmoto.com\/images\/2009\/01\/30\/chi1.jpg"},{"@type":"BreadcrumbList","@id":"https:\/\/blogs.thesocialmedia.com\/leblogmoto\/2009\/01\/31\/chicara-nagata\/#breadcrumb","itemListElement":[{"@type":"ListItem","position":1,"name":"Accueil","item":"https:\/\/blogs.thesocialmedia.com\/leblogmoto\/"},{"@type":"ListItem","position":2,"name":"Chicara Nagata, la vid\u00e9o"}]},{"@type":"WebSite","@id":"https:\/\/blogs.thesocialmedia.com\/leblogmoto\/#website","url":"https:\/\/blogs.thesocialmedia.com\/leblogmoto\/","name":"leblogmoto","description":"Toute l&#039;actualit\u00e9 des 2 roues","potentialAction":[{"@type":"SearchAction","target":{"@type":"EntryPoint","urlTemplate":"https:\/\/blogs.thesocialmedia.com\/leblogmoto\/?s={search_term_string}"},"query-input":{"@type":"PropertyValueSpecification","valueRequired":true,"valueName":"search_term_string"}}],"inLanguage":"fr-FR"},{"@type":"Person","@id":"https:\/\/blogs.thesocialmedia.com\/leblogmoto\/#\/schema\/person\/e82a0ca8a9a63d031586097a3ed58526","name":"jacques lesage","image":{"@type":"ImageObject","inLanguage":"fr-FR","@id":"https:\/\/blogs.thesocialmedia.com\/leblogmoto\/#\/schema\/person\/image\/","url":"https:\/\/secure.gravatar.com\/avatar\/?s=96&d=mm&r=g","contentUrl":"https:\/\/secure.gravatar.com\/avatar\/?s=96&d=mm&r=g","caption":"jacques lesage"},"url":"https:\/\/blogs.thesocialmedia.com\/leblogmoto\/author\/jacques-lesage\/"}]}},"_links":{"self":[{"href":"https:\/\/blogs.thesocialmedia.com\/leblogmoto\/wp-json\/wp\/v2\/posts\/292","targetHints":{"allow":["GET"]}}],"collection":[{"href":"https:\/\/blogs.thesocialmedia.com\/leblogmoto\/wp-json\/wp\/v2\/posts"}],"about":[{"href":"https:\/\/blogs.thesocialmedia.com\/leblogmoto\/wp-json\/wp\/v2\/types\/post"}],"author":[{"embeddable":true,"href":"https:\/\/blogs.thesocialmedia.com\/leblogmoto\/wp-json\/wp\/v2\/users\/325"}],"replies":[{"embeddable":true,"href":"https:\/\/blogs.thesocialmedia.com\/leblogmoto\/wp-json\/wp\/v2\/comments?post=292"}],"version-history":[{"count":2,"href":"https:\/\/blogs.thesocialmedia.com\/leblogmoto\/wp-json\/wp\/v2\/posts\/292\/revisions"}],"predecessor-version":[{"id":12681,"href":"https:\/\/blogs.thesocialmedia.com\/leblogmoto\/wp-json\/wp\/v2\/posts\/292\/revisions\/12681"}],"wp:attachment":[{"href":"https:\/\/blogs.thesocialmedia.com\/leblogmoto\/wp-json\/wp\/v2\/media?parent=292"}],"wp:term":[{"taxonomy":"category","embeddable":true,"href":"https:\/\/blogs.thesocialmedia.com\/leblogmoto\/wp-json\/wp\/v2\/categories?post=292"},{"taxonomy":"post_tag","embeddable":true,"href":"https:\/\/blogs.thesocialmedia.com\/leblogmoto\/wp-json\/wp\/v2\/tags?post=292"}],"curies":[{"name":"wp","href":"https:\/\/api.w.org\/{rel}","templated":true}]}}