{"id":295,"date":"2009-01-30T04:08:47","date_gmt":"2009-01-30T04:08:47","guid":{"rendered":"http:\/\/blogs.thesocialmedia.com\/leblogmoto\/2009\/01\/30\/album-du-vend-3-2\/"},"modified":"2012-07-11T17:02:49","modified_gmt":"2012-07-11T17:02:49","slug":"album-du-vend-3-2","status":"publish","type":"post","link":"https:\/\/blogs.thesocialmedia.com\/leblogmoto\/2009\/01\/30\/album-du-vend-3-2\/","title":{"rendered":"Album du vendredi, Le bonheur, c&rsquo;est deux roues"},"content":{"rendered":"<p><a href=\"http:\/\/blogs.thesocialmedia.com\/leblogmoto\/files\/2012\/07\/scoot14.jpg\"><img loading=\"lazy\" decoding=\"async\" width=\"470\" height=\"341\"  src=\"http:\/\/www.leblogmoto.com\/images\/2009\/01\/29\/scoot1.jpg\" alt=\"Scoot1\" \/><\/a> <\/p>\n<p>Difficile de pr\u00e9dire l\u2019avenir du Scooter, sera-t-il <a href=\"http:\/\/blogs.thesocialmedia.com\/leblogmoto\/files\/2012\/07\/o-lon-est-heure.html_.png\">futuriste<\/a> comme celui de Kaneda dans le manga <a href=\"http:\/\/fr.wikipedia.org\/wiki\/Akira_(manga)\">Akira<\/a>, la tendance au Japon va r\u00e9solument dans ce cette direction, ou bien la nostalgie ne nous laissera pas de r\u00e9pit et la Vespa restera un classique pour la nuit des temps?<\/p>\n<p>Quoiqu\u2019il en soit, permettez-moi pour cet Album du Vendredi de vider mon dossier d\u2019images en vrac, avec le Scooter dans tous ses \u00e9tats.<br \/>Je parie d\u2019ailleurs qu\u2019il y a quelques Parisiens et Parisiennes qui se verraient bien en Scooter plut\u00f4t que de poireauter des heures sur un quai de gare en ce moment!<\/p>\n<p><a href=\"http:\/\/clabedan.typepad.com\/.shared\/image.html?\/photos\/uncategorized\/2009\/01\/29\/scoot2.jpg\"><img loading=\"lazy\" decoding=\"async\" width=\"470\" height=\"474\"  src=\"http:\/\/www.leblogmoto.com\/images\/2009\/01\/29\/scoot2.jpg\" alt=\"Scoot2\" \/><\/a> <\/p>\n<p><a href=\"http:\/\/blogs.thesocialmedia.com\/leblogmoto\/files\/2012\/07\/scoot31.jpg\"><img loading=\"lazy\" decoding=\"async\" width=\"470\" height=\"337\"  src=\"http:\/\/www.leblogmoto.com\/images\/2009\/01\/29\/scoot3.jpg\" alt=\"Scoot3\" \/><\/a> <\/p>\n<p><a href=\"http:\/\/blogs.thesocialmedia.com\/leblogmoto\/files\/2012\/07\/scoot41.jpg\"><img loading=\"lazy\" decoding=\"async\" width=\"470\" height=\"608\"  src=\"http:\/\/www.leblogmoto.com\/images\/2009\/01\/29\/scoot4.jpg\" alt=\"Scoot4\" \/><\/a> <\/p>\n<p><a href=\"http:\/\/blogs.thesocialmedia.com\/leblogmoto\/files\/2012\/07\/scoot51.jpg\"><img loading=\"lazy\" decoding=\"async\" width=\"470\" height=\"430\"  src=\"http:\/\/www.leblogmoto.com\/images\/2009\/01\/29\/scoot5.jpg\" alt=\"Scoot5\" \/><\/a> <\/p>\n<p><a href=\"http:\/\/blogs.thesocialmedia.com\/leblogmoto\/files\/2012\/07\/scoot61.jpg\"><img loading=\"lazy\" decoding=\"async\" width=\"470\" height=\"626\"  src=\"http:\/\/www.leblogmoto.com\/images\/2009\/01\/29\/scoot6.jpg\" alt=\"Scoot6\" \/><\/a> <\/p>\n<p><a href=\"http:\/\/blogs.thesocialmedia.com\/leblogmoto\/files\/2012\/07\/scoot81.jpg\"><img loading=\"lazy\" decoding=\"async\" width=\"470\" height=\"313\"  src=\"http:\/\/www.leblogmoto.com\/images\/2009\/01\/29\/scoot8.jpg\" alt=\"Scoot8\" \/><\/a> <\/p>\n<p><a href=\"http:\/\/blogs.thesocialmedia.com\/leblogmoto\/files\/2012\/07\/scoot91.jpg\"><img loading=\"lazy\" decoding=\"async\" width=\"470\" height=\"313\"  src=\"http:\/\/www.leblogmoto.com\/images\/2009\/01\/29\/scoot9.jpg\" alt=\"Scoot9\" \/><\/a> <\/p>\n<p><a href=\"http:\/\/blogs.thesocialmedia.com\/leblogmoto\/files\/2012\/07\/scoot101.jpg\"><img loading=\"lazy\" decoding=\"async\" width=\"470\" height=\"312\"  src=\"http:\/\/www.leblogmoto.com\/images\/2009\/01\/29\/scoot10.jpg\" alt=\"Scoot10\" \/><\/a> <\/p>\n<p><a href=\"http:\/\/blogs.thesocialmedia.com\/leblogmoto\/files\/2012\/07\/scoot111.jpg\"><img loading=\"lazy\" decoding=\"async\" width=\"470\" height=\"486\"  src=\"http:\/\/www.leblogmoto.com\/images\/2009\/01\/29\/scoot11.jpg\" alt=\"Scoot11\" \/><\/a> <\/p>\n<p><a href=\"http:\/\/blogs.thesocialmedia.com\/leblogmoto\/files\/2012\/07\/scoot121.jpg\"><img loading=\"lazy\" decoding=\"async\" width=\"470\" height=\"375\"  src=\"http:\/\/www.leblogmoto.com\/images\/2009\/01\/29\/scoot12.jpg\" alt=\"Scoot12\" \/><\/a> <\/p>\n<p><a href=\"http:\/\/blogs.thesocialmedia.com\/leblogmoto\/files\/2012\/07\/scoot131.jpg\"><img loading=\"lazy\" decoding=\"async\" width=\"470\" height=\"517\"  src=\"http:\/\/www.leblogmoto.com\/images\/2009\/01\/29\/scoot13.jpg\" alt=\"Scoot13\" \/><\/a> <\/p>\n<p><a href=\"http:\/\/blogs.thesocialmedia.com\/leblogmoto\/files\/2012\/07\/scoot141.jpg\"><img loading=\"lazy\" decoding=\"async\" width=\"470\" height=\"309\"  src=\"http:\/\/www.leblogmoto.com\/images\/2009\/01\/29\/scoot14.jpg\" alt=\"Scoot14\" \/><\/a> <\/p>\n","protected":false},"excerpt":{"rendered":"<p>Difficile de pr\u00e9dire l\u2019avenir du Scooter, sera-t-il futuriste comme celui de Kaneda dans le manga Akira, la tendance au Japon va r\u00e9solument dans ce cette direction, ou bien la nostalgie ne nous laissera pas de r\u00e9pit et la Vespa restera un classique pour la nuit des temps? Quoiqu\u2019il en soit, permettez-moi pour cet Album du [&hellip;]<\/p>\n","protected":false},"author":325,"featured_media":0,"comment_status":"open","ping_status":"open","sticky":false,"template":"","format":"standard","meta":{"footnotes":""},"categories":[16,17,19],"tags":[],"class_list":["post-295","post","type-post","status-publish","format-standard","hentry","category-art-moto","category-divers","category-scooter"],"yoast_head":"<!-- This site is optimized with the Yoast SEO plugin v26.0 - https:\/\/yoast.com\/wordpress\/plugins\/seo\/ -->\n<title>Album du vendredi, Le bonheur, c&#039;est deux roues - leblogmoto.com<\/title>\n<meta name=\"robots\" content=\"index, follow, max-snippet:-1, max-image-preview:large, max-video-preview:-1\" \/>\n<link rel=\"canonical\" href=\"https:\/\/blogs.thesocialmedia.com\/leblogmoto\/2009\/01\/30\/album-du-vend-3-2\/\" \/>\n<meta name=\"twitter:card\" content=\"summary_large_image\" \/>\n<meta name=\"twitter:title\" content=\"Album du vendredi, Le bonheur, c&#039;est deux roues - leblogmoto.com\" \/>\n<meta name=\"twitter:description\" content=\"Difficile de pr\u00e9dire l\u2019avenir du Scooter, sera-t-il futuriste comme celui de Kaneda dans le manga Akira, la tendance au Japon va r\u00e9solument dans ce cette direction, ou bien la nostalgie ne nous laissera pas de r\u00e9pit et la Vespa restera un classique pour la nuit des temps? Quoiqu\u2019il en soit, permettez-moi pour cet Album du [&hellip;]\" \/>\n<meta name=\"twitter:image\" content=\"http:\/\/www.leblogmoto.com\/images\/2009\/01\/29\/scoot1.jpg\" \/>\n<meta name=\"twitter:label1\" content=\"\u00c9crit par\" \/>\n\t<meta name=\"twitter:data1\" content=\"jacques lesage\" \/>\n\t<meta name=\"twitter:label2\" content=\"Dur\u00e9e de lecture estim\u00e9e\" \/>\n\t<meta name=\"twitter:data2\" content=\"1 minute\" \/>\n<script type=\"application\/ld+json\" class=\"yoast-schema-graph\">{\"@context\":\"https:\/\/schema.org\",\"@graph\":[{\"@type\":\"WebPage\",\"@id\":\"https:\/\/blogs.thesocialmedia.com\/leblogmoto\/2009\/01\/30\/album-du-vend-3-2\/\",\"url\":\"https:\/\/blogs.thesocialmedia.com\/leblogmoto\/2009\/01\/30\/album-du-vend-3-2\/\",\"name\":\"Album du vendredi, Le bonheur, c'est deux roues - leblogmoto.com\",\"isPartOf\":{\"@id\":\"https:\/\/blogs.thesocialmedia.com\/leblogmoto\/#website\"},\"primaryImageOfPage\":{\"@id\":\"https:\/\/blogs.thesocialmedia.com\/leblogmoto\/2009\/01\/30\/album-du-vend-3-2\/#primaryimage\"},\"image\":{\"@id\":\"https:\/\/blogs.thesocialmedia.com\/leblogmoto\/2009\/01\/30\/album-du-vend-3-2\/#primaryimage\"},\"thumbnailUrl\":\"http:\/\/www.leblogmoto.com\/images\/2009\/01\/29\/scoot1.jpg\",\"datePublished\":\"2009-01-30T04:08:47+00:00\",\"dateModified\":\"2012-07-11T17:02:49+00:00\",\"author\":{\"@id\":\"https:\/\/blogs.thesocialmedia.com\/leblogmoto\/#\/schema\/person\/e82a0ca8a9a63d031586097a3ed58526\"},\"breadcrumb\":{\"@id\":\"https:\/\/blogs.thesocialmedia.com\/leblogmoto\/2009\/01\/30\/album-du-vend-3-2\/#breadcrumb\"},\"inLanguage\":\"fr-FR\",\"potentialAction\":[{\"@type\":\"ReadAction\",\"target\":[\"https:\/\/blogs.thesocialmedia.com\/leblogmoto\/2009\/01\/30\/album-du-vend-3-2\/\"]}]},{\"@type\":\"ImageObject\",\"inLanguage\":\"fr-FR\",\"@id\":\"https:\/\/blogs.thesocialmedia.com\/leblogmoto\/2009\/01\/30\/album-du-vend-3-2\/#primaryimage\",\"url\":\"http:\/\/www.leblogmoto.com\/images\/2009\/01\/29\/scoot1.jpg\",\"contentUrl\":\"http:\/\/www.leblogmoto.com\/images\/2009\/01\/29\/scoot1.jpg\"},{\"@type\":\"BreadcrumbList\",\"@id\":\"https:\/\/blogs.thesocialmedia.com\/leblogmoto\/2009\/01\/30\/album-du-vend-3-2\/#breadcrumb\",\"itemListElement\":[{\"@type\":\"ListItem\",\"position\":1,\"name\":\"Accueil\",\"item\":\"https:\/\/blogs.thesocialmedia.com\/leblogmoto\/\"},{\"@type\":\"ListItem\",\"position\":2,\"name\":\"Album du vendredi, Le bonheur, c&rsquo;est deux roues\"}]},{\"@type\":\"WebSite\",\"@id\":\"https:\/\/blogs.thesocialmedia.com\/leblogmoto\/#website\",\"url\":\"https:\/\/blogs.thesocialmedia.com\/leblogmoto\/\",\"name\":\"leblogmoto\",\"description\":\"Toute l&#039;actualit\u00e9 des 2 roues\",\"potentialAction\":[{\"@type\":\"SearchAction\",\"target\":{\"@type\":\"EntryPoint\",\"urlTemplate\":\"https:\/\/blogs.thesocialmedia.com\/leblogmoto\/?s={search_term_string}\"},\"query-input\":{\"@type\":\"PropertyValueSpecification\",\"valueRequired\":true,\"valueName\":\"search_term_string\"}}],\"inLanguage\":\"fr-FR\"},{\"@type\":\"Person\",\"@id\":\"https:\/\/blogs.thesocialmedia.com\/leblogmoto\/#\/schema\/person\/e82a0ca8a9a63d031586097a3ed58526\",\"name\":\"jacques lesage\",\"image\":{\"@type\":\"ImageObject\",\"inLanguage\":\"fr-FR\",\"@id\":\"https:\/\/blogs.thesocialmedia.com\/leblogmoto\/#\/schema\/person\/image\/\",\"url\":\"https:\/\/secure.gravatar.com\/avatar\/?s=96&d=mm&r=g\",\"contentUrl\":\"https:\/\/secure.gravatar.com\/avatar\/?s=96&d=mm&r=g\",\"caption\":\"jacques lesage\"},\"url\":\"https:\/\/blogs.thesocialmedia.com\/leblogmoto\/author\/jacques-lesage\/\"}]}<\/script>\n<!-- \/ Yoast SEO plugin. -->","yoast_head_json":{"title":"Album du vendredi, Le bonheur, c'est deux roues - leblogmoto.com","robots":{"index":"index","follow":"follow","max-snippet":"max-snippet:-1","max-image-preview":"max-image-preview:large","max-video-preview":"max-video-preview:-1"},"canonical":"https:\/\/blogs.thesocialmedia.com\/leblogmoto\/2009\/01\/30\/album-du-vend-3-2\/","twitter_card":"summary_large_image","twitter_title":"Album du vendredi, Le bonheur, c'est deux roues - leblogmoto.com","twitter_description":"Difficile de pr\u00e9dire l\u2019avenir du Scooter, sera-t-il futuriste comme celui de Kaneda dans le manga Akira, la tendance au Japon va r\u00e9solument dans ce cette direction, ou bien la nostalgie ne nous laissera pas de r\u00e9pit et la Vespa restera un classique pour la nuit des temps? Quoiqu\u2019il en soit, permettez-moi pour cet Album du [&hellip;]","twitter_image":"http:\/\/www.leblogmoto.com\/images\/2009\/01\/29\/scoot1.jpg","twitter_misc":{"\u00c9crit par":"jacques lesage","Dur\u00e9e de lecture estim\u00e9e":"1 minute"},"schema":{"@context":"https:\/\/schema.org","@graph":[{"@type":"WebPage","@id":"https:\/\/blogs.thesocialmedia.com\/leblogmoto\/2009\/01\/30\/album-du-vend-3-2\/","url":"https:\/\/blogs.thesocialmedia.com\/leblogmoto\/2009\/01\/30\/album-du-vend-3-2\/","name":"Album du vendredi, Le bonheur, c'est deux roues - leblogmoto.com","isPartOf":{"@id":"https:\/\/blogs.thesocialmedia.com\/leblogmoto\/#website"},"primaryImageOfPage":{"@id":"https:\/\/blogs.thesocialmedia.com\/leblogmoto\/2009\/01\/30\/album-du-vend-3-2\/#primaryimage"},"image":{"@id":"https:\/\/blogs.thesocialmedia.com\/leblogmoto\/2009\/01\/30\/album-du-vend-3-2\/#primaryimage"},"thumbnailUrl":"http:\/\/www.leblogmoto.com\/images\/2009\/01\/29\/scoot1.jpg","datePublished":"2009-01-30T04:08:47+00:00","dateModified":"2012-07-11T17:02:49+00:00","author":{"@id":"https:\/\/blogs.thesocialmedia.com\/leblogmoto\/#\/schema\/person\/e82a0ca8a9a63d031586097a3ed58526"},"breadcrumb":{"@id":"https:\/\/blogs.thesocialmedia.com\/leblogmoto\/2009\/01\/30\/album-du-vend-3-2\/#breadcrumb"},"inLanguage":"fr-FR","potentialAction":[{"@type":"ReadAction","target":["https:\/\/blogs.thesocialmedia.com\/leblogmoto\/2009\/01\/30\/album-du-vend-3-2\/"]}]},{"@type":"ImageObject","inLanguage":"fr-FR","@id":"https:\/\/blogs.thesocialmedia.com\/leblogmoto\/2009\/01\/30\/album-du-vend-3-2\/#primaryimage","url":"http:\/\/www.leblogmoto.com\/images\/2009\/01\/29\/scoot1.jpg","contentUrl":"http:\/\/www.leblogmoto.com\/images\/2009\/01\/29\/scoot1.jpg"},{"@type":"BreadcrumbList","@id":"https:\/\/blogs.thesocialmedia.com\/leblogmoto\/2009\/01\/30\/album-du-vend-3-2\/#breadcrumb","itemListElement":[{"@type":"ListItem","position":1,"name":"Accueil","item":"https:\/\/blogs.thesocialmedia.com\/leblogmoto\/"},{"@type":"ListItem","position":2,"name":"Album du vendredi, Le bonheur, c&rsquo;est deux roues"}]},{"@type":"WebSite","@id":"https:\/\/blogs.thesocialmedia.com\/leblogmoto\/#website","url":"https:\/\/blogs.thesocialmedia.com\/leblogmoto\/","name":"leblogmoto","description":"Toute l&#039;actualit\u00e9 des 2 roues","potentialAction":[{"@type":"SearchAction","target":{"@type":"EntryPoint","urlTemplate":"https:\/\/blogs.thesocialmedia.com\/leblogmoto\/?s={search_term_string}"},"query-input":{"@type":"PropertyValueSpecification","valueRequired":true,"valueName":"search_term_string"}}],"inLanguage":"fr-FR"},{"@type":"Person","@id":"https:\/\/blogs.thesocialmedia.com\/leblogmoto\/#\/schema\/person\/e82a0ca8a9a63d031586097a3ed58526","name":"jacques lesage","image":{"@type":"ImageObject","inLanguage":"fr-FR","@id":"https:\/\/blogs.thesocialmedia.com\/leblogmoto\/#\/schema\/person\/image\/","url":"https:\/\/secure.gravatar.com\/avatar\/?s=96&d=mm&r=g","contentUrl":"https:\/\/secure.gravatar.com\/avatar\/?s=96&d=mm&r=g","caption":"jacques lesage"},"url":"https:\/\/blogs.thesocialmedia.com\/leblogmoto\/author\/jacques-lesage\/"}]}},"_links":{"self":[{"href":"https:\/\/blogs.thesocialmedia.com\/leblogmoto\/wp-json\/wp\/v2\/posts\/295","targetHints":{"allow":["GET"]}}],"collection":[{"href":"https:\/\/blogs.thesocialmedia.com\/leblogmoto\/wp-json\/wp\/v2\/posts"}],"about":[{"href":"https:\/\/blogs.thesocialmedia.com\/leblogmoto\/wp-json\/wp\/v2\/types\/post"}],"author":[{"embeddable":true,"href":"https:\/\/blogs.thesocialmedia.com\/leblogmoto\/wp-json\/wp\/v2\/users\/325"}],"replies":[{"embeddable":true,"href":"https:\/\/blogs.thesocialmedia.com\/leblogmoto\/wp-json\/wp\/v2\/comments?post=295"}],"version-history":[{"count":2,"href":"https:\/\/blogs.thesocialmedia.com\/leblogmoto\/wp-json\/wp\/v2\/posts\/295\/revisions"}],"predecessor-version":[{"id":12670,"href":"https:\/\/blogs.thesocialmedia.com\/leblogmoto\/wp-json\/wp\/v2\/posts\/295\/revisions\/12670"}],"wp:attachment":[{"href":"https:\/\/blogs.thesocialmedia.com\/leblogmoto\/wp-json\/wp\/v2\/media?parent=295"}],"wp:term":[{"taxonomy":"category","embeddable":true,"href":"https:\/\/blogs.thesocialmedia.com\/leblogmoto\/wp-json\/wp\/v2\/categories?post=295"},{"taxonomy":"post_tag","embeddable":true,"href":"https:\/\/blogs.thesocialmedia.com\/leblogmoto\/wp-json\/wp\/v2\/tags?post=295"}],"curies":[{"name":"wp","href":"https:\/\/api.w.org\/{rel}","templated":true}]}}