{"id":296,"date":"2009-01-29T23:39:25","date_gmt":"2009-01-29T23:39:25","guid":{"rendered":"http:\/\/blogs.thesocialmedia.com\/leblogmoto\/2009\/01\/29\/en-ce-jour-de-g\/"},"modified":"2012-07-11T17:02:11","modified_gmt":"2012-07-11T17:02:11","slug":"en-ce-jour-de-g","status":"publish","type":"post","link":"https:\/\/blogs.thesocialmedia.com\/leblogmoto\/2009\/01\/29\/en-ce-jour-de-g\/","title":{"rendered":"En ce jour de gr\u00e8ve, les plus fut\u00e9s ont lou\u00e9 leur deux-roues."},"content":{"rendered":"<p><a href=\"http:\/\/blogs.thesocialmedia.com\/leblogmoto\/files\/2012\/07\/g1.jpg\"><img loading=\"lazy\" decoding=\"async\" height=\"274\"  width=\"470\" alt=\"G\" src=\"http:\/\/www.leblogmoto.com\/images\/2009\/01\/29\/g.jpg\" \/><\/a> <\/p>\n<p>Fichu particularisme de notre langue qui, contrairement \u00e0 sa voisine anglo-saxonne, ne diff\u00e9rencie pas les deux sens du verbe louer: donner en location ou prendre en location. C&rsquo;est bien \u00e9videmment le premier sens qui nous int\u00e9resse ici. Loin du covoiturage, mais palliant les m\u00eames probl\u00e8mes avec d&rsquo;autres moyens, cette pratique pourrait int\u00e9resser nos lectrices et lecteurs qui cherchent \u00e0 tirer parti de leur v\u00e9hicule rest\u00e9 au garage, tout en compl\u00e9tant &#8211; de fa\u00e7on maline &#8211; leur revenu. C&rsquo;est le quotidien azur\u00e9en Nice-Matin qui consacre un article \u00e0 cette d\u00e9brouille gr\u00e2ce \u00e0 laquelle des salari\u00e9s non-gr\u00e9vistes peuvent se rendre \u00e0 leur travail, moyennant le paiement d&rsquo;une modique somme. A l&rsquo;autre bout, des particuliers propri\u00e9taire d&rsquo;un deux-roues, motoris\u00e9 ou non, soucieux de rentabiliser leur achat. Entre les deux contractants, un site entremetteur*. Sont ainsi mis \u00e0 la disposition du vaillant salari\u00e9, un scooter de 125cc pour 20 \u20ac la journ\u00e9e, un VTT pour 9 \u20ac, et m\u00eame un v\u00e9lo \u00e9lectrique. Une somme, \u00e0 mon avis ridicule, m\u00eame compar\u00e9e \u00e0 la valeur du smic horaire, pour prendre la r\u00e9mun\u00e9ration de travail (sens\u00e9 \u00eatre) la plus basse. De plus, en louant comme le font quelques usagers du site, quatre ou cinq petits v\u00e9hicules, certains propri\u00e9taires arrivent \u00e0 collecter 100 \u20ac par mois. C&rsquo;est un sujet \u00e0 d\u00e9couvrir <a href=\"http:\/\/www.nicematin.com\/ra\/nice\/170505\/nice-ni-bus-ni-tramway-mais-scooters-et-velos-a-louer\">ici<\/a>.<\/p>\n<p><em>*www.zilok.fr, consultez l&rsquo;article de Nice-matin qui renvoie \u00e9galement \u00e0 d&rsquo;autres sites en bas de page.<br \/><\/em><\/p>\n<p><em>Cr\u00e9dit photo: photo constructeur du Peugeot Satelis 125 Compressor.<\/em><\/p>\n","protected":false},"excerpt":{"rendered":"<p>Fichu particularisme de notre langue qui, contrairement \u00e0 sa voisine anglo-saxonne, ne diff\u00e9rencie pas les deux sens du verbe louer: donner en location ou prendre en location. C&rsquo;est bien \u00e9videmment le premier sens qui nous int\u00e9resse ici. Loin du covoiturage, mais palliant les m\u00eames probl\u00e8mes avec d&rsquo;autres moyens, cette pratique pourrait int\u00e9resser nos lectrices et [&hellip;]<\/p>\n","protected":false},"author":324,"featured_media":0,"comment_status":"open","ping_status":"open","sticky":false,"template":"","format":"standard","meta":{"footnotes":""},"categories":[3,19,78],"tags":[],"class_list":["post-296","post","type-post","status-publish","format-standard","hentry","category-actualite","category-scooter","category-tuyaux-et-astuces"],"yoast_head":"<!-- This site is optimized with the Yoast SEO plugin v26.0 - https:\/\/yoast.com\/wordpress\/plugins\/seo\/ -->\n<title>En ce jour de gr\u00e8ve, les plus fut\u00e9s ont lou\u00e9 leur deux-roues. - leblogmoto.com<\/title>\n<meta name=\"robots\" content=\"index, follow, max-snippet:-1, max-image-preview:large, max-video-preview:-1\" \/>\n<link rel=\"canonical\" href=\"https:\/\/blogs.thesocialmedia.com\/leblogmoto\/2009\/01\/29\/en-ce-jour-de-g\/\" \/>\n<meta name=\"twitter:card\" content=\"summary_large_image\" \/>\n<meta name=\"twitter:title\" content=\"En ce jour de gr\u00e8ve, les plus fut\u00e9s ont lou\u00e9 leur deux-roues. - leblogmoto.com\" \/>\n<meta name=\"twitter:description\" content=\"Fichu particularisme de notre langue qui, contrairement \u00e0 sa voisine anglo-saxonne, ne diff\u00e9rencie pas les deux sens du verbe louer: donner en location ou prendre en location. C&rsquo;est bien \u00e9videmment le premier sens qui nous int\u00e9resse ici. Loin du covoiturage, mais palliant les m\u00eames probl\u00e8mes avec d&rsquo;autres moyens, cette pratique pourrait int\u00e9resser nos lectrices et [&hellip;]\" \/>\n<meta name=\"twitter:image\" content=\"http:\/\/www.leblogmoto.com\/images\/2009\/01\/29\/g.jpg\" \/>\n<meta name=\"twitter:label1\" content=\"\u00c9crit par\" \/>\n\t<meta name=\"twitter:data1\" content=\"benoit rieu\" \/>\n\t<meta name=\"twitter:label2\" content=\"Dur\u00e9e de lecture estim\u00e9e\" \/>\n\t<meta name=\"twitter:data2\" content=\"1 minute\" \/>\n<script type=\"application\/ld+json\" class=\"yoast-schema-graph\">{\"@context\":\"https:\/\/schema.org\",\"@graph\":[{\"@type\":\"WebPage\",\"@id\":\"https:\/\/blogs.thesocialmedia.com\/leblogmoto\/2009\/01\/29\/en-ce-jour-de-g\/\",\"url\":\"https:\/\/blogs.thesocialmedia.com\/leblogmoto\/2009\/01\/29\/en-ce-jour-de-g\/\",\"name\":\"En ce jour de gr\u00e8ve, les plus fut\u00e9s ont lou\u00e9 leur deux-roues. - leblogmoto.com\",\"isPartOf\":{\"@id\":\"https:\/\/blogs.thesocialmedia.com\/leblogmoto\/#website\"},\"primaryImageOfPage\":{\"@id\":\"https:\/\/blogs.thesocialmedia.com\/leblogmoto\/2009\/01\/29\/en-ce-jour-de-g\/#primaryimage\"},\"image\":{\"@id\":\"https:\/\/blogs.thesocialmedia.com\/leblogmoto\/2009\/01\/29\/en-ce-jour-de-g\/#primaryimage\"},\"thumbnailUrl\":\"http:\/\/www.leblogmoto.com\/images\/2009\/01\/29\/g.jpg\",\"datePublished\":\"2009-01-29T23:39:25+00:00\",\"dateModified\":\"2012-07-11T17:02:11+00:00\",\"author\":{\"@id\":\"https:\/\/blogs.thesocialmedia.com\/leblogmoto\/#\/schema\/person\/18bfe773e5725ed6d24f743da805362a\"},\"breadcrumb\":{\"@id\":\"https:\/\/blogs.thesocialmedia.com\/leblogmoto\/2009\/01\/29\/en-ce-jour-de-g\/#breadcrumb\"},\"inLanguage\":\"fr-FR\",\"potentialAction\":[{\"@type\":\"ReadAction\",\"target\":[\"https:\/\/blogs.thesocialmedia.com\/leblogmoto\/2009\/01\/29\/en-ce-jour-de-g\/\"]}]},{\"@type\":\"ImageObject\",\"inLanguage\":\"fr-FR\",\"@id\":\"https:\/\/blogs.thesocialmedia.com\/leblogmoto\/2009\/01\/29\/en-ce-jour-de-g\/#primaryimage\",\"url\":\"http:\/\/www.leblogmoto.com\/images\/2009\/01\/29\/g.jpg\",\"contentUrl\":\"http:\/\/www.leblogmoto.com\/images\/2009\/01\/29\/g.jpg\"},{\"@type\":\"BreadcrumbList\",\"@id\":\"https:\/\/blogs.thesocialmedia.com\/leblogmoto\/2009\/01\/29\/en-ce-jour-de-g\/#breadcrumb\",\"itemListElement\":[{\"@type\":\"ListItem\",\"position\":1,\"name\":\"Accueil\",\"item\":\"https:\/\/blogs.thesocialmedia.com\/leblogmoto\/\"},{\"@type\":\"ListItem\",\"position\":2,\"name\":\"En ce jour de gr\u00e8ve, les plus fut\u00e9s ont lou\u00e9 leur deux-roues.\"}]},{\"@type\":\"WebSite\",\"@id\":\"https:\/\/blogs.thesocialmedia.com\/leblogmoto\/#website\",\"url\":\"https:\/\/blogs.thesocialmedia.com\/leblogmoto\/\",\"name\":\"leblogmoto\",\"description\":\"Toute l&#039;actualit\u00e9 des 2 roues\",\"potentialAction\":[{\"@type\":\"SearchAction\",\"target\":{\"@type\":\"EntryPoint\",\"urlTemplate\":\"https:\/\/blogs.thesocialmedia.com\/leblogmoto\/?s={search_term_string}\"},\"query-input\":{\"@type\":\"PropertyValueSpecification\",\"valueRequired\":true,\"valueName\":\"search_term_string\"}}],\"inLanguage\":\"fr-FR\"},{\"@type\":\"Person\",\"@id\":\"https:\/\/blogs.thesocialmedia.com\/leblogmoto\/#\/schema\/person\/18bfe773e5725ed6d24f743da805362a\",\"name\":\"benoit rieu\",\"image\":{\"@type\":\"ImageObject\",\"inLanguage\":\"fr-FR\",\"@id\":\"https:\/\/blogs.thesocialmedia.com\/leblogmoto\/#\/schema\/person\/image\/\",\"url\":\"https:\/\/secure.gravatar.com\/avatar\/?s=96&d=mm&r=g\",\"contentUrl\":\"https:\/\/secure.gravatar.com\/avatar\/?s=96&d=mm&r=g\",\"caption\":\"benoit rieu\"},\"url\":\"https:\/\/blogs.thesocialmedia.com\/leblogmoto\/author\/benoit-rieu\/\"}]}<\/script>\n<!-- \/ Yoast SEO plugin. -->","yoast_head_json":{"title":"En ce jour de gr\u00e8ve, les plus fut\u00e9s ont lou\u00e9 leur deux-roues. - leblogmoto.com","robots":{"index":"index","follow":"follow","max-snippet":"max-snippet:-1","max-image-preview":"max-image-preview:large","max-video-preview":"max-video-preview:-1"},"canonical":"https:\/\/blogs.thesocialmedia.com\/leblogmoto\/2009\/01\/29\/en-ce-jour-de-g\/","twitter_card":"summary_large_image","twitter_title":"En ce jour de gr\u00e8ve, les plus fut\u00e9s ont lou\u00e9 leur deux-roues. - leblogmoto.com","twitter_description":"Fichu particularisme de notre langue qui, contrairement \u00e0 sa voisine anglo-saxonne, ne diff\u00e9rencie pas les deux sens du verbe louer: donner en location ou prendre en location. C&rsquo;est bien \u00e9videmment le premier sens qui nous int\u00e9resse ici. Loin du covoiturage, mais palliant les m\u00eames probl\u00e8mes avec d&rsquo;autres moyens, cette pratique pourrait int\u00e9resser nos lectrices et [&hellip;]","twitter_image":"http:\/\/www.leblogmoto.com\/images\/2009\/01\/29\/g.jpg","twitter_misc":{"\u00c9crit par":"benoit rieu","Dur\u00e9e de lecture estim\u00e9e":"1 minute"},"schema":{"@context":"https:\/\/schema.org","@graph":[{"@type":"WebPage","@id":"https:\/\/blogs.thesocialmedia.com\/leblogmoto\/2009\/01\/29\/en-ce-jour-de-g\/","url":"https:\/\/blogs.thesocialmedia.com\/leblogmoto\/2009\/01\/29\/en-ce-jour-de-g\/","name":"En ce jour de gr\u00e8ve, les plus fut\u00e9s ont lou\u00e9 leur deux-roues. - leblogmoto.com","isPartOf":{"@id":"https:\/\/blogs.thesocialmedia.com\/leblogmoto\/#website"},"primaryImageOfPage":{"@id":"https:\/\/blogs.thesocialmedia.com\/leblogmoto\/2009\/01\/29\/en-ce-jour-de-g\/#primaryimage"},"image":{"@id":"https:\/\/blogs.thesocialmedia.com\/leblogmoto\/2009\/01\/29\/en-ce-jour-de-g\/#primaryimage"},"thumbnailUrl":"http:\/\/www.leblogmoto.com\/images\/2009\/01\/29\/g.jpg","datePublished":"2009-01-29T23:39:25+00:00","dateModified":"2012-07-11T17:02:11+00:00","author":{"@id":"https:\/\/blogs.thesocialmedia.com\/leblogmoto\/#\/schema\/person\/18bfe773e5725ed6d24f743da805362a"},"breadcrumb":{"@id":"https:\/\/blogs.thesocialmedia.com\/leblogmoto\/2009\/01\/29\/en-ce-jour-de-g\/#breadcrumb"},"inLanguage":"fr-FR","potentialAction":[{"@type":"ReadAction","target":["https:\/\/blogs.thesocialmedia.com\/leblogmoto\/2009\/01\/29\/en-ce-jour-de-g\/"]}]},{"@type":"ImageObject","inLanguage":"fr-FR","@id":"https:\/\/blogs.thesocialmedia.com\/leblogmoto\/2009\/01\/29\/en-ce-jour-de-g\/#primaryimage","url":"http:\/\/www.leblogmoto.com\/images\/2009\/01\/29\/g.jpg","contentUrl":"http:\/\/www.leblogmoto.com\/images\/2009\/01\/29\/g.jpg"},{"@type":"BreadcrumbList","@id":"https:\/\/blogs.thesocialmedia.com\/leblogmoto\/2009\/01\/29\/en-ce-jour-de-g\/#breadcrumb","itemListElement":[{"@type":"ListItem","position":1,"name":"Accueil","item":"https:\/\/blogs.thesocialmedia.com\/leblogmoto\/"},{"@type":"ListItem","position":2,"name":"En ce jour de gr\u00e8ve, les plus fut\u00e9s ont lou\u00e9 leur deux-roues."}]},{"@type":"WebSite","@id":"https:\/\/blogs.thesocialmedia.com\/leblogmoto\/#website","url":"https:\/\/blogs.thesocialmedia.com\/leblogmoto\/","name":"leblogmoto","description":"Toute l&#039;actualit\u00e9 des 2 roues","potentialAction":[{"@type":"SearchAction","target":{"@type":"EntryPoint","urlTemplate":"https:\/\/blogs.thesocialmedia.com\/leblogmoto\/?s={search_term_string}"},"query-input":{"@type":"PropertyValueSpecification","valueRequired":true,"valueName":"search_term_string"}}],"inLanguage":"fr-FR"},{"@type":"Person","@id":"https:\/\/blogs.thesocialmedia.com\/leblogmoto\/#\/schema\/person\/18bfe773e5725ed6d24f743da805362a","name":"benoit rieu","image":{"@type":"ImageObject","inLanguage":"fr-FR","@id":"https:\/\/blogs.thesocialmedia.com\/leblogmoto\/#\/schema\/person\/image\/","url":"https:\/\/secure.gravatar.com\/avatar\/?s=96&d=mm&r=g","contentUrl":"https:\/\/secure.gravatar.com\/avatar\/?s=96&d=mm&r=g","caption":"benoit rieu"},"url":"https:\/\/blogs.thesocialmedia.com\/leblogmoto\/author\/benoit-rieu\/"}]}},"_links":{"self":[{"href":"https:\/\/blogs.thesocialmedia.com\/leblogmoto\/wp-json\/wp\/v2\/posts\/296","targetHints":{"allow":["GET"]}}],"collection":[{"href":"https:\/\/blogs.thesocialmedia.com\/leblogmoto\/wp-json\/wp\/v2\/posts"}],"about":[{"href":"https:\/\/blogs.thesocialmedia.com\/leblogmoto\/wp-json\/wp\/v2\/types\/post"}],"author":[{"embeddable":true,"href":"https:\/\/blogs.thesocialmedia.com\/leblogmoto\/wp-json\/wp\/v2\/users\/324"}],"replies":[{"embeddable":true,"href":"https:\/\/blogs.thesocialmedia.com\/leblogmoto\/wp-json\/wp\/v2\/comments?post=296"}],"version-history":[{"count":2,"href":"https:\/\/blogs.thesocialmedia.com\/leblogmoto\/wp-json\/wp\/v2\/posts\/296\/revisions"}],"predecessor-version":[{"id":12657,"href":"https:\/\/blogs.thesocialmedia.com\/leblogmoto\/wp-json\/wp\/v2\/posts\/296\/revisions\/12657"}],"wp:attachment":[{"href":"https:\/\/blogs.thesocialmedia.com\/leblogmoto\/wp-json\/wp\/v2\/media?parent=296"}],"wp:term":[{"taxonomy":"category","embeddable":true,"href":"https:\/\/blogs.thesocialmedia.com\/leblogmoto\/wp-json\/wp\/v2\/categories?post=296"},{"taxonomy":"post_tag","embeddable":true,"href":"https:\/\/blogs.thesocialmedia.com\/leblogmoto\/wp-json\/wp\/v2\/tags?post=296"}],"curies":[{"name":"wp","href":"https:\/\/api.w.org\/{rel}","templated":true}]}}