{"id":298,"date":"2009-01-29T23:28:29","date_gmt":"2009-01-29T23:28:29","guid":{"rendered":"http:\/\/blogs.thesocialmedia.com\/leblogmoto\/2009\/01\/29\/prochaine-desti\/"},"modified":"2012-07-11T17:02:10","modified_gmt":"2012-07-11T17:02:10","slug":"prochaine-desti","status":"publish","type":"post","link":"https:\/\/blogs.thesocialmedia.com\/leblogmoto\/2009\/01\/29\/prochaine-desti\/","title":{"rendered":"La prochaine destination du Dakar, et les photos prises par l&rsquo;AFP."},"content":{"rendered":"<p><a href=\"http:\/\/blogs.thesocialmedia.com\/leblogmoto\/files\/2012\/07\/24dakar_w650.jpg\"><img loading=\"lazy\" decoding=\"async\" height=\"326\"  width=\"470\" src=\"http:\/\/www.leblogmoto.com\/images\/2009\/01\/29\/24dakar_w650.jpg\" alt=\"24dakar_w650\" \/><\/a> <\/p>\n<p>J&rsquo;ai d\u00e9cal\u00e9 mon sujet d&rsquo;une semaine, mais l&rsquo;ai tout de m\u00eame mis en ligne car d\u00e9j\u00e0 &quot;dans les tuyaux&quot; au moment o\u00f9 notre ami qu\u00e9b\u00e9cois avait post\u00e9 <a href=\"http:\/\/blogs.thesocialmedia.com\/leblogmoto\/files\/2012\/07\/album-du-vend-2.html_.png\">le sien<\/a>. Et puis \u00e7a me permettra, j&rsquo;esp\u00e8re, de me faire pardonner des m\u00e9contents qui pensaient (\u00e0 tort !) que je ne parlais du Dakar que pour souligner ses d\u00e9fauts. Comme l&rsquo;a fait pr\u00e9c\u00e9dememnt remarquer Jacques, en vue de prolonger un r\u00e9el succ\u00e8s populaire et m\u00e9diatique, les organisateurs pencheraient pour une deuxi\u00e8me ann\u00e9e en Am\u00e9rique du Sud. Selon Yann Le Moenner, directeur g\u00e9n\u00e9ral d\u00e9l\u00e9gu\u00e9 d&rsquo;ASO &quot;Les chances de retourner en Am\u00e9rique Latine, tant en Argentine qu\u2019au Chili sont tr\u00e8s importantes. Le Dakar ayant \u00e9t\u00e9 une \u00e9norme satisfaction cette ann\u00e9e, tant au niveau de l\u2019accueil que des paysages.&quot; On pourrait objecter que la <a href=\"http:\/\/www.leblogmoto.com\/2009\/01\/le-corps-de-pte.html\">mort<\/a>, ou le <a href=\"http:\/\/www.leblogmoto.com\/2009\/01\/le-dakar-en-amr.html\">coma<\/a>, de participants, et des bisbilles voire des <a href=\"http:\/\/www.leblogmoto.com\/2009\/01\/du-malaise-nais.html\">incidents<\/a> entre pilote auto et moto g\u00e2chent terriblement la f\u00eate. Mais Yann Le Moenner a une vision plus g\u00e9n\u00e9rale des choses. J&rsquo;aime profond\u00e9ment le Dakar, m\u00eame export\u00e9, mais je ne peux lui donner enti\u00e8rement raison. Il avance aussi des pistes pour l&rsquo;\u00e9dition future en r\u00e9affirmant que &quot;ce Dakar a \u00e9t\u00e9 un succ\u00e8s, nous avons valid\u00e9 le c\u00f4t\u00e9 nomade du Dakar et les tentations sont grandes d\u2019amener les concurrents sur d\u2019autres territoires mais les chances de retourner en Am\u00e9rique Latine sont extr\u00eamement \u00e9lev\u00e9es&quot;. <\/p>\n<p>Des propos qui font \u00e9cho \u00e0 ceux de Lavigne, m\u00eame si Roger Kalmovitz charg\u00e9 des relations avec l&rsquo;Afrique chez ASO a \u00e9voqu\u00e9 sur Eurosport, la Tunisie et la Lybie pour 2010. Une d\u00e9claration \u00e0 laquelle Etienne Lavigne, sur la m\u00eame cha\u00eene, a sembl\u00e9 r\u00e9pondre par la n\u00e9gative: &quot;On a r\u00e9alis\u00e9 un voyage en Angola, en Namibie et en Afrique du Sud. Ces pistes peuvent s&rsquo;activer rapidement. On s&rsquo;est engag\u00e9 \u00e0 donner une r\u00e9ponse rapidement. Des possibilit\u00e9s, il y en a, l&rsquo;Afrique de l&rsquo;est, australe&#8230; C&rsquo;est aussi tr\u00e8s excitant d&rsquo;imaginer revenir. On a bien travaill\u00e9 avec nos nouveaux amis sud-am\u00e9ricains. On pourrait en tracer 30 des Dakar. Il y a de la place.&quot;<\/p>\n<p>Selon Xavier Richard de France 2, garder l&rsquo;\u00e9preuve en Am\u00e9rique rem\u00e9dierait au sentiment de d\u00e9pit \u00e9prouv\u00e9 par les concurrents contraints \u00e0 l&rsquo;abandon, comme Stefan Peterhansel, neuf fois vainqueur de l&rsquo;\u00e9preuve, motard et pilote auto \u00e9m\u00e9rite (que l&rsquo;on peut voir sur la derni\u00e8re photo en compagnie de Luc &quot;Lucho&quot; Alphand). Le pilote Mitsubishi se dit &quot;frustr\u00e9&quot; d&rsquo;avoir d\u00fb jeter l&rsquo;\u00e9ponge et souhaite retourner en Am\u00e9rique du Sud pour &quot;combler cette frustration&quot;.<\/p>\n<p>Mais d&rsquo;autres, tel le Catalan Marc Coma, vainqueur sur KTM, pensent encore \u00e0 l&rsquo;aventure africaine, au moins symboliquement. L&rsquo;Espagnol a avou\u00e9 qu\u2019il aimerait retourner en Afrique &quot;car cela signifierait que la menace terroriste n\u2019existe plus&quot;. Ajoutant que &quot;la situation \u00e9tant ce qu\u2019elle est&quot;, le Dakar sud-am\u00e9ricain &quot;a r\u00e9pondu \u00e0 toutes les attentes&quot;. <\/p>\n<p>Vous noterez que les photographes se sont donn\u00e9s le mot sur les bons endroits pour poser leur Canon ou Nikon, puisqu&rsquo;une photo lors des franchissements de gu\u00e9s est la m\u00eame que dans le portfolio de Jacques avec un angle l\u00e9g\u00e8rement diff\u00e9rent. <\/p>\n<p>On commence par Cristobal Guerrero, puis un portrait au Stabilo du rieur <a href=\"http:\/\/www.leblogmoto.com\/2009\/01\/le-catalan-marc.html\">Marc Coma<\/a>, et une photo en pied de Christian Califano, meilleur rugbyman que motard, mais motard quand m\u00eame&#8230;<\/p>\n<p><em>Sources: Equipe.fr, France2.fr, Eurosport.fr<\/em><\/p>\n<p><em>Cr\u00e9dit photos: AFP.<\/em><\/p>\n<p><em><\/em><\/p>\n<p><a href=\"http:\/\/clabedan.typepad.com\/.shared\/image.html?\/photos\/uncategorized\/2009\/01\/29\/27dakar_w650.jpg\"><img loading=\"lazy\" decoding=\"async\" height=\"302\"  width=\"470\" src=\"http:\/\/www.leblogmoto.com\/images\/2009\/01\/29\/27dakar_w650.jpg\" alt=\"27dakar_w650\" \/><\/a><\/p>\n<p><a href=\"http:\/\/blogs.thesocialmedia.com\/leblogmoto\/files\/2012\/07\/28dakar_w650.jpg\"><img loading=\"lazy\" decoding=\"async\" height=\"348\"  width=\"470\" src=\"http:\/\/www.leblogmoto.com\/images\/2009\/01\/29\/28dakar_w650.jpg\" alt=\"28dakar_w650\" \/><\/a> <\/p>\n<p><a href=\"http:\/\/blogs.thesocialmedia.com\/leblogmoto\/files\/2012\/07\/07dakar_w650.jpg\"><img loading=\"lazy\" decoding=\"async\" height=\"298\"  width=\"470\" src=\"http:\/\/www.leblogmoto.com\/images\/2009\/01\/29\/07dakar_w650.jpg\" alt=\"07dakar_w650\" \/><\/a><\/p>\n<p><a href=\"http:\/\/blogs.thesocialmedia.com\/leblogmoto\/files\/2012\/07\/14dakar_w650.jpg\"><img loading=\"lazy\" decoding=\"async\" height=\"326\"  width=\"470\" src=\"http:\/\/www.leblogmoto.com\/images\/2009\/01\/29\/14dakar_w650.jpg\" alt=\"14dakar_w650\" \/><\/a> <\/p>\n<p><a href=\"http:\/\/blogs.thesocialmedia.com\/leblogmoto\/files\/2012\/07\/15dakar_w650.jpg\"><img loading=\"lazy\" decoding=\"async\" height=\"355\"  width=\"470\" src=\"http:\/\/www.leblogmoto.com\/images\/2009\/01\/29\/15dakar_w650.jpg\" alt=\"15dakar_w650\" \/><\/a> <\/p>\n<p><a href=\"http:\/\/blogs.thesocialmedia.com\/leblogmoto\/files\/2012\/07\/16dakar_w650.jpg\"><img loading=\"lazy\" decoding=\"async\" height=\"361\"  width=\"470\" src=\"http:\/\/www.leblogmoto.com\/images\/2009\/01\/29\/16dakar_w650.jpg\" alt=\"16dakar_w650\" \/><\/a> <\/p>\n<p><a href=\"http:\/\/blogs.thesocialmedia.com\/leblogmoto\/files\/2012\/07\/17dakar_w650.jpg\"><img loading=\"lazy\" decoding=\"async\" height=\"276\"  width=\"470\" src=\"http:\/\/www.leblogmoto.com\/images\/2009\/01\/29\/17dakar_w650.jpg\" alt=\"17dakar_w650\" \/><\/a> <\/p>\n<p><a href=\"http:\/\/blogs.thesocialmedia.com\/leblogmoto\/files\/2012\/07\/22dakar_w650.jpg\"><img loading=\"lazy\" decoding=\"async\" height=\"229\"  width=\"470\" src=\"http:\/\/www.leblogmoto.com\/images\/2009\/01\/29\/22dakar_w650.jpg\" alt=\"22dakar_w650\" \/><\/a> <\/p>\n<p><a href=\"http:\/\/blogs.thesocialmedia.com\/leblogmoto\/files\/2012\/07\/08dakar_w650.jpg\"><img loading=\"lazy\" decoding=\"async\" height=\"495\"  width=\"470\" src=\"http:\/\/www.leblogmoto.com\/images\/2009\/01\/29\/08dakar_w650.jpg\" alt=\"08dakar_w650\" \/><\/a> <\/p>\n<p><a href=\"http:\/\/blogs.thesocialmedia.com\/leblogmoto\/files\/2012\/07\/23dakar_w650.jpg\"><img loading=\"lazy\" decoding=\"async\" height=\"315\"  width=\"470\" src=\"http:\/\/www.leblogmoto.com\/images\/2009\/01\/29\/23dakar_w650.jpg\" alt=\"23dakar_w650\" \/><\/a> <\/p>\n<p><a href=\"http:\/\/blogs.thesocialmedia.com\/leblogmoto\/files\/2012\/07\/18dakar_w650.jpg\"><img loading=\"lazy\" decoding=\"async\" height=\"287\"  width=\"470\" src=\"http:\/\/www.leblogmoto.com\/images\/2009\/01\/29\/18dakar_w650.jpg\" alt=\"18dakar_w650\" \/><\/a><\/p>\n<p><a href=\"http:\/\/blogs.thesocialmedia.com\/leblogmoto\/files\/2012\/07\/25dakar_w650.jpg\"><img loading=\"lazy\" decoding=\"async\" height=\"697\"  width=\"470\" src=\"http:\/\/www.leblogmoto.com\/images\/2009\/01\/29\/25dakar_w650.jpg\" alt=\"25dakar_w650\" \/><\/a> <\/p>\n<p><a href=\"http:\/\/blogs.thesocialmedia.com\/leblogmoto\/files\/2012\/07\/26dakar_w650.jpg\"><img loading=\"lazy\" decoding=\"async\" height=\"621\"  width=\"470\" src=\"http:\/\/www.leblogmoto.com\/images\/2009\/01\/29\/26dakar_w650.jpg\" alt=\"26dakar_w650\" \/><\/a><\/p>\n<p><a href=\"http:\/\/blogs.thesocialmedia.com\/leblogmoto\/files\/2012\/07\/29dakar_w650.jpg\"><img loading=\"lazy\" decoding=\"async\" height=\"365\"  width=\"470\" src=\"http:\/\/www.leblogmoto.com\/images\/2009\/01\/29\/29dakar_w650.jpg\" alt=\"29dakar_w650\" \/><\/a><\/p>\n<p><a href=\"http:\/\/blogs.thesocialmedia.com\/leblogmoto\/files\/2012\/07\/31dakar_w650.jpg\"><img loading=\"lazy\" decoding=\"async\" height=\"306\"  width=\"470\" src=\"http:\/\/www.leblogmoto.com\/images\/2009\/01\/29\/31dakar_w650.jpg\" alt=\"31dakar_w650\" \/><\/a> <\/p>\n<p><a href=\"http:\/\/blogs.thesocialmedia.com\/leblogmoto\/files\/2012\/07\/30dakar_w650.jpg\"><img loading=\"lazy\" decoding=\"async\" height=\"306\"  width=\"470\" src=\"http:\/\/www.leblogmoto.com\/images\/2009\/01\/29\/30dakar_w650.jpg\" alt=\"30dakar_w650\" \/><\/a><\/p>\n<p><a href=\"http:\/\/blogs.thesocialmedia.com\/leblogmoto\/files\/2012\/07\/05dakar_w650.jpg\"><img loading=\"lazy\" decoding=\"async\" height=\"353\"  width=\"470\" src=\"http:\/\/www.leblogmoto.com\/images\/2009\/01\/29\/05dakar_w650.jpg\" alt=\"05dakar_w650\" \/><\/a> <\/p>\n<p><a href=\"http:\/\/blogs.thesocialmedia.com\/leblogmoto\/files\/2012\/07\/04dakar_w650.jpg\"><img loading=\"lazy\" decoding=\"async\" height=\"358\"  width=\"470\" src=\"http:\/\/www.leblogmoto.com\/images\/2009\/01\/29\/04dakar_w650.jpg\" alt=\"04dakar_w650\" \/><\/a><\/p>\n","protected":false},"excerpt":{"rendered":"<p>J&rsquo;ai d\u00e9cal\u00e9 mon sujet d&rsquo;une semaine, mais l&rsquo;ai tout de m\u00eame mis en ligne car d\u00e9j\u00e0 &quot;dans les tuyaux&quot; au moment o\u00f9 notre ami qu\u00e9b\u00e9cois avait post\u00e9 le sien. Et puis \u00e7a me permettra, j&rsquo;esp\u00e8re, de me faire pardonner des m\u00e9contents qui pensaient (\u00e0 tort !) que je ne parlais du Dakar que pour souligner [&hellip;]<\/p>\n","protected":false},"author":324,"featured_media":0,"comment_status":"open","ping_status":"open","sticky":false,"template":"","format":"standard","meta":{"footnotes":""},"categories":[3,61],"tags":[],"class_list":["post-298","post","type-post","status-publish","format-standard","hentry","category-actualite","category-rallye-raid"],"yoast_head":"<!-- This site is optimized with the Yoast SEO plugin v26.0 - https:\/\/yoast.com\/wordpress\/plugins\/seo\/ -->\n<title>La prochaine destination du Dakar, et les photos prises par l&#039;AFP. - leblogmoto.com<\/title>\n<meta name=\"robots\" content=\"index, follow, max-snippet:-1, max-image-preview:large, max-video-preview:-1\" \/>\n<link rel=\"canonical\" href=\"https:\/\/blogs.thesocialmedia.com\/leblogmoto\/2009\/01\/29\/prochaine-desti\/\" \/>\n<meta name=\"twitter:card\" content=\"summary_large_image\" \/>\n<meta name=\"twitter:title\" content=\"La prochaine destination du Dakar, et les photos prises par l&#039;AFP. - leblogmoto.com\" \/>\n<meta name=\"twitter:description\" content=\"J&rsquo;ai d\u00e9cal\u00e9 mon sujet d&rsquo;une semaine, mais l&rsquo;ai tout de m\u00eame mis en ligne car d\u00e9j\u00e0 &quot;dans les tuyaux&quot; au moment o\u00f9 notre ami qu\u00e9b\u00e9cois avait post\u00e9 le sien. Et puis \u00e7a me permettra, j&rsquo;esp\u00e8re, de me faire pardonner des m\u00e9contents qui pensaient (\u00e0 tort !) que je ne parlais du Dakar que pour souligner [&hellip;]\" \/>\n<meta name=\"twitter:image\" content=\"http:\/\/www.leblogmoto.com\/images\/2009\/01\/29\/24dakar_w650.jpg\" \/>\n<meta name=\"twitter:label1\" content=\"\u00c9crit par\" \/>\n\t<meta name=\"twitter:data1\" content=\"benoit rieu\" \/>\n\t<meta name=\"twitter:label2\" content=\"Dur\u00e9e de lecture estim\u00e9e\" \/>\n\t<meta name=\"twitter:data2\" content=\"3 minutes\" \/>\n<script type=\"application\/ld+json\" class=\"yoast-schema-graph\">{\"@context\":\"https:\/\/schema.org\",\"@graph\":[{\"@type\":\"WebPage\",\"@id\":\"https:\/\/blogs.thesocialmedia.com\/leblogmoto\/2009\/01\/29\/prochaine-desti\/\",\"url\":\"https:\/\/blogs.thesocialmedia.com\/leblogmoto\/2009\/01\/29\/prochaine-desti\/\",\"name\":\"La prochaine destination du Dakar, et les photos prises par l'AFP. - leblogmoto.com\",\"isPartOf\":{\"@id\":\"https:\/\/blogs.thesocialmedia.com\/leblogmoto\/#website\"},\"primaryImageOfPage\":{\"@id\":\"https:\/\/blogs.thesocialmedia.com\/leblogmoto\/2009\/01\/29\/prochaine-desti\/#primaryimage\"},\"image\":{\"@id\":\"https:\/\/blogs.thesocialmedia.com\/leblogmoto\/2009\/01\/29\/prochaine-desti\/#primaryimage\"},\"thumbnailUrl\":\"http:\/\/www.leblogmoto.com\/images\/2009\/01\/29\/24dakar_w650.jpg\",\"datePublished\":\"2009-01-29T23:28:29+00:00\",\"dateModified\":\"2012-07-11T17:02:10+00:00\",\"author\":{\"@id\":\"https:\/\/blogs.thesocialmedia.com\/leblogmoto\/#\/schema\/person\/18bfe773e5725ed6d24f743da805362a\"},\"breadcrumb\":{\"@id\":\"https:\/\/blogs.thesocialmedia.com\/leblogmoto\/2009\/01\/29\/prochaine-desti\/#breadcrumb\"},\"inLanguage\":\"fr-FR\",\"potentialAction\":[{\"@type\":\"ReadAction\",\"target\":[\"https:\/\/blogs.thesocialmedia.com\/leblogmoto\/2009\/01\/29\/prochaine-desti\/\"]}]},{\"@type\":\"ImageObject\",\"inLanguage\":\"fr-FR\",\"@id\":\"https:\/\/blogs.thesocialmedia.com\/leblogmoto\/2009\/01\/29\/prochaine-desti\/#primaryimage\",\"url\":\"http:\/\/www.leblogmoto.com\/images\/2009\/01\/29\/24dakar_w650.jpg\",\"contentUrl\":\"http:\/\/www.leblogmoto.com\/images\/2009\/01\/29\/24dakar_w650.jpg\"},{\"@type\":\"BreadcrumbList\",\"@id\":\"https:\/\/blogs.thesocialmedia.com\/leblogmoto\/2009\/01\/29\/prochaine-desti\/#breadcrumb\",\"itemListElement\":[{\"@type\":\"ListItem\",\"position\":1,\"name\":\"Accueil\",\"item\":\"https:\/\/blogs.thesocialmedia.com\/leblogmoto\/\"},{\"@type\":\"ListItem\",\"position\":2,\"name\":\"La prochaine destination du Dakar, et les photos prises par l&rsquo;AFP.\"}]},{\"@type\":\"WebSite\",\"@id\":\"https:\/\/blogs.thesocialmedia.com\/leblogmoto\/#website\",\"url\":\"https:\/\/blogs.thesocialmedia.com\/leblogmoto\/\",\"name\":\"leblogmoto\",\"description\":\"Toute l&#039;actualit\u00e9 des 2 roues\",\"potentialAction\":[{\"@type\":\"SearchAction\",\"target\":{\"@type\":\"EntryPoint\",\"urlTemplate\":\"https:\/\/blogs.thesocialmedia.com\/leblogmoto\/?s={search_term_string}\"},\"query-input\":{\"@type\":\"PropertyValueSpecification\",\"valueRequired\":true,\"valueName\":\"search_term_string\"}}],\"inLanguage\":\"fr-FR\"},{\"@type\":\"Person\",\"@id\":\"https:\/\/blogs.thesocialmedia.com\/leblogmoto\/#\/schema\/person\/18bfe773e5725ed6d24f743da805362a\",\"name\":\"benoit rieu\",\"image\":{\"@type\":\"ImageObject\",\"inLanguage\":\"fr-FR\",\"@id\":\"https:\/\/blogs.thesocialmedia.com\/leblogmoto\/#\/schema\/person\/image\/\",\"url\":\"https:\/\/secure.gravatar.com\/avatar\/?s=96&d=mm&r=g\",\"contentUrl\":\"https:\/\/secure.gravatar.com\/avatar\/?s=96&d=mm&r=g\",\"caption\":\"benoit rieu\"},\"url\":\"https:\/\/blogs.thesocialmedia.com\/leblogmoto\/author\/benoit-rieu\/\"}]}<\/script>\n<!-- \/ Yoast SEO plugin. -->","yoast_head_json":{"title":"La prochaine destination du Dakar, et les photos prises par l'AFP. - leblogmoto.com","robots":{"index":"index","follow":"follow","max-snippet":"max-snippet:-1","max-image-preview":"max-image-preview:large","max-video-preview":"max-video-preview:-1"},"canonical":"https:\/\/blogs.thesocialmedia.com\/leblogmoto\/2009\/01\/29\/prochaine-desti\/","twitter_card":"summary_large_image","twitter_title":"La prochaine destination du Dakar, et les photos prises par l'AFP. - leblogmoto.com","twitter_description":"J&rsquo;ai d\u00e9cal\u00e9 mon sujet d&rsquo;une semaine, mais l&rsquo;ai tout de m\u00eame mis en ligne car d\u00e9j\u00e0 &quot;dans les tuyaux&quot; au moment o\u00f9 notre ami qu\u00e9b\u00e9cois avait post\u00e9 le sien. Et puis \u00e7a me permettra, j&rsquo;esp\u00e8re, de me faire pardonner des m\u00e9contents qui pensaient (\u00e0 tort !) que je ne parlais du Dakar que pour souligner [&hellip;]","twitter_image":"http:\/\/www.leblogmoto.com\/images\/2009\/01\/29\/24dakar_w650.jpg","twitter_misc":{"\u00c9crit par":"benoit rieu","Dur\u00e9e de lecture estim\u00e9e":"3 minutes"},"schema":{"@context":"https:\/\/schema.org","@graph":[{"@type":"WebPage","@id":"https:\/\/blogs.thesocialmedia.com\/leblogmoto\/2009\/01\/29\/prochaine-desti\/","url":"https:\/\/blogs.thesocialmedia.com\/leblogmoto\/2009\/01\/29\/prochaine-desti\/","name":"La prochaine destination du Dakar, et les photos prises par l'AFP. - leblogmoto.com","isPartOf":{"@id":"https:\/\/blogs.thesocialmedia.com\/leblogmoto\/#website"},"primaryImageOfPage":{"@id":"https:\/\/blogs.thesocialmedia.com\/leblogmoto\/2009\/01\/29\/prochaine-desti\/#primaryimage"},"image":{"@id":"https:\/\/blogs.thesocialmedia.com\/leblogmoto\/2009\/01\/29\/prochaine-desti\/#primaryimage"},"thumbnailUrl":"http:\/\/www.leblogmoto.com\/images\/2009\/01\/29\/24dakar_w650.jpg","datePublished":"2009-01-29T23:28:29+00:00","dateModified":"2012-07-11T17:02:10+00:00","author":{"@id":"https:\/\/blogs.thesocialmedia.com\/leblogmoto\/#\/schema\/person\/18bfe773e5725ed6d24f743da805362a"},"breadcrumb":{"@id":"https:\/\/blogs.thesocialmedia.com\/leblogmoto\/2009\/01\/29\/prochaine-desti\/#breadcrumb"},"inLanguage":"fr-FR","potentialAction":[{"@type":"ReadAction","target":["https:\/\/blogs.thesocialmedia.com\/leblogmoto\/2009\/01\/29\/prochaine-desti\/"]}]},{"@type":"ImageObject","inLanguage":"fr-FR","@id":"https:\/\/blogs.thesocialmedia.com\/leblogmoto\/2009\/01\/29\/prochaine-desti\/#primaryimage","url":"http:\/\/www.leblogmoto.com\/images\/2009\/01\/29\/24dakar_w650.jpg","contentUrl":"http:\/\/www.leblogmoto.com\/images\/2009\/01\/29\/24dakar_w650.jpg"},{"@type":"BreadcrumbList","@id":"https:\/\/blogs.thesocialmedia.com\/leblogmoto\/2009\/01\/29\/prochaine-desti\/#breadcrumb","itemListElement":[{"@type":"ListItem","position":1,"name":"Accueil","item":"https:\/\/blogs.thesocialmedia.com\/leblogmoto\/"},{"@type":"ListItem","position":2,"name":"La prochaine destination du Dakar, et les photos prises par l&rsquo;AFP."}]},{"@type":"WebSite","@id":"https:\/\/blogs.thesocialmedia.com\/leblogmoto\/#website","url":"https:\/\/blogs.thesocialmedia.com\/leblogmoto\/","name":"leblogmoto","description":"Toute l&#039;actualit\u00e9 des 2 roues","potentialAction":[{"@type":"SearchAction","target":{"@type":"EntryPoint","urlTemplate":"https:\/\/blogs.thesocialmedia.com\/leblogmoto\/?s={search_term_string}"},"query-input":{"@type":"PropertyValueSpecification","valueRequired":true,"valueName":"search_term_string"}}],"inLanguage":"fr-FR"},{"@type":"Person","@id":"https:\/\/blogs.thesocialmedia.com\/leblogmoto\/#\/schema\/person\/18bfe773e5725ed6d24f743da805362a","name":"benoit rieu","image":{"@type":"ImageObject","inLanguage":"fr-FR","@id":"https:\/\/blogs.thesocialmedia.com\/leblogmoto\/#\/schema\/person\/image\/","url":"https:\/\/secure.gravatar.com\/avatar\/?s=96&d=mm&r=g","contentUrl":"https:\/\/secure.gravatar.com\/avatar\/?s=96&d=mm&r=g","caption":"benoit rieu"},"url":"https:\/\/blogs.thesocialmedia.com\/leblogmoto\/author\/benoit-rieu\/"}]}},"_links":{"self":[{"href":"https:\/\/blogs.thesocialmedia.com\/leblogmoto\/wp-json\/wp\/v2\/posts\/298","targetHints":{"allow":["GET"]}}],"collection":[{"href":"https:\/\/blogs.thesocialmedia.com\/leblogmoto\/wp-json\/wp\/v2\/posts"}],"about":[{"href":"https:\/\/blogs.thesocialmedia.com\/leblogmoto\/wp-json\/wp\/v2\/types\/post"}],"author":[{"embeddable":true,"href":"https:\/\/blogs.thesocialmedia.com\/leblogmoto\/wp-json\/wp\/v2\/users\/324"}],"replies":[{"embeddable":true,"href":"https:\/\/blogs.thesocialmedia.com\/leblogmoto\/wp-json\/wp\/v2\/comments?post=298"}],"version-history":[{"count":2,"href":"https:\/\/blogs.thesocialmedia.com\/leblogmoto\/wp-json\/wp\/v2\/posts\/298\/revisions"}],"predecessor-version":[{"id":12655,"href":"https:\/\/blogs.thesocialmedia.com\/leblogmoto\/wp-json\/wp\/v2\/posts\/298\/revisions\/12655"}],"wp:attachment":[{"href":"https:\/\/blogs.thesocialmedia.com\/leblogmoto\/wp-json\/wp\/v2\/media?parent=298"}],"wp:term":[{"taxonomy":"category","embeddable":true,"href":"https:\/\/blogs.thesocialmedia.com\/leblogmoto\/wp-json\/wp\/v2\/categories?post=298"},{"taxonomy":"post_tag","embeddable":true,"href":"https:\/\/blogs.thesocialmedia.com\/leblogmoto\/wp-json\/wp\/v2\/tags?post=298"}],"curies":[{"name":"wp","href":"https:\/\/api.w.org\/{rel}","templated":true}]}}