{"id":299,"date":"2009-01-29T23:09:34","date_gmt":"2009-01-29T23:09:34","guid":{"rendered":"http:\/\/blogs.thesocialmedia.com\/leblogmoto\/2009\/01\/29\/honda-rduit-la\/"},"modified":"2012-07-11T17:01:35","modified_gmt":"2012-07-11T17:01:35","slug":"honda-rduit-la","status":"publish","type":"post","link":"https:\/\/blogs.thesocialmedia.com\/leblogmoto\/2009\/01\/29\/honda-rduit-la\/","title":{"rendered":"Honda r\u00e9duit la voilure partout, sauf en MotoGP."},"content":{"rendered":"<p><a href=\"http:\/\/blogs.thesocialmedia.com\/leblogmoto\/files\/2012\/07\/moto_endurance_suzuka_toseland_team.jpg\"><img loading=\"lazy\" decoding=\"async\" height=\"293\"  width=\"470\" src=\"http:\/\/www.leblogmoto.com\/images\/2009\/01\/29\/moto_endurance_suzuka_toseland_team.jpg\" alt=\"Moto_endurance_suzuka_toseland_team\" \/><\/a><\/p>\n<p>Coupant court aux plus sombres pr\u00e9visions depuis la nouvelle fracassante de son retrait de la Formule 1, Honda Motor Co. a annonc\u00e9 ces jours derniers n&rsquo;avoir aucune envie de quitter le MotoGP. Mais l&rsquo;entreprise admet envisager s\u00e9rieusement un retrait d&rsquo;autres cat\u00e9gories. Cependant, si l&rsquo;on s&rsquo;en tient \u00e0 son porte-parole Akemi Ando, cela <a href=\"http:\/\/www.leblogmoto.com\/2008\/12\/ama-superbike-h.html\">d\u00e9passe le stade du simple souhait<\/a>. Celui-ci a d\u00e9clar\u00e9 \u00e0 l&rsquo;agence Reuters que &quot;Nous n&rsquo;avons pas formellement d\u00e9cid\u00e9 mais nous avons bien pes\u00e9 les options de quitter (les disciplines), c&rsquo;est quelque chose auquel nous pensons depuis quelque temps, depuis que nous nous sommes retir\u00e9 de la F1 en fait&quot;. Rajoutant: &quot;Nous n&rsquo;avons aucune raison de quitter le MotoGP&quot;. Tant pis pour ceux qui voyaient d\u00e9j\u00e0 couler l&rsquo;armada des ing\u00e9s et m\u00e9canos du HRC. Retour rapide sur le contexte de cette d\u00e9cision: la firme japonaise a dit \u00e0 la fin de l&rsquo;ann\u00e9e derni\u00e8re, qu&rsquo;elle se retirait de la Formule 1 en raison de la crise mondiale. Le fabricant nippon, qui a annonc\u00e9 une perte d&rsquo;exploitation de 2,1 milliards de dollars pour l&rsquo;ann\u00e9e 2009 (bien 2009), d\u00e9clare que son engagement serait principalement r\u00e9duit en motocross et dans les autres courses off-road. Mais pas uniquement.<\/p>\n<p>Ando a ainsi confirm\u00e9 indirectement une rumeur persistante qui veut qu&rsquo;aucun team d&rsquo;usine ne participera en 2009 \u00e0 l&rsquo;\u00e9preuve d&rsquo;endurance des Huit Heures de Suzuka, un circuit propri\u00e9t\u00e9 de&#8230; Honda: &quot;Ce n&rsquo;est pas vraiment exact de dire que nous nous d\u00e9sengageons de la course, mais c&rsquo;est vrai que nos \u00e9curies d&rsquo;usine n&rsquo;y prendront pas part&quot;. Il termine en pr\u00e9cisant que &quot;Honda fournit les motos et l&rsquo;assistance technique de nombreuses \u00e9quipes, et 60% des machines qui s&rsquo;aligneront sur la grille seront encore des Honda&quot;. <\/p>\n<p>Comment dit le proverbe d\u00e9j\u00e0 ? L&rsquo;occasion de v\u00e9rifier si l&rsquo;adage &quot;le flacon, [&#8230;] l&rsquo;ivresse&quot; a un sens m\u00eame m\u00eal\u00e9 aux vapeurs de carburants&#8230; <\/p>\n<p><em>Cr\u00e9dit photo: photo de MCN avec James Toseland \u00e0 Suzuka sur l&rsquo;officielle en 2007.<\/em><\/p>\n<p><em>Source: Autosport.<\/em><\/p>\n","protected":false},"excerpt":{"rendered":"<p>Coupant court aux plus sombres pr\u00e9visions depuis la nouvelle fracassante de son retrait de la Formule 1, Honda Motor Co. a annonc\u00e9 ces jours derniers n&rsquo;avoir aucune envie de quitter le MotoGP. Mais l&rsquo;entreprise admet envisager s\u00e9rieusement un retrait d&rsquo;autres cat\u00e9gories. Cependant, si l&rsquo;on s&rsquo;en tient \u00e0 son porte-parole Akemi Ando, cela d\u00e9passe le stade [&hellip;]<\/p>\n","protected":false},"author":324,"featured_media":0,"comment_status":"open","ping_status":"open","sticky":false,"template":"","format":"standard","meta":{"footnotes":""},"categories":[49,69,14,22,32],"tags":[],"class_list":["post-299","post","type-post","status-publish","format-standard","hentry","category-actualites-entreprise","category-endurance","category-honda","category-motogp","category-sport-moto"],"yoast_head":"<!-- This site is optimized with the Yoast SEO plugin v26.0 - https:\/\/yoast.com\/wordpress\/plugins\/seo\/ -->\n<title>Honda r\u00e9duit la voilure partout, sauf en MotoGP. - leblogmoto.com<\/title>\n<meta name=\"robots\" content=\"index, follow, max-snippet:-1, max-image-preview:large, max-video-preview:-1\" \/>\n<link rel=\"canonical\" href=\"https:\/\/blogs.thesocialmedia.com\/leblogmoto\/2009\/01\/29\/honda-rduit-la\/\" \/>\n<meta name=\"twitter:card\" content=\"summary_large_image\" \/>\n<meta name=\"twitter:title\" content=\"Honda r\u00e9duit la voilure partout, sauf en MotoGP. - leblogmoto.com\" \/>\n<meta name=\"twitter:description\" content=\"Coupant court aux plus sombres pr\u00e9visions depuis la nouvelle fracassante de son retrait de la Formule 1, Honda Motor Co. a annonc\u00e9 ces jours derniers n&rsquo;avoir aucune envie de quitter le MotoGP. Mais l&rsquo;entreprise admet envisager s\u00e9rieusement un retrait d&rsquo;autres cat\u00e9gories. Cependant, si l&rsquo;on s&rsquo;en tient \u00e0 son porte-parole Akemi Ando, cela d\u00e9passe le stade [&hellip;]\" \/>\n<meta name=\"twitter:image\" content=\"http:\/\/www.leblogmoto.com\/images\/2009\/01\/29\/moto_endurance_suzuka_toseland_team.jpg\" \/>\n<meta name=\"twitter:label1\" content=\"\u00c9crit par\" \/>\n\t<meta name=\"twitter:data1\" content=\"benoit rieu\" \/>\n\t<meta name=\"twitter:label2\" content=\"Dur\u00e9e de lecture estim\u00e9e\" \/>\n\t<meta name=\"twitter:data2\" content=\"2 minutes\" \/>\n<script type=\"application\/ld+json\" class=\"yoast-schema-graph\">{\"@context\":\"https:\/\/schema.org\",\"@graph\":[{\"@type\":\"WebPage\",\"@id\":\"https:\/\/blogs.thesocialmedia.com\/leblogmoto\/2009\/01\/29\/honda-rduit-la\/\",\"url\":\"https:\/\/blogs.thesocialmedia.com\/leblogmoto\/2009\/01\/29\/honda-rduit-la\/\",\"name\":\"Honda r\u00e9duit la voilure partout, sauf en MotoGP. - leblogmoto.com\",\"isPartOf\":{\"@id\":\"https:\/\/blogs.thesocialmedia.com\/leblogmoto\/#website\"},\"primaryImageOfPage\":{\"@id\":\"https:\/\/blogs.thesocialmedia.com\/leblogmoto\/2009\/01\/29\/honda-rduit-la\/#primaryimage\"},\"image\":{\"@id\":\"https:\/\/blogs.thesocialmedia.com\/leblogmoto\/2009\/01\/29\/honda-rduit-la\/#primaryimage\"},\"thumbnailUrl\":\"http:\/\/www.leblogmoto.com\/images\/2009\/01\/29\/moto_endurance_suzuka_toseland_team.jpg\",\"datePublished\":\"2009-01-29T23:09:34+00:00\",\"dateModified\":\"2012-07-11T17:01:35+00:00\",\"author\":{\"@id\":\"https:\/\/blogs.thesocialmedia.com\/leblogmoto\/#\/schema\/person\/18bfe773e5725ed6d24f743da805362a\"},\"breadcrumb\":{\"@id\":\"https:\/\/blogs.thesocialmedia.com\/leblogmoto\/2009\/01\/29\/honda-rduit-la\/#breadcrumb\"},\"inLanguage\":\"fr-FR\",\"potentialAction\":[{\"@type\":\"ReadAction\",\"target\":[\"https:\/\/blogs.thesocialmedia.com\/leblogmoto\/2009\/01\/29\/honda-rduit-la\/\"]}]},{\"@type\":\"ImageObject\",\"inLanguage\":\"fr-FR\",\"@id\":\"https:\/\/blogs.thesocialmedia.com\/leblogmoto\/2009\/01\/29\/honda-rduit-la\/#primaryimage\",\"url\":\"http:\/\/www.leblogmoto.com\/images\/2009\/01\/29\/moto_endurance_suzuka_toseland_team.jpg\",\"contentUrl\":\"http:\/\/www.leblogmoto.com\/images\/2009\/01\/29\/moto_endurance_suzuka_toseland_team.jpg\"},{\"@type\":\"BreadcrumbList\",\"@id\":\"https:\/\/blogs.thesocialmedia.com\/leblogmoto\/2009\/01\/29\/honda-rduit-la\/#breadcrumb\",\"itemListElement\":[{\"@type\":\"ListItem\",\"position\":1,\"name\":\"Accueil\",\"item\":\"https:\/\/blogs.thesocialmedia.com\/leblogmoto\/\"},{\"@type\":\"ListItem\",\"position\":2,\"name\":\"Honda r\u00e9duit la voilure partout, sauf en MotoGP.\"}]},{\"@type\":\"WebSite\",\"@id\":\"https:\/\/blogs.thesocialmedia.com\/leblogmoto\/#website\",\"url\":\"https:\/\/blogs.thesocialmedia.com\/leblogmoto\/\",\"name\":\"leblogmoto\",\"description\":\"Toute l&#039;actualit\u00e9 des 2 roues\",\"potentialAction\":[{\"@type\":\"SearchAction\",\"target\":{\"@type\":\"EntryPoint\",\"urlTemplate\":\"https:\/\/blogs.thesocialmedia.com\/leblogmoto\/?s={search_term_string}\"},\"query-input\":{\"@type\":\"PropertyValueSpecification\",\"valueRequired\":true,\"valueName\":\"search_term_string\"}}],\"inLanguage\":\"fr-FR\"},{\"@type\":\"Person\",\"@id\":\"https:\/\/blogs.thesocialmedia.com\/leblogmoto\/#\/schema\/person\/18bfe773e5725ed6d24f743da805362a\",\"name\":\"benoit rieu\",\"image\":{\"@type\":\"ImageObject\",\"inLanguage\":\"fr-FR\",\"@id\":\"https:\/\/blogs.thesocialmedia.com\/leblogmoto\/#\/schema\/person\/image\/\",\"url\":\"https:\/\/secure.gravatar.com\/avatar\/?s=96&d=mm&r=g\",\"contentUrl\":\"https:\/\/secure.gravatar.com\/avatar\/?s=96&d=mm&r=g\",\"caption\":\"benoit rieu\"},\"url\":\"https:\/\/blogs.thesocialmedia.com\/leblogmoto\/author\/benoit-rieu\/\"}]}<\/script>\n<!-- \/ Yoast SEO plugin. -->","yoast_head_json":{"title":"Honda r\u00e9duit la voilure partout, sauf en MotoGP. - leblogmoto.com","robots":{"index":"index","follow":"follow","max-snippet":"max-snippet:-1","max-image-preview":"max-image-preview:large","max-video-preview":"max-video-preview:-1"},"canonical":"https:\/\/blogs.thesocialmedia.com\/leblogmoto\/2009\/01\/29\/honda-rduit-la\/","twitter_card":"summary_large_image","twitter_title":"Honda r\u00e9duit la voilure partout, sauf en MotoGP. - leblogmoto.com","twitter_description":"Coupant court aux plus sombres pr\u00e9visions depuis la nouvelle fracassante de son retrait de la Formule 1, Honda Motor Co. a annonc\u00e9 ces jours derniers n&rsquo;avoir aucune envie de quitter le MotoGP. Mais l&rsquo;entreprise admet envisager s\u00e9rieusement un retrait d&rsquo;autres cat\u00e9gories. Cependant, si l&rsquo;on s&rsquo;en tient \u00e0 son porte-parole Akemi Ando, cela d\u00e9passe le stade [&hellip;]","twitter_image":"http:\/\/www.leblogmoto.com\/images\/2009\/01\/29\/moto_endurance_suzuka_toseland_team.jpg","twitter_misc":{"\u00c9crit par":"benoit rieu","Dur\u00e9e de lecture estim\u00e9e":"2 minutes"},"schema":{"@context":"https:\/\/schema.org","@graph":[{"@type":"WebPage","@id":"https:\/\/blogs.thesocialmedia.com\/leblogmoto\/2009\/01\/29\/honda-rduit-la\/","url":"https:\/\/blogs.thesocialmedia.com\/leblogmoto\/2009\/01\/29\/honda-rduit-la\/","name":"Honda r\u00e9duit la voilure partout, sauf en MotoGP. - leblogmoto.com","isPartOf":{"@id":"https:\/\/blogs.thesocialmedia.com\/leblogmoto\/#website"},"primaryImageOfPage":{"@id":"https:\/\/blogs.thesocialmedia.com\/leblogmoto\/2009\/01\/29\/honda-rduit-la\/#primaryimage"},"image":{"@id":"https:\/\/blogs.thesocialmedia.com\/leblogmoto\/2009\/01\/29\/honda-rduit-la\/#primaryimage"},"thumbnailUrl":"http:\/\/www.leblogmoto.com\/images\/2009\/01\/29\/moto_endurance_suzuka_toseland_team.jpg","datePublished":"2009-01-29T23:09:34+00:00","dateModified":"2012-07-11T17:01:35+00:00","author":{"@id":"https:\/\/blogs.thesocialmedia.com\/leblogmoto\/#\/schema\/person\/18bfe773e5725ed6d24f743da805362a"},"breadcrumb":{"@id":"https:\/\/blogs.thesocialmedia.com\/leblogmoto\/2009\/01\/29\/honda-rduit-la\/#breadcrumb"},"inLanguage":"fr-FR","potentialAction":[{"@type":"ReadAction","target":["https:\/\/blogs.thesocialmedia.com\/leblogmoto\/2009\/01\/29\/honda-rduit-la\/"]}]},{"@type":"ImageObject","inLanguage":"fr-FR","@id":"https:\/\/blogs.thesocialmedia.com\/leblogmoto\/2009\/01\/29\/honda-rduit-la\/#primaryimage","url":"http:\/\/www.leblogmoto.com\/images\/2009\/01\/29\/moto_endurance_suzuka_toseland_team.jpg","contentUrl":"http:\/\/www.leblogmoto.com\/images\/2009\/01\/29\/moto_endurance_suzuka_toseland_team.jpg"},{"@type":"BreadcrumbList","@id":"https:\/\/blogs.thesocialmedia.com\/leblogmoto\/2009\/01\/29\/honda-rduit-la\/#breadcrumb","itemListElement":[{"@type":"ListItem","position":1,"name":"Accueil","item":"https:\/\/blogs.thesocialmedia.com\/leblogmoto\/"},{"@type":"ListItem","position":2,"name":"Honda r\u00e9duit la voilure partout, sauf en MotoGP."}]},{"@type":"WebSite","@id":"https:\/\/blogs.thesocialmedia.com\/leblogmoto\/#website","url":"https:\/\/blogs.thesocialmedia.com\/leblogmoto\/","name":"leblogmoto","description":"Toute l&#039;actualit\u00e9 des 2 roues","potentialAction":[{"@type":"SearchAction","target":{"@type":"EntryPoint","urlTemplate":"https:\/\/blogs.thesocialmedia.com\/leblogmoto\/?s={search_term_string}"},"query-input":{"@type":"PropertyValueSpecification","valueRequired":true,"valueName":"search_term_string"}}],"inLanguage":"fr-FR"},{"@type":"Person","@id":"https:\/\/blogs.thesocialmedia.com\/leblogmoto\/#\/schema\/person\/18bfe773e5725ed6d24f743da805362a","name":"benoit rieu","image":{"@type":"ImageObject","inLanguage":"fr-FR","@id":"https:\/\/blogs.thesocialmedia.com\/leblogmoto\/#\/schema\/person\/image\/","url":"https:\/\/secure.gravatar.com\/avatar\/?s=96&d=mm&r=g","contentUrl":"https:\/\/secure.gravatar.com\/avatar\/?s=96&d=mm&r=g","caption":"benoit rieu"},"url":"https:\/\/blogs.thesocialmedia.com\/leblogmoto\/author\/benoit-rieu\/"}]}},"_links":{"self":[{"href":"https:\/\/blogs.thesocialmedia.com\/leblogmoto\/wp-json\/wp\/v2\/posts\/299","targetHints":{"allow":["GET"]}}],"collection":[{"href":"https:\/\/blogs.thesocialmedia.com\/leblogmoto\/wp-json\/wp\/v2\/posts"}],"about":[{"href":"https:\/\/blogs.thesocialmedia.com\/leblogmoto\/wp-json\/wp\/v2\/types\/post"}],"author":[{"embeddable":true,"href":"https:\/\/blogs.thesocialmedia.com\/leblogmoto\/wp-json\/wp\/v2\/users\/324"}],"replies":[{"embeddable":true,"href":"https:\/\/blogs.thesocialmedia.com\/leblogmoto\/wp-json\/wp\/v2\/comments?post=299"}],"version-history":[{"count":2,"href":"https:\/\/blogs.thesocialmedia.com\/leblogmoto\/wp-json\/wp\/v2\/posts\/299\/revisions"}],"predecessor-version":[{"id":12636,"href":"https:\/\/blogs.thesocialmedia.com\/leblogmoto\/wp-json\/wp\/v2\/posts\/299\/revisions\/12636"}],"wp:attachment":[{"href":"https:\/\/blogs.thesocialmedia.com\/leblogmoto\/wp-json\/wp\/v2\/media?parent=299"}],"wp:term":[{"taxonomy":"category","embeddable":true,"href":"https:\/\/blogs.thesocialmedia.com\/leblogmoto\/wp-json\/wp\/v2\/categories?post=299"},{"taxonomy":"post_tag","embeddable":true,"href":"https:\/\/blogs.thesocialmedia.com\/leblogmoto\/wp-json\/wp\/v2\/tags?post=299"}],"curies":[{"name":"wp","href":"https:\/\/api.w.org\/{rel}","templated":true}]}}