{"id":306,"date":"2009-01-26T23:59:02","date_gmt":"2009-01-26T23:59:02","guid":{"rendered":"http:\/\/blogs.thesocialmedia.com\/leblogmoto\/2009\/01\/26\/salon-de-bruxel\/"},"modified":"2012-07-11T17:01:26","modified_gmt":"2012-07-11T17:01:26","slug":"salon-de-bruxel","status":"publish","type":"post","link":"https:\/\/blogs.thesocialmedia.com\/leblogmoto\/2009\/01\/26\/salon-de-bruxel\/","title":{"rendered":"Salon Moto de Bruxelles, l&rsquo;un des premiers salons de crise."},"content":{"rendered":"<p><a href=\"http:\/\/blogs.thesocialmedia.com\/leblogmoto\/files\/2012\/07\/evenementssalondebruxelles09.jpg\"><img loading=\"lazy\" decoding=\"async\" height=\"352\"  width=\"469\" src=\"http:\/\/www.leblogmoto.com\/images\/2009\/01\/26\/evenementssalondebruxelles09.jpg\" alt=\"Evenementssalondebruxelles09\" \/><\/a><\/p>\n<p>La <a href=\"http:\/\/www.salonauto.be\/public\/default.aspx?lang=FR\">87\u00e8me<\/a> (!) \u00e9dition du salon auto\/moto de Bruxelles se tenait du 17 au 25 janvier, et le site Vroom.be propose de revenir sur les mod\u00e8les les plus marquants en images. De l&rsquo;aveu m\u00eame de nos voisins d&rsquo;Outre-Qui\u00e9vrain (j&rsquo;adore placer cette locution-l\u00e0), ce salon n&rsquo;a jamais attir\u00e9 les grandes nouveaut\u00e9s et se veut plut\u00f4t un vaste <em>show room<\/em> r\u00e9unissant en un m\u00eame lieu les gammes des constructeurs pr\u00e9sents sur le march\u00e9. Et permet de red\u00e9couvrir les nouveaux mod\u00e8les qui s&rsquo;affichaient lors des salons d&rsquo;automne, \u00e0 l&rsquo;EICMA et Cologne. Notamment les <em>streetfighters<\/em> avec la tr\u00e8s prometteuse Buell 1125 CR, qui n&rsquo;a de <em>cafe racer<\/em> que le nom et qui n&rsquo;est autre qu&rsquo;une sportive 1125 R d\u00e9car\u00e9n\u00e9e, ses \u00e9normes \u00e9copes lat\u00e9rales et sa t\u00eate de fourche lui donnant l&rsquo;air d&rsquo;un robot \u00e0 la t\u00eate enfonc\u00e9e dans ses \u00e9paules. Et \u00e9videmment le beau Streetfighter de Ducati, dont Jacques vous avait parl\u00e9 ici, au qualificatif pleinement assum\u00e9 lui. Le tarif est aussi pleinement assum\u00e9, persifleront les mauvaises langues. Etaient \u00e9galement pr\u00e9sents les germanophones de BMW et KTM, ainsi qu&rsquo;Aprilia et le proto de Honda aux roues sans moyeux d\u00e9j\u00e0 de sortie \u00e0 Cologne.<\/p>\n<p><a href=\"http:\/\/clabedan.typepad.com\/.shared\/image.html?\/photos\/uncategorized\/2009\/01\/26\/evenementssalondebruxelles07.jpg\"><img loading=\"lazy\" decoding=\"async\" height=\"352\"  width=\"469\" src=\"http:\/\/www.leblogmoto.com\/images\/2009\/01\/26\/evenementssalondebruxelles07.jpg\" alt=\"Evenementssalondebruxelles07\" \/><\/a><\/p>\n<p><a href=\"http:\/\/blogs.thesocialmedia.com\/leblogmoto\/files\/2012\/07\/evenementssalondebruxelles01.jpg\"><img loading=\"lazy\" decoding=\"async\" height=\"352\"  width=\"469\" src=\"http:\/\/www.leblogmoto.com\/images\/2009\/01\/26\/evenementssalondebruxelles01.jpg\" alt=\"Evenementssalondebruxelles01\" \/><\/a> <\/p>\n<p><a href=\"http:\/\/blogs.thesocialmedia.com\/leblogmoto\/files\/2012\/07\/evenementssalondebruxelles02.jpg\"><img loading=\"lazy\" decoding=\"async\" height=\"352\"  width=\"469\" src=\"http:\/\/www.leblogmoto.com\/images\/2009\/01\/26\/evenementssalondebruxelles02.jpg\" alt=\"Evenementssalondebruxelles02\" \/><\/a> <\/p>\n<p><a href=\"http:\/\/blogs.thesocialmedia.com\/leblogmoto\/files\/2012\/07\/evenementssalondebruxelles03.jpg\"><img loading=\"lazy\" decoding=\"async\" height=\"352\"  width=\"469\" src=\"http:\/\/www.leblogmoto.com\/images\/2009\/01\/26\/evenementssalondebruxelles03.jpg\" alt=\"Evenementssalondebruxelles03\" \/><\/a> <\/p>\n<p><a href=\"http:\/\/blogs.thesocialmedia.com\/leblogmoto\/files\/2012\/07\/evenementssalondebruxelles04.jpg\"><img loading=\"lazy\" decoding=\"async\" height=\"352\"  width=\"469\" src=\"http:\/\/www.leblogmoto.com\/images\/2009\/01\/26\/evenementssalondebruxelles04.jpg\" alt=\"Evenementssalondebruxelles04\" \/><\/a> <\/p>\n<p><a href=\"http:\/\/blogs.thesocialmedia.com\/leblogmoto\/files\/2012\/07\/evenementssalondebruxelles05.jpg\"><img loading=\"lazy\" decoding=\"async\" height=\"352\"  width=\"469\" src=\"http:\/\/www.leblogmoto.com\/images\/2009\/01\/26\/evenementssalondebruxelles05.jpg\" alt=\"Evenementssalondebruxelles05\" \/><\/a> <\/p>\n<p><a href=\"http:\/\/blogs.thesocialmedia.com\/leblogmoto\/files\/2012\/07\/evenementssalondebruxelles06.jpg\"><img loading=\"lazy\" decoding=\"async\" height=\"352\"  width=\"469\" src=\"http:\/\/www.leblogmoto.com\/images\/2009\/01\/26\/evenementssalondebruxelles06.jpg\" alt=\"Evenementssalondebruxelles06\" \/><\/a> <\/p>\n<p><a href=\"http:\/\/blogs.thesocialmedia.com\/leblogmoto\/files\/2012\/07\/evenementssalondebruxelles08.jpg\"><img loading=\"lazy\" decoding=\"async\" height=\"352\"  width=\"469\" src=\"http:\/\/www.leblogmoto.com\/images\/2009\/01\/26\/evenementssalondebruxelles08.jpg\" alt=\"Evenementssalondebruxelles08\" \/><\/a> <\/p>\n","protected":false},"excerpt":{"rendered":"<p>La 87\u00e8me (!) \u00e9dition du salon auto\/moto de Bruxelles se tenait du 17 au 25 janvier, et le site Vroom.be propose de revenir sur les mod\u00e8les les plus marquants en images. De l&rsquo;aveu m\u00eame de nos voisins d&rsquo;Outre-Qui\u00e9vrain (j&rsquo;adore placer cette locution-l\u00e0), ce salon n&rsquo;a jamais attir\u00e9 les grandes nouveaut\u00e9s et se veut plut\u00f4t un [&hellip;]<\/p>\n","protected":false},"author":324,"featured_media":0,"comment_status":"open","ping_status":"open","sticky":false,"template":"","format":"standard","meta":{"footnotes":""},"categories":[3,36],"tags":[],"class_list":["post-306","post","type-post","status-publish","format-standard","hentry","category-actualite","category-salons"],"yoast_head":"<!-- This site is optimized with the Yoast SEO plugin v26.0 - https:\/\/yoast.com\/wordpress\/plugins\/seo\/ -->\n<title>Salon Moto de Bruxelles, l&#039;un des premiers salons de crise. - leblogmoto.com<\/title>\n<meta name=\"robots\" content=\"index, follow, max-snippet:-1, max-image-preview:large, max-video-preview:-1\" \/>\n<link rel=\"canonical\" href=\"https:\/\/blogs.thesocialmedia.com\/leblogmoto\/2009\/01\/26\/salon-de-bruxel\/\" \/>\n<meta name=\"twitter:card\" content=\"summary_large_image\" \/>\n<meta name=\"twitter:title\" content=\"Salon Moto de Bruxelles, l&#039;un des premiers salons de crise. - leblogmoto.com\" \/>\n<meta name=\"twitter:description\" content=\"La 87\u00e8me (!) \u00e9dition du salon auto\/moto de Bruxelles se tenait du 17 au 25 janvier, et le site Vroom.be propose de revenir sur les mod\u00e8les les plus marquants en images. De l&rsquo;aveu m\u00eame de nos voisins d&rsquo;Outre-Qui\u00e9vrain (j&rsquo;adore placer cette locution-l\u00e0), ce salon n&rsquo;a jamais attir\u00e9 les grandes nouveaut\u00e9s et se veut plut\u00f4t un [&hellip;]\" \/>\n<meta name=\"twitter:image\" content=\"http:\/\/www.leblogmoto.com\/images\/2009\/01\/26\/evenementssalondebruxelles09.jpg\" \/>\n<meta name=\"twitter:label1\" content=\"\u00c9crit par\" \/>\n\t<meta name=\"twitter:data1\" content=\"benoit rieu\" \/>\n\t<meta name=\"twitter:label2\" content=\"Dur\u00e9e de lecture estim\u00e9e\" \/>\n\t<meta name=\"twitter:data2\" content=\"1 minute\" \/>\n<script type=\"application\/ld+json\" class=\"yoast-schema-graph\">{\"@context\":\"https:\/\/schema.org\",\"@graph\":[{\"@type\":\"WebPage\",\"@id\":\"https:\/\/blogs.thesocialmedia.com\/leblogmoto\/2009\/01\/26\/salon-de-bruxel\/\",\"url\":\"https:\/\/blogs.thesocialmedia.com\/leblogmoto\/2009\/01\/26\/salon-de-bruxel\/\",\"name\":\"Salon Moto de Bruxelles, l'un des premiers salons de crise. - leblogmoto.com\",\"isPartOf\":{\"@id\":\"https:\/\/blogs.thesocialmedia.com\/leblogmoto\/#website\"},\"primaryImageOfPage\":{\"@id\":\"https:\/\/blogs.thesocialmedia.com\/leblogmoto\/2009\/01\/26\/salon-de-bruxel\/#primaryimage\"},\"image\":{\"@id\":\"https:\/\/blogs.thesocialmedia.com\/leblogmoto\/2009\/01\/26\/salon-de-bruxel\/#primaryimage\"},\"thumbnailUrl\":\"http:\/\/www.leblogmoto.com\/images\/2009\/01\/26\/evenementssalondebruxelles09.jpg\",\"datePublished\":\"2009-01-26T23:59:02+00:00\",\"dateModified\":\"2012-07-11T17:01:26+00:00\",\"author\":{\"@id\":\"https:\/\/blogs.thesocialmedia.com\/leblogmoto\/#\/schema\/person\/18bfe773e5725ed6d24f743da805362a\"},\"breadcrumb\":{\"@id\":\"https:\/\/blogs.thesocialmedia.com\/leblogmoto\/2009\/01\/26\/salon-de-bruxel\/#breadcrumb\"},\"inLanguage\":\"fr-FR\",\"potentialAction\":[{\"@type\":\"ReadAction\",\"target\":[\"https:\/\/blogs.thesocialmedia.com\/leblogmoto\/2009\/01\/26\/salon-de-bruxel\/\"]}]},{\"@type\":\"ImageObject\",\"inLanguage\":\"fr-FR\",\"@id\":\"https:\/\/blogs.thesocialmedia.com\/leblogmoto\/2009\/01\/26\/salon-de-bruxel\/#primaryimage\",\"url\":\"http:\/\/www.leblogmoto.com\/images\/2009\/01\/26\/evenementssalondebruxelles09.jpg\",\"contentUrl\":\"http:\/\/www.leblogmoto.com\/images\/2009\/01\/26\/evenementssalondebruxelles09.jpg\"},{\"@type\":\"BreadcrumbList\",\"@id\":\"https:\/\/blogs.thesocialmedia.com\/leblogmoto\/2009\/01\/26\/salon-de-bruxel\/#breadcrumb\",\"itemListElement\":[{\"@type\":\"ListItem\",\"position\":1,\"name\":\"Accueil\",\"item\":\"https:\/\/blogs.thesocialmedia.com\/leblogmoto\/\"},{\"@type\":\"ListItem\",\"position\":2,\"name\":\"Salon Moto de Bruxelles, l&rsquo;un des premiers salons de crise.\"}]},{\"@type\":\"WebSite\",\"@id\":\"https:\/\/blogs.thesocialmedia.com\/leblogmoto\/#website\",\"url\":\"https:\/\/blogs.thesocialmedia.com\/leblogmoto\/\",\"name\":\"leblogmoto\",\"description\":\"Toute l&#039;actualit\u00e9 des 2 roues\",\"potentialAction\":[{\"@type\":\"SearchAction\",\"target\":{\"@type\":\"EntryPoint\",\"urlTemplate\":\"https:\/\/blogs.thesocialmedia.com\/leblogmoto\/?s={search_term_string}\"},\"query-input\":{\"@type\":\"PropertyValueSpecification\",\"valueRequired\":true,\"valueName\":\"search_term_string\"}}],\"inLanguage\":\"fr-FR\"},{\"@type\":\"Person\",\"@id\":\"https:\/\/blogs.thesocialmedia.com\/leblogmoto\/#\/schema\/person\/18bfe773e5725ed6d24f743da805362a\",\"name\":\"benoit rieu\",\"image\":{\"@type\":\"ImageObject\",\"inLanguage\":\"fr-FR\",\"@id\":\"https:\/\/blogs.thesocialmedia.com\/leblogmoto\/#\/schema\/person\/image\/\",\"url\":\"https:\/\/secure.gravatar.com\/avatar\/?s=96&d=mm&r=g\",\"contentUrl\":\"https:\/\/secure.gravatar.com\/avatar\/?s=96&d=mm&r=g\",\"caption\":\"benoit rieu\"},\"url\":\"https:\/\/blogs.thesocialmedia.com\/leblogmoto\/author\/benoit-rieu\/\"}]}<\/script>\n<!-- \/ Yoast SEO plugin. -->","yoast_head_json":{"title":"Salon Moto de Bruxelles, l'un des premiers salons de crise. - leblogmoto.com","robots":{"index":"index","follow":"follow","max-snippet":"max-snippet:-1","max-image-preview":"max-image-preview:large","max-video-preview":"max-video-preview:-1"},"canonical":"https:\/\/blogs.thesocialmedia.com\/leblogmoto\/2009\/01\/26\/salon-de-bruxel\/","twitter_card":"summary_large_image","twitter_title":"Salon Moto de Bruxelles, l'un des premiers salons de crise. - leblogmoto.com","twitter_description":"La 87\u00e8me (!) \u00e9dition du salon auto\/moto de Bruxelles se tenait du 17 au 25 janvier, et le site Vroom.be propose de revenir sur les mod\u00e8les les plus marquants en images. De l&rsquo;aveu m\u00eame de nos voisins d&rsquo;Outre-Qui\u00e9vrain (j&rsquo;adore placer cette locution-l\u00e0), ce salon n&rsquo;a jamais attir\u00e9 les grandes nouveaut\u00e9s et se veut plut\u00f4t un [&hellip;]","twitter_image":"http:\/\/www.leblogmoto.com\/images\/2009\/01\/26\/evenementssalondebruxelles09.jpg","twitter_misc":{"\u00c9crit par":"benoit rieu","Dur\u00e9e de lecture estim\u00e9e":"1 minute"},"schema":{"@context":"https:\/\/schema.org","@graph":[{"@type":"WebPage","@id":"https:\/\/blogs.thesocialmedia.com\/leblogmoto\/2009\/01\/26\/salon-de-bruxel\/","url":"https:\/\/blogs.thesocialmedia.com\/leblogmoto\/2009\/01\/26\/salon-de-bruxel\/","name":"Salon Moto de Bruxelles, l'un des premiers salons de crise. - leblogmoto.com","isPartOf":{"@id":"https:\/\/blogs.thesocialmedia.com\/leblogmoto\/#website"},"primaryImageOfPage":{"@id":"https:\/\/blogs.thesocialmedia.com\/leblogmoto\/2009\/01\/26\/salon-de-bruxel\/#primaryimage"},"image":{"@id":"https:\/\/blogs.thesocialmedia.com\/leblogmoto\/2009\/01\/26\/salon-de-bruxel\/#primaryimage"},"thumbnailUrl":"http:\/\/www.leblogmoto.com\/images\/2009\/01\/26\/evenementssalondebruxelles09.jpg","datePublished":"2009-01-26T23:59:02+00:00","dateModified":"2012-07-11T17:01:26+00:00","author":{"@id":"https:\/\/blogs.thesocialmedia.com\/leblogmoto\/#\/schema\/person\/18bfe773e5725ed6d24f743da805362a"},"breadcrumb":{"@id":"https:\/\/blogs.thesocialmedia.com\/leblogmoto\/2009\/01\/26\/salon-de-bruxel\/#breadcrumb"},"inLanguage":"fr-FR","potentialAction":[{"@type":"ReadAction","target":["https:\/\/blogs.thesocialmedia.com\/leblogmoto\/2009\/01\/26\/salon-de-bruxel\/"]}]},{"@type":"ImageObject","inLanguage":"fr-FR","@id":"https:\/\/blogs.thesocialmedia.com\/leblogmoto\/2009\/01\/26\/salon-de-bruxel\/#primaryimage","url":"http:\/\/www.leblogmoto.com\/images\/2009\/01\/26\/evenementssalondebruxelles09.jpg","contentUrl":"http:\/\/www.leblogmoto.com\/images\/2009\/01\/26\/evenementssalondebruxelles09.jpg"},{"@type":"BreadcrumbList","@id":"https:\/\/blogs.thesocialmedia.com\/leblogmoto\/2009\/01\/26\/salon-de-bruxel\/#breadcrumb","itemListElement":[{"@type":"ListItem","position":1,"name":"Accueil","item":"https:\/\/blogs.thesocialmedia.com\/leblogmoto\/"},{"@type":"ListItem","position":2,"name":"Salon Moto de Bruxelles, l&rsquo;un des premiers salons de crise."}]},{"@type":"WebSite","@id":"https:\/\/blogs.thesocialmedia.com\/leblogmoto\/#website","url":"https:\/\/blogs.thesocialmedia.com\/leblogmoto\/","name":"leblogmoto","description":"Toute l&#039;actualit\u00e9 des 2 roues","potentialAction":[{"@type":"SearchAction","target":{"@type":"EntryPoint","urlTemplate":"https:\/\/blogs.thesocialmedia.com\/leblogmoto\/?s={search_term_string}"},"query-input":{"@type":"PropertyValueSpecification","valueRequired":true,"valueName":"search_term_string"}}],"inLanguage":"fr-FR"},{"@type":"Person","@id":"https:\/\/blogs.thesocialmedia.com\/leblogmoto\/#\/schema\/person\/18bfe773e5725ed6d24f743da805362a","name":"benoit rieu","image":{"@type":"ImageObject","inLanguage":"fr-FR","@id":"https:\/\/blogs.thesocialmedia.com\/leblogmoto\/#\/schema\/person\/image\/","url":"https:\/\/secure.gravatar.com\/avatar\/?s=96&d=mm&r=g","contentUrl":"https:\/\/secure.gravatar.com\/avatar\/?s=96&d=mm&r=g","caption":"benoit rieu"},"url":"https:\/\/blogs.thesocialmedia.com\/leblogmoto\/author\/benoit-rieu\/"}]}},"_links":{"self":[{"href":"https:\/\/blogs.thesocialmedia.com\/leblogmoto\/wp-json\/wp\/v2\/posts\/306","targetHints":{"allow":["GET"]}}],"collection":[{"href":"https:\/\/blogs.thesocialmedia.com\/leblogmoto\/wp-json\/wp\/v2\/posts"}],"about":[{"href":"https:\/\/blogs.thesocialmedia.com\/leblogmoto\/wp-json\/wp\/v2\/types\/post"}],"author":[{"embeddable":true,"href":"https:\/\/blogs.thesocialmedia.com\/leblogmoto\/wp-json\/wp\/v2\/users\/324"}],"replies":[{"embeddable":true,"href":"https:\/\/blogs.thesocialmedia.com\/leblogmoto\/wp-json\/wp\/v2\/comments?post=306"}],"version-history":[{"count":2,"href":"https:\/\/blogs.thesocialmedia.com\/leblogmoto\/wp-json\/wp\/v2\/posts\/306\/revisions"}],"predecessor-version":[{"id":12629,"href":"https:\/\/blogs.thesocialmedia.com\/leblogmoto\/wp-json\/wp\/v2\/posts\/306\/revisions\/12629"}],"wp:attachment":[{"href":"https:\/\/blogs.thesocialmedia.com\/leblogmoto\/wp-json\/wp\/v2\/media?parent=306"}],"wp:term":[{"taxonomy":"category","embeddable":true,"href":"https:\/\/blogs.thesocialmedia.com\/leblogmoto\/wp-json\/wp\/v2\/categories?post=306"},{"taxonomy":"post_tag","embeddable":true,"href":"https:\/\/blogs.thesocialmedia.com\/leblogmoto\/wp-json\/wp\/v2\/tags?post=306"}],"curies":[{"name":"wp","href":"https:\/\/api.w.org\/{rel}","templated":true}]}}