{"id":307,"date":"2009-01-26T23:58:20","date_gmt":"2009-01-26T23:58:20","guid":{"rendered":"http:\/\/blogs.thesocialmedia.com\/leblogmoto\/2009\/01\/26\/plus-de-vingt-s\/"},"modified":"2012-07-11T17:01:11","modified_gmt":"2012-07-11T17:01:11","slug":"plus-de-vingt-s","status":"publish","type":"post","link":"https:\/\/blogs.thesocialmedia.com\/leblogmoto\/2009\/01\/26\/plus-de-vingt-s\/","title":{"rendered":"Plus de vingt-six minutes d&rsquo;enduro extr\u00eame."},"content":{"rendered":"<p> <a href=\"http:\/\/blogs.thesocialmedia.com\/leblogmoto\/files\/2012\/07\/d_1414_650_650_90.jpg\"><img loading=\"lazy\" decoding=\"async\" height=\"285\"  width=\"470\" alt=\"D_1414_650_650_90\" src=\"http:\/\/www.leblogmoto.com\/images\/2009\/01\/26\/d_1414_650_650_90.jpg\" \/><\/a> <\/p>\n<p>La tranche de pr\u00e8s d&rsquo;une demi-heure upload\u00e9e le 20 janvier dernier par migooprod sur Dailymotion, nous donne l&rsquo;occasion de revenir sur la d\u00e9sormais c\u00e9l\u00e8bre course Red Bull Romaniacs, une course dont l&rsquo;\u00e9dition 2008 a \u00e9t\u00e9 remport\u00e9e par Graham Jarvis. Apr\u00e8s avoir donn\u00e9 m\u00eame du fil \u00e0 retordre \u00e0 Cyril Despres, ce qui ne l&rsquo;a pas emp\u00each\u00e9 de monter auparavant sur la plus haute marche du podium, \u00e0 trois reprises. Cette \u00e9preuve qui regroupe les amateurs de <em>Hard Enduro<\/em> propose d\u00e9j\u00e0 au grand public le formulaire d&rsquo;<a href=\"http:\/\/www.redbullromaniacs.com\/home\/home\/\">inscription<\/a> pour l&rsquo;\u00e9dition 2009 qui se tiendra du 15 au 19 ao\u00fbt \u00e0 Sibiu, en Roumanie donc. Pour les fans de descente d&rsquo;escaliers b\u00e9tonn\u00e9s, de chevauchement de tronc d&rsquo;arbre, de passage de gu\u00e9, de mont\u00e9e &#8211; presque &#8211; impossible, et pour retrouver la nature pr\u00e9serv\u00e9e des Carpates, c&rsquo;est apr\u00e8s cette courte pr\u00e9sentation qu&rsquo;il faut se rendre&#8230;<\/p>\n<div><object height=\"381\" width=\"480\"><param name=\"movie\" value=\"http:\/\/www.dailymotion.com\/swf\/k2WqLkY9K8IYrAV0dW&amp;related=1\" \/><param name=\"allowFullScreen\" value=\"true\" \/><param name=\"allowScriptAccess\" value=\"always\" \/><embed height=\"381\" width=\"480\" src=\"http:\/\/www.dailymotion.com\/swf\/k2WqLkY9K8IYrAV0dW&amp;related=1\" type=\"application\/x-shockwave-flash\"><\/embed><\/object><br \/><strong><a href=\"http:\/\/www.dailymotion.com\/video\/x836oo_attitudes-143-romaniacs_sport\">Attitudes 143 Romaniacs<\/a><\/strong><br \/><em>envoy\u00e9 par <a href=\"http:\/\/www.dailymotion.com\/migooprod\">migooprod<\/a><\/em><\/div>\n","protected":false},"excerpt":{"rendered":"<p>La tranche de pr\u00e8s d&rsquo;une demi-heure upload\u00e9e le 20 janvier dernier par migooprod sur Dailymotion, nous donne l&rsquo;occasion de revenir sur la d\u00e9sormais c\u00e9l\u00e8bre course Red Bull Romaniacs, une course dont l&rsquo;\u00e9dition 2008 a \u00e9t\u00e9 remport\u00e9e par Graham Jarvis. Apr\u00e8s avoir donn\u00e9 m\u00eame du fil \u00e0 retordre \u00e0 Cyril Despres, ce qui ne l&rsquo;a pas [&hellip;]<\/p>\n","protected":false},"author":324,"featured_media":0,"comment_status":"open","ping_status":"open","sticky":false,"template":"","format":"standard","meta":{"footnotes":""},"categories":[3,60,12],"tags":[],"class_list":["post-307","post","type-post","status-publish","format-standard","hentry","category-actualite","category-enduro","category-videos"],"yoast_head":"<!-- This site is optimized with the Yoast SEO plugin v26.0 - https:\/\/yoast.com\/wordpress\/plugins\/seo\/ -->\n<title>Plus de vingt-six minutes d&#039;enduro extr\u00eame. - leblogmoto.com<\/title>\n<meta name=\"robots\" content=\"index, follow, max-snippet:-1, max-image-preview:large, max-video-preview:-1\" \/>\n<link rel=\"canonical\" href=\"https:\/\/blogs.thesocialmedia.com\/leblogmoto\/2009\/01\/26\/plus-de-vingt-s\/\" \/>\n<meta name=\"twitter:card\" content=\"summary_large_image\" \/>\n<meta name=\"twitter:title\" content=\"Plus de vingt-six minutes d&#039;enduro extr\u00eame. - leblogmoto.com\" \/>\n<meta name=\"twitter:description\" content=\"La tranche de pr\u00e8s d&rsquo;une demi-heure upload\u00e9e le 20 janvier dernier par migooprod sur Dailymotion, nous donne l&rsquo;occasion de revenir sur la d\u00e9sormais c\u00e9l\u00e8bre course Red Bull Romaniacs, une course dont l&rsquo;\u00e9dition 2008 a \u00e9t\u00e9 remport\u00e9e par Graham Jarvis. Apr\u00e8s avoir donn\u00e9 m\u00eame du fil \u00e0 retordre \u00e0 Cyril Despres, ce qui ne l&rsquo;a pas [&hellip;]\" \/>\n<meta name=\"twitter:image\" content=\"http:\/\/www.leblogmoto.com\/images\/2009\/01\/26\/d_1414_650_650_90.jpg\" \/>\n<meta name=\"twitter:label1\" content=\"\u00c9crit par\" \/>\n\t<meta name=\"twitter:data1\" content=\"benoit rieu\" \/>\n\t<meta name=\"twitter:label2\" content=\"Dur\u00e9e de lecture estim\u00e9e\" \/>\n\t<meta name=\"twitter:data2\" content=\"1 minute\" \/>\n<script type=\"application\/ld+json\" class=\"yoast-schema-graph\">{\"@context\":\"https:\/\/schema.org\",\"@graph\":[{\"@type\":\"WebPage\",\"@id\":\"https:\/\/blogs.thesocialmedia.com\/leblogmoto\/2009\/01\/26\/plus-de-vingt-s\/\",\"url\":\"https:\/\/blogs.thesocialmedia.com\/leblogmoto\/2009\/01\/26\/plus-de-vingt-s\/\",\"name\":\"Plus de vingt-six minutes d'enduro extr\u00eame. - leblogmoto.com\",\"isPartOf\":{\"@id\":\"https:\/\/blogs.thesocialmedia.com\/leblogmoto\/#website\"},\"primaryImageOfPage\":{\"@id\":\"https:\/\/blogs.thesocialmedia.com\/leblogmoto\/2009\/01\/26\/plus-de-vingt-s\/#primaryimage\"},\"image\":{\"@id\":\"https:\/\/blogs.thesocialmedia.com\/leblogmoto\/2009\/01\/26\/plus-de-vingt-s\/#primaryimage\"},\"thumbnailUrl\":\"http:\/\/www.leblogmoto.com\/images\/2009\/01\/26\/d_1414_650_650_90.jpg\",\"datePublished\":\"2009-01-26T23:58:20+00:00\",\"dateModified\":\"2012-07-11T17:01:11+00:00\",\"author\":{\"@id\":\"https:\/\/blogs.thesocialmedia.com\/leblogmoto\/#\/schema\/person\/18bfe773e5725ed6d24f743da805362a\"},\"breadcrumb\":{\"@id\":\"https:\/\/blogs.thesocialmedia.com\/leblogmoto\/2009\/01\/26\/plus-de-vingt-s\/#breadcrumb\"},\"inLanguage\":\"fr-FR\",\"potentialAction\":[{\"@type\":\"ReadAction\",\"target\":[\"https:\/\/blogs.thesocialmedia.com\/leblogmoto\/2009\/01\/26\/plus-de-vingt-s\/\"]}]},{\"@type\":\"ImageObject\",\"inLanguage\":\"fr-FR\",\"@id\":\"https:\/\/blogs.thesocialmedia.com\/leblogmoto\/2009\/01\/26\/plus-de-vingt-s\/#primaryimage\",\"url\":\"http:\/\/www.leblogmoto.com\/images\/2009\/01\/26\/d_1414_650_650_90.jpg\",\"contentUrl\":\"http:\/\/www.leblogmoto.com\/images\/2009\/01\/26\/d_1414_650_650_90.jpg\"},{\"@type\":\"BreadcrumbList\",\"@id\":\"https:\/\/blogs.thesocialmedia.com\/leblogmoto\/2009\/01\/26\/plus-de-vingt-s\/#breadcrumb\",\"itemListElement\":[{\"@type\":\"ListItem\",\"position\":1,\"name\":\"Accueil\",\"item\":\"https:\/\/blogs.thesocialmedia.com\/leblogmoto\/\"},{\"@type\":\"ListItem\",\"position\":2,\"name\":\"Plus de vingt-six minutes d&rsquo;enduro extr\u00eame.\"}]},{\"@type\":\"WebSite\",\"@id\":\"https:\/\/blogs.thesocialmedia.com\/leblogmoto\/#website\",\"url\":\"https:\/\/blogs.thesocialmedia.com\/leblogmoto\/\",\"name\":\"leblogmoto\",\"description\":\"Toute l&#039;actualit\u00e9 des 2 roues\",\"potentialAction\":[{\"@type\":\"SearchAction\",\"target\":{\"@type\":\"EntryPoint\",\"urlTemplate\":\"https:\/\/blogs.thesocialmedia.com\/leblogmoto\/?s={search_term_string}\"},\"query-input\":{\"@type\":\"PropertyValueSpecification\",\"valueRequired\":true,\"valueName\":\"search_term_string\"}}],\"inLanguage\":\"fr-FR\"},{\"@type\":\"Person\",\"@id\":\"https:\/\/blogs.thesocialmedia.com\/leblogmoto\/#\/schema\/person\/18bfe773e5725ed6d24f743da805362a\",\"name\":\"benoit rieu\",\"image\":{\"@type\":\"ImageObject\",\"inLanguage\":\"fr-FR\",\"@id\":\"https:\/\/blogs.thesocialmedia.com\/leblogmoto\/#\/schema\/person\/image\/\",\"url\":\"https:\/\/secure.gravatar.com\/avatar\/?s=96&d=mm&r=g\",\"contentUrl\":\"https:\/\/secure.gravatar.com\/avatar\/?s=96&d=mm&r=g\",\"caption\":\"benoit rieu\"},\"url\":\"https:\/\/blogs.thesocialmedia.com\/leblogmoto\/author\/benoit-rieu\/\"}]}<\/script>\n<!-- \/ Yoast SEO plugin. -->","yoast_head_json":{"title":"Plus de vingt-six minutes d'enduro extr\u00eame. - leblogmoto.com","robots":{"index":"index","follow":"follow","max-snippet":"max-snippet:-1","max-image-preview":"max-image-preview:large","max-video-preview":"max-video-preview:-1"},"canonical":"https:\/\/blogs.thesocialmedia.com\/leblogmoto\/2009\/01\/26\/plus-de-vingt-s\/","twitter_card":"summary_large_image","twitter_title":"Plus de vingt-six minutes d'enduro extr\u00eame. - leblogmoto.com","twitter_description":"La tranche de pr\u00e8s d&rsquo;une demi-heure upload\u00e9e le 20 janvier dernier par migooprod sur Dailymotion, nous donne l&rsquo;occasion de revenir sur la d\u00e9sormais c\u00e9l\u00e8bre course Red Bull Romaniacs, une course dont l&rsquo;\u00e9dition 2008 a \u00e9t\u00e9 remport\u00e9e par Graham Jarvis. Apr\u00e8s avoir donn\u00e9 m\u00eame du fil \u00e0 retordre \u00e0 Cyril Despres, ce qui ne l&rsquo;a pas [&hellip;]","twitter_image":"http:\/\/www.leblogmoto.com\/images\/2009\/01\/26\/d_1414_650_650_90.jpg","twitter_misc":{"\u00c9crit par":"benoit rieu","Dur\u00e9e de lecture estim\u00e9e":"1 minute"},"schema":{"@context":"https:\/\/schema.org","@graph":[{"@type":"WebPage","@id":"https:\/\/blogs.thesocialmedia.com\/leblogmoto\/2009\/01\/26\/plus-de-vingt-s\/","url":"https:\/\/blogs.thesocialmedia.com\/leblogmoto\/2009\/01\/26\/plus-de-vingt-s\/","name":"Plus de vingt-six minutes d'enduro extr\u00eame. - leblogmoto.com","isPartOf":{"@id":"https:\/\/blogs.thesocialmedia.com\/leblogmoto\/#website"},"primaryImageOfPage":{"@id":"https:\/\/blogs.thesocialmedia.com\/leblogmoto\/2009\/01\/26\/plus-de-vingt-s\/#primaryimage"},"image":{"@id":"https:\/\/blogs.thesocialmedia.com\/leblogmoto\/2009\/01\/26\/plus-de-vingt-s\/#primaryimage"},"thumbnailUrl":"http:\/\/www.leblogmoto.com\/images\/2009\/01\/26\/d_1414_650_650_90.jpg","datePublished":"2009-01-26T23:58:20+00:00","dateModified":"2012-07-11T17:01:11+00:00","author":{"@id":"https:\/\/blogs.thesocialmedia.com\/leblogmoto\/#\/schema\/person\/18bfe773e5725ed6d24f743da805362a"},"breadcrumb":{"@id":"https:\/\/blogs.thesocialmedia.com\/leblogmoto\/2009\/01\/26\/plus-de-vingt-s\/#breadcrumb"},"inLanguage":"fr-FR","potentialAction":[{"@type":"ReadAction","target":["https:\/\/blogs.thesocialmedia.com\/leblogmoto\/2009\/01\/26\/plus-de-vingt-s\/"]}]},{"@type":"ImageObject","inLanguage":"fr-FR","@id":"https:\/\/blogs.thesocialmedia.com\/leblogmoto\/2009\/01\/26\/plus-de-vingt-s\/#primaryimage","url":"http:\/\/www.leblogmoto.com\/images\/2009\/01\/26\/d_1414_650_650_90.jpg","contentUrl":"http:\/\/www.leblogmoto.com\/images\/2009\/01\/26\/d_1414_650_650_90.jpg"},{"@type":"BreadcrumbList","@id":"https:\/\/blogs.thesocialmedia.com\/leblogmoto\/2009\/01\/26\/plus-de-vingt-s\/#breadcrumb","itemListElement":[{"@type":"ListItem","position":1,"name":"Accueil","item":"https:\/\/blogs.thesocialmedia.com\/leblogmoto\/"},{"@type":"ListItem","position":2,"name":"Plus de vingt-six minutes d&rsquo;enduro extr\u00eame."}]},{"@type":"WebSite","@id":"https:\/\/blogs.thesocialmedia.com\/leblogmoto\/#website","url":"https:\/\/blogs.thesocialmedia.com\/leblogmoto\/","name":"leblogmoto","description":"Toute l&#039;actualit\u00e9 des 2 roues","potentialAction":[{"@type":"SearchAction","target":{"@type":"EntryPoint","urlTemplate":"https:\/\/blogs.thesocialmedia.com\/leblogmoto\/?s={search_term_string}"},"query-input":{"@type":"PropertyValueSpecification","valueRequired":true,"valueName":"search_term_string"}}],"inLanguage":"fr-FR"},{"@type":"Person","@id":"https:\/\/blogs.thesocialmedia.com\/leblogmoto\/#\/schema\/person\/18bfe773e5725ed6d24f743da805362a","name":"benoit rieu","image":{"@type":"ImageObject","inLanguage":"fr-FR","@id":"https:\/\/blogs.thesocialmedia.com\/leblogmoto\/#\/schema\/person\/image\/","url":"https:\/\/secure.gravatar.com\/avatar\/?s=96&d=mm&r=g","contentUrl":"https:\/\/secure.gravatar.com\/avatar\/?s=96&d=mm&r=g","caption":"benoit rieu"},"url":"https:\/\/blogs.thesocialmedia.com\/leblogmoto\/author\/benoit-rieu\/"}]}},"_links":{"self":[{"href":"https:\/\/blogs.thesocialmedia.com\/leblogmoto\/wp-json\/wp\/v2\/posts\/307","targetHints":{"allow":["GET"]}}],"collection":[{"href":"https:\/\/blogs.thesocialmedia.com\/leblogmoto\/wp-json\/wp\/v2\/posts"}],"about":[{"href":"https:\/\/blogs.thesocialmedia.com\/leblogmoto\/wp-json\/wp\/v2\/types\/post"}],"author":[{"embeddable":true,"href":"https:\/\/blogs.thesocialmedia.com\/leblogmoto\/wp-json\/wp\/v2\/users\/324"}],"replies":[{"embeddable":true,"href":"https:\/\/blogs.thesocialmedia.com\/leblogmoto\/wp-json\/wp\/v2\/comments?post=307"}],"version-history":[{"count":2,"href":"https:\/\/blogs.thesocialmedia.com\/leblogmoto\/wp-json\/wp\/v2\/posts\/307\/revisions"}],"predecessor-version":[{"id":12620,"href":"https:\/\/blogs.thesocialmedia.com\/leblogmoto\/wp-json\/wp\/v2\/posts\/307\/revisions\/12620"}],"wp:attachment":[{"href":"https:\/\/blogs.thesocialmedia.com\/leblogmoto\/wp-json\/wp\/v2\/media?parent=307"}],"wp:term":[{"taxonomy":"category","embeddable":true,"href":"https:\/\/blogs.thesocialmedia.com\/leblogmoto\/wp-json\/wp\/v2\/categories?post=307"},{"taxonomy":"post_tag","embeddable":true,"href":"https:\/\/blogs.thesocialmedia.com\/leblogmoto\/wp-json\/wp\/v2\/tags?post=307"}],"curies":[{"name":"wp","href":"https:\/\/api.w.org\/{rel}","templated":true}]}}