{"id":309,"date":"2009-01-25T23:51:45","date_gmt":"2009-01-25T23:51:45","guid":{"rendered":"http:\/\/blogs.thesocialmedia.com\/leblogmoto\/2009\/01\/25\/des-nouvelles-d\/"},"modified":"2012-07-11T17:00:46","modified_gmt":"2012-07-11T17:00:46","slug":"des-nouvelles-d","status":"publish","type":"post","link":"https:\/\/blogs.thesocialmedia.com\/leblogmoto\/2009\/01\/25\/des-nouvelles-d\/","title":{"rendered":"La moto bombardier furtif&#8230; Bon, \u00e7a c&rsquo;est fait."},"content":{"rendered":"<p><a href=\"http:\/\/blogs.thesocialmedia.com\/leblogmoto\/files\/2012\/07\/b2bike.jpg\"><img loading=\"lazy\" decoding=\"async\" height=\"312\"  width=\"470\" alt=\"B2bike\" src=\"http:\/\/www.leblogmoto.com\/images\/2009\/01\/25\/b2bike.jpg\" \/><\/a><\/p>\n<p>Pour comm\u00e9morer les vingt ans de cette belle aile volante furtive, l&rsquo;industriel Northrop Grumman, le fabriquant de l&rsquo;oiseau, a commissionn\u00e9 Orange County Choppers et obtenu ce crime au bon go\u00fbt, voici donc le B2 sur deux roues. Alors que la t\u00eate de fourche ressemble bien au cockpit du c\u00e9l\u00e8bre bombardier, son concepteur a inclu des parties en titane comme sur l&rsquo;avion original. Allez, un petit floril\u00e8ge des commentaires en Anglais sur <a href=\"http:\/\/www.gizmowatch.com\/entry\/b-2-bomber-themed-motorcycle-but-it-doesn-t-fly\/\">Gizmodo watch<\/a>, l\u00e0 o\u00f9 nous sommes all\u00e9s piocher ce sujet: &quot;occ makes wedding cakes- same cake every time, different frosting. Innovation my ass.&quot; et &quot;OMG what a colossal load. Typical OCC crap.&quot; Je crois que cela se passe de traduction. Sachez que cette beaut\u00e9 accompagnera les stands de l&rsquo;arm\u00e9e de l&rsquo;air am\u00e9ricaine pour l&rsquo;anniversaire du B2, bien que je ne sois pas du tout s\u00fbr que les p&rsquo;tits gars de l&rsquo;Air Force appr\u00e9cient le cadeau. Quant \u00e0 moi, je suis de ceux qui esp\u00e9rent secr\u00e8tement qu&rsquo;un jour les Californiens moustachus d&rsquo;Orange County Choppers valseront de leur pied d&rsquo;estal. En attendant il faut continuer \u00e0 se les enquiller \u00e0 la t\u00e9loche. C&rsquo;est en tout cas l&rsquo;occasion de v\u00e9rifier que, niveau performance, une moto est bien un avion sans ses ailes, clou\u00e9 au sol qui plus est.&nbsp; <\/p>\n<p><a href=\"http:\/\/clabedan.typepad.com\/.shared\/image.html?\/photos\/uncategorized\/2009\/01\/25\/b2bike3.jpg\"><img loading=\"lazy\" decoding=\"async\" height=\"329\"  width=\"470\" alt=\"B2bike3\" src=\"http:\/\/www.leblogmoto.com\/images\/2009\/01\/25\/b2bike3.jpg\" \/><\/a><\/p>\n<p><a href=\"http:\/\/blogs.thesocialmedia.com\/leblogmoto\/files\/2012\/07\/b2bike6.jpg\"><img loading=\"lazy\" decoding=\"async\" height=\"312\"  width=\"470\" src=\"http:\/\/www.leblogmoto.com\/images\/2009\/01\/25\/b2bike6.jpg\" alt=\"B2bike6\" \/><\/a>  <\/p>\n<p><a href=\"http:\/\/blogs.thesocialmedia.com\/leblogmoto\/files\/2012\/07\/b2bike4.jpg\"><img loading=\"lazy\" decoding=\"async\" height=\"682\"  width=\"470\" alt=\"B2bike4\" src=\"http:\/\/www.leblogmoto.com\/images\/2009\/01\/25\/b2bike4.jpg\" \/><\/a> <\/p>\n<p><a href=\"http:\/\/blogs.thesocialmedia.com\/leblogmoto\/files\/2012\/07\/b2bike5.jpg\"><img loading=\"lazy\" decoding=\"async\" height=\"312\"  width=\"470\" alt=\"B2bike5\" src=\"http:\/\/www.leblogmoto.com\/images\/2009\/01\/25\/b2bike5.jpg\" \/><\/a> <\/p>\n","protected":false},"excerpt":{"rendered":"<p>Pour comm\u00e9morer les vingt ans de cette belle aile volante furtive, l&rsquo;industriel Northrop Grumman, le fabriquant de l&rsquo;oiseau, a commissionn\u00e9 Orange County Choppers et obtenu ce crime au bon go\u00fbt, voici donc le B2 sur deux roues. Alors que la t\u00eate de fourche ressemble bien au cockpit du c\u00e9l\u00e8bre bombardier, son concepteur a inclu des [&hellip;]<\/p>\n","protected":false},"author":324,"featured_media":0,"comment_status":"open","ping_status":"open","sticky":false,"template":"","format":"standard","meta":{"footnotes":""},"categories":[33,58],"tags":[],"class_list":["post-309","post","type-post","status-publish","format-standard","hentry","category-concept-bike","category-insolite"],"yoast_head":"<!-- This site is optimized with the Yoast SEO plugin v26.0 - https:\/\/yoast.com\/wordpress\/plugins\/seo\/ -->\n<title>La moto bombardier furtif... Bon, \u00e7a c&#039;est fait. - leblogmoto.com<\/title>\n<meta name=\"robots\" content=\"index, follow, max-snippet:-1, max-image-preview:large, max-video-preview:-1\" \/>\n<link rel=\"canonical\" href=\"https:\/\/blogs.thesocialmedia.com\/leblogmoto\/2009\/01\/25\/des-nouvelles-d\/\" \/>\n<meta name=\"twitter:card\" content=\"summary_large_image\" \/>\n<meta name=\"twitter:title\" content=\"La moto bombardier furtif... Bon, \u00e7a c&#039;est fait. - leblogmoto.com\" \/>\n<meta name=\"twitter:description\" content=\"Pour comm\u00e9morer les vingt ans de cette belle aile volante furtive, l&rsquo;industriel Northrop Grumman, le fabriquant de l&rsquo;oiseau, a commissionn\u00e9 Orange County Choppers et obtenu ce crime au bon go\u00fbt, voici donc le B2 sur deux roues. Alors que la t\u00eate de fourche ressemble bien au cockpit du c\u00e9l\u00e8bre bombardier, son concepteur a inclu des [&hellip;]\" \/>\n<meta name=\"twitter:image\" content=\"http:\/\/www.leblogmoto.com\/images\/2009\/01\/25\/b2bike.jpg\" \/>\n<meta name=\"twitter:label1\" content=\"\u00c9crit par\" \/>\n\t<meta name=\"twitter:data1\" content=\"benoit rieu\" \/>\n\t<meta name=\"twitter:label2\" content=\"Dur\u00e9e de lecture estim\u00e9e\" \/>\n\t<meta name=\"twitter:data2\" content=\"1 minute\" \/>\n<script type=\"application\/ld+json\" class=\"yoast-schema-graph\">{\"@context\":\"https:\/\/schema.org\",\"@graph\":[{\"@type\":\"WebPage\",\"@id\":\"https:\/\/blogs.thesocialmedia.com\/leblogmoto\/2009\/01\/25\/des-nouvelles-d\/\",\"url\":\"https:\/\/blogs.thesocialmedia.com\/leblogmoto\/2009\/01\/25\/des-nouvelles-d\/\",\"name\":\"La moto bombardier furtif... Bon, \u00e7a c'est fait. - leblogmoto.com\",\"isPartOf\":{\"@id\":\"https:\/\/blogs.thesocialmedia.com\/leblogmoto\/#website\"},\"primaryImageOfPage\":{\"@id\":\"https:\/\/blogs.thesocialmedia.com\/leblogmoto\/2009\/01\/25\/des-nouvelles-d\/#primaryimage\"},\"image\":{\"@id\":\"https:\/\/blogs.thesocialmedia.com\/leblogmoto\/2009\/01\/25\/des-nouvelles-d\/#primaryimage\"},\"thumbnailUrl\":\"http:\/\/www.leblogmoto.com\/images\/2009\/01\/25\/b2bike.jpg\",\"datePublished\":\"2009-01-25T23:51:45+00:00\",\"dateModified\":\"2012-07-11T17:00:46+00:00\",\"author\":{\"@id\":\"https:\/\/blogs.thesocialmedia.com\/leblogmoto\/#\/schema\/person\/18bfe773e5725ed6d24f743da805362a\"},\"breadcrumb\":{\"@id\":\"https:\/\/blogs.thesocialmedia.com\/leblogmoto\/2009\/01\/25\/des-nouvelles-d\/#breadcrumb\"},\"inLanguage\":\"fr-FR\",\"potentialAction\":[{\"@type\":\"ReadAction\",\"target\":[\"https:\/\/blogs.thesocialmedia.com\/leblogmoto\/2009\/01\/25\/des-nouvelles-d\/\"]}]},{\"@type\":\"ImageObject\",\"inLanguage\":\"fr-FR\",\"@id\":\"https:\/\/blogs.thesocialmedia.com\/leblogmoto\/2009\/01\/25\/des-nouvelles-d\/#primaryimage\",\"url\":\"http:\/\/www.leblogmoto.com\/images\/2009\/01\/25\/b2bike.jpg\",\"contentUrl\":\"http:\/\/www.leblogmoto.com\/images\/2009\/01\/25\/b2bike.jpg\"},{\"@type\":\"BreadcrumbList\",\"@id\":\"https:\/\/blogs.thesocialmedia.com\/leblogmoto\/2009\/01\/25\/des-nouvelles-d\/#breadcrumb\",\"itemListElement\":[{\"@type\":\"ListItem\",\"position\":1,\"name\":\"Accueil\",\"item\":\"https:\/\/blogs.thesocialmedia.com\/leblogmoto\/\"},{\"@type\":\"ListItem\",\"position\":2,\"name\":\"La moto bombardier furtif&#8230; Bon, \u00e7a c&rsquo;est fait.\"}]},{\"@type\":\"WebSite\",\"@id\":\"https:\/\/blogs.thesocialmedia.com\/leblogmoto\/#website\",\"url\":\"https:\/\/blogs.thesocialmedia.com\/leblogmoto\/\",\"name\":\"leblogmoto\",\"description\":\"Toute l&#039;actualit\u00e9 des 2 roues\",\"potentialAction\":[{\"@type\":\"SearchAction\",\"target\":{\"@type\":\"EntryPoint\",\"urlTemplate\":\"https:\/\/blogs.thesocialmedia.com\/leblogmoto\/?s={search_term_string}\"},\"query-input\":{\"@type\":\"PropertyValueSpecification\",\"valueRequired\":true,\"valueName\":\"search_term_string\"}}],\"inLanguage\":\"fr-FR\"},{\"@type\":\"Person\",\"@id\":\"https:\/\/blogs.thesocialmedia.com\/leblogmoto\/#\/schema\/person\/18bfe773e5725ed6d24f743da805362a\",\"name\":\"benoit rieu\",\"image\":{\"@type\":\"ImageObject\",\"inLanguage\":\"fr-FR\",\"@id\":\"https:\/\/blogs.thesocialmedia.com\/leblogmoto\/#\/schema\/person\/image\/\",\"url\":\"https:\/\/secure.gravatar.com\/avatar\/?s=96&d=mm&r=g\",\"contentUrl\":\"https:\/\/secure.gravatar.com\/avatar\/?s=96&d=mm&r=g\",\"caption\":\"benoit rieu\"},\"url\":\"https:\/\/blogs.thesocialmedia.com\/leblogmoto\/author\/benoit-rieu\/\"}]}<\/script>\n<!-- \/ Yoast SEO plugin. -->","yoast_head_json":{"title":"La moto bombardier furtif... Bon, \u00e7a c'est fait. - leblogmoto.com","robots":{"index":"index","follow":"follow","max-snippet":"max-snippet:-1","max-image-preview":"max-image-preview:large","max-video-preview":"max-video-preview:-1"},"canonical":"https:\/\/blogs.thesocialmedia.com\/leblogmoto\/2009\/01\/25\/des-nouvelles-d\/","twitter_card":"summary_large_image","twitter_title":"La moto bombardier furtif... Bon, \u00e7a c'est fait. - leblogmoto.com","twitter_description":"Pour comm\u00e9morer les vingt ans de cette belle aile volante furtive, l&rsquo;industriel Northrop Grumman, le fabriquant de l&rsquo;oiseau, a commissionn\u00e9 Orange County Choppers et obtenu ce crime au bon go\u00fbt, voici donc le B2 sur deux roues. Alors que la t\u00eate de fourche ressemble bien au cockpit du c\u00e9l\u00e8bre bombardier, son concepteur a inclu des [&hellip;]","twitter_image":"http:\/\/www.leblogmoto.com\/images\/2009\/01\/25\/b2bike.jpg","twitter_misc":{"\u00c9crit par":"benoit rieu","Dur\u00e9e de lecture estim\u00e9e":"1 minute"},"schema":{"@context":"https:\/\/schema.org","@graph":[{"@type":"WebPage","@id":"https:\/\/blogs.thesocialmedia.com\/leblogmoto\/2009\/01\/25\/des-nouvelles-d\/","url":"https:\/\/blogs.thesocialmedia.com\/leblogmoto\/2009\/01\/25\/des-nouvelles-d\/","name":"La moto bombardier furtif... Bon, \u00e7a c'est fait. - leblogmoto.com","isPartOf":{"@id":"https:\/\/blogs.thesocialmedia.com\/leblogmoto\/#website"},"primaryImageOfPage":{"@id":"https:\/\/blogs.thesocialmedia.com\/leblogmoto\/2009\/01\/25\/des-nouvelles-d\/#primaryimage"},"image":{"@id":"https:\/\/blogs.thesocialmedia.com\/leblogmoto\/2009\/01\/25\/des-nouvelles-d\/#primaryimage"},"thumbnailUrl":"http:\/\/www.leblogmoto.com\/images\/2009\/01\/25\/b2bike.jpg","datePublished":"2009-01-25T23:51:45+00:00","dateModified":"2012-07-11T17:00:46+00:00","author":{"@id":"https:\/\/blogs.thesocialmedia.com\/leblogmoto\/#\/schema\/person\/18bfe773e5725ed6d24f743da805362a"},"breadcrumb":{"@id":"https:\/\/blogs.thesocialmedia.com\/leblogmoto\/2009\/01\/25\/des-nouvelles-d\/#breadcrumb"},"inLanguage":"fr-FR","potentialAction":[{"@type":"ReadAction","target":["https:\/\/blogs.thesocialmedia.com\/leblogmoto\/2009\/01\/25\/des-nouvelles-d\/"]}]},{"@type":"ImageObject","inLanguage":"fr-FR","@id":"https:\/\/blogs.thesocialmedia.com\/leblogmoto\/2009\/01\/25\/des-nouvelles-d\/#primaryimage","url":"http:\/\/www.leblogmoto.com\/images\/2009\/01\/25\/b2bike.jpg","contentUrl":"http:\/\/www.leblogmoto.com\/images\/2009\/01\/25\/b2bike.jpg"},{"@type":"BreadcrumbList","@id":"https:\/\/blogs.thesocialmedia.com\/leblogmoto\/2009\/01\/25\/des-nouvelles-d\/#breadcrumb","itemListElement":[{"@type":"ListItem","position":1,"name":"Accueil","item":"https:\/\/blogs.thesocialmedia.com\/leblogmoto\/"},{"@type":"ListItem","position":2,"name":"La moto bombardier furtif&#8230; Bon, \u00e7a c&rsquo;est fait."}]},{"@type":"WebSite","@id":"https:\/\/blogs.thesocialmedia.com\/leblogmoto\/#website","url":"https:\/\/blogs.thesocialmedia.com\/leblogmoto\/","name":"leblogmoto","description":"Toute l&#039;actualit\u00e9 des 2 roues","potentialAction":[{"@type":"SearchAction","target":{"@type":"EntryPoint","urlTemplate":"https:\/\/blogs.thesocialmedia.com\/leblogmoto\/?s={search_term_string}"},"query-input":{"@type":"PropertyValueSpecification","valueRequired":true,"valueName":"search_term_string"}}],"inLanguage":"fr-FR"},{"@type":"Person","@id":"https:\/\/blogs.thesocialmedia.com\/leblogmoto\/#\/schema\/person\/18bfe773e5725ed6d24f743da805362a","name":"benoit rieu","image":{"@type":"ImageObject","inLanguage":"fr-FR","@id":"https:\/\/blogs.thesocialmedia.com\/leblogmoto\/#\/schema\/person\/image\/","url":"https:\/\/secure.gravatar.com\/avatar\/?s=96&d=mm&r=g","contentUrl":"https:\/\/secure.gravatar.com\/avatar\/?s=96&d=mm&r=g","caption":"benoit rieu"},"url":"https:\/\/blogs.thesocialmedia.com\/leblogmoto\/author\/benoit-rieu\/"}]}},"_links":{"self":[{"href":"https:\/\/blogs.thesocialmedia.com\/leblogmoto\/wp-json\/wp\/v2\/posts\/309","targetHints":{"allow":["GET"]}}],"collection":[{"href":"https:\/\/blogs.thesocialmedia.com\/leblogmoto\/wp-json\/wp\/v2\/posts"}],"about":[{"href":"https:\/\/blogs.thesocialmedia.com\/leblogmoto\/wp-json\/wp\/v2\/types\/post"}],"author":[{"embeddable":true,"href":"https:\/\/blogs.thesocialmedia.com\/leblogmoto\/wp-json\/wp\/v2\/users\/324"}],"replies":[{"embeddable":true,"href":"https:\/\/blogs.thesocialmedia.com\/leblogmoto\/wp-json\/wp\/v2\/comments?post=309"}],"version-history":[{"count":2,"href":"https:\/\/blogs.thesocialmedia.com\/leblogmoto\/wp-json\/wp\/v2\/posts\/309\/revisions"}],"predecessor-version":[{"id":12607,"href":"https:\/\/blogs.thesocialmedia.com\/leblogmoto\/wp-json\/wp\/v2\/posts\/309\/revisions\/12607"}],"wp:attachment":[{"href":"https:\/\/blogs.thesocialmedia.com\/leblogmoto\/wp-json\/wp\/v2\/media?parent=309"}],"wp:term":[{"taxonomy":"category","embeddable":true,"href":"https:\/\/blogs.thesocialmedia.com\/leblogmoto\/wp-json\/wp\/v2\/categories?post=309"},{"taxonomy":"post_tag","embeddable":true,"href":"https:\/\/blogs.thesocialmedia.com\/leblogmoto\/wp-json\/wp\/v2\/tags?post=309"}],"curies":[{"name":"wp","href":"https:\/\/api.w.org\/{rel}","templated":true}]}}