{"id":311,"date":"2009-01-23T04:13:20","date_gmt":"2009-01-23T04:13:20","guid":{"rendered":"http:\/\/blogs.thesocialmedia.com\/leblogmoto\/2009\/01\/23\/album-du-vend-2-2\/"},"modified":"2012-07-11T17:00:10","modified_gmt":"2012-07-11T17:00:10","slug":"album-du-vend-2-2","status":"publish","type":"post","link":"https:\/\/blogs.thesocialmedia.com\/leblogmoto\/2009\/01\/23\/album-du-vend-2-2\/","title":{"rendered":"Album du vendredi, Dakar 2009"},"content":{"rendered":"<p><a href=\"http:\/\/blogs.thesocialmedia.com\/leblogmoto\/files\/2012\/07\/cdes1.jpg\"><img loading=\"lazy\" decoding=\"async\" width=\"470\" height=\"240\"  src=\"http:\/\/www.leblogmoto.com\/images\/2009\/01\/22\/cdes1.jpg\" alt=\"Cdes1\" \/><\/a> <\/p>\n<p>Pour un premier <a href=\"http:\/\/www.dakar.com\/\">Dakar<\/a> loin de Dakar, on peut dire que le succ\u00e8s fut au rendez-vous. La notion de succ\u00e8s est toujours tr\u00e8s relative, mais vue de Buenos Aires, l\u2019\u00e9dition 2009 est une r\u00e9ussite. Le \u00abpeuple\u00bb f\u00fbt enthousiaste, le parcours superbe et superbement difficile, et la carte postale \u00e9minemment photog\u00e9nique.<\/p>\n<p>Vous me direz si en Europe l\u2019exaltation fut la m\u00eame que par les ann\u00e9es pass\u00e9es, mais de ce c\u00f4t\u00e9-ci de l\u2019Atlantique, le Dakar n\u2019existe pas. Le seul \u00e9cho nous en parvenant fut la trag\u00e9die de <a href=\"http:\/\/www.leblogmoto.com\/2009\/01\/dakar-dcs-de-pa.html\">Pascal Terry<\/a>, sinon rien, rien au d\u00e9but, rien \u00e0 la fin, rien de rien. Pourtant, tous les jours ou presque, on a des nouvelles du <a href=\"http:\/\/www.vendeeglobe.org\/fr\/\">Vend\u00e9e Globe<\/a>, un passionn\u00e9 de voile avec du temps d\u2019antenne partage sa passion. Ce qui est tr\u00e8s bien, mais est-ce \u00e0 dire que ce sont, soit des int\u00e9r\u00eats commerciaux ou personnels, qui m\u00e8nent l\u2019information?<\/p>\n<p>C\u2019est vrai, je parle (fa\u00e7on de parler puisque c\u2019est \u00e0 l\u2019\u00e9crit bien \u00e9videmment) de ce qui m\u2019int\u00e9resse, mais je fais aussi l\u2019effort de m\u2019int\u00e9resser \u00e0 ce qui pourrait m\u2019int\u00e9resser, et de ne pas passer \u00e0 c\u00f4t\u00e9 d\u2019incontournables.<\/p>\n<p>Ce qui fait du Dakar en Am\u00e9rique du Nord un \u00abcontournable\u00bb dont on peut disposer sans toucher, victime d\u2019indiff\u00e9rence, corps \u00e9tranger ignor\u00e9.<\/p>\n<p>L\u2019Am\u00e9rique latine lui fait la f\u00eate, d\u2019abord parce qu\u2019elle a l\u2019esprit \u00e0 la f\u00eate, et qu\u2019elle est, historiquement parlant, plus pr\u00e8s de l\u2019Europe que de sa voisine du troisi\u00e8me (pour qui ne serait pas cal\u00e9 en g\u00e9ographie, lire, l\u2019Am\u00e9rique du Nord, soit les \u00c9tats-Unis et le Canada).<\/p>\n<p>Le Dakar demeure donc un \u00e9v\u00e9nement condamn\u00e9 au giron maternel, pour sa subsistance, ne parvenant pas \u00e0 sortir de sa niche?<\/p>\n<p>Photos Red Bull Fotofiles: Cyril Despres, Jodi Viladoms, Marc Coma<\/p>\n<p><a href=\"http:\/\/clabedan.typepad.com\/.shared\/image.html?\/photos\/uncategorized\/2009\/01\/22\/cdes2.jpg\"><img loading=\"lazy\" decoding=\"async\" width=\"470\" height=\"312\"  src=\"http:\/\/www.leblogmoto.com\/images\/2009\/01\/22\/cdes2.jpg\" alt=\"Cdes2\" \/><\/a> <\/p>\n<p><a href=\"http:\/\/blogs.thesocialmedia.com\/leblogmoto\/files\/2012\/07\/cdes3.jpg\"><img loading=\"lazy\" decoding=\"async\" width=\"470\" height=\"313\"  src=\"http:\/\/www.leblogmoto.com\/images\/2009\/01\/22\/cdes3.jpg\" alt=\"Cdes3\" \/><\/a> <\/p>\n<p><a href=\"http:\/\/blogs.thesocialmedia.com\/leblogmoto\/files\/2012\/07\/cdes4.jpg\"><img loading=\"lazy\" decoding=\"async\" width=\"470\" height=\"313\"  src=\"http:\/\/www.leblogmoto.com\/images\/2009\/01\/22\/cdes4.jpg\" alt=\"Cdes4\" \/><\/a> <\/p>\n<p><a href=\"http:\/\/blogs.thesocialmedia.com\/leblogmoto\/files\/2012\/07\/cdes5.jpg\"><img loading=\"lazy\" decoding=\"async\" width=\"470\" height=\"313\"  src=\"http:\/\/www.leblogmoto.com\/images\/2009\/01\/22\/cdes5.jpg\" alt=\"Cdes5\" \/><\/a> <\/p>\n<p><a href=\"http:\/\/blogs.thesocialmedia.com\/leblogmoto\/files\/2012\/07\/cdes6.jpg\"><img loading=\"lazy\" decoding=\"async\" width=\"470\" height=\"315\"  src=\"http:\/\/www.leblogmoto.com\/images\/2009\/01\/22\/cdes6.jpg\" alt=\"Cdes6\" \/><\/a> <\/p>\n<p><a href=\"http:\/\/blogs.thesocialmedia.com\/leblogmoto\/files\/2012\/07\/cdes7.jpg\"><img loading=\"lazy\" decoding=\"async\" width=\"470\" height=\"321\"  src=\"http:\/\/www.leblogmoto.com\/images\/2009\/01\/22\/cdes7.jpg\" alt=\"Cdes7\" \/><\/a> <\/p>\n<p><a href=\"http:\/\/blogs.thesocialmedia.com\/leblogmoto\/files\/2012\/07\/jvi1.jpg\"><img loading=\"lazy\" decoding=\"async\" width=\"470\" height=\"313\"  src=\"http:\/\/www.leblogmoto.com\/images\/2009\/01\/22\/jvi1.jpg\" alt=\"Jvi1\" \/><\/a> <\/p>\n<p><a href=\"http:\/\/blogs.thesocialmedia.com\/leblogmoto\/files\/2012\/07\/jvi2.jpg\"><img loading=\"lazy\" decoding=\"async\" width=\"470\" height=\"313\"  src=\"http:\/\/www.leblogmoto.com\/images\/2009\/01\/22\/jvi2.jpg\" alt=\"Jvi2\" \/><\/a> <\/p>\n<p><a href=\"http:\/\/blogs.thesocialmedia.com\/leblogmoto\/files\/2012\/07\/mco1.jpg\"><img loading=\"lazy\" decoding=\"async\" width=\"470\" height=\"313\"  src=\"http:\/\/www.leblogmoto.com\/images\/2009\/01\/22\/mco1.jpg\" alt=\"Mco1\" \/><\/a> <\/p>\n<p><a href=\"http:\/\/blogs.thesocialmedia.com\/leblogmoto\/files\/2012\/07\/mco2.jpg\"><img loading=\"lazy\" decoding=\"async\" width=\"470\" height=\"312\"  src=\"http:\/\/www.leblogmoto.com\/images\/2009\/01\/22\/mco2.jpg\" alt=\"Mco2\" \/><\/a> <\/p>\n<p><a href=\"http:\/\/blogs.thesocialmedia.com\/leblogmoto\/files\/2012\/07\/mco3.jpg\"><img loading=\"lazy\" decoding=\"async\" width=\"470\" height=\"323\"  src=\"http:\/\/www.leblogmoto.com\/images\/2009\/01\/22\/mco3.jpg\" alt=\"Mco3\" \/><\/a> <\/p>\n","protected":false},"excerpt":{"rendered":"<p>Pour un premier Dakar loin de Dakar, on peut dire que le succ\u00e8s fut au rendez-vous. La notion de succ\u00e8s est toujours tr\u00e8s relative, mais vue de Buenos Aires, l\u2019\u00e9dition 2009 est une r\u00e9ussite. Le \u00abpeuple\u00bb f\u00fbt enthousiaste, le parcours superbe et superbement difficile, et la carte postale \u00e9minemment photog\u00e9nique. Vous me direz si en [&hellip;]<\/p>\n","protected":false},"author":325,"featured_media":0,"comment_status":"open","ping_status":"open","sticky":false,"template":"","format":"standard","meta":{"footnotes":""},"categories":[3,59,39,61],"tags":[],"class_list":["post-311","post","type-post","status-publish","format-standard","hentry","category-actualite","category-dakar","category-ktm","category-rallye-raid"],"yoast_head":"<!-- This site is optimized with the Yoast SEO plugin v26.0 - https:\/\/yoast.com\/wordpress\/plugins\/seo\/ -->\n<title>Album du vendredi, Dakar 2009 - leblogmoto.com<\/title>\n<meta name=\"robots\" content=\"index, follow, max-snippet:-1, max-image-preview:large, max-video-preview:-1\" \/>\n<link rel=\"canonical\" href=\"https:\/\/blogs.thesocialmedia.com\/leblogmoto\/2009\/01\/23\/album-du-vend-2-2\/\" \/>\n<meta name=\"twitter:card\" content=\"summary_large_image\" \/>\n<meta name=\"twitter:title\" content=\"Album du vendredi, Dakar 2009 - leblogmoto.com\" \/>\n<meta name=\"twitter:description\" content=\"Pour un premier Dakar loin de Dakar, on peut dire que le succ\u00e8s fut au rendez-vous. La notion de succ\u00e8s est toujours tr\u00e8s relative, mais vue de Buenos Aires, l\u2019\u00e9dition 2009 est une r\u00e9ussite. Le \u00abpeuple\u00bb f\u00fbt enthousiaste, le parcours superbe et superbement difficile, et la carte postale \u00e9minemment photog\u00e9nique. Vous me direz si en [&hellip;]\" \/>\n<meta name=\"twitter:image\" content=\"http:\/\/www.leblogmoto.com\/images\/2009\/01\/22\/cdes1.jpg\" \/>\n<meta name=\"twitter:label1\" content=\"\u00c9crit par\" \/>\n\t<meta name=\"twitter:data1\" content=\"jacques lesage\" \/>\n\t<meta name=\"twitter:label2\" content=\"Dur\u00e9e de lecture estim\u00e9e\" \/>\n\t<meta name=\"twitter:data2\" content=\"2 minutes\" \/>\n<script type=\"application\/ld+json\" class=\"yoast-schema-graph\">{\"@context\":\"https:\/\/schema.org\",\"@graph\":[{\"@type\":\"WebPage\",\"@id\":\"https:\/\/blogs.thesocialmedia.com\/leblogmoto\/2009\/01\/23\/album-du-vend-2-2\/\",\"url\":\"https:\/\/blogs.thesocialmedia.com\/leblogmoto\/2009\/01\/23\/album-du-vend-2-2\/\",\"name\":\"Album du vendredi, Dakar 2009 - leblogmoto.com\",\"isPartOf\":{\"@id\":\"https:\/\/blogs.thesocialmedia.com\/leblogmoto\/#website\"},\"primaryImageOfPage\":{\"@id\":\"https:\/\/blogs.thesocialmedia.com\/leblogmoto\/2009\/01\/23\/album-du-vend-2-2\/#primaryimage\"},\"image\":{\"@id\":\"https:\/\/blogs.thesocialmedia.com\/leblogmoto\/2009\/01\/23\/album-du-vend-2-2\/#primaryimage\"},\"thumbnailUrl\":\"http:\/\/www.leblogmoto.com\/images\/2009\/01\/22\/cdes1.jpg\",\"datePublished\":\"2009-01-23T04:13:20+00:00\",\"dateModified\":\"2012-07-11T17:00:10+00:00\",\"author\":{\"@id\":\"https:\/\/blogs.thesocialmedia.com\/leblogmoto\/#\/schema\/person\/e82a0ca8a9a63d031586097a3ed58526\"},\"breadcrumb\":{\"@id\":\"https:\/\/blogs.thesocialmedia.com\/leblogmoto\/2009\/01\/23\/album-du-vend-2-2\/#breadcrumb\"},\"inLanguage\":\"fr-FR\",\"potentialAction\":[{\"@type\":\"ReadAction\",\"target\":[\"https:\/\/blogs.thesocialmedia.com\/leblogmoto\/2009\/01\/23\/album-du-vend-2-2\/\"]}]},{\"@type\":\"ImageObject\",\"inLanguage\":\"fr-FR\",\"@id\":\"https:\/\/blogs.thesocialmedia.com\/leblogmoto\/2009\/01\/23\/album-du-vend-2-2\/#primaryimage\",\"url\":\"http:\/\/www.leblogmoto.com\/images\/2009\/01\/22\/cdes1.jpg\",\"contentUrl\":\"http:\/\/www.leblogmoto.com\/images\/2009\/01\/22\/cdes1.jpg\"},{\"@type\":\"BreadcrumbList\",\"@id\":\"https:\/\/blogs.thesocialmedia.com\/leblogmoto\/2009\/01\/23\/album-du-vend-2-2\/#breadcrumb\",\"itemListElement\":[{\"@type\":\"ListItem\",\"position\":1,\"name\":\"Accueil\",\"item\":\"https:\/\/blogs.thesocialmedia.com\/leblogmoto\/\"},{\"@type\":\"ListItem\",\"position\":2,\"name\":\"Album du vendredi, Dakar 2009\"}]},{\"@type\":\"WebSite\",\"@id\":\"https:\/\/blogs.thesocialmedia.com\/leblogmoto\/#website\",\"url\":\"https:\/\/blogs.thesocialmedia.com\/leblogmoto\/\",\"name\":\"leblogmoto\",\"description\":\"Toute l&#039;actualit\u00e9 des 2 roues\",\"potentialAction\":[{\"@type\":\"SearchAction\",\"target\":{\"@type\":\"EntryPoint\",\"urlTemplate\":\"https:\/\/blogs.thesocialmedia.com\/leblogmoto\/?s={search_term_string}\"},\"query-input\":{\"@type\":\"PropertyValueSpecification\",\"valueRequired\":true,\"valueName\":\"search_term_string\"}}],\"inLanguage\":\"fr-FR\"},{\"@type\":\"Person\",\"@id\":\"https:\/\/blogs.thesocialmedia.com\/leblogmoto\/#\/schema\/person\/e82a0ca8a9a63d031586097a3ed58526\",\"name\":\"jacques lesage\",\"image\":{\"@type\":\"ImageObject\",\"inLanguage\":\"fr-FR\",\"@id\":\"https:\/\/blogs.thesocialmedia.com\/leblogmoto\/#\/schema\/person\/image\/\",\"url\":\"https:\/\/secure.gravatar.com\/avatar\/?s=96&d=mm&r=g\",\"contentUrl\":\"https:\/\/secure.gravatar.com\/avatar\/?s=96&d=mm&r=g\",\"caption\":\"jacques lesage\"},\"url\":\"https:\/\/blogs.thesocialmedia.com\/leblogmoto\/author\/jacques-lesage\/\"}]}<\/script>\n<!-- \/ Yoast SEO plugin. -->","yoast_head_json":{"title":"Album du vendredi, Dakar 2009 - leblogmoto.com","robots":{"index":"index","follow":"follow","max-snippet":"max-snippet:-1","max-image-preview":"max-image-preview:large","max-video-preview":"max-video-preview:-1"},"canonical":"https:\/\/blogs.thesocialmedia.com\/leblogmoto\/2009\/01\/23\/album-du-vend-2-2\/","twitter_card":"summary_large_image","twitter_title":"Album du vendredi, Dakar 2009 - leblogmoto.com","twitter_description":"Pour un premier Dakar loin de Dakar, on peut dire que le succ\u00e8s fut au rendez-vous. La notion de succ\u00e8s est toujours tr\u00e8s relative, mais vue de Buenos Aires, l\u2019\u00e9dition 2009 est une r\u00e9ussite. Le \u00abpeuple\u00bb f\u00fbt enthousiaste, le parcours superbe et superbement difficile, et la carte postale \u00e9minemment photog\u00e9nique. Vous me direz si en [&hellip;]","twitter_image":"http:\/\/www.leblogmoto.com\/images\/2009\/01\/22\/cdes1.jpg","twitter_misc":{"\u00c9crit par":"jacques lesage","Dur\u00e9e de lecture estim\u00e9e":"2 minutes"},"schema":{"@context":"https:\/\/schema.org","@graph":[{"@type":"WebPage","@id":"https:\/\/blogs.thesocialmedia.com\/leblogmoto\/2009\/01\/23\/album-du-vend-2-2\/","url":"https:\/\/blogs.thesocialmedia.com\/leblogmoto\/2009\/01\/23\/album-du-vend-2-2\/","name":"Album du vendredi, Dakar 2009 - leblogmoto.com","isPartOf":{"@id":"https:\/\/blogs.thesocialmedia.com\/leblogmoto\/#website"},"primaryImageOfPage":{"@id":"https:\/\/blogs.thesocialmedia.com\/leblogmoto\/2009\/01\/23\/album-du-vend-2-2\/#primaryimage"},"image":{"@id":"https:\/\/blogs.thesocialmedia.com\/leblogmoto\/2009\/01\/23\/album-du-vend-2-2\/#primaryimage"},"thumbnailUrl":"http:\/\/www.leblogmoto.com\/images\/2009\/01\/22\/cdes1.jpg","datePublished":"2009-01-23T04:13:20+00:00","dateModified":"2012-07-11T17:00:10+00:00","author":{"@id":"https:\/\/blogs.thesocialmedia.com\/leblogmoto\/#\/schema\/person\/e82a0ca8a9a63d031586097a3ed58526"},"breadcrumb":{"@id":"https:\/\/blogs.thesocialmedia.com\/leblogmoto\/2009\/01\/23\/album-du-vend-2-2\/#breadcrumb"},"inLanguage":"fr-FR","potentialAction":[{"@type":"ReadAction","target":["https:\/\/blogs.thesocialmedia.com\/leblogmoto\/2009\/01\/23\/album-du-vend-2-2\/"]}]},{"@type":"ImageObject","inLanguage":"fr-FR","@id":"https:\/\/blogs.thesocialmedia.com\/leblogmoto\/2009\/01\/23\/album-du-vend-2-2\/#primaryimage","url":"http:\/\/www.leblogmoto.com\/images\/2009\/01\/22\/cdes1.jpg","contentUrl":"http:\/\/www.leblogmoto.com\/images\/2009\/01\/22\/cdes1.jpg"},{"@type":"BreadcrumbList","@id":"https:\/\/blogs.thesocialmedia.com\/leblogmoto\/2009\/01\/23\/album-du-vend-2-2\/#breadcrumb","itemListElement":[{"@type":"ListItem","position":1,"name":"Accueil","item":"https:\/\/blogs.thesocialmedia.com\/leblogmoto\/"},{"@type":"ListItem","position":2,"name":"Album du vendredi, Dakar 2009"}]},{"@type":"WebSite","@id":"https:\/\/blogs.thesocialmedia.com\/leblogmoto\/#website","url":"https:\/\/blogs.thesocialmedia.com\/leblogmoto\/","name":"leblogmoto","description":"Toute l&#039;actualit\u00e9 des 2 roues","potentialAction":[{"@type":"SearchAction","target":{"@type":"EntryPoint","urlTemplate":"https:\/\/blogs.thesocialmedia.com\/leblogmoto\/?s={search_term_string}"},"query-input":{"@type":"PropertyValueSpecification","valueRequired":true,"valueName":"search_term_string"}}],"inLanguage":"fr-FR"},{"@type":"Person","@id":"https:\/\/blogs.thesocialmedia.com\/leblogmoto\/#\/schema\/person\/e82a0ca8a9a63d031586097a3ed58526","name":"jacques lesage","image":{"@type":"ImageObject","inLanguage":"fr-FR","@id":"https:\/\/blogs.thesocialmedia.com\/leblogmoto\/#\/schema\/person\/image\/","url":"https:\/\/secure.gravatar.com\/avatar\/?s=96&d=mm&r=g","contentUrl":"https:\/\/secure.gravatar.com\/avatar\/?s=96&d=mm&r=g","caption":"jacques lesage"},"url":"https:\/\/blogs.thesocialmedia.com\/leblogmoto\/author\/jacques-lesage\/"}]}},"_links":{"self":[{"href":"https:\/\/blogs.thesocialmedia.com\/leblogmoto\/wp-json\/wp\/v2\/posts\/311","targetHints":{"allow":["GET"]}}],"collection":[{"href":"https:\/\/blogs.thesocialmedia.com\/leblogmoto\/wp-json\/wp\/v2\/posts"}],"about":[{"href":"https:\/\/blogs.thesocialmedia.com\/leblogmoto\/wp-json\/wp\/v2\/types\/post"}],"author":[{"embeddable":true,"href":"https:\/\/blogs.thesocialmedia.com\/leblogmoto\/wp-json\/wp\/v2\/users\/325"}],"replies":[{"embeddable":true,"href":"https:\/\/blogs.thesocialmedia.com\/leblogmoto\/wp-json\/wp\/v2\/comments?post=311"}],"version-history":[{"count":2,"href":"https:\/\/blogs.thesocialmedia.com\/leblogmoto\/wp-json\/wp\/v2\/posts\/311\/revisions"}],"predecessor-version":[{"id":12590,"href":"https:\/\/blogs.thesocialmedia.com\/leblogmoto\/wp-json\/wp\/v2\/posts\/311\/revisions\/12590"}],"wp:attachment":[{"href":"https:\/\/blogs.thesocialmedia.com\/leblogmoto\/wp-json\/wp\/v2\/media?parent=311"}],"wp:term":[{"taxonomy":"category","embeddable":true,"href":"https:\/\/blogs.thesocialmedia.com\/leblogmoto\/wp-json\/wp\/v2\/categories?post=311"},{"taxonomy":"post_tag","embeddable":true,"href":"https:\/\/blogs.thesocialmedia.com\/leblogmoto\/wp-json\/wp\/v2\/tags?post=311"}],"curies":[{"name":"wp","href":"https:\/\/api.w.org\/{rel}","templated":true}]}}