{"id":313,"date":"2009-01-20T20:11:06","date_gmt":"2009-01-20T20:11:06","guid":{"rendered":"http:\/\/blogs.thesocialmedia.com\/leblogmoto\/2009\/01\/20\/le-dakar-en-amr\/"},"modified":"2012-07-11T16:59:41","modified_gmt":"2012-07-11T16:59:41","slug":"le-dakar-en-amr","status":"publish","type":"post","link":"https:\/\/blogs.thesocialmedia.com\/leblogmoto\/2009\/01\/20\/le-dakar-en-amr\/","title":{"rendered":"Des nouvelles du pilote moto KTM Cristobal Guerrero."},"content":{"rendered":"<p><a href=\"http:\/\/blogs.thesocialmedia.com\/leblogmoto\/files\/2012\/07\/moto_rallye_raid_dakar_une_quipe_md.jpg\"><img loading=\"lazy\" decoding=\"async\" height=\"348\"  width=\"470\" src=\"http:\/\/www.leblogmoto.com\/images\/2009\/01\/20\/moto_rallye_raid_dakar_une_quipe_md.jpg\" alt=\"Moto_rallye_raid_dakar_une_quipe_md\" \/><\/a><\/p>\n<p>Une d\u00e9p\u00eache AFP dat\u00e9e de dimanche donne des nouvelles du motard espagnol qui avait chut\u00e9 au guidon de sa KTM lors de la 10\u00e8me \u00e9tape. Cette photo de l&rsquo;Agence France Presse montre le pilote pris en charge par une \u00e9quipe m\u00e9dicale apr\u00e8s son accident. Cristobal Guerrero, plong\u00e9 dans le coma depuis le 13 janvier, va en \u00eatre sorti, selon la directrice m\u00e9dicale du rallye, le docteur Florence Pommerie. &quot;Les m\u00e9decins de Santiago (o\u00f9 se trouve Guerrero) vont supprimer la s\u00e9dation pour qu&rsquo;il se r\u00e9veille c\u00e9r\u00e9bralement. On verra ce qu&rsquo;il se passe et on fera un diagnostic c\u00e9r\u00e9bral. Ils contr\u00f4lent la situation&quot;, a t&rsquo;elle d\u00e9clar\u00e9. Sans que l&rsquo;on puisse savoir si son \u00e9tat s&rsquo;est am\u00e9lior\u00e9 depuis, son r\u00e9veil se d\u00e9roulant sur plusieurs jours. Cristobal Guerrero, pilote moto de 48 ans, avait chut\u00e9 au km 160 de la sp\u00e9ciale de 476 km autour de Copiapo. Ce p\u00e8re de deux gar\u00e7ons participait \u00e0 son premier Dakar. Concurrent r\u00e9gulier, il pointait en 76\u00e8me position du classement g\u00e9n\u00e9ral au d\u00e9part de sa derni\u00e8re \u00e9tape. <\/p>\n<p><em>cr\u00e9dit photo: AFP<\/em><\/p>\n","protected":false},"excerpt":{"rendered":"<p>Une d\u00e9p\u00eache AFP dat\u00e9e de dimanche donne des nouvelles du motard espagnol qui avait chut\u00e9 au guidon de sa KTM lors de la 10\u00e8me \u00e9tape. Cette photo de l&rsquo;Agence France Presse montre le pilote pris en charge par une \u00e9quipe m\u00e9dicale apr\u00e8s son accident. Cristobal Guerrero, plong\u00e9 dans le coma depuis le 13 janvier, va [&hellip;]<\/p>\n","protected":false},"author":324,"featured_media":0,"comment_status":"open","ping_status":"open","sticky":false,"template":"","format":"standard","meta":{"footnotes":""},"categories":[3,39,61,27],"tags":[],"class_list":["post-313","post","type-post","status-publish","format-standard","hentry","category-actualite","category-ktm","category-rallye-raid","category-securite"],"yoast_head":"<!-- This site is optimized with the Yoast SEO plugin v26.0 - https:\/\/yoast.com\/wordpress\/plugins\/seo\/ -->\n<title>Des nouvelles du pilote moto KTM Cristobal Guerrero. - leblogmoto.com<\/title>\n<meta name=\"robots\" content=\"index, follow, max-snippet:-1, max-image-preview:large, max-video-preview:-1\" \/>\n<link rel=\"canonical\" href=\"https:\/\/blogs.thesocialmedia.com\/leblogmoto\/2009\/01\/20\/le-dakar-en-amr\/\" \/>\n<meta name=\"twitter:card\" content=\"summary_large_image\" \/>\n<meta name=\"twitter:title\" content=\"Des nouvelles du pilote moto KTM Cristobal Guerrero. - leblogmoto.com\" \/>\n<meta name=\"twitter:description\" content=\"Une d\u00e9p\u00eache AFP dat\u00e9e de dimanche donne des nouvelles du motard espagnol qui avait chut\u00e9 au guidon de sa KTM lors de la 10\u00e8me \u00e9tape. Cette photo de l&rsquo;Agence France Presse montre le pilote pris en charge par une \u00e9quipe m\u00e9dicale apr\u00e8s son accident. Cristobal Guerrero, plong\u00e9 dans le coma depuis le 13 janvier, va [&hellip;]\" \/>\n<meta name=\"twitter:image\" content=\"http:\/\/www.leblogmoto.com\/images\/2009\/01\/20\/moto_rallye_raid_dakar_une_quipe_md.jpg\" \/>\n<meta name=\"twitter:label1\" content=\"\u00c9crit par\" \/>\n\t<meta name=\"twitter:data1\" content=\"benoit rieu\" \/>\n\t<meta name=\"twitter:label2\" content=\"Dur\u00e9e de lecture estim\u00e9e\" \/>\n\t<meta name=\"twitter:data2\" content=\"1 minute\" \/>\n<script type=\"application\/ld+json\" class=\"yoast-schema-graph\">{\"@context\":\"https:\/\/schema.org\",\"@graph\":[{\"@type\":\"WebPage\",\"@id\":\"https:\/\/blogs.thesocialmedia.com\/leblogmoto\/2009\/01\/20\/le-dakar-en-amr\/\",\"url\":\"https:\/\/blogs.thesocialmedia.com\/leblogmoto\/2009\/01\/20\/le-dakar-en-amr\/\",\"name\":\"Des nouvelles du pilote moto KTM Cristobal Guerrero. - leblogmoto.com\",\"isPartOf\":{\"@id\":\"https:\/\/blogs.thesocialmedia.com\/leblogmoto\/#website\"},\"primaryImageOfPage\":{\"@id\":\"https:\/\/blogs.thesocialmedia.com\/leblogmoto\/2009\/01\/20\/le-dakar-en-amr\/#primaryimage\"},\"image\":{\"@id\":\"https:\/\/blogs.thesocialmedia.com\/leblogmoto\/2009\/01\/20\/le-dakar-en-amr\/#primaryimage\"},\"thumbnailUrl\":\"http:\/\/www.leblogmoto.com\/images\/2009\/01\/20\/moto_rallye_raid_dakar_une_quipe_md.jpg\",\"datePublished\":\"2009-01-20T20:11:06+00:00\",\"dateModified\":\"2012-07-11T16:59:41+00:00\",\"author\":{\"@id\":\"https:\/\/blogs.thesocialmedia.com\/leblogmoto\/#\/schema\/person\/18bfe773e5725ed6d24f743da805362a\"},\"breadcrumb\":{\"@id\":\"https:\/\/blogs.thesocialmedia.com\/leblogmoto\/2009\/01\/20\/le-dakar-en-amr\/#breadcrumb\"},\"inLanguage\":\"fr-FR\",\"potentialAction\":[{\"@type\":\"ReadAction\",\"target\":[\"https:\/\/blogs.thesocialmedia.com\/leblogmoto\/2009\/01\/20\/le-dakar-en-amr\/\"]}]},{\"@type\":\"ImageObject\",\"inLanguage\":\"fr-FR\",\"@id\":\"https:\/\/blogs.thesocialmedia.com\/leblogmoto\/2009\/01\/20\/le-dakar-en-amr\/#primaryimage\",\"url\":\"http:\/\/www.leblogmoto.com\/images\/2009\/01\/20\/moto_rallye_raid_dakar_une_quipe_md.jpg\",\"contentUrl\":\"http:\/\/www.leblogmoto.com\/images\/2009\/01\/20\/moto_rallye_raid_dakar_une_quipe_md.jpg\"},{\"@type\":\"BreadcrumbList\",\"@id\":\"https:\/\/blogs.thesocialmedia.com\/leblogmoto\/2009\/01\/20\/le-dakar-en-amr\/#breadcrumb\",\"itemListElement\":[{\"@type\":\"ListItem\",\"position\":1,\"name\":\"Accueil\",\"item\":\"https:\/\/blogs.thesocialmedia.com\/leblogmoto\/\"},{\"@type\":\"ListItem\",\"position\":2,\"name\":\"Des nouvelles du pilote moto KTM Cristobal Guerrero.\"}]},{\"@type\":\"WebSite\",\"@id\":\"https:\/\/blogs.thesocialmedia.com\/leblogmoto\/#website\",\"url\":\"https:\/\/blogs.thesocialmedia.com\/leblogmoto\/\",\"name\":\"leblogmoto\",\"description\":\"Toute l&#039;actualit\u00e9 des 2 roues\",\"potentialAction\":[{\"@type\":\"SearchAction\",\"target\":{\"@type\":\"EntryPoint\",\"urlTemplate\":\"https:\/\/blogs.thesocialmedia.com\/leblogmoto\/?s={search_term_string}\"},\"query-input\":{\"@type\":\"PropertyValueSpecification\",\"valueRequired\":true,\"valueName\":\"search_term_string\"}}],\"inLanguage\":\"fr-FR\"},{\"@type\":\"Person\",\"@id\":\"https:\/\/blogs.thesocialmedia.com\/leblogmoto\/#\/schema\/person\/18bfe773e5725ed6d24f743da805362a\",\"name\":\"benoit rieu\",\"image\":{\"@type\":\"ImageObject\",\"inLanguage\":\"fr-FR\",\"@id\":\"https:\/\/blogs.thesocialmedia.com\/leblogmoto\/#\/schema\/person\/image\/\",\"url\":\"https:\/\/secure.gravatar.com\/avatar\/?s=96&d=mm&r=g\",\"contentUrl\":\"https:\/\/secure.gravatar.com\/avatar\/?s=96&d=mm&r=g\",\"caption\":\"benoit rieu\"},\"url\":\"https:\/\/blogs.thesocialmedia.com\/leblogmoto\/author\/benoit-rieu\/\"}]}<\/script>\n<!-- \/ Yoast SEO plugin. -->","yoast_head_json":{"title":"Des nouvelles du pilote moto KTM Cristobal Guerrero. - leblogmoto.com","robots":{"index":"index","follow":"follow","max-snippet":"max-snippet:-1","max-image-preview":"max-image-preview:large","max-video-preview":"max-video-preview:-1"},"canonical":"https:\/\/blogs.thesocialmedia.com\/leblogmoto\/2009\/01\/20\/le-dakar-en-amr\/","twitter_card":"summary_large_image","twitter_title":"Des nouvelles du pilote moto KTM Cristobal Guerrero. - leblogmoto.com","twitter_description":"Une d\u00e9p\u00eache AFP dat\u00e9e de dimanche donne des nouvelles du motard espagnol qui avait chut\u00e9 au guidon de sa KTM lors de la 10\u00e8me \u00e9tape. Cette photo de l&rsquo;Agence France Presse montre le pilote pris en charge par une \u00e9quipe m\u00e9dicale apr\u00e8s son accident. Cristobal Guerrero, plong\u00e9 dans le coma depuis le 13 janvier, va [&hellip;]","twitter_image":"http:\/\/www.leblogmoto.com\/images\/2009\/01\/20\/moto_rallye_raid_dakar_une_quipe_md.jpg","twitter_misc":{"\u00c9crit par":"benoit rieu","Dur\u00e9e de lecture estim\u00e9e":"1 minute"},"schema":{"@context":"https:\/\/schema.org","@graph":[{"@type":"WebPage","@id":"https:\/\/blogs.thesocialmedia.com\/leblogmoto\/2009\/01\/20\/le-dakar-en-amr\/","url":"https:\/\/blogs.thesocialmedia.com\/leblogmoto\/2009\/01\/20\/le-dakar-en-amr\/","name":"Des nouvelles du pilote moto KTM Cristobal Guerrero. - leblogmoto.com","isPartOf":{"@id":"https:\/\/blogs.thesocialmedia.com\/leblogmoto\/#website"},"primaryImageOfPage":{"@id":"https:\/\/blogs.thesocialmedia.com\/leblogmoto\/2009\/01\/20\/le-dakar-en-amr\/#primaryimage"},"image":{"@id":"https:\/\/blogs.thesocialmedia.com\/leblogmoto\/2009\/01\/20\/le-dakar-en-amr\/#primaryimage"},"thumbnailUrl":"http:\/\/www.leblogmoto.com\/images\/2009\/01\/20\/moto_rallye_raid_dakar_une_quipe_md.jpg","datePublished":"2009-01-20T20:11:06+00:00","dateModified":"2012-07-11T16:59:41+00:00","author":{"@id":"https:\/\/blogs.thesocialmedia.com\/leblogmoto\/#\/schema\/person\/18bfe773e5725ed6d24f743da805362a"},"breadcrumb":{"@id":"https:\/\/blogs.thesocialmedia.com\/leblogmoto\/2009\/01\/20\/le-dakar-en-amr\/#breadcrumb"},"inLanguage":"fr-FR","potentialAction":[{"@type":"ReadAction","target":["https:\/\/blogs.thesocialmedia.com\/leblogmoto\/2009\/01\/20\/le-dakar-en-amr\/"]}]},{"@type":"ImageObject","inLanguage":"fr-FR","@id":"https:\/\/blogs.thesocialmedia.com\/leblogmoto\/2009\/01\/20\/le-dakar-en-amr\/#primaryimage","url":"http:\/\/www.leblogmoto.com\/images\/2009\/01\/20\/moto_rallye_raid_dakar_une_quipe_md.jpg","contentUrl":"http:\/\/www.leblogmoto.com\/images\/2009\/01\/20\/moto_rallye_raid_dakar_une_quipe_md.jpg"},{"@type":"BreadcrumbList","@id":"https:\/\/blogs.thesocialmedia.com\/leblogmoto\/2009\/01\/20\/le-dakar-en-amr\/#breadcrumb","itemListElement":[{"@type":"ListItem","position":1,"name":"Accueil","item":"https:\/\/blogs.thesocialmedia.com\/leblogmoto\/"},{"@type":"ListItem","position":2,"name":"Des nouvelles du pilote moto KTM Cristobal Guerrero."}]},{"@type":"WebSite","@id":"https:\/\/blogs.thesocialmedia.com\/leblogmoto\/#website","url":"https:\/\/blogs.thesocialmedia.com\/leblogmoto\/","name":"leblogmoto","description":"Toute l&#039;actualit\u00e9 des 2 roues","potentialAction":[{"@type":"SearchAction","target":{"@type":"EntryPoint","urlTemplate":"https:\/\/blogs.thesocialmedia.com\/leblogmoto\/?s={search_term_string}"},"query-input":{"@type":"PropertyValueSpecification","valueRequired":true,"valueName":"search_term_string"}}],"inLanguage":"fr-FR"},{"@type":"Person","@id":"https:\/\/blogs.thesocialmedia.com\/leblogmoto\/#\/schema\/person\/18bfe773e5725ed6d24f743da805362a","name":"benoit rieu","image":{"@type":"ImageObject","inLanguage":"fr-FR","@id":"https:\/\/blogs.thesocialmedia.com\/leblogmoto\/#\/schema\/person\/image\/","url":"https:\/\/secure.gravatar.com\/avatar\/?s=96&d=mm&r=g","contentUrl":"https:\/\/secure.gravatar.com\/avatar\/?s=96&d=mm&r=g","caption":"benoit rieu"},"url":"https:\/\/blogs.thesocialmedia.com\/leblogmoto\/author\/benoit-rieu\/"}]}},"_links":{"self":[{"href":"https:\/\/blogs.thesocialmedia.com\/leblogmoto\/wp-json\/wp\/v2\/posts\/313","targetHints":{"allow":["GET"]}}],"collection":[{"href":"https:\/\/blogs.thesocialmedia.com\/leblogmoto\/wp-json\/wp\/v2\/posts"}],"about":[{"href":"https:\/\/blogs.thesocialmedia.com\/leblogmoto\/wp-json\/wp\/v2\/types\/post"}],"author":[{"embeddable":true,"href":"https:\/\/blogs.thesocialmedia.com\/leblogmoto\/wp-json\/wp\/v2\/users\/324"}],"replies":[{"embeddable":true,"href":"https:\/\/blogs.thesocialmedia.com\/leblogmoto\/wp-json\/wp\/v2\/comments?post=313"}],"version-history":[{"count":2,"href":"https:\/\/blogs.thesocialmedia.com\/leblogmoto\/wp-json\/wp\/v2\/posts\/313\/revisions"}],"predecessor-version":[{"id":12576,"href":"https:\/\/blogs.thesocialmedia.com\/leblogmoto\/wp-json\/wp\/v2\/posts\/313\/revisions\/12576"}],"wp:attachment":[{"href":"https:\/\/blogs.thesocialmedia.com\/leblogmoto\/wp-json\/wp\/v2\/media?parent=313"}],"wp:term":[{"taxonomy":"category","embeddable":true,"href":"https:\/\/blogs.thesocialmedia.com\/leblogmoto\/wp-json\/wp\/v2\/categories?post=313"},{"taxonomy":"post_tag","embeddable":true,"href":"https:\/\/blogs.thesocialmedia.com\/leblogmoto\/wp-json\/wp\/v2\/tags?post=313"}],"curies":[{"name":"wp","href":"https:\/\/api.w.org\/{rel}","templated":true}]}}