{"id":316,"date":"2009-01-18T23:14:13","date_gmt":"2009-01-18T23:14:13","guid":{"rendered":"http:\/\/blogs.thesocialmedia.com\/leblogmoto\/2009\/01\/18\/steve-mcqueen-q\/"},"modified":"2012-07-11T16:59:15","modified_gmt":"2012-07-11T16:59:15","slug":"steve-mcqueen-q","status":"publish","type":"post","link":"https:\/\/blogs.thesocialmedia.com\/leblogmoto\/2009\/01\/18\/steve-mcqueen-q\/","title":{"rendered":"Steve McQueen, quel acteur pour le r\u00f4le?"},"content":{"rendered":"<p><a href=\"http:\/\/blogs.thesocialmedia.com\/leblogmoto\/files\/2012\/07\/stevebio.jpg\"><img loading=\"lazy\" decoding=\"async\" width=\"470\" height=\"352\"  alt=\"Stevebio\" src=\"http:\/\/www.leblogmoto.com\/images\/2009\/01\/18\/stevebio.jpg\" \/><\/a> <\/p>\n<p>Excusez-moi de <a href=\"http:\/\/blogs.thesocialmedia.com\/leblogmoto\/files\/2012\/07\/steve-mcqueen-l.html_.png\">revenir l\u00e0-dessus<\/a>, mais c\u2019est janvier, il est permis d\u2019\u00eatre frivole et frigorifi\u00e9, et puis, c\u2019est la faute \u00e0 Beno\u00eet qui dans un commentaire ouvrait la porte \u00e0 une alternative pour le r\u00f4le de Steve McQueen.<br \/>Outre Daniel Graig, qui \u00e0 Hollywood pourrait faire l\u2019affaire? Et puisque nous sommes au cin\u00e9ma, savoir piloter une moto, et m\u00eame une voiture est optionnel, on est acteur ou pas.<\/p>\n<p>J\u2019en suis arriv\u00e9 \u00e0 une liste de 12 acteurs dont le physique ne s\u2019\u00e9loigne pas trop de celui de Steve McQueen, et la plupart \u00e9tant d\u2019une stature suffisante pour attirer du financement, on n\u2019est jamais trop prudent.<\/p>\n<p>Beno\u00eet sugg\u00e9rait Brad Pitt, tr\u00e8s certainement l\u2019acteur le plus \u00abmotard\u00bb d\u2019Hollywood. Sa passion est \u00e9vidente, bien qu\u2019elle soit plus du c\u00f4t\u00e9 de la collection que de celle de l\u2019aventurier, qu\u2019\u00e9tait Steve McQueen. Et si on y ajoute Angelina Jolie dans le r\u00f4le de <a href=\"http:\/\/fr.wikipedia.org\/wiki\/Ali_MacGraw\">Ali MacGraw<\/a>, le film prendrait une tout autre dimension, brouillant peut-\u00eatre le message. La biographie devenant plus un pr\u00e9texte \u00e0 l\u2019exhibition du plus c\u00e9l\u00e8bre couple de la plan\u00e8te.<br \/>Mieux vaut passer \u00e0 un autre appel.<\/p>\n<p><a href=\"http:\/\/clabedan.typepad.com\/.shared\/image.html?\/photos\/uncategorized\/2009\/01\/18\/bradpitt.jpg\"><img loading=\"lazy\" decoding=\"async\" width=\"470\" height=\"448\"  alt=\"Bradpitt\" src=\"http:\/\/www.leblogmoto.com\/images\/2009\/01\/18\/bradpitt.jpg\" \/><\/a> <\/p>\n<p><a href=\"http:\/\/blogs.thesocialmedia.com\/leblogmoto\/files\/2012\/07\/tomcruise.jpg\"><img loading=\"lazy\" decoding=\"async\" width=\"470\" height=\"335\"  alt=\"Tomcruise\" src=\"http:\/\/www.leblogmoto.com\/images\/2009\/01\/18\/tomcruise.jpg\" \/><\/a> <\/p>\n<p>Tom Cruise. Motard averti certes, mais son image est toujours du mauvais c\u00f4t\u00e9 de la force, et il n\u2019est jamais tr\u00e8s bon pour un film, encore moins pour une biographie, que l\u2019histoire de l\u2019acteur jette de l\u2019ombre sur le personnage qu\u2019il interpr\u00e8te.<br \/>Autre motard prenant la chose au s\u00e9rieux est Keanu Reeves, mais m\u00eame en blonde, c\u2019est son jeu qui risque de faire d\u00e9faut. Steve McQueen n\u2019\u00e9tait pas un robot, et m\u00eame mon chat est plus expressif que Keanu Reeves. Suivant.<\/p>\n<p><a href=\"http:\/\/blogs.thesocialmedia.com\/leblogmoto\/files\/2012\/07\/kreeves.jpg\"><img loading=\"lazy\" decoding=\"async\" width=\"470\" height=\"311\"  alt=\"Kreeves\" src=\"http:\/\/www.leblogmoto.com\/images\/2009\/01\/18\/kreeves.jpg\" \/><\/a> <\/p>\n<p>Je vais faire un groupe de quatre ici. Aucun n\u2019est motard, mais comme je le disais, ce n\u2019est que du cin\u00e9ma, et ils ont la gueule de l\u2019emploi.<br \/>Leonardo DiCaprio pourrait appr\u00e9cier ce type de personnage, m\u00eame si on ne le voit pas souvent dans des r\u00f4les plus physiques. Certainement le meilleur acteur de ma courte liste.<br \/>Edward Norton, malgr\u00e9 un nom de famille en phase avec le sujet, me semble trop intense pour le r\u00f4le. McQueen \u00e9tait l\u00e9ger, disons a\u00e9rien pour ne pas y mettre de connotations n\u00e9gatives, et j\u2019imagine mal Ed Norton l\u00e9ger.<br \/>Ryan Phillippe (ex monsieur Reese Witherspoon) ferait l\u2019affaire, mais il n\u2019a jamais eu de premier r\u00f4le marquant, et il serait surprenant que son premier soit celui-ci. D\u00e9sol\u00e9.<br \/>Jake Gyllenhaal (le nouveau monsieur Witherspoon) a montr\u00e9 qu\u2019il pouvait jouer avec sensibilit\u00e9, et si son prochain film \u00abPrince of&nbsp; Persia\u00bb est \u00e0 moiti\u00e9 d\u00e9cent, il devrait \u00eatre une tr\u00e8s grosse vedette l\u2019\u00e9t\u00e9 prochain. Est-ce suffisant pour \u00eatre un Steve McQueen convaincant? Poser la question n\u2019est d\u00e9j\u00e0 pas de bon augure.<br \/>Joaquin Phoenix poss\u00e8de une moto, mais il a aussi annonc\u00e9 qu\u2019il se retirait des affaires, fini le m\u00e9tier d\u2019acteur, il s\u2019en va cultiver son jardin int\u00e9rieur. Tant pis pour lui.<br \/>Orlando Bloom a cette fragilit\u00e9 qui si\u00e9rait au r\u00f4le, mais n\u2019est-il pas trop fragile justement? On aurait peur pour lui quand il serait sur une moto.<\/p>\n<p><a href=\"http:\/\/blogs.thesocialmedia.com\/leblogmoto\/files\/2012\/07\/obloom.jpg\"><img loading=\"lazy\" decoding=\"async\" width=\"470\" height=\"346\"  alt=\"Obloom\" src=\"http:\/\/www.leblogmoto.com\/images\/2009\/01\/18\/obloom.jpg\" \/><\/a> <\/p>\n<p>Reste mes deux pr\u00e9f\u00e9r\u00e9s, Ryan Reynolds (monsieur Scarlett Johansson) et Shia LaBeouf. Ils sont bien jeunes par contre, Reynolds a 32 ans et LaBeouf juste 22. Steve McQueen en avait 42 lors de sa rencontre avec Ali MacGraw sur le tournage du film \u00ab<a href=\"http:\/\/www.imdb.com\/title\/tt0068638\/\">The Getaway<\/a>\u00bb. Faudrait voir sur quelle partie de la vie de Steve McQueen l\u2019on voudra mettre de l\u2019emphase, ses folles ann\u00e9es de jeunesses ou celle de la maturit\u00e9 et des films qui en ont fait l\u2019ic\u00f4ne du cin\u00e9ma que l\u2019on conna\u00eet?<\/p>\n<p><a href=\"http:\/\/clabedan.typepad.com\/.shared\/image.html?\/photos\/uncategorized\/2009\/01\/18\/ryanreynolds.jpg\"><img loading=\"lazy\" decoding=\"async\" width=\"470\" height=\"324\"  alt=\"Ryanreynolds\" src=\"http:\/\/www.leblogmoto.com\/images\/2009\/01\/18\/ryanreynolds.jpg\" \/><\/a> <\/p>\n<p><a href=\"http:\/\/blogs.thesocialmedia.com\/leblogmoto\/files\/2012\/07\/indyharley.jpg\"><img loading=\"lazy\" decoding=\"async\" width=\"470\" height=\"198\"  alt=\"Indyharley\" src=\"http:\/\/www.leblogmoto.com\/images\/2009\/01\/18\/indyharley.jpg\" \/><\/a> <\/p>\n<p>Il pourrait m\u00eame y avoir plus d&rsquo;un acteur, Shia LaBeouf et Daniel Craig se partageant le travail! Cette finasserie est \u00e0 la mode avec des films comme \u00ab<a href=\"http:\/\/www.imdb.com\/title\/tt0368794\/\">I&rsquo;m not there<\/a>\u00bb o\u00f9 plusieurs, m\u00eame Cate Blanchett, y interpr\u00e9taient le r\u00f4le de Bob Dylan, et le prochain Terry Gillian \u00ab<a href=\"http:\/\/www.doctorparnassus.com\/\">The imaginarium of Doctor Parnassus<\/a>\u00bb o\u00f9 apr\u00e8s le d\u00e9c\u00e8s de Heath Ledger, Johnny Depp, Colin Farrell et Jude Law reprenant le r\u00f4le.<\/p>\n<p><a href=\"http:\/\/clabedan.typepad.com\/.shared\/image.html?\/photos\/uncategorized\/2009\/01\/18\/judelaw.jpg\"><img loading=\"lazy\" decoding=\"async\" width=\"470\" height=\"352\"  alt=\"Judelaw\" src=\"http:\/\/www.leblogmoto.com\/images\/2009\/01\/18\/judelaw.jpg\" \/><\/a> <\/p>\n<p>Tiens donc, Jude Law, je n&rsquo;y pensais pas. Milieu de trentaine, blond, mince, charmant, pas un abonn\u00e9 des deux roues, mais qu&rsquo;importe, on nous y fera croire.<\/p>\n<p>Voil\u00e0, Jude Law, mon Steve McQueen. Quel est le v\u00f4tre?<\/p>\n","protected":false},"excerpt":{"rendered":"<p>Excusez-moi de revenir l\u00e0-dessus, mais c\u2019est janvier, il est permis d\u2019\u00eatre frivole et frigorifi\u00e9, et puis, c\u2019est la faute \u00e0 Beno\u00eet qui dans un commentaire ouvrait la porte \u00e0 une alternative pour le r\u00f4le de Steve McQueen.Outre Daniel Graig, qui \u00e0 Hollywood pourrait faire l\u2019affaire? Et puisque nous sommes au cin\u00e9ma, savoir piloter une moto, [&hellip;]<\/p>\n","protected":false},"author":325,"featured_media":0,"comment_status":"open","ping_status":"open","sticky":false,"template":"","format":"standard","meta":{"footnotes":""},"categories":[13,17],"tags":[],"class_list":["post-316","post","type-post","status-publish","format-standard","hentry","category-aventure","category-divers"],"yoast_head":"<!-- This site is optimized with the Yoast SEO plugin v26.0 - https:\/\/yoast.com\/wordpress\/plugins\/seo\/ -->\n<title>Steve McQueen, quel acteur pour le r\u00f4le? - leblogmoto.com<\/title>\n<meta name=\"robots\" content=\"index, follow, max-snippet:-1, max-image-preview:large, max-video-preview:-1\" \/>\n<link rel=\"canonical\" href=\"https:\/\/blogs.thesocialmedia.com\/leblogmoto\/2009\/01\/18\/steve-mcqueen-q\/\" \/>\n<meta name=\"twitter:card\" content=\"summary_large_image\" \/>\n<meta name=\"twitter:title\" content=\"Steve McQueen, quel acteur pour le r\u00f4le? - leblogmoto.com\" \/>\n<meta name=\"twitter:description\" content=\"Excusez-moi de revenir l\u00e0-dessus, mais c\u2019est janvier, il est permis d\u2019\u00eatre frivole et frigorifi\u00e9, et puis, c\u2019est la faute \u00e0 Beno\u00eet qui dans un commentaire ouvrait la porte \u00e0 une alternative pour le r\u00f4le de Steve McQueen.Outre Daniel Graig, qui \u00e0 Hollywood pourrait faire l\u2019affaire? Et puisque nous sommes au cin\u00e9ma, savoir piloter une moto, [&hellip;]\" \/>\n<meta name=\"twitter:image\" content=\"http:\/\/www.leblogmoto.com\/images\/2009\/01\/18\/stevebio.jpg\" \/>\n<meta name=\"twitter:label1\" content=\"\u00c9crit par\" \/>\n\t<meta name=\"twitter:data1\" content=\"jacques lesage\" \/>\n\t<meta name=\"twitter:label2\" content=\"Dur\u00e9e de lecture estim\u00e9e\" \/>\n\t<meta name=\"twitter:data2\" content=\"4 minutes\" \/>\n<script type=\"application\/ld+json\" class=\"yoast-schema-graph\">{\"@context\":\"https:\/\/schema.org\",\"@graph\":[{\"@type\":\"WebPage\",\"@id\":\"https:\/\/blogs.thesocialmedia.com\/leblogmoto\/2009\/01\/18\/steve-mcqueen-q\/\",\"url\":\"https:\/\/blogs.thesocialmedia.com\/leblogmoto\/2009\/01\/18\/steve-mcqueen-q\/\",\"name\":\"Steve McQueen, quel acteur pour le r\u00f4le? - leblogmoto.com\",\"isPartOf\":{\"@id\":\"https:\/\/blogs.thesocialmedia.com\/leblogmoto\/#website\"},\"primaryImageOfPage\":{\"@id\":\"https:\/\/blogs.thesocialmedia.com\/leblogmoto\/2009\/01\/18\/steve-mcqueen-q\/#primaryimage\"},\"image\":{\"@id\":\"https:\/\/blogs.thesocialmedia.com\/leblogmoto\/2009\/01\/18\/steve-mcqueen-q\/#primaryimage\"},\"thumbnailUrl\":\"http:\/\/www.leblogmoto.com\/images\/2009\/01\/18\/stevebio.jpg\",\"datePublished\":\"2009-01-18T23:14:13+00:00\",\"dateModified\":\"2012-07-11T16:59:15+00:00\",\"author\":{\"@id\":\"https:\/\/blogs.thesocialmedia.com\/leblogmoto\/#\/schema\/person\/e82a0ca8a9a63d031586097a3ed58526\"},\"breadcrumb\":{\"@id\":\"https:\/\/blogs.thesocialmedia.com\/leblogmoto\/2009\/01\/18\/steve-mcqueen-q\/#breadcrumb\"},\"inLanguage\":\"fr-FR\",\"potentialAction\":[{\"@type\":\"ReadAction\",\"target\":[\"https:\/\/blogs.thesocialmedia.com\/leblogmoto\/2009\/01\/18\/steve-mcqueen-q\/\"]}]},{\"@type\":\"ImageObject\",\"inLanguage\":\"fr-FR\",\"@id\":\"https:\/\/blogs.thesocialmedia.com\/leblogmoto\/2009\/01\/18\/steve-mcqueen-q\/#primaryimage\",\"url\":\"http:\/\/www.leblogmoto.com\/images\/2009\/01\/18\/stevebio.jpg\",\"contentUrl\":\"http:\/\/www.leblogmoto.com\/images\/2009\/01\/18\/stevebio.jpg\"},{\"@type\":\"BreadcrumbList\",\"@id\":\"https:\/\/blogs.thesocialmedia.com\/leblogmoto\/2009\/01\/18\/steve-mcqueen-q\/#breadcrumb\",\"itemListElement\":[{\"@type\":\"ListItem\",\"position\":1,\"name\":\"Accueil\",\"item\":\"https:\/\/blogs.thesocialmedia.com\/leblogmoto\/\"},{\"@type\":\"ListItem\",\"position\":2,\"name\":\"Steve McQueen, quel acteur pour le r\u00f4le?\"}]},{\"@type\":\"WebSite\",\"@id\":\"https:\/\/blogs.thesocialmedia.com\/leblogmoto\/#website\",\"url\":\"https:\/\/blogs.thesocialmedia.com\/leblogmoto\/\",\"name\":\"leblogmoto\",\"description\":\"Toute l&#039;actualit\u00e9 des 2 roues\",\"potentialAction\":[{\"@type\":\"SearchAction\",\"target\":{\"@type\":\"EntryPoint\",\"urlTemplate\":\"https:\/\/blogs.thesocialmedia.com\/leblogmoto\/?s={search_term_string}\"},\"query-input\":{\"@type\":\"PropertyValueSpecification\",\"valueRequired\":true,\"valueName\":\"search_term_string\"}}],\"inLanguage\":\"fr-FR\"},{\"@type\":\"Person\",\"@id\":\"https:\/\/blogs.thesocialmedia.com\/leblogmoto\/#\/schema\/person\/e82a0ca8a9a63d031586097a3ed58526\",\"name\":\"jacques lesage\",\"image\":{\"@type\":\"ImageObject\",\"inLanguage\":\"fr-FR\",\"@id\":\"https:\/\/blogs.thesocialmedia.com\/leblogmoto\/#\/schema\/person\/image\/\",\"url\":\"https:\/\/secure.gravatar.com\/avatar\/?s=96&d=mm&r=g\",\"contentUrl\":\"https:\/\/secure.gravatar.com\/avatar\/?s=96&d=mm&r=g\",\"caption\":\"jacques lesage\"},\"url\":\"https:\/\/blogs.thesocialmedia.com\/leblogmoto\/author\/jacques-lesage\/\"}]}<\/script>\n<!-- \/ Yoast SEO plugin. -->","yoast_head_json":{"title":"Steve McQueen, quel acteur pour le r\u00f4le? - leblogmoto.com","robots":{"index":"index","follow":"follow","max-snippet":"max-snippet:-1","max-image-preview":"max-image-preview:large","max-video-preview":"max-video-preview:-1"},"canonical":"https:\/\/blogs.thesocialmedia.com\/leblogmoto\/2009\/01\/18\/steve-mcqueen-q\/","twitter_card":"summary_large_image","twitter_title":"Steve McQueen, quel acteur pour le r\u00f4le? - leblogmoto.com","twitter_description":"Excusez-moi de revenir l\u00e0-dessus, mais c\u2019est janvier, il est permis d\u2019\u00eatre frivole et frigorifi\u00e9, et puis, c\u2019est la faute \u00e0 Beno\u00eet qui dans un commentaire ouvrait la porte \u00e0 une alternative pour le r\u00f4le de Steve McQueen.Outre Daniel Graig, qui \u00e0 Hollywood pourrait faire l\u2019affaire? Et puisque nous sommes au cin\u00e9ma, savoir piloter une moto, [&hellip;]","twitter_image":"http:\/\/www.leblogmoto.com\/images\/2009\/01\/18\/stevebio.jpg","twitter_misc":{"\u00c9crit par":"jacques lesage","Dur\u00e9e de lecture estim\u00e9e":"4 minutes"},"schema":{"@context":"https:\/\/schema.org","@graph":[{"@type":"WebPage","@id":"https:\/\/blogs.thesocialmedia.com\/leblogmoto\/2009\/01\/18\/steve-mcqueen-q\/","url":"https:\/\/blogs.thesocialmedia.com\/leblogmoto\/2009\/01\/18\/steve-mcqueen-q\/","name":"Steve McQueen, quel acteur pour le r\u00f4le? - leblogmoto.com","isPartOf":{"@id":"https:\/\/blogs.thesocialmedia.com\/leblogmoto\/#website"},"primaryImageOfPage":{"@id":"https:\/\/blogs.thesocialmedia.com\/leblogmoto\/2009\/01\/18\/steve-mcqueen-q\/#primaryimage"},"image":{"@id":"https:\/\/blogs.thesocialmedia.com\/leblogmoto\/2009\/01\/18\/steve-mcqueen-q\/#primaryimage"},"thumbnailUrl":"http:\/\/www.leblogmoto.com\/images\/2009\/01\/18\/stevebio.jpg","datePublished":"2009-01-18T23:14:13+00:00","dateModified":"2012-07-11T16:59:15+00:00","author":{"@id":"https:\/\/blogs.thesocialmedia.com\/leblogmoto\/#\/schema\/person\/e82a0ca8a9a63d031586097a3ed58526"},"breadcrumb":{"@id":"https:\/\/blogs.thesocialmedia.com\/leblogmoto\/2009\/01\/18\/steve-mcqueen-q\/#breadcrumb"},"inLanguage":"fr-FR","potentialAction":[{"@type":"ReadAction","target":["https:\/\/blogs.thesocialmedia.com\/leblogmoto\/2009\/01\/18\/steve-mcqueen-q\/"]}]},{"@type":"ImageObject","inLanguage":"fr-FR","@id":"https:\/\/blogs.thesocialmedia.com\/leblogmoto\/2009\/01\/18\/steve-mcqueen-q\/#primaryimage","url":"http:\/\/www.leblogmoto.com\/images\/2009\/01\/18\/stevebio.jpg","contentUrl":"http:\/\/www.leblogmoto.com\/images\/2009\/01\/18\/stevebio.jpg"},{"@type":"BreadcrumbList","@id":"https:\/\/blogs.thesocialmedia.com\/leblogmoto\/2009\/01\/18\/steve-mcqueen-q\/#breadcrumb","itemListElement":[{"@type":"ListItem","position":1,"name":"Accueil","item":"https:\/\/blogs.thesocialmedia.com\/leblogmoto\/"},{"@type":"ListItem","position":2,"name":"Steve McQueen, quel acteur pour le r\u00f4le?"}]},{"@type":"WebSite","@id":"https:\/\/blogs.thesocialmedia.com\/leblogmoto\/#website","url":"https:\/\/blogs.thesocialmedia.com\/leblogmoto\/","name":"leblogmoto","description":"Toute l&#039;actualit\u00e9 des 2 roues","potentialAction":[{"@type":"SearchAction","target":{"@type":"EntryPoint","urlTemplate":"https:\/\/blogs.thesocialmedia.com\/leblogmoto\/?s={search_term_string}"},"query-input":{"@type":"PropertyValueSpecification","valueRequired":true,"valueName":"search_term_string"}}],"inLanguage":"fr-FR"},{"@type":"Person","@id":"https:\/\/blogs.thesocialmedia.com\/leblogmoto\/#\/schema\/person\/e82a0ca8a9a63d031586097a3ed58526","name":"jacques lesage","image":{"@type":"ImageObject","inLanguage":"fr-FR","@id":"https:\/\/blogs.thesocialmedia.com\/leblogmoto\/#\/schema\/person\/image\/","url":"https:\/\/secure.gravatar.com\/avatar\/?s=96&d=mm&r=g","contentUrl":"https:\/\/secure.gravatar.com\/avatar\/?s=96&d=mm&r=g","caption":"jacques lesage"},"url":"https:\/\/blogs.thesocialmedia.com\/leblogmoto\/author\/jacques-lesage\/"}]}},"_links":{"self":[{"href":"https:\/\/blogs.thesocialmedia.com\/leblogmoto\/wp-json\/wp\/v2\/posts\/316","targetHints":{"allow":["GET"]}}],"collection":[{"href":"https:\/\/blogs.thesocialmedia.com\/leblogmoto\/wp-json\/wp\/v2\/posts"}],"about":[{"href":"https:\/\/blogs.thesocialmedia.com\/leblogmoto\/wp-json\/wp\/v2\/types\/post"}],"author":[{"embeddable":true,"href":"https:\/\/blogs.thesocialmedia.com\/leblogmoto\/wp-json\/wp\/v2\/users\/325"}],"replies":[{"embeddable":true,"href":"https:\/\/blogs.thesocialmedia.com\/leblogmoto\/wp-json\/wp\/v2\/comments?post=316"}],"version-history":[{"count":2,"href":"https:\/\/blogs.thesocialmedia.com\/leblogmoto\/wp-json\/wp\/v2\/posts\/316\/revisions"}],"predecessor-version":[{"id":12560,"href":"https:\/\/blogs.thesocialmedia.com\/leblogmoto\/wp-json\/wp\/v2\/posts\/316\/revisions\/12560"}],"wp:attachment":[{"href":"https:\/\/blogs.thesocialmedia.com\/leblogmoto\/wp-json\/wp\/v2\/media?parent=316"}],"wp:term":[{"taxonomy":"category","embeddable":true,"href":"https:\/\/blogs.thesocialmedia.com\/leblogmoto\/wp-json\/wp\/v2\/categories?post=316"},{"taxonomy":"post_tag","embeddable":true,"href":"https:\/\/blogs.thesocialmedia.com\/leblogmoto\/wp-json\/wp\/v2\/tags?post=316"}],"curies":[{"name":"wp","href":"https:\/\/api.w.org\/{rel}","templated":true}]}}