{"id":318,"date":"2009-01-17T23:50:51","date_gmt":"2009-01-17T23:50:51","guid":{"rendered":"http:\/\/blogs.thesocialmedia.com\/leblogmoto\/2009\/01\/17\/japans-motorcyc\/"},"modified":"2012-07-11T16:59:00","modified_gmt":"2012-07-11T16:59:00","slug":"japans-motorcyc","status":"publish","type":"post","link":"https:\/\/blogs.thesocialmedia.com\/leblogmoto\/2009\/01\/17\/japans-motorcyc\/","title":{"rendered":"Darwinisme, protectionnisme et succ\u00e8s de la moto japonaise."},"content":{"rendered":"<p><a href=\"http:\/\/blogs.thesocialmedia.com\/leblogmoto\/files\/2012\/07\/moto_japans_motorcycle_wars_28_amaz.com_.jpg\"><img loading=\"lazy\" decoding=\"async\" height=\"470\"  width=\"470\" src=\"http:\/\/www.leblogmoto.com\/images\/2009\/01\/17\/moto_japans_motorcycle_wars_28_amaz.com\" alt=\"Moto_japans_motorcycle_wars_28_amaz\" \/><\/a> <\/p>\n<p>Je suis tomb\u00e9 sur <a href=\"http:\/\/www.amazon.com\/gp\/product\/0824833287\"><em>Japan&rsquo;s Motorcycle War<\/em>s<\/a> au d\u00e9tour d&rsquo;une banni\u00e8re publicitaire chez nos amis de <em>The Kneeslider<\/em>. Publi\u00e9 aux \u00e9ditions Hawaii Press il est disponible pour l&rsquo;instant chez Amazon.com pour 28 $. Il n&rsquo;y a pas \u00e0 ma connaissance d&rsquo;avis encore disponible, puisqu&rsquo;il est sorti ce mois-ci et qu&rsquo;aucun blog anglo-saxon ne s&rsquo;est livr\u00e9 \u00e0 une lecture critique de l&rsquo;ouvrage. Tout au plus peut on se contenter de la pr\u00e9sentation qu&rsquo;en font son auteur et son \u00e9diteur, qui ne manquera pas d&rsquo;int\u00e9resser ceux qui se passionnent pour l&rsquo;industrie de la moto nippone, de ses origines jusqu&rsquo;\u00e0 nos jours. Et \u00e9clairer sa naissance, en expliquant comment on est pass\u00e9 de 200 constructeurs et manufacturiers de deux-roues en 1955, pour en arriver au nombre tr\u00e8s restreint que l&rsquo;on conna\u00eet aujourd&rsquo;hui avec quatre grands se partageant les ventes*, non seulement de l&rsquo;Archipel, mais mondiale, apr\u00e8s force concentration et disparition dans ce secteur. Le livre aborde l&rsquo;introduction des premiers mod\u00e8les \u00e9trangers au d\u00e9but du 20\u00e8me si\u00e8cle, le r\u00f4le de l&rsquo;arm\u00e9e et de l&#8217;empire dans les premiers pas d&rsquo;une industrie nationale, la comp\u00e9tition f\u00e9roce des ann\u00e9es 50, l&rsquo;influence des sports m\u00e9ca sur les ventes (importance des courses d&rsquo;endurance des ann\u00e9es 60), le r\u00f4le de la moto dans le maintien de l&rsquo;ordre dans les m\u00e9gapoles japonaises en gestation, les campagnes de pr\u00e9vention et l&rsquo;\u00e9ducation du motard dans les ann\u00e9es 70.<\/p>\n<p><em>*et encore, dans des parts tr\u00e8s in\u00e9gales.<\/em><\/p>\n","protected":false},"excerpt":{"rendered":"<p>Je suis tomb\u00e9 sur Japan&rsquo;s Motorcycle Wars au d\u00e9tour d&rsquo;une banni\u00e8re publicitaire chez nos amis de The Kneeslider. Publi\u00e9 aux \u00e9ditions Hawaii Press il est disponible pour l&rsquo;instant chez Amazon.com pour 28 $. Il n&rsquo;y a pas \u00e0 ma connaissance d&rsquo;avis encore disponible, puisqu&rsquo;il est sorti ce mois-ci et qu&rsquo;aucun blog anglo-saxon ne s&rsquo;est livr\u00e9 [&hellip;]<\/p>\n","protected":false},"author":324,"featured_media":0,"comment_status":"open","ping_status":"open","sticky":false,"template":"","format":"standard","meta":{"footnotes":""},"categories":[9,14,45,15,51,44],"tags":[],"class_list":["post-318","post","type-post","status-publish","format-standard","hentry","category-historique","category-honda","category-kawasaki","category-livres","category-suzuki","category-yamaha"],"yoast_head":"<!-- This site is optimized with the Yoast SEO plugin v26.0 - https:\/\/yoast.com\/wordpress\/plugins\/seo\/ -->\n<title>Darwinisme, protectionnisme et succ\u00e8s de la moto japonaise. - leblogmoto.com<\/title>\n<meta name=\"robots\" content=\"index, follow, max-snippet:-1, max-image-preview:large, max-video-preview:-1\" \/>\n<link rel=\"canonical\" href=\"https:\/\/blogs.thesocialmedia.com\/leblogmoto\/2009\/01\/17\/japans-motorcyc\/\" \/>\n<meta name=\"twitter:card\" content=\"summary_large_image\" \/>\n<meta name=\"twitter:title\" content=\"Darwinisme, protectionnisme et succ\u00e8s de la moto japonaise. - leblogmoto.com\" \/>\n<meta name=\"twitter:description\" content=\"Je suis tomb\u00e9 sur Japan&rsquo;s Motorcycle Wars au d\u00e9tour d&rsquo;une banni\u00e8re publicitaire chez nos amis de The Kneeslider. Publi\u00e9 aux \u00e9ditions Hawaii Press il est disponible pour l&rsquo;instant chez Amazon.com pour 28 $. Il n&rsquo;y a pas \u00e0 ma connaissance d&rsquo;avis encore disponible, puisqu&rsquo;il est sorti ce mois-ci et qu&rsquo;aucun blog anglo-saxon ne s&rsquo;est livr\u00e9 [&hellip;]\" \/>\n<meta name=\"twitter:image\" content=\"http:\/\/www.leblogmoto.com\/images\/2009\/01\/17\/moto_japans_motorcycle_wars_28_amaz.com\" \/>\n<meta name=\"twitter:label1\" content=\"\u00c9crit par\" \/>\n\t<meta name=\"twitter:data1\" content=\"benoit rieu\" \/>\n\t<meta name=\"twitter:label2\" content=\"Dur\u00e9e de lecture estim\u00e9e\" \/>\n\t<meta name=\"twitter:data2\" content=\"1 minute\" \/>\n<script type=\"application\/ld+json\" class=\"yoast-schema-graph\">{\"@context\":\"https:\/\/schema.org\",\"@graph\":[{\"@type\":\"WebPage\",\"@id\":\"https:\/\/blogs.thesocialmedia.com\/leblogmoto\/2009\/01\/17\/japans-motorcyc\/\",\"url\":\"https:\/\/blogs.thesocialmedia.com\/leblogmoto\/2009\/01\/17\/japans-motorcyc\/\",\"name\":\"Darwinisme, protectionnisme et succ\u00e8s de la moto japonaise. - leblogmoto.com\",\"isPartOf\":{\"@id\":\"https:\/\/blogs.thesocialmedia.com\/leblogmoto\/#website\"},\"primaryImageOfPage\":{\"@id\":\"https:\/\/blogs.thesocialmedia.com\/leblogmoto\/2009\/01\/17\/japans-motorcyc\/#primaryimage\"},\"image\":{\"@id\":\"https:\/\/blogs.thesocialmedia.com\/leblogmoto\/2009\/01\/17\/japans-motorcyc\/#primaryimage\"},\"thumbnailUrl\":\"http:\/\/www.leblogmoto.com\/images\/2009\/01\/17\/moto_japans_motorcycle_wars_28_amaz.com\",\"datePublished\":\"2009-01-17T23:50:51+00:00\",\"dateModified\":\"2012-07-11T16:59:00+00:00\",\"author\":{\"@id\":\"https:\/\/blogs.thesocialmedia.com\/leblogmoto\/#\/schema\/person\/18bfe773e5725ed6d24f743da805362a\"},\"breadcrumb\":{\"@id\":\"https:\/\/blogs.thesocialmedia.com\/leblogmoto\/2009\/01\/17\/japans-motorcyc\/#breadcrumb\"},\"inLanguage\":\"fr-FR\",\"potentialAction\":[{\"@type\":\"ReadAction\",\"target\":[\"https:\/\/blogs.thesocialmedia.com\/leblogmoto\/2009\/01\/17\/japans-motorcyc\/\"]}]},{\"@type\":\"ImageObject\",\"inLanguage\":\"fr-FR\",\"@id\":\"https:\/\/blogs.thesocialmedia.com\/leblogmoto\/2009\/01\/17\/japans-motorcyc\/#primaryimage\",\"url\":\"http:\/\/www.leblogmoto.com\/images\/2009\/01\/17\/moto_japans_motorcycle_wars_28_amaz.com\",\"contentUrl\":\"http:\/\/www.leblogmoto.com\/images\/2009\/01\/17\/moto_japans_motorcycle_wars_28_amaz.com\"},{\"@type\":\"BreadcrumbList\",\"@id\":\"https:\/\/blogs.thesocialmedia.com\/leblogmoto\/2009\/01\/17\/japans-motorcyc\/#breadcrumb\",\"itemListElement\":[{\"@type\":\"ListItem\",\"position\":1,\"name\":\"Accueil\",\"item\":\"https:\/\/blogs.thesocialmedia.com\/leblogmoto\/\"},{\"@type\":\"ListItem\",\"position\":2,\"name\":\"Darwinisme, protectionnisme et succ\u00e8s de la moto japonaise.\"}]},{\"@type\":\"WebSite\",\"@id\":\"https:\/\/blogs.thesocialmedia.com\/leblogmoto\/#website\",\"url\":\"https:\/\/blogs.thesocialmedia.com\/leblogmoto\/\",\"name\":\"leblogmoto\",\"description\":\"Toute l&#039;actualit\u00e9 des 2 roues\",\"potentialAction\":[{\"@type\":\"SearchAction\",\"target\":{\"@type\":\"EntryPoint\",\"urlTemplate\":\"https:\/\/blogs.thesocialmedia.com\/leblogmoto\/?s={search_term_string}\"},\"query-input\":{\"@type\":\"PropertyValueSpecification\",\"valueRequired\":true,\"valueName\":\"search_term_string\"}}],\"inLanguage\":\"fr-FR\"},{\"@type\":\"Person\",\"@id\":\"https:\/\/blogs.thesocialmedia.com\/leblogmoto\/#\/schema\/person\/18bfe773e5725ed6d24f743da805362a\",\"name\":\"benoit rieu\",\"image\":{\"@type\":\"ImageObject\",\"inLanguage\":\"fr-FR\",\"@id\":\"https:\/\/blogs.thesocialmedia.com\/leblogmoto\/#\/schema\/person\/image\/\",\"url\":\"https:\/\/secure.gravatar.com\/avatar\/?s=96&d=mm&r=g\",\"contentUrl\":\"https:\/\/secure.gravatar.com\/avatar\/?s=96&d=mm&r=g\",\"caption\":\"benoit rieu\"},\"url\":\"https:\/\/blogs.thesocialmedia.com\/leblogmoto\/author\/benoit-rieu\/\"}]}<\/script>\n<!-- \/ Yoast SEO plugin. -->","yoast_head_json":{"title":"Darwinisme, protectionnisme et succ\u00e8s de la moto japonaise. - leblogmoto.com","robots":{"index":"index","follow":"follow","max-snippet":"max-snippet:-1","max-image-preview":"max-image-preview:large","max-video-preview":"max-video-preview:-1"},"canonical":"https:\/\/blogs.thesocialmedia.com\/leblogmoto\/2009\/01\/17\/japans-motorcyc\/","twitter_card":"summary_large_image","twitter_title":"Darwinisme, protectionnisme et succ\u00e8s de la moto japonaise. - leblogmoto.com","twitter_description":"Je suis tomb\u00e9 sur Japan&rsquo;s Motorcycle Wars au d\u00e9tour d&rsquo;une banni\u00e8re publicitaire chez nos amis de The Kneeslider. Publi\u00e9 aux \u00e9ditions Hawaii Press il est disponible pour l&rsquo;instant chez Amazon.com pour 28 $. Il n&rsquo;y a pas \u00e0 ma connaissance d&rsquo;avis encore disponible, puisqu&rsquo;il est sorti ce mois-ci et qu&rsquo;aucun blog anglo-saxon ne s&rsquo;est livr\u00e9 [&hellip;]","twitter_image":"http:\/\/www.leblogmoto.com\/images\/2009\/01\/17\/moto_japans_motorcycle_wars_28_amaz.com","twitter_misc":{"\u00c9crit par":"benoit rieu","Dur\u00e9e de lecture estim\u00e9e":"1 minute"},"schema":{"@context":"https:\/\/schema.org","@graph":[{"@type":"WebPage","@id":"https:\/\/blogs.thesocialmedia.com\/leblogmoto\/2009\/01\/17\/japans-motorcyc\/","url":"https:\/\/blogs.thesocialmedia.com\/leblogmoto\/2009\/01\/17\/japans-motorcyc\/","name":"Darwinisme, protectionnisme et succ\u00e8s de la moto japonaise. - leblogmoto.com","isPartOf":{"@id":"https:\/\/blogs.thesocialmedia.com\/leblogmoto\/#website"},"primaryImageOfPage":{"@id":"https:\/\/blogs.thesocialmedia.com\/leblogmoto\/2009\/01\/17\/japans-motorcyc\/#primaryimage"},"image":{"@id":"https:\/\/blogs.thesocialmedia.com\/leblogmoto\/2009\/01\/17\/japans-motorcyc\/#primaryimage"},"thumbnailUrl":"http:\/\/www.leblogmoto.com\/images\/2009\/01\/17\/moto_japans_motorcycle_wars_28_amaz.com","datePublished":"2009-01-17T23:50:51+00:00","dateModified":"2012-07-11T16:59:00+00:00","author":{"@id":"https:\/\/blogs.thesocialmedia.com\/leblogmoto\/#\/schema\/person\/18bfe773e5725ed6d24f743da805362a"},"breadcrumb":{"@id":"https:\/\/blogs.thesocialmedia.com\/leblogmoto\/2009\/01\/17\/japans-motorcyc\/#breadcrumb"},"inLanguage":"fr-FR","potentialAction":[{"@type":"ReadAction","target":["https:\/\/blogs.thesocialmedia.com\/leblogmoto\/2009\/01\/17\/japans-motorcyc\/"]}]},{"@type":"ImageObject","inLanguage":"fr-FR","@id":"https:\/\/blogs.thesocialmedia.com\/leblogmoto\/2009\/01\/17\/japans-motorcyc\/#primaryimage","url":"http:\/\/www.leblogmoto.com\/images\/2009\/01\/17\/moto_japans_motorcycle_wars_28_amaz.com","contentUrl":"http:\/\/www.leblogmoto.com\/images\/2009\/01\/17\/moto_japans_motorcycle_wars_28_amaz.com"},{"@type":"BreadcrumbList","@id":"https:\/\/blogs.thesocialmedia.com\/leblogmoto\/2009\/01\/17\/japans-motorcyc\/#breadcrumb","itemListElement":[{"@type":"ListItem","position":1,"name":"Accueil","item":"https:\/\/blogs.thesocialmedia.com\/leblogmoto\/"},{"@type":"ListItem","position":2,"name":"Darwinisme, protectionnisme et succ\u00e8s de la moto japonaise."}]},{"@type":"WebSite","@id":"https:\/\/blogs.thesocialmedia.com\/leblogmoto\/#website","url":"https:\/\/blogs.thesocialmedia.com\/leblogmoto\/","name":"leblogmoto","description":"Toute l&#039;actualit\u00e9 des 2 roues","potentialAction":[{"@type":"SearchAction","target":{"@type":"EntryPoint","urlTemplate":"https:\/\/blogs.thesocialmedia.com\/leblogmoto\/?s={search_term_string}"},"query-input":{"@type":"PropertyValueSpecification","valueRequired":true,"valueName":"search_term_string"}}],"inLanguage":"fr-FR"},{"@type":"Person","@id":"https:\/\/blogs.thesocialmedia.com\/leblogmoto\/#\/schema\/person\/18bfe773e5725ed6d24f743da805362a","name":"benoit rieu","image":{"@type":"ImageObject","inLanguage":"fr-FR","@id":"https:\/\/blogs.thesocialmedia.com\/leblogmoto\/#\/schema\/person\/image\/","url":"https:\/\/secure.gravatar.com\/avatar\/?s=96&d=mm&r=g","contentUrl":"https:\/\/secure.gravatar.com\/avatar\/?s=96&d=mm&r=g","caption":"benoit rieu"},"url":"https:\/\/blogs.thesocialmedia.com\/leblogmoto\/author\/benoit-rieu\/"}]}},"_links":{"self":[{"href":"https:\/\/blogs.thesocialmedia.com\/leblogmoto\/wp-json\/wp\/v2\/posts\/318","targetHints":{"allow":["GET"]}}],"collection":[{"href":"https:\/\/blogs.thesocialmedia.com\/leblogmoto\/wp-json\/wp\/v2\/posts"}],"about":[{"href":"https:\/\/blogs.thesocialmedia.com\/leblogmoto\/wp-json\/wp\/v2\/types\/post"}],"author":[{"embeddable":true,"href":"https:\/\/blogs.thesocialmedia.com\/leblogmoto\/wp-json\/wp\/v2\/users\/324"}],"replies":[{"embeddable":true,"href":"https:\/\/blogs.thesocialmedia.com\/leblogmoto\/wp-json\/wp\/v2\/comments?post=318"}],"version-history":[{"count":2,"href":"https:\/\/blogs.thesocialmedia.com\/leblogmoto\/wp-json\/wp\/v2\/posts\/318\/revisions"}],"predecessor-version":[{"id":12554,"href":"https:\/\/blogs.thesocialmedia.com\/leblogmoto\/wp-json\/wp\/v2\/posts\/318\/revisions\/12554"}],"wp:attachment":[{"href":"https:\/\/blogs.thesocialmedia.com\/leblogmoto\/wp-json\/wp\/v2\/media?parent=318"}],"wp:term":[{"taxonomy":"category","embeddable":true,"href":"https:\/\/blogs.thesocialmedia.com\/leblogmoto\/wp-json\/wp\/v2\/categories?post=318"},{"taxonomy":"post_tag","embeddable":true,"href":"https:\/\/blogs.thesocialmedia.com\/leblogmoto\/wp-json\/wp\/v2\/tags?post=318"}],"curies":[{"name":"wp","href":"https:\/\/api.w.org\/{rel}","templated":true}]}}