{"id":319,"date":"2009-01-17T23:47:53","date_gmt":"2009-01-17T23:47:53","guid":{"rendered":"http:\/\/blogs.thesocialmedia.com\/leblogmoto\/2009\/01\/17\/le-catalan-marc\/"},"modified":"2012-07-11T16:58:58","modified_gmt":"2012-07-11T16:58:58","slug":"le-catalan-marc","status":"publish","type":"post","link":"https:\/\/blogs.thesocialmedia.com\/leblogmoto\/2009\/01\/17\/le-catalan-marc\/","title":{"rendered":"La victoire en pionnier de Marc Coma sur KTM au 31\u00e8me Dakar."},"content":{"rendered":"<p><a href=\"http:\/\/blogs.thesocialmedia.com\/leblogmoto\/files\/2012\/07\/moto_rallye_raid_marc_coma_vainqueu.jpg\"><img loading=\"lazy\" decoding=\"async\" height=\"352\"  width=\"470\" alt=\"Moto_rallye_raid_marc_coma_vainqueu\" src=\"http:\/\/www.leblogmoto.com\/images\/2009\/01\/17\/moto_rallye_raid_marc_coma_vainqueu.jpg\" \/><\/a> <\/p>\n<p>C&rsquo;\u00e9tait la premi\u00e8re \u00e9dition du c\u00e9l\u00e8bre rallye-raid en Argentine et au Chili, et la 31\u00e8me du nom. Et dans l\u2019attente de la validation des commissaires sportifs, c&rsquo;est Marc Coma sur KTM qui l&rsquo;a emport\u00e9e au terme de la 14e et derni\u00e8re \u00e9tape qu&rsquo;il finira sixi\u00e8me. Une \u00e9tape gagn\u00e9e par le Portugais Helder Rodrigues lui aussi sur KTM, 2&rsquo;07\u00a0\u00bb devant le Norv\u00e9gien Ullevalseter toujours sur une Katoche. C&rsquo;est la deuxi\u00e8me victoire de l&rsquo;Espagnol dans cette \u00e9preuve, apr\u00e8s son succ\u00e8s il y a trois ans au S\u00e9n\u00e9gal. Il devance au classement g\u00e9n\u00e9ral le Fran\u00e7ais <a href=\"http:\/\/www.leblogmoto.com\/2005\/12\/cyril_despres_n.html\">Cyril Despres<\/a> de 1h25&rsquo;38\u00a0\u00bb sur une orange autrichienne encore. Yamaha sauve l&rsquo;honneur en accrochant la troisi\u00e8me place du podium avec le Fran\u00e7ais David &quot;Fretos&quot; Fr\u00e9tign\u00e9 et sa Yamaha 450cc, \u00e0 1h38&rsquo;56\u00a0\u00bb du vainqueur 2009. &quot;Fretos&quot; qui remporte par la m\u00eame la cat\u00e9gorie 450, alors que peu de personnes le voyait compl\u00e9ter le podium final au c\u00f4t\u00e9 des Autrichiennes avec un trail de cette cylindr\u00e9e&#8230; Pour clore l&rsquo;annonce de ce palmar\u00e8s, le N\u00e9erlandais Frans Verhoeven sur KTM s\u2019impose en marathon. La derni\u00e8re \u00e9tape de 792 kilom\u00e8tres qui cloturait le rallye se d\u00e9roulait en partie sous forme d&rsquo;une sp\u00e9ciale de plaine sur 227 km entre Cordoba et Buenos Aires, avec des pistes faciles et roulantes, autorisant les pilotes \u00e0 tracer \u00e0 des vitesses \u00e9lev\u00e9es.<\/p>\n<p><a href=\"http:\/\/clabedan.typepad.com\/.shared\/image.html?\/photos\/uncategorized\/2009\/01\/18\/moto_rallye_raid_dakar_dernire_tape.jpg\"><img loading=\"lazy\" decoding=\"async\" height=\"276\"  width=\"470\" src=\"http:\/\/www.leblogmoto.com\/images\/2009\/01\/18\/moto_rallye_raid_dakar_dernire_tape.jpg\" alt=\"Moto_rallye_raid_dakar_dernire_tape\" \/><\/a> <\/p>\n<p>Dans cette premi\u00e8re \u00e9preuve sud-am\u00e9ricaine, le Catalan de 32 ans a \u00e9t\u00e9 en t\u00eate du classement g\u00e9n\u00e9ral de bout en bout. Vainqueur de la premi\u00e8re sp\u00e9ciale, le 3 janvier au d\u00e9part de Buenos Aires, il a su pousser son avantage en d\u00e9crochant deux autres victoires d&rsquo;\u00e9tapes. Puis agissant en parfait gestionnaire, il a contr\u00f4l\u00e9 tous ses adversaires, en particulier Cyril Despres, le tenant du titre.<\/p>\n<p>Pour son exportation dans le Nouveau Monde, on pourrait dire que la greffe a bien pris, si la course n&rsquo;avait \u00e9t\u00e9 endeuill\u00e9e par la disparition du motard fran\u00e7ais <a href=\"http:\/\/blogs.thesocialmedia.com\/leblogmoto\/files\/2012\/07\/le-corps-de-pte.html_.png\">Pascal Terry<\/a>, retrouv\u00e9 mort d&rsquo;une embolie pulmonaire, et ce, trois jours apr\u00e8s sa disparition, dans des circonstances toujours ind\u00e9termin\u00e9es, ou alors encore trop vagues.<\/p>\n<p>P.Terry est ainsi le 26\u00e8me concurrent mort en 31 ans sur les pistes du Dakar, qui avait quitt\u00e9 pour la premi\u00e8re fois l&rsquo;Afrique pour l&rsquo;Am\u00e9rique latine cette ann\u00e9e pour raisons de menace terroriste. Sans oublier un pilote espagnol \u00e0 ce jour dans le coma.<\/p>\n<p><a href=\"http:\/\/clabedan.typepad.com\/.shared\/image.html?\/photos\/uncategorized\/2009\/01\/18\/moto_rallye_raid_dakar_dernire_ta_2.jpg\"><img loading=\"lazy\" decoding=\"async\" height=\"165\"  width=\"470\" src=\"http:\/\/www.leblogmoto.com\/images\/2009\/01\/18\/moto_rallye_raid_dakar_dernire_ta_2.jpg\" alt=\"Moto_rallye_raid_dakar_dernire_ta_2\" \/><\/a> <\/p>\n<p><strong>Les d\u00e9clarations d&rsquo;apr\u00e8s course du trio de t\u00eate au g\u00e9n\u00e9ral:<\/strong><\/p>\n<p>Marc Coma, KTM: &quot;Il y a eu tant de jours de comp\u00e9titions, tant de travail. Je suis vraiment tr\u00e8s heureux. \u00c7a a \u00e9t\u00e9 une course tr\u00e8s compliqu\u00e9e. On ne connaissait pas bien le terrain et c&rsquo;\u00e9tait donc difficile d&rsquo;\u00e9tablir une tactique. Je dois remercier toute l&rsquo;\u00e9quipe qui a fait un travail fantastique. Il y a beaucoup de personnes qui travaillent dans l&rsquo;ombre, ils m\u00e9ritent cette victoire aussi. Maintenant je veux profiter de ce moment.&quot;<\/p>\n<p>Cyril Despres, KTM: &quot;C&rsquo;\u00e9tait un beau final, digne de l&rsquo;arriv\u00e9e du Tour de France sur les Champs-Elys\u00e9es. C&rsquo;\u00e9tait tr\u00e8s rapide, il n&rsquo;y avait aucune difficult\u00e9, pas de navigation, mais la boucle d&rsquo;Am\u00e9rique du Sud est boucl\u00e9e. Cela aurait \u00e9t\u00e9 difficile de terminer plus mal que mes d\u00e9buts sur le rallye. Je n&rsquo;ai pas grand-chose \u00e0 regretter.&quot;<\/p>\n<p>David Fr\u00e9tign\u00e9, Yamaha: &quot;Un podium sur le Dakar, c&rsquo;est vraiment tr\u00e8s important. Avec le 450cc, je pense que j&rsquo;ai fait quelque chose d&rsquo;assez exceptionnel, je voulais \u00eatre le premier \u00e0 le mettre sur le podium. J&rsquo;ai \u00e9t\u00e9 le premier \u00e0 y croire, quand tout le monde me disait que c&rsquo;\u00e9tait impossible. Aujourd&rsquo;hui, je suis quand m\u00eame sur la troisi\u00e8me marche, en ayant pass\u00e9 presque tout le rallye en deuxi\u00e8me position. Je suis vraiment satisfait car nous avons avec Yamaha la fiabilit\u00e9 n\u00e9cessaire. Je me suis r\u00e9gal\u00e9 : en plus de la performance, il y a eu le plaisir du pilotage, j&rsquo;ai r\u00e9ussi \u00e0 r\u00e9unir tout cela. Le rallye \u00e9tait dur, mais je m&rsquo;attendais \u00e0 quelque chose d&rsquo;encore plus difficile et je m&rsquo;\u00e9tais donc tr\u00e8s bien pr\u00e9par\u00e9. C&rsquo;est aussi ce qui a fait que je me suis r\u00e9gal\u00e9 pendant ces quinze jours.&quot;<\/p>\n<p><strong>Classement de la 14\u00e8me \u00e9tape :<\/strong> <\/p>\n<p>1 &#8211; Rodrigues (Portugal, KTM) en 1h42&rsquo;37\u00a0\u00bb<\/p>\n<p>2 &#8211; Ullevaseter (Norv\u00e8ge, KTM) \u00e0 2&rsquo;07\u00a0\u00bb<\/p>\n<p>3 &#8211; Despres (France, KTM) \u00e0 2&rsquo;41\u00a0\u00bb<\/p>\n<p>4 &#8211; Viladoms (Espagne, KTM) \u00e0 3&rsquo;31\u00a0\u00bb<\/p>\n<p>5 &#8211; Casteu (France, KTM) \u00e0 4&rsquo;37\u00a0\u00bb<\/p>\n<p> <strong>Le classement g\u00e9n\u00e9ral final : <\/strong><\/p>\n<p>1 &#8211; Coma (Espagne, KTM) en 52h14&rsquo;33\u00a0\u00bb<\/p>\n<p>2 &#8211; Despres (France, KTM) \u00e0 1h25&rsquo;38\u00a0\u00bb<\/p>\n<p>3 &#8211; Fr\u00e9tign\u00e9 (France, Yamaha) \u00e0 1h38&rsquo;55\u00a0\u00bb<\/p>\n<p>4 &#8211; Casteu (France, KTM) \u00e0 2h17&rsquo;54\u00a0\u00bb<\/p>\n<p>5 &#8211; Rodrigues (Portugal, KTM) \u00e0 2h22&rsquo;11\u00a0\u00bb <\/p>\n<p><em>Cr\u00e9dit photo: site France2.fr<\/em><\/p>\n","protected":false},"excerpt":{"rendered":"<p>C&rsquo;\u00e9tait la premi\u00e8re \u00e9dition du c\u00e9l\u00e8bre rallye-raid en Argentine et au Chili, et la 31\u00e8me du nom. Et dans l\u2019attente de la validation des commissaires sportifs, c&rsquo;est Marc Coma sur KTM qui l&rsquo;a emport\u00e9e au terme de la 14e et derni\u00e8re \u00e9tape qu&rsquo;il finira sixi\u00e8me. Une \u00e9tape gagn\u00e9e par le Portugais Helder Rodrigues lui aussi [&hellip;]<\/p>\n","protected":false},"author":324,"featured_media":0,"comment_status":"open","ping_status":"open","sticky":false,"template":"","format":"standard","meta":{"footnotes":""},"categories":[3,39,61],"tags":[],"class_list":["post-319","post","type-post","status-publish","format-standard","hentry","category-actualite","category-ktm","category-rallye-raid"],"yoast_head":"<!-- This site is optimized with the Yoast SEO plugin v26.0 - https:\/\/yoast.com\/wordpress\/plugins\/seo\/ -->\n<title>La victoire en pionnier de Marc Coma sur KTM au 31\u00e8me Dakar. - leblogmoto.com<\/title>\n<meta name=\"robots\" content=\"index, follow, max-snippet:-1, max-image-preview:large, max-video-preview:-1\" \/>\n<link rel=\"canonical\" href=\"https:\/\/blogs.thesocialmedia.com\/leblogmoto\/2009\/01\/17\/le-catalan-marc\/\" \/>\n<meta name=\"twitter:card\" content=\"summary_large_image\" \/>\n<meta name=\"twitter:title\" content=\"La victoire en pionnier de Marc Coma sur KTM au 31\u00e8me Dakar. - leblogmoto.com\" \/>\n<meta name=\"twitter:description\" content=\"C&rsquo;\u00e9tait la premi\u00e8re \u00e9dition du c\u00e9l\u00e8bre rallye-raid en Argentine et au Chili, et la 31\u00e8me du nom. Et dans l\u2019attente de la validation des commissaires sportifs, c&rsquo;est Marc Coma sur KTM qui l&rsquo;a emport\u00e9e au terme de la 14e et derni\u00e8re \u00e9tape qu&rsquo;il finira sixi\u00e8me. Une \u00e9tape gagn\u00e9e par le Portugais Helder Rodrigues lui aussi [&hellip;]\" \/>\n<meta name=\"twitter:image\" content=\"http:\/\/www.leblogmoto.com\/images\/2009\/01\/17\/moto_rallye_raid_marc_coma_vainqueu.jpg\" \/>\n<meta name=\"twitter:label1\" content=\"\u00c9crit par\" \/>\n\t<meta name=\"twitter:data1\" content=\"benoit rieu\" \/>\n\t<meta name=\"twitter:label2\" content=\"Dur\u00e9e de lecture estim\u00e9e\" \/>\n\t<meta name=\"twitter:data2\" content=\"4 minutes\" \/>\n<script type=\"application\/ld+json\" class=\"yoast-schema-graph\">{\"@context\":\"https:\/\/schema.org\",\"@graph\":[{\"@type\":\"WebPage\",\"@id\":\"https:\/\/blogs.thesocialmedia.com\/leblogmoto\/2009\/01\/17\/le-catalan-marc\/\",\"url\":\"https:\/\/blogs.thesocialmedia.com\/leblogmoto\/2009\/01\/17\/le-catalan-marc\/\",\"name\":\"La victoire en pionnier de Marc Coma sur KTM au 31\u00e8me Dakar. - leblogmoto.com\",\"isPartOf\":{\"@id\":\"https:\/\/blogs.thesocialmedia.com\/leblogmoto\/#website\"},\"primaryImageOfPage\":{\"@id\":\"https:\/\/blogs.thesocialmedia.com\/leblogmoto\/2009\/01\/17\/le-catalan-marc\/#primaryimage\"},\"image\":{\"@id\":\"https:\/\/blogs.thesocialmedia.com\/leblogmoto\/2009\/01\/17\/le-catalan-marc\/#primaryimage\"},\"thumbnailUrl\":\"http:\/\/www.leblogmoto.com\/images\/2009\/01\/17\/moto_rallye_raid_marc_coma_vainqueu.jpg\",\"datePublished\":\"2009-01-17T23:47:53+00:00\",\"dateModified\":\"2012-07-11T16:58:58+00:00\",\"author\":{\"@id\":\"https:\/\/blogs.thesocialmedia.com\/leblogmoto\/#\/schema\/person\/18bfe773e5725ed6d24f743da805362a\"},\"breadcrumb\":{\"@id\":\"https:\/\/blogs.thesocialmedia.com\/leblogmoto\/2009\/01\/17\/le-catalan-marc\/#breadcrumb\"},\"inLanguage\":\"fr-FR\",\"potentialAction\":[{\"@type\":\"ReadAction\",\"target\":[\"https:\/\/blogs.thesocialmedia.com\/leblogmoto\/2009\/01\/17\/le-catalan-marc\/\"]}]},{\"@type\":\"ImageObject\",\"inLanguage\":\"fr-FR\",\"@id\":\"https:\/\/blogs.thesocialmedia.com\/leblogmoto\/2009\/01\/17\/le-catalan-marc\/#primaryimage\",\"url\":\"http:\/\/www.leblogmoto.com\/images\/2009\/01\/17\/moto_rallye_raid_marc_coma_vainqueu.jpg\",\"contentUrl\":\"http:\/\/www.leblogmoto.com\/images\/2009\/01\/17\/moto_rallye_raid_marc_coma_vainqueu.jpg\"},{\"@type\":\"BreadcrumbList\",\"@id\":\"https:\/\/blogs.thesocialmedia.com\/leblogmoto\/2009\/01\/17\/le-catalan-marc\/#breadcrumb\",\"itemListElement\":[{\"@type\":\"ListItem\",\"position\":1,\"name\":\"Accueil\",\"item\":\"https:\/\/blogs.thesocialmedia.com\/leblogmoto\/\"},{\"@type\":\"ListItem\",\"position\":2,\"name\":\"La victoire en pionnier de Marc Coma sur KTM au 31\u00e8me Dakar.\"}]},{\"@type\":\"WebSite\",\"@id\":\"https:\/\/blogs.thesocialmedia.com\/leblogmoto\/#website\",\"url\":\"https:\/\/blogs.thesocialmedia.com\/leblogmoto\/\",\"name\":\"leblogmoto\",\"description\":\"Toute l&#039;actualit\u00e9 des 2 roues\",\"potentialAction\":[{\"@type\":\"SearchAction\",\"target\":{\"@type\":\"EntryPoint\",\"urlTemplate\":\"https:\/\/blogs.thesocialmedia.com\/leblogmoto\/?s={search_term_string}\"},\"query-input\":{\"@type\":\"PropertyValueSpecification\",\"valueRequired\":true,\"valueName\":\"search_term_string\"}}],\"inLanguage\":\"fr-FR\"},{\"@type\":\"Person\",\"@id\":\"https:\/\/blogs.thesocialmedia.com\/leblogmoto\/#\/schema\/person\/18bfe773e5725ed6d24f743da805362a\",\"name\":\"benoit rieu\",\"image\":{\"@type\":\"ImageObject\",\"inLanguage\":\"fr-FR\",\"@id\":\"https:\/\/blogs.thesocialmedia.com\/leblogmoto\/#\/schema\/person\/image\/\",\"url\":\"https:\/\/secure.gravatar.com\/avatar\/?s=96&d=mm&r=g\",\"contentUrl\":\"https:\/\/secure.gravatar.com\/avatar\/?s=96&d=mm&r=g\",\"caption\":\"benoit rieu\"},\"url\":\"https:\/\/blogs.thesocialmedia.com\/leblogmoto\/author\/benoit-rieu\/\"}]}<\/script>\n<!-- \/ Yoast SEO plugin. -->","yoast_head_json":{"title":"La victoire en pionnier de Marc Coma sur KTM au 31\u00e8me Dakar. - leblogmoto.com","robots":{"index":"index","follow":"follow","max-snippet":"max-snippet:-1","max-image-preview":"max-image-preview:large","max-video-preview":"max-video-preview:-1"},"canonical":"https:\/\/blogs.thesocialmedia.com\/leblogmoto\/2009\/01\/17\/le-catalan-marc\/","twitter_card":"summary_large_image","twitter_title":"La victoire en pionnier de Marc Coma sur KTM au 31\u00e8me Dakar. - leblogmoto.com","twitter_description":"C&rsquo;\u00e9tait la premi\u00e8re \u00e9dition du c\u00e9l\u00e8bre rallye-raid en Argentine et au Chili, et la 31\u00e8me du nom. Et dans l\u2019attente de la validation des commissaires sportifs, c&rsquo;est Marc Coma sur KTM qui l&rsquo;a emport\u00e9e au terme de la 14e et derni\u00e8re \u00e9tape qu&rsquo;il finira sixi\u00e8me. Une \u00e9tape gagn\u00e9e par le Portugais Helder Rodrigues lui aussi [&hellip;]","twitter_image":"http:\/\/www.leblogmoto.com\/images\/2009\/01\/17\/moto_rallye_raid_marc_coma_vainqueu.jpg","twitter_misc":{"\u00c9crit par":"benoit rieu","Dur\u00e9e de lecture estim\u00e9e":"4 minutes"},"schema":{"@context":"https:\/\/schema.org","@graph":[{"@type":"WebPage","@id":"https:\/\/blogs.thesocialmedia.com\/leblogmoto\/2009\/01\/17\/le-catalan-marc\/","url":"https:\/\/blogs.thesocialmedia.com\/leblogmoto\/2009\/01\/17\/le-catalan-marc\/","name":"La victoire en pionnier de Marc Coma sur KTM au 31\u00e8me Dakar. - leblogmoto.com","isPartOf":{"@id":"https:\/\/blogs.thesocialmedia.com\/leblogmoto\/#website"},"primaryImageOfPage":{"@id":"https:\/\/blogs.thesocialmedia.com\/leblogmoto\/2009\/01\/17\/le-catalan-marc\/#primaryimage"},"image":{"@id":"https:\/\/blogs.thesocialmedia.com\/leblogmoto\/2009\/01\/17\/le-catalan-marc\/#primaryimage"},"thumbnailUrl":"http:\/\/www.leblogmoto.com\/images\/2009\/01\/17\/moto_rallye_raid_marc_coma_vainqueu.jpg","datePublished":"2009-01-17T23:47:53+00:00","dateModified":"2012-07-11T16:58:58+00:00","author":{"@id":"https:\/\/blogs.thesocialmedia.com\/leblogmoto\/#\/schema\/person\/18bfe773e5725ed6d24f743da805362a"},"breadcrumb":{"@id":"https:\/\/blogs.thesocialmedia.com\/leblogmoto\/2009\/01\/17\/le-catalan-marc\/#breadcrumb"},"inLanguage":"fr-FR","potentialAction":[{"@type":"ReadAction","target":["https:\/\/blogs.thesocialmedia.com\/leblogmoto\/2009\/01\/17\/le-catalan-marc\/"]}]},{"@type":"ImageObject","inLanguage":"fr-FR","@id":"https:\/\/blogs.thesocialmedia.com\/leblogmoto\/2009\/01\/17\/le-catalan-marc\/#primaryimage","url":"http:\/\/www.leblogmoto.com\/images\/2009\/01\/17\/moto_rallye_raid_marc_coma_vainqueu.jpg","contentUrl":"http:\/\/www.leblogmoto.com\/images\/2009\/01\/17\/moto_rallye_raid_marc_coma_vainqueu.jpg"},{"@type":"BreadcrumbList","@id":"https:\/\/blogs.thesocialmedia.com\/leblogmoto\/2009\/01\/17\/le-catalan-marc\/#breadcrumb","itemListElement":[{"@type":"ListItem","position":1,"name":"Accueil","item":"https:\/\/blogs.thesocialmedia.com\/leblogmoto\/"},{"@type":"ListItem","position":2,"name":"La victoire en pionnier de Marc Coma sur KTM au 31\u00e8me Dakar."}]},{"@type":"WebSite","@id":"https:\/\/blogs.thesocialmedia.com\/leblogmoto\/#website","url":"https:\/\/blogs.thesocialmedia.com\/leblogmoto\/","name":"leblogmoto","description":"Toute l&#039;actualit\u00e9 des 2 roues","potentialAction":[{"@type":"SearchAction","target":{"@type":"EntryPoint","urlTemplate":"https:\/\/blogs.thesocialmedia.com\/leblogmoto\/?s={search_term_string}"},"query-input":{"@type":"PropertyValueSpecification","valueRequired":true,"valueName":"search_term_string"}}],"inLanguage":"fr-FR"},{"@type":"Person","@id":"https:\/\/blogs.thesocialmedia.com\/leblogmoto\/#\/schema\/person\/18bfe773e5725ed6d24f743da805362a","name":"benoit rieu","image":{"@type":"ImageObject","inLanguage":"fr-FR","@id":"https:\/\/blogs.thesocialmedia.com\/leblogmoto\/#\/schema\/person\/image\/","url":"https:\/\/secure.gravatar.com\/avatar\/?s=96&d=mm&r=g","contentUrl":"https:\/\/secure.gravatar.com\/avatar\/?s=96&d=mm&r=g","caption":"benoit rieu"},"url":"https:\/\/blogs.thesocialmedia.com\/leblogmoto\/author\/benoit-rieu\/"}]}},"_links":{"self":[{"href":"https:\/\/blogs.thesocialmedia.com\/leblogmoto\/wp-json\/wp\/v2\/posts\/319","targetHints":{"allow":["GET"]}}],"collection":[{"href":"https:\/\/blogs.thesocialmedia.com\/leblogmoto\/wp-json\/wp\/v2\/posts"}],"about":[{"href":"https:\/\/blogs.thesocialmedia.com\/leblogmoto\/wp-json\/wp\/v2\/types\/post"}],"author":[{"embeddable":true,"href":"https:\/\/blogs.thesocialmedia.com\/leblogmoto\/wp-json\/wp\/v2\/users\/324"}],"replies":[{"embeddable":true,"href":"https:\/\/blogs.thesocialmedia.com\/leblogmoto\/wp-json\/wp\/v2\/comments?post=319"}],"version-history":[{"count":2,"href":"https:\/\/blogs.thesocialmedia.com\/leblogmoto\/wp-json\/wp\/v2\/posts\/319\/revisions"}],"predecessor-version":[{"id":12552,"href":"https:\/\/blogs.thesocialmedia.com\/leblogmoto\/wp-json\/wp\/v2\/posts\/319\/revisions\/12552"}],"wp:attachment":[{"href":"https:\/\/blogs.thesocialmedia.com\/leblogmoto\/wp-json\/wp\/v2\/media?parent=319"}],"wp:term":[{"taxonomy":"category","embeddable":true,"href":"https:\/\/blogs.thesocialmedia.com\/leblogmoto\/wp-json\/wp\/v2\/categories?post=319"},{"taxonomy":"post_tag","embeddable":true,"href":"https:\/\/blogs.thesocialmedia.com\/leblogmoto\/wp-json\/wp\/v2\/tags?post=319"}],"curies":[{"name":"wp","href":"https:\/\/api.w.org\/{rel}","templated":true}]}}