{"id":320,"date":"2009-01-17T23:46:30","date_gmt":"2009-01-17T23:46:30","guid":{"rendered":"http:\/\/blogs.thesocialmedia.com\/leblogmoto\/2009\/01\/17\/kawasaki-comme\/"},"modified":"2012-07-11T16:58:55","modified_gmt":"2012-07-11T16:58:55","slug":"kawasaki-comme","status":"publish","type":"post","link":"https:\/\/blogs.thesocialmedia.com\/leblogmoto\/2009\/01\/17\/kawasaki-comme\/","title":{"rendered":"Kawasaki fait ses essais, comme si de rien n&rsquo;\u00e9tait."},"content":{"rendered":"<p><a href=\"http:\/\/blogs.thesocialmedia.com\/leblogmoto\/files\/2012\/07\/motogp_kawasaki_marco_melandri_wint.jpg\"><img loading=\"lazy\" decoding=\"async\" height=\"313\"  width=\"470\" alt=\"Motogp_kawasaki_marco_melandri_wint\" src=\"http:\/\/www.leblogmoto.com\/images\/2009\/01\/17\/motogp_kawasaki_marco_melandri_wint.jpg\" \/><\/a> <\/p>\n<p>Apr\u00e8s leur test hivernaux \u00e0 Valence, ici Marco Melandri sur la Ninja, Kawa a conduit des essais priv\u00e9s \u00e0 Eastern Creek, lieu de l&rsquo;ancien Grand Prix australien, avec ses pilotes essayeurs Olivier Jacque et Tamaki Serizawa au guidon de la ZX-RR. Et les br\u00e8ves confidences au site MotoGP du champion du monde 250 de 2000, laissent entrevoir de belles possibilit\u00e9s pour la machine: &quot;Je n&rsquo;ai fait que quelques runs mais la premi\u00e8re impression au sujet de la moto est tout \u00e0 fait positive. Elle a l&rsquo;air plus l\u00e9g\u00e8re et plus agile, donc le travail effectu\u00e9 pendant l&rsquo;hiver a \u00e9t\u00e9 certainement positif. Maintenant on doit engranger quelques miles afin d&rsquo;avoir une meilleure id\u00e9e du potentiel de la moto&quot;. Si seulement la saison se d\u00e9roulait normalement, car ce ne sont pas sous les couleurs d&rsquo;usine que ces motos courront. Comme nous l&rsquo;avions avanc\u00e9, l&rsquo;hypoth\u00e8se la plus optimiste est celle du maintien de la structure actuelle (personnel, machines, pilotes) <a href=\"http:\/\/www.leblogmoto.com\/2009\/01\/kawasaki-serait.html\">dans un team priv\u00e9<\/a>, peut-\u00eatre fran\u00e7ais. Le patron de la DORNA fermant les yeux sur l&rsquo;accord qui oblige Kawasaki \u00e0 aligner ses motos jusqu&rsquo;en 2011, si la firme japonaise est capable de respecter ses engagements cette ann\u00e9e. Faute de quoi, il intentera alors <a href=\"http:\/\/www.leblogmoto.com\/2009\/01\/carmelo-menace.html\">un proc\u00e8s aux verts<\/a>.<\/p>\n<p><em>Source de la news: Autosport.<\/em><\/p>\n<p><em>Cr\u00e9dit photo: photo constructeur, site Kawasaki Racing.<\/em><\/p>\n","protected":false},"excerpt":{"rendered":"<p>Apr\u00e8s leur test hivernaux \u00e0 Valence, ici Marco Melandri sur la Ninja, Kawa a conduit des essais priv\u00e9s \u00e0 Eastern Creek, lieu de l&rsquo;ancien Grand Prix australien, avec ses pilotes essayeurs Olivier Jacque et Tamaki Serizawa au guidon de la ZX-RR. Et les br\u00e8ves confidences au site MotoGP du champion du monde 250 de 2000, [&hellip;]<\/p>\n","protected":false},"author":324,"featured_media":0,"comment_status":"open","ping_status":"open","sticky":false,"template":"","format":"standard","meta":{"footnotes":""},"categories":[3,45,22],"tags":[],"class_list":["post-320","post","type-post","status-publish","format-standard","hentry","category-actualite","category-kawasaki","category-motogp"],"yoast_head":"<!-- This site is optimized with the Yoast SEO plugin v26.0 - https:\/\/yoast.com\/wordpress\/plugins\/seo\/ -->\n<title>Kawasaki fait ses essais, comme si de rien n&#039;\u00e9tait. - leblogmoto.com<\/title>\n<meta name=\"robots\" content=\"index, follow, max-snippet:-1, max-image-preview:large, max-video-preview:-1\" \/>\n<link rel=\"canonical\" href=\"https:\/\/blogs.thesocialmedia.com\/leblogmoto\/2009\/01\/17\/kawasaki-comme\/\" \/>\n<meta name=\"twitter:card\" content=\"summary_large_image\" \/>\n<meta name=\"twitter:title\" content=\"Kawasaki fait ses essais, comme si de rien n&#039;\u00e9tait. - leblogmoto.com\" \/>\n<meta name=\"twitter:description\" content=\"Apr\u00e8s leur test hivernaux \u00e0 Valence, ici Marco Melandri sur la Ninja, Kawa a conduit des essais priv\u00e9s \u00e0 Eastern Creek, lieu de l&rsquo;ancien Grand Prix australien, avec ses pilotes essayeurs Olivier Jacque et Tamaki Serizawa au guidon de la ZX-RR. Et les br\u00e8ves confidences au site MotoGP du champion du monde 250 de 2000, [&hellip;]\" \/>\n<meta name=\"twitter:image\" content=\"http:\/\/www.leblogmoto.com\/images\/2009\/01\/17\/motogp_kawasaki_marco_melandri_wint.jpg\" \/>\n<meta name=\"twitter:label1\" content=\"\u00c9crit par\" \/>\n\t<meta name=\"twitter:data1\" content=\"benoit rieu\" \/>\n\t<meta name=\"twitter:label2\" content=\"Dur\u00e9e de lecture estim\u00e9e\" \/>\n\t<meta name=\"twitter:data2\" content=\"1 minute\" \/>\n<script type=\"application\/ld+json\" class=\"yoast-schema-graph\">{\"@context\":\"https:\/\/schema.org\",\"@graph\":[{\"@type\":\"WebPage\",\"@id\":\"https:\/\/blogs.thesocialmedia.com\/leblogmoto\/2009\/01\/17\/kawasaki-comme\/\",\"url\":\"https:\/\/blogs.thesocialmedia.com\/leblogmoto\/2009\/01\/17\/kawasaki-comme\/\",\"name\":\"Kawasaki fait ses essais, comme si de rien n'\u00e9tait. - leblogmoto.com\",\"isPartOf\":{\"@id\":\"https:\/\/blogs.thesocialmedia.com\/leblogmoto\/#website\"},\"primaryImageOfPage\":{\"@id\":\"https:\/\/blogs.thesocialmedia.com\/leblogmoto\/2009\/01\/17\/kawasaki-comme\/#primaryimage\"},\"image\":{\"@id\":\"https:\/\/blogs.thesocialmedia.com\/leblogmoto\/2009\/01\/17\/kawasaki-comme\/#primaryimage\"},\"thumbnailUrl\":\"http:\/\/www.leblogmoto.com\/images\/2009\/01\/17\/motogp_kawasaki_marco_melandri_wint.jpg\",\"datePublished\":\"2009-01-17T23:46:30+00:00\",\"dateModified\":\"2012-07-11T16:58:55+00:00\",\"author\":{\"@id\":\"https:\/\/blogs.thesocialmedia.com\/leblogmoto\/#\/schema\/person\/18bfe773e5725ed6d24f743da805362a\"},\"breadcrumb\":{\"@id\":\"https:\/\/blogs.thesocialmedia.com\/leblogmoto\/2009\/01\/17\/kawasaki-comme\/#breadcrumb\"},\"inLanguage\":\"fr-FR\",\"potentialAction\":[{\"@type\":\"ReadAction\",\"target\":[\"https:\/\/blogs.thesocialmedia.com\/leblogmoto\/2009\/01\/17\/kawasaki-comme\/\"]}]},{\"@type\":\"ImageObject\",\"inLanguage\":\"fr-FR\",\"@id\":\"https:\/\/blogs.thesocialmedia.com\/leblogmoto\/2009\/01\/17\/kawasaki-comme\/#primaryimage\",\"url\":\"http:\/\/www.leblogmoto.com\/images\/2009\/01\/17\/motogp_kawasaki_marco_melandri_wint.jpg\",\"contentUrl\":\"http:\/\/www.leblogmoto.com\/images\/2009\/01\/17\/motogp_kawasaki_marco_melandri_wint.jpg\"},{\"@type\":\"BreadcrumbList\",\"@id\":\"https:\/\/blogs.thesocialmedia.com\/leblogmoto\/2009\/01\/17\/kawasaki-comme\/#breadcrumb\",\"itemListElement\":[{\"@type\":\"ListItem\",\"position\":1,\"name\":\"Accueil\",\"item\":\"https:\/\/blogs.thesocialmedia.com\/leblogmoto\/\"},{\"@type\":\"ListItem\",\"position\":2,\"name\":\"Kawasaki fait ses essais, comme si de rien n&rsquo;\u00e9tait.\"}]},{\"@type\":\"WebSite\",\"@id\":\"https:\/\/blogs.thesocialmedia.com\/leblogmoto\/#website\",\"url\":\"https:\/\/blogs.thesocialmedia.com\/leblogmoto\/\",\"name\":\"leblogmoto\",\"description\":\"Toute l&#039;actualit\u00e9 des 2 roues\",\"potentialAction\":[{\"@type\":\"SearchAction\",\"target\":{\"@type\":\"EntryPoint\",\"urlTemplate\":\"https:\/\/blogs.thesocialmedia.com\/leblogmoto\/?s={search_term_string}\"},\"query-input\":{\"@type\":\"PropertyValueSpecification\",\"valueRequired\":true,\"valueName\":\"search_term_string\"}}],\"inLanguage\":\"fr-FR\"},{\"@type\":\"Person\",\"@id\":\"https:\/\/blogs.thesocialmedia.com\/leblogmoto\/#\/schema\/person\/18bfe773e5725ed6d24f743da805362a\",\"name\":\"benoit rieu\",\"image\":{\"@type\":\"ImageObject\",\"inLanguage\":\"fr-FR\",\"@id\":\"https:\/\/blogs.thesocialmedia.com\/leblogmoto\/#\/schema\/person\/image\/\",\"url\":\"https:\/\/secure.gravatar.com\/avatar\/?s=96&d=mm&r=g\",\"contentUrl\":\"https:\/\/secure.gravatar.com\/avatar\/?s=96&d=mm&r=g\",\"caption\":\"benoit rieu\"},\"url\":\"https:\/\/blogs.thesocialmedia.com\/leblogmoto\/author\/benoit-rieu\/\"}]}<\/script>\n<!-- \/ Yoast SEO plugin. -->","yoast_head_json":{"title":"Kawasaki fait ses essais, comme si de rien n'\u00e9tait. - leblogmoto.com","robots":{"index":"index","follow":"follow","max-snippet":"max-snippet:-1","max-image-preview":"max-image-preview:large","max-video-preview":"max-video-preview:-1"},"canonical":"https:\/\/blogs.thesocialmedia.com\/leblogmoto\/2009\/01\/17\/kawasaki-comme\/","twitter_card":"summary_large_image","twitter_title":"Kawasaki fait ses essais, comme si de rien n'\u00e9tait. - leblogmoto.com","twitter_description":"Apr\u00e8s leur test hivernaux \u00e0 Valence, ici Marco Melandri sur la Ninja, Kawa a conduit des essais priv\u00e9s \u00e0 Eastern Creek, lieu de l&rsquo;ancien Grand Prix australien, avec ses pilotes essayeurs Olivier Jacque et Tamaki Serizawa au guidon de la ZX-RR. Et les br\u00e8ves confidences au site MotoGP du champion du monde 250 de 2000, [&hellip;]","twitter_image":"http:\/\/www.leblogmoto.com\/images\/2009\/01\/17\/motogp_kawasaki_marco_melandri_wint.jpg","twitter_misc":{"\u00c9crit par":"benoit rieu","Dur\u00e9e de lecture estim\u00e9e":"1 minute"},"schema":{"@context":"https:\/\/schema.org","@graph":[{"@type":"WebPage","@id":"https:\/\/blogs.thesocialmedia.com\/leblogmoto\/2009\/01\/17\/kawasaki-comme\/","url":"https:\/\/blogs.thesocialmedia.com\/leblogmoto\/2009\/01\/17\/kawasaki-comme\/","name":"Kawasaki fait ses essais, comme si de rien n'\u00e9tait. - leblogmoto.com","isPartOf":{"@id":"https:\/\/blogs.thesocialmedia.com\/leblogmoto\/#website"},"primaryImageOfPage":{"@id":"https:\/\/blogs.thesocialmedia.com\/leblogmoto\/2009\/01\/17\/kawasaki-comme\/#primaryimage"},"image":{"@id":"https:\/\/blogs.thesocialmedia.com\/leblogmoto\/2009\/01\/17\/kawasaki-comme\/#primaryimage"},"thumbnailUrl":"http:\/\/www.leblogmoto.com\/images\/2009\/01\/17\/motogp_kawasaki_marco_melandri_wint.jpg","datePublished":"2009-01-17T23:46:30+00:00","dateModified":"2012-07-11T16:58:55+00:00","author":{"@id":"https:\/\/blogs.thesocialmedia.com\/leblogmoto\/#\/schema\/person\/18bfe773e5725ed6d24f743da805362a"},"breadcrumb":{"@id":"https:\/\/blogs.thesocialmedia.com\/leblogmoto\/2009\/01\/17\/kawasaki-comme\/#breadcrumb"},"inLanguage":"fr-FR","potentialAction":[{"@type":"ReadAction","target":["https:\/\/blogs.thesocialmedia.com\/leblogmoto\/2009\/01\/17\/kawasaki-comme\/"]}]},{"@type":"ImageObject","inLanguage":"fr-FR","@id":"https:\/\/blogs.thesocialmedia.com\/leblogmoto\/2009\/01\/17\/kawasaki-comme\/#primaryimage","url":"http:\/\/www.leblogmoto.com\/images\/2009\/01\/17\/motogp_kawasaki_marco_melandri_wint.jpg","contentUrl":"http:\/\/www.leblogmoto.com\/images\/2009\/01\/17\/motogp_kawasaki_marco_melandri_wint.jpg"},{"@type":"BreadcrumbList","@id":"https:\/\/blogs.thesocialmedia.com\/leblogmoto\/2009\/01\/17\/kawasaki-comme\/#breadcrumb","itemListElement":[{"@type":"ListItem","position":1,"name":"Accueil","item":"https:\/\/blogs.thesocialmedia.com\/leblogmoto\/"},{"@type":"ListItem","position":2,"name":"Kawasaki fait ses essais, comme si de rien n&rsquo;\u00e9tait."}]},{"@type":"WebSite","@id":"https:\/\/blogs.thesocialmedia.com\/leblogmoto\/#website","url":"https:\/\/blogs.thesocialmedia.com\/leblogmoto\/","name":"leblogmoto","description":"Toute l&#039;actualit\u00e9 des 2 roues","potentialAction":[{"@type":"SearchAction","target":{"@type":"EntryPoint","urlTemplate":"https:\/\/blogs.thesocialmedia.com\/leblogmoto\/?s={search_term_string}"},"query-input":{"@type":"PropertyValueSpecification","valueRequired":true,"valueName":"search_term_string"}}],"inLanguage":"fr-FR"},{"@type":"Person","@id":"https:\/\/blogs.thesocialmedia.com\/leblogmoto\/#\/schema\/person\/18bfe773e5725ed6d24f743da805362a","name":"benoit rieu","image":{"@type":"ImageObject","inLanguage":"fr-FR","@id":"https:\/\/blogs.thesocialmedia.com\/leblogmoto\/#\/schema\/person\/image\/","url":"https:\/\/secure.gravatar.com\/avatar\/?s=96&d=mm&r=g","contentUrl":"https:\/\/secure.gravatar.com\/avatar\/?s=96&d=mm&r=g","caption":"benoit rieu"},"url":"https:\/\/blogs.thesocialmedia.com\/leblogmoto\/author\/benoit-rieu\/"}]}},"_links":{"self":[{"href":"https:\/\/blogs.thesocialmedia.com\/leblogmoto\/wp-json\/wp\/v2\/posts\/320","targetHints":{"allow":["GET"]}}],"collection":[{"href":"https:\/\/blogs.thesocialmedia.com\/leblogmoto\/wp-json\/wp\/v2\/posts"}],"about":[{"href":"https:\/\/blogs.thesocialmedia.com\/leblogmoto\/wp-json\/wp\/v2\/types\/post"}],"author":[{"embeddable":true,"href":"https:\/\/blogs.thesocialmedia.com\/leblogmoto\/wp-json\/wp\/v2\/users\/324"}],"replies":[{"embeddable":true,"href":"https:\/\/blogs.thesocialmedia.com\/leblogmoto\/wp-json\/wp\/v2\/comments?post=320"}],"version-history":[{"count":2,"href":"https:\/\/blogs.thesocialmedia.com\/leblogmoto\/wp-json\/wp\/v2\/posts\/320\/revisions"}],"predecessor-version":[{"id":12550,"href":"https:\/\/blogs.thesocialmedia.com\/leblogmoto\/wp-json\/wp\/v2\/posts\/320\/revisions\/12550"}],"wp:attachment":[{"href":"https:\/\/blogs.thesocialmedia.com\/leblogmoto\/wp-json\/wp\/v2\/media?parent=320"}],"wp:term":[{"taxonomy":"category","embeddable":true,"href":"https:\/\/blogs.thesocialmedia.com\/leblogmoto\/wp-json\/wp\/v2\/categories?post=320"},{"taxonomy":"post_tag","embeddable":true,"href":"https:\/\/blogs.thesocialmedia.com\/leblogmoto\/wp-json\/wp\/v2\/tags?post=320"}],"curies":[{"name":"wp","href":"https:\/\/api.w.org\/{rel}","templated":true}]}}