{"id":324,"date":"2009-01-16T04:32:27","date_gmt":"2009-01-16T04:32:27","guid":{"rendered":"http:\/\/blogs.thesocialmedia.com\/leblogmoto\/2009\/01\/16\/album-du-vend-1-3\/"},"modified":"2012-07-11T16:58:30","modified_gmt":"2012-07-11T16:58:30","slug":"album-du-vend-1-3","status":"publish","type":"post","link":"https:\/\/blogs.thesocialmedia.com\/leblogmoto\/2009\/01\/16\/album-du-vend-1-3\/","title":{"rendered":"Album du vendredi, Borgo Panigale hier encore"},"content":{"rendered":"<p><a href=\"http:\/\/blogs.thesocialmedia.com\/leblogmoto\/files\/2012\/07\/duc_multi.jpg\"><img loading=\"lazy\" decoding=\"async\" width=\"470\" height=\"352\"  src=\"http:\/\/www.leblogmoto.com\/images\/2009\/01\/15\/duc_multi.jpg\" alt=\"Duc_multi\" \/><\/a> <\/p>\n<p>Vous l\u2019avez peut-\u00eatre vu, sinon la voil\u00e0, cette image du suppos\u00e9 nouveau Multistrada, floue, une photo o\u00f9 on voit rien, comme une fille de dos qui s\u2019cache les fesses avec les mains!?<br \/>On peut comprendre que l\u2019id\u00e9e est excitante, une toute nouvelle machine, cette mal-aim\u00e9e de la gamme dont le profil ne lui est pas avantageux, mais qui sait se faire pardonner \u00e0 l\u2019usage.<\/p>\n<p>Mais c\u2019est leur destin\u00e9 \u00e0 toutes, on n\u2019arr\u00eate pas le progr\u00e8s comme ils disent, et un jour, ils l\u2019auront leur moto volante, mais en attendant, un petit retour en arri\u00e8re et en image sur la production de la marque de Borgo Panigale.<\/p>\n<p>Images du photographe Australien <a href=\"http:\/\/www.philaphoto.com\/\">Phil Aynsley<\/a><\/p>\n<p><a href=\"http:\/\/clabedan.typepad.com\/.shared\/image.html?\/photos\/uncategorized\/2009\/01\/15\/duc2.jpg\"><img loading=\"lazy\" decoding=\"async\" width=\"470\" height=\"270\"  src=\"http:\/\/www.leblogmoto.com\/images\/2009\/01\/15\/duc2.jpg\" alt=\"Duc2\" \/><\/a> <\/p>\n<p><a href=\"http:\/\/blogs.thesocialmedia.com\/leblogmoto\/files\/2012\/07\/duc31.jpg\"><img loading=\"lazy\" decoding=\"async\" width=\"470\" height=\"329\"  src=\"http:\/\/www.leblogmoto.com\/images\/2009\/01\/15\/duc3.jpg\" alt=\"Duc3\" \/><\/a> <\/p>\n<p><a href=\"http:\/\/blogs.thesocialmedia.com\/leblogmoto\/files\/2012\/07\/duc4.jpg\"><img loading=\"lazy\" decoding=\"async\" width=\"470\" height=\"312\"  src=\"http:\/\/www.leblogmoto.com\/images\/2009\/01\/15\/duc4.jpg\" alt=\"Duc4\" \/><\/a> <\/p>\n<p><a href=\"http:\/\/blogs.thesocialmedia.com\/leblogmoto\/files\/2012\/07\/duc51.jpg\"><img loading=\"lazy\" decoding=\"async\" width=\"470\" height=\"378\"  src=\"http:\/\/www.leblogmoto.com\/images\/2009\/01\/15\/duc5.jpg\" alt=\"Duc5\" \/><\/a> <\/p>\n<p><a href=\"http:\/\/blogs.thesocialmedia.com\/leblogmoto\/files\/2012\/07\/duc6.jpg\"><img loading=\"lazy\" decoding=\"async\" width=\"470\" height=\"330\"  src=\"http:\/\/www.leblogmoto.com\/images\/2009\/01\/15\/duc6.jpg\" alt=\"Duc6\" \/><\/a> <\/p>\n<p><a href=\"http:\/\/blogs.thesocialmedia.com\/leblogmoto\/files\/2012\/07\/duc7.jpg\"><img loading=\"lazy\" decoding=\"async\" width=\"470\" height=\"305\"  src=\"http:\/\/www.leblogmoto.com\/images\/2009\/01\/15\/duc7.jpg\" alt=\"Duc7\" \/><\/a> <\/p>\n<p><a href=\"http:\/\/blogs.thesocialmedia.com\/leblogmoto\/files\/2012\/07\/duc8.jpg\"><img loading=\"lazy\" decoding=\"async\" width=\"470\" height=\"287\"  src=\"http:\/\/www.leblogmoto.com\/images\/2009\/01\/15\/duc8.jpg\" alt=\"Duc8\" \/><\/a> <\/p>\n<p><a href=\"http:\/\/blogs.thesocialmedia.com\/leblogmoto\/files\/2012\/07\/duc9.jpg\"><img loading=\"lazy\" decoding=\"async\" width=\"470\" height=\"313\"  src=\"http:\/\/www.leblogmoto.com\/images\/2009\/01\/15\/duc9.jpg\" alt=\"Duc9\" \/><\/a> <\/p>\n<p><a href=\"http:\/\/blogs.thesocialmedia.com\/leblogmoto\/files\/2012\/07\/duc10.jpg\"><img loading=\"lazy\" decoding=\"async\" width=\"470\" height=\"279\"  src=\"http:\/\/www.leblogmoto.com\/images\/2009\/01\/15\/duc10.jpg\" alt=\"Duc10\" \/><\/a> <\/p>\n<p><a href=\"http:\/\/blogs.thesocialmedia.com\/leblogmoto\/files\/2012\/07\/duc11.jpg\"><img loading=\"lazy\" decoding=\"async\" width=\"470\" height=\"317\"  src=\"http:\/\/www.leblogmoto.com\/images\/2009\/01\/15\/duc11.jpg\" alt=\"Duc11\" \/><\/a> <\/p>\n<p><a href=\"http:\/\/blogs.thesocialmedia.com\/leblogmoto\/files\/2012\/07\/duc12.jpg\"><img loading=\"lazy\" decoding=\"async\" width=\"470\" height=\"273\"  src=\"http:\/\/www.leblogmoto.com\/images\/2009\/01\/15\/duc12.jpg\" alt=\"Duc12\" \/><\/a> <\/p>\n<p><a href=\"http:\/\/blogs.thesocialmedia.com\/leblogmoto\/files\/2012\/07\/duc13.jpg\"><img loading=\"lazy\" decoding=\"async\" width=\"470\" height=\"312\"  src=\"http:\/\/www.leblogmoto.com\/images\/2009\/01\/15\/duc13.jpg\" alt=\"Duc13\" \/><\/a> <\/p>\n<p>En chanson, la m\u00e9taphore de la fille qui se cache les fesses.<\/p>\n<p><object width=\"445\" height=\"364\"><param value=\"http:\/\/www.youtube.com\/v\/ybAwYUYkiyg&amp;hl=fr&amp;fs=1&amp;rel=0&amp;border=1&amp;ap=%2526fmt%3D18\" name=\"movie\" \/><param value=\"true\" name=\"allowFullScreen\" \/><param value=\"always\" name=\"allowscriptaccess\" \/><embed width=\"445\" height=\"364\" type=\"application\/x-shockwave-flash\" src=\"http:\/\/www.youtube.com\/v\/ybAwYUYkiyg&amp;hl=fr&amp;fs=1&amp;rel=0&amp;border=1&amp;ap=%2526fmt%3D18\"><\/embed><\/object><\/p>\n","protected":false},"excerpt":{"rendered":"<p>Vous l\u2019avez peut-\u00eatre vu, sinon la voil\u00e0, cette image du suppos\u00e9 nouveau Multistrada, floue, une photo o\u00f9 on voit rien, comme une fille de dos qui s\u2019cache les fesses avec les mains!?On peut comprendre que l\u2019id\u00e9e est excitante, une toute nouvelle machine, cette mal-aim\u00e9e de la gamme dont le profil ne lui est pas avantageux, [&hellip;]<\/p>\n","protected":false},"author":325,"featured_media":0,"comment_status":"open","ping_status":"open","sticky":false,"template":"","format":"standard","meta":{"footnotes":""},"categories":[17,41],"tags":[],"class_list":["post-324","post","type-post","status-publish","format-standard","hentry","category-divers","category-ducati"],"yoast_head":"<!-- This site is optimized with the Yoast SEO plugin v26.0 - https:\/\/yoast.com\/wordpress\/plugins\/seo\/ -->\n<title>Album du vendredi, Borgo Panigale hier encore - leblogmoto.com<\/title>\n<meta name=\"robots\" content=\"index, follow, max-snippet:-1, max-image-preview:large, max-video-preview:-1\" \/>\n<link rel=\"canonical\" href=\"https:\/\/blogs.thesocialmedia.com\/leblogmoto\/2009\/01\/16\/album-du-vend-1-3\/\" \/>\n<meta name=\"twitter:card\" content=\"summary_large_image\" \/>\n<meta name=\"twitter:title\" content=\"Album du vendredi, Borgo Panigale hier encore - leblogmoto.com\" \/>\n<meta name=\"twitter:description\" content=\"Vous l\u2019avez peut-\u00eatre vu, sinon la voil\u00e0, cette image du suppos\u00e9 nouveau Multistrada, floue, une photo o\u00f9 on voit rien, comme une fille de dos qui s\u2019cache les fesses avec les mains!?On peut comprendre que l\u2019id\u00e9e est excitante, une toute nouvelle machine, cette mal-aim\u00e9e de la gamme dont le profil ne lui est pas avantageux, [&hellip;]\" \/>\n<meta name=\"twitter:image\" content=\"http:\/\/www.leblogmoto.com\/images\/2009\/01\/15\/duc_multi.jpg\" \/>\n<meta name=\"twitter:label1\" content=\"\u00c9crit par\" \/>\n\t<meta name=\"twitter:data1\" content=\"jacques lesage\" \/>\n\t<meta name=\"twitter:label2\" content=\"Dur\u00e9e de lecture estim\u00e9e\" \/>\n\t<meta name=\"twitter:data2\" content=\"1 minute\" \/>\n<script type=\"application\/ld+json\" class=\"yoast-schema-graph\">{\"@context\":\"https:\/\/schema.org\",\"@graph\":[{\"@type\":\"WebPage\",\"@id\":\"https:\/\/blogs.thesocialmedia.com\/leblogmoto\/2009\/01\/16\/album-du-vend-1-3\/\",\"url\":\"https:\/\/blogs.thesocialmedia.com\/leblogmoto\/2009\/01\/16\/album-du-vend-1-3\/\",\"name\":\"Album du vendredi, Borgo Panigale hier encore - leblogmoto.com\",\"isPartOf\":{\"@id\":\"https:\/\/blogs.thesocialmedia.com\/leblogmoto\/#website\"},\"primaryImageOfPage\":{\"@id\":\"https:\/\/blogs.thesocialmedia.com\/leblogmoto\/2009\/01\/16\/album-du-vend-1-3\/#primaryimage\"},\"image\":{\"@id\":\"https:\/\/blogs.thesocialmedia.com\/leblogmoto\/2009\/01\/16\/album-du-vend-1-3\/#primaryimage\"},\"thumbnailUrl\":\"http:\/\/www.leblogmoto.com\/images\/2009\/01\/15\/duc_multi.jpg\",\"datePublished\":\"2009-01-16T04:32:27+00:00\",\"dateModified\":\"2012-07-11T16:58:30+00:00\",\"author\":{\"@id\":\"https:\/\/blogs.thesocialmedia.com\/leblogmoto\/#\/schema\/person\/e82a0ca8a9a63d031586097a3ed58526\"},\"breadcrumb\":{\"@id\":\"https:\/\/blogs.thesocialmedia.com\/leblogmoto\/2009\/01\/16\/album-du-vend-1-3\/#breadcrumb\"},\"inLanguage\":\"fr-FR\",\"potentialAction\":[{\"@type\":\"ReadAction\",\"target\":[\"https:\/\/blogs.thesocialmedia.com\/leblogmoto\/2009\/01\/16\/album-du-vend-1-3\/\"]}]},{\"@type\":\"ImageObject\",\"inLanguage\":\"fr-FR\",\"@id\":\"https:\/\/blogs.thesocialmedia.com\/leblogmoto\/2009\/01\/16\/album-du-vend-1-3\/#primaryimage\",\"url\":\"http:\/\/www.leblogmoto.com\/images\/2009\/01\/15\/duc_multi.jpg\",\"contentUrl\":\"http:\/\/www.leblogmoto.com\/images\/2009\/01\/15\/duc_multi.jpg\"},{\"@type\":\"BreadcrumbList\",\"@id\":\"https:\/\/blogs.thesocialmedia.com\/leblogmoto\/2009\/01\/16\/album-du-vend-1-3\/#breadcrumb\",\"itemListElement\":[{\"@type\":\"ListItem\",\"position\":1,\"name\":\"Accueil\",\"item\":\"https:\/\/blogs.thesocialmedia.com\/leblogmoto\/\"},{\"@type\":\"ListItem\",\"position\":2,\"name\":\"Album du vendredi, Borgo Panigale hier encore\"}]},{\"@type\":\"WebSite\",\"@id\":\"https:\/\/blogs.thesocialmedia.com\/leblogmoto\/#website\",\"url\":\"https:\/\/blogs.thesocialmedia.com\/leblogmoto\/\",\"name\":\"leblogmoto\",\"description\":\"Toute l&#039;actualit\u00e9 des 2 roues\",\"potentialAction\":[{\"@type\":\"SearchAction\",\"target\":{\"@type\":\"EntryPoint\",\"urlTemplate\":\"https:\/\/blogs.thesocialmedia.com\/leblogmoto\/?s={search_term_string}\"},\"query-input\":{\"@type\":\"PropertyValueSpecification\",\"valueRequired\":true,\"valueName\":\"search_term_string\"}}],\"inLanguage\":\"fr-FR\"},{\"@type\":\"Person\",\"@id\":\"https:\/\/blogs.thesocialmedia.com\/leblogmoto\/#\/schema\/person\/e82a0ca8a9a63d031586097a3ed58526\",\"name\":\"jacques lesage\",\"image\":{\"@type\":\"ImageObject\",\"inLanguage\":\"fr-FR\",\"@id\":\"https:\/\/blogs.thesocialmedia.com\/leblogmoto\/#\/schema\/person\/image\/\",\"url\":\"https:\/\/secure.gravatar.com\/avatar\/?s=96&d=mm&r=g\",\"contentUrl\":\"https:\/\/secure.gravatar.com\/avatar\/?s=96&d=mm&r=g\",\"caption\":\"jacques lesage\"},\"url\":\"https:\/\/blogs.thesocialmedia.com\/leblogmoto\/author\/jacques-lesage\/\"}]}<\/script>\n<!-- \/ Yoast SEO plugin. -->","yoast_head_json":{"title":"Album du vendredi, Borgo Panigale hier encore - leblogmoto.com","robots":{"index":"index","follow":"follow","max-snippet":"max-snippet:-1","max-image-preview":"max-image-preview:large","max-video-preview":"max-video-preview:-1"},"canonical":"https:\/\/blogs.thesocialmedia.com\/leblogmoto\/2009\/01\/16\/album-du-vend-1-3\/","twitter_card":"summary_large_image","twitter_title":"Album du vendredi, Borgo Panigale hier encore - leblogmoto.com","twitter_description":"Vous l\u2019avez peut-\u00eatre vu, sinon la voil\u00e0, cette image du suppos\u00e9 nouveau Multistrada, floue, une photo o\u00f9 on voit rien, comme une fille de dos qui s\u2019cache les fesses avec les mains!?On peut comprendre que l\u2019id\u00e9e est excitante, une toute nouvelle machine, cette mal-aim\u00e9e de la gamme dont le profil ne lui est pas avantageux, [&hellip;]","twitter_image":"http:\/\/www.leblogmoto.com\/images\/2009\/01\/15\/duc_multi.jpg","twitter_misc":{"\u00c9crit par":"jacques lesage","Dur\u00e9e de lecture estim\u00e9e":"1 minute"},"schema":{"@context":"https:\/\/schema.org","@graph":[{"@type":"WebPage","@id":"https:\/\/blogs.thesocialmedia.com\/leblogmoto\/2009\/01\/16\/album-du-vend-1-3\/","url":"https:\/\/blogs.thesocialmedia.com\/leblogmoto\/2009\/01\/16\/album-du-vend-1-3\/","name":"Album du vendredi, Borgo Panigale hier encore - leblogmoto.com","isPartOf":{"@id":"https:\/\/blogs.thesocialmedia.com\/leblogmoto\/#website"},"primaryImageOfPage":{"@id":"https:\/\/blogs.thesocialmedia.com\/leblogmoto\/2009\/01\/16\/album-du-vend-1-3\/#primaryimage"},"image":{"@id":"https:\/\/blogs.thesocialmedia.com\/leblogmoto\/2009\/01\/16\/album-du-vend-1-3\/#primaryimage"},"thumbnailUrl":"http:\/\/www.leblogmoto.com\/images\/2009\/01\/15\/duc_multi.jpg","datePublished":"2009-01-16T04:32:27+00:00","dateModified":"2012-07-11T16:58:30+00:00","author":{"@id":"https:\/\/blogs.thesocialmedia.com\/leblogmoto\/#\/schema\/person\/e82a0ca8a9a63d031586097a3ed58526"},"breadcrumb":{"@id":"https:\/\/blogs.thesocialmedia.com\/leblogmoto\/2009\/01\/16\/album-du-vend-1-3\/#breadcrumb"},"inLanguage":"fr-FR","potentialAction":[{"@type":"ReadAction","target":["https:\/\/blogs.thesocialmedia.com\/leblogmoto\/2009\/01\/16\/album-du-vend-1-3\/"]}]},{"@type":"ImageObject","inLanguage":"fr-FR","@id":"https:\/\/blogs.thesocialmedia.com\/leblogmoto\/2009\/01\/16\/album-du-vend-1-3\/#primaryimage","url":"http:\/\/www.leblogmoto.com\/images\/2009\/01\/15\/duc_multi.jpg","contentUrl":"http:\/\/www.leblogmoto.com\/images\/2009\/01\/15\/duc_multi.jpg"},{"@type":"BreadcrumbList","@id":"https:\/\/blogs.thesocialmedia.com\/leblogmoto\/2009\/01\/16\/album-du-vend-1-3\/#breadcrumb","itemListElement":[{"@type":"ListItem","position":1,"name":"Accueil","item":"https:\/\/blogs.thesocialmedia.com\/leblogmoto\/"},{"@type":"ListItem","position":2,"name":"Album du vendredi, Borgo Panigale hier encore"}]},{"@type":"WebSite","@id":"https:\/\/blogs.thesocialmedia.com\/leblogmoto\/#website","url":"https:\/\/blogs.thesocialmedia.com\/leblogmoto\/","name":"leblogmoto","description":"Toute l&#039;actualit\u00e9 des 2 roues","potentialAction":[{"@type":"SearchAction","target":{"@type":"EntryPoint","urlTemplate":"https:\/\/blogs.thesocialmedia.com\/leblogmoto\/?s={search_term_string}"},"query-input":{"@type":"PropertyValueSpecification","valueRequired":true,"valueName":"search_term_string"}}],"inLanguage":"fr-FR"},{"@type":"Person","@id":"https:\/\/blogs.thesocialmedia.com\/leblogmoto\/#\/schema\/person\/e82a0ca8a9a63d031586097a3ed58526","name":"jacques lesage","image":{"@type":"ImageObject","inLanguage":"fr-FR","@id":"https:\/\/blogs.thesocialmedia.com\/leblogmoto\/#\/schema\/person\/image\/","url":"https:\/\/secure.gravatar.com\/avatar\/?s=96&d=mm&r=g","contentUrl":"https:\/\/secure.gravatar.com\/avatar\/?s=96&d=mm&r=g","caption":"jacques lesage"},"url":"https:\/\/blogs.thesocialmedia.com\/leblogmoto\/author\/jacques-lesage\/"}]}},"_links":{"self":[{"href":"https:\/\/blogs.thesocialmedia.com\/leblogmoto\/wp-json\/wp\/v2\/posts\/324","targetHints":{"allow":["GET"]}}],"collection":[{"href":"https:\/\/blogs.thesocialmedia.com\/leblogmoto\/wp-json\/wp\/v2\/posts"}],"about":[{"href":"https:\/\/blogs.thesocialmedia.com\/leblogmoto\/wp-json\/wp\/v2\/types\/post"}],"author":[{"embeddable":true,"href":"https:\/\/blogs.thesocialmedia.com\/leblogmoto\/wp-json\/wp\/v2\/users\/325"}],"replies":[{"embeddable":true,"href":"https:\/\/blogs.thesocialmedia.com\/leblogmoto\/wp-json\/wp\/v2\/comments?post=324"}],"version-history":[{"count":2,"href":"https:\/\/blogs.thesocialmedia.com\/leblogmoto\/wp-json\/wp\/v2\/posts\/324\/revisions"}],"predecessor-version":[{"id":12536,"href":"https:\/\/blogs.thesocialmedia.com\/leblogmoto\/wp-json\/wp\/v2\/posts\/324\/revisions\/12536"}],"wp:attachment":[{"href":"https:\/\/blogs.thesocialmedia.com\/leblogmoto\/wp-json\/wp\/v2\/media?parent=324"}],"wp:term":[{"taxonomy":"category","embeddable":true,"href":"https:\/\/blogs.thesocialmedia.com\/leblogmoto\/wp-json\/wp\/v2\/categories?post=324"},{"taxonomy":"post_tag","embeddable":true,"href":"https:\/\/blogs.thesocialmedia.com\/leblogmoto\/wp-json\/wp\/v2\/tags?post=324"}],"curies":[{"name":"wp","href":"https:\/\/api.w.org\/{rel}","templated":true}]}}