{"id":325,"date":"2009-01-15T23:56:34","date_gmt":"2009-01-15T23:56:34","guid":{"rendered":"http:\/\/blogs.thesocialmedia.com\/leblogmoto\/2009\/01\/15\/les-motards-fte\/"},"modified":"2012-07-11T16:58:05","modified_gmt":"2012-07-11T16:58:05","slug":"les-motards-fte","status":"publish","type":"post","link":"https:\/\/blogs.thesocialmedia.com\/leblogmoto\/2009\/01\/15\/les-motards-fte\/","title":{"rendered":"Des motards f\u00eatent l&rsquo;ouverture des couloirs de bus \u00e0 Londres."},"content":{"rendered":"<p><a href=\"http:\/\/blogs.thesocialmedia.com\/leblogmoto\/files\/2012\/07\/moto_scurit_londres_couloirs_bus_au.jpg\"><img loading=\"lazy\" decoding=\"async\" height=\"312\"  width=\"470\" src=\"http:\/\/www.leblogmoto.com\/images\/2009\/01\/14\/moto_scurit_londres_couloirs_bus_au.jpg\" alt=\"Moto_scurit_londres_couloirs_bus_au\" \/><\/a> <\/p>\n<p>Voici un partage intelligent de la voie publique, bien loin de l&rsquo;attitude qui pr\u00e9vaut chez nous, o\u00f9 un tel comportement serait sanctionn\u00e9, au m\u00eame titre que le stationnement sur les trottoirs larges comme des boulevards. Ou la remont\u00e9e des files, qui est de moins en moins tol\u00e9r\u00e9e. La France prend parfois des allures de pays non seulement motophobe &#8211; cessons de tout voir par le bout de la lorgnette &#8211; mais \u00e9galement autophobe. Enfin bref, anti-tout ce qui se meut gr\u00e2ce \u00e0 un moteur \u00e0 explosion, ou combustion interne. A ce jeu-l\u00e0, l&rsquo;Angleterre nous prend parfois* \u00e0 contre-pied. M\u00eame si les <em>red bus lanes<\/em> sur lesquelles cette initiative est exp\u00e9riment\u00e9e ne repr\u00e9sentent que 5% de la voirie, l&rsquo;effet sur la congestion de la circulation est d\u00e9j\u00e0 visible. Au point que les autorit\u00e9s municipales envisagent de l&rsquo;\u00e9tendre \u00e0 d&rsquo;autres <em>boroughs<\/em>. Un groupe local de proprios Honda a d\u00e9cid\u00e9 de f\u00eater cela en sillonnant ces lignes jusqu&rsquo;au mythique Ace Caf\u00e9. Notez que les couloirs de bus londoniens sont diff\u00e9renci\u00e9s par un simple marquage au sol. A comparer avec nos grandes villes, o\u00f9 des petits plots, ou une ligne b\u00e9tonn\u00e9e sur 3 ou 4 centim\u00e8tres de haut, excluent les autres usagers. Alors que cet espace est objectivement sous-utilis\u00e9 en terme de trafic, et que, un m\u00e8tre \u00e0 c\u00f4t\u00e9, celui-ci est tr\u00e8s souvent engorg\u00e9. Vous avez dit pays &quot;cart\u00e9sien&quot; ?&nbsp; <\/p>\n<p><em>*on est gentil, on ne fera pas \u00e9tat du p\u00e9age de Londres, destin\u00e9 \u00e0 &quot;r\u00e9guler&quot; le trafic.<br \/><\/em><\/p>\n<p><em>via Autobloggreen<\/em><\/p>\n<p><a href=\"http:\/\/blogs.thesocialmedia.com\/leblogmoto\/files\/2012\/07\/moto_scurit_londres_couloirs_bus__2.jpg\"><img loading=\"lazy\" decoding=\"async\" height=\"312\"  width=\"470\" src=\"http:\/\/www.leblogmoto.com\/images\/2009\/01\/14\/moto_scurit_londres_couloirs_bus__2.jpg\" alt=\"Moto_scurit_londres_couloirs_bus__2\" \/><\/a><\/p>\n<p><a href=\"http:\/\/blogs.thesocialmedia.com\/leblogmoto\/files\/2012\/07\/moto_scurit_londres_couloirs_bus__3.jpg\"><img loading=\"lazy\" decoding=\"async\" height=\"312\"  width=\"470\" src=\"http:\/\/www.leblogmoto.com\/images\/2009\/01\/14\/moto_scurit_londres_couloirs_bus__3.jpg\" alt=\"Moto_scurit_londres_couloirs_bus__3\" \/><\/a> <\/p>\n","protected":false},"excerpt":{"rendered":"<p>Voici un partage intelligent de la voie publique, bien loin de l&rsquo;attitude qui pr\u00e9vaut chez nous, o\u00f9 un tel comportement serait sanctionn\u00e9, au m\u00eame titre que le stationnement sur les trottoirs larges comme des boulevards. Ou la remont\u00e9e des files, qui est de moins en moins tol\u00e9r\u00e9e. La France prend parfois des allures de pays [&hellip;]<\/p>\n","protected":false},"author":324,"featured_media":0,"comment_status":"open","ping_status":"open","sticky":false,"template":"","format":"standard","meta":{"footnotes":""},"categories":[3,14,27],"tags":[],"class_list":["post-325","post","type-post","status-publish","format-standard","hentry","category-actualite","category-honda","category-securite"],"yoast_head":"<!-- This site is optimized with the Yoast SEO plugin v26.0 - https:\/\/yoast.com\/wordpress\/plugins\/seo\/ -->\n<title>Des motards f\u00eatent l&#039;ouverture des couloirs de bus \u00e0 Londres. - leblogmoto.com<\/title>\n<meta name=\"robots\" content=\"index, follow, max-snippet:-1, max-image-preview:large, max-video-preview:-1\" \/>\n<link rel=\"canonical\" href=\"https:\/\/blogs.thesocialmedia.com\/leblogmoto\/2009\/01\/15\/les-motards-fte\/\" \/>\n<meta name=\"twitter:card\" content=\"summary_large_image\" \/>\n<meta name=\"twitter:title\" content=\"Des motards f\u00eatent l&#039;ouverture des couloirs de bus \u00e0 Londres. - leblogmoto.com\" \/>\n<meta name=\"twitter:description\" content=\"Voici un partage intelligent de la voie publique, bien loin de l&rsquo;attitude qui pr\u00e9vaut chez nous, o\u00f9 un tel comportement serait sanctionn\u00e9, au m\u00eame titre que le stationnement sur les trottoirs larges comme des boulevards. Ou la remont\u00e9e des files, qui est de moins en moins tol\u00e9r\u00e9e. La France prend parfois des allures de pays [&hellip;]\" \/>\n<meta name=\"twitter:image\" content=\"http:\/\/www.leblogmoto.com\/images\/2009\/01\/14\/moto_scurit_londres_couloirs_bus_au.jpg\" \/>\n<meta name=\"twitter:label1\" content=\"\u00c9crit par\" \/>\n\t<meta name=\"twitter:data1\" content=\"benoit rieu\" \/>\n\t<meta name=\"twitter:label2\" content=\"Dur\u00e9e de lecture estim\u00e9e\" \/>\n\t<meta name=\"twitter:data2\" content=\"1 minute\" \/>\n<script type=\"application\/ld+json\" class=\"yoast-schema-graph\">{\"@context\":\"https:\/\/schema.org\",\"@graph\":[{\"@type\":\"WebPage\",\"@id\":\"https:\/\/blogs.thesocialmedia.com\/leblogmoto\/2009\/01\/15\/les-motards-fte\/\",\"url\":\"https:\/\/blogs.thesocialmedia.com\/leblogmoto\/2009\/01\/15\/les-motards-fte\/\",\"name\":\"Des motards f\u00eatent l'ouverture des couloirs de bus \u00e0 Londres. - leblogmoto.com\",\"isPartOf\":{\"@id\":\"https:\/\/blogs.thesocialmedia.com\/leblogmoto\/#website\"},\"primaryImageOfPage\":{\"@id\":\"https:\/\/blogs.thesocialmedia.com\/leblogmoto\/2009\/01\/15\/les-motards-fte\/#primaryimage\"},\"image\":{\"@id\":\"https:\/\/blogs.thesocialmedia.com\/leblogmoto\/2009\/01\/15\/les-motards-fte\/#primaryimage\"},\"thumbnailUrl\":\"http:\/\/www.leblogmoto.com\/images\/2009\/01\/14\/moto_scurit_londres_couloirs_bus_au.jpg\",\"datePublished\":\"2009-01-15T23:56:34+00:00\",\"dateModified\":\"2012-07-11T16:58:05+00:00\",\"author\":{\"@id\":\"https:\/\/blogs.thesocialmedia.com\/leblogmoto\/#\/schema\/person\/18bfe773e5725ed6d24f743da805362a\"},\"breadcrumb\":{\"@id\":\"https:\/\/blogs.thesocialmedia.com\/leblogmoto\/2009\/01\/15\/les-motards-fte\/#breadcrumb\"},\"inLanguage\":\"fr-FR\",\"potentialAction\":[{\"@type\":\"ReadAction\",\"target\":[\"https:\/\/blogs.thesocialmedia.com\/leblogmoto\/2009\/01\/15\/les-motards-fte\/\"]}]},{\"@type\":\"ImageObject\",\"inLanguage\":\"fr-FR\",\"@id\":\"https:\/\/blogs.thesocialmedia.com\/leblogmoto\/2009\/01\/15\/les-motards-fte\/#primaryimage\",\"url\":\"http:\/\/www.leblogmoto.com\/images\/2009\/01\/14\/moto_scurit_londres_couloirs_bus_au.jpg\",\"contentUrl\":\"http:\/\/www.leblogmoto.com\/images\/2009\/01\/14\/moto_scurit_londres_couloirs_bus_au.jpg\"},{\"@type\":\"BreadcrumbList\",\"@id\":\"https:\/\/blogs.thesocialmedia.com\/leblogmoto\/2009\/01\/15\/les-motards-fte\/#breadcrumb\",\"itemListElement\":[{\"@type\":\"ListItem\",\"position\":1,\"name\":\"Accueil\",\"item\":\"https:\/\/blogs.thesocialmedia.com\/leblogmoto\/\"},{\"@type\":\"ListItem\",\"position\":2,\"name\":\"Des motards f\u00eatent l&rsquo;ouverture des couloirs de bus \u00e0 Londres.\"}]},{\"@type\":\"WebSite\",\"@id\":\"https:\/\/blogs.thesocialmedia.com\/leblogmoto\/#website\",\"url\":\"https:\/\/blogs.thesocialmedia.com\/leblogmoto\/\",\"name\":\"leblogmoto\",\"description\":\"Toute l&#039;actualit\u00e9 des 2 roues\",\"potentialAction\":[{\"@type\":\"SearchAction\",\"target\":{\"@type\":\"EntryPoint\",\"urlTemplate\":\"https:\/\/blogs.thesocialmedia.com\/leblogmoto\/?s={search_term_string}\"},\"query-input\":{\"@type\":\"PropertyValueSpecification\",\"valueRequired\":true,\"valueName\":\"search_term_string\"}}],\"inLanguage\":\"fr-FR\"},{\"@type\":\"Person\",\"@id\":\"https:\/\/blogs.thesocialmedia.com\/leblogmoto\/#\/schema\/person\/18bfe773e5725ed6d24f743da805362a\",\"name\":\"benoit rieu\",\"image\":{\"@type\":\"ImageObject\",\"inLanguage\":\"fr-FR\",\"@id\":\"https:\/\/blogs.thesocialmedia.com\/leblogmoto\/#\/schema\/person\/image\/\",\"url\":\"https:\/\/secure.gravatar.com\/avatar\/?s=96&d=mm&r=g\",\"contentUrl\":\"https:\/\/secure.gravatar.com\/avatar\/?s=96&d=mm&r=g\",\"caption\":\"benoit rieu\"},\"url\":\"https:\/\/blogs.thesocialmedia.com\/leblogmoto\/author\/benoit-rieu\/\"}]}<\/script>\n<!-- \/ Yoast SEO plugin. -->","yoast_head_json":{"title":"Des motards f\u00eatent l'ouverture des couloirs de bus \u00e0 Londres. - leblogmoto.com","robots":{"index":"index","follow":"follow","max-snippet":"max-snippet:-1","max-image-preview":"max-image-preview:large","max-video-preview":"max-video-preview:-1"},"canonical":"https:\/\/blogs.thesocialmedia.com\/leblogmoto\/2009\/01\/15\/les-motards-fte\/","twitter_card":"summary_large_image","twitter_title":"Des motards f\u00eatent l'ouverture des couloirs de bus \u00e0 Londres. - leblogmoto.com","twitter_description":"Voici un partage intelligent de la voie publique, bien loin de l&rsquo;attitude qui pr\u00e9vaut chez nous, o\u00f9 un tel comportement serait sanctionn\u00e9, au m\u00eame titre que le stationnement sur les trottoirs larges comme des boulevards. Ou la remont\u00e9e des files, qui est de moins en moins tol\u00e9r\u00e9e. La France prend parfois des allures de pays [&hellip;]","twitter_image":"http:\/\/www.leblogmoto.com\/images\/2009\/01\/14\/moto_scurit_londres_couloirs_bus_au.jpg","twitter_misc":{"\u00c9crit par":"benoit rieu","Dur\u00e9e de lecture estim\u00e9e":"1 minute"},"schema":{"@context":"https:\/\/schema.org","@graph":[{"@type":"WebPage","@id":"https:\/\/blogs.thesocialmedia.com\/leblogmoto\/2009\/01\/15\/les-motards-fte\/","url":"https:\/\/blogs.thesocialmedia.com\/leblogmoto\/2009\/01\/15\/les-motards-fte\/","name":"Des motards f\u00eatent l'ouverture des couloirs de bus \u00e0 Londres. - leblogmoto.com","isPartOf":{"@id":"https:\/\/blogs.thesocialmedia.com\/leblogmoto\/#website"},"primaryImageOfPage":{"@id":"https:\/\/blogs.thesocialmedia.com\/leblogmoto\/2009\/01\/15\/les-motards-fte\/#primaryimage"},"image":{"@id":"https:\/\/blogs.thesocialmedia.com\/leblogmoto\/2009\/01\/15\/les-motards-fte\/#primaryimage"},"thumbnailUrl":"http:\/\/www.leblogmoto.com\/images\/2009\/01\/14\/moto_scurit_londres_couloirs_bus_au.jpg","datePublished":"2009-01-15T23:56:34+00:00","dateModified":"2012-07-11T16:58:05+00:00","author":{"@id":"https:\/\/blogs.thesocialmedia.com\/leblogmoto\/#\/schema\/person\/18bfe773e5725ed6d24f743da805362a"},"breadcrumb":{"@id":"https:\/\/blogs.thesocialmedia.com\/leblogmoto\/2009\/01\/15\/les-motards-fte\/#breadcrumb"},"inLanguage":"fr-FR","potentialAction":[{"@type":"ReadAction","target":["https:\/\/blogs.thesocialmedia.com\/leblogmoto\/2009\/01\/15\/les-motards-fte\/"]}]},{"@type":"ImageObject","inLanguage":"fr-FR","@id":"https:\/\/blogs.thesocialmedia.com\/leblogmoto\/2009\/01\/15\/les-motards-fte\/#primaryimage","url":"http:\/\/www.leblogmoto.com\/images\/2009\/01\/14\/moto_scurit_londres_couloirs_bus_au.jpg","contentUrl":"http:\/\/www.leblogmoto.com\/images\/2009\/01\/14\/moto_scurit_londres_couloirs_bus_au.jpg"},{"@type":"BreadcrumbList","@id":"https:\/\/blogs.thesocialmedia.com\/leblogmoto\/2009\/01\/15\/les-motards-fte\/#breadcrumb","itemListElement":[{"@type":"ListItem","position":1,"name":"Accueil","item":"https:\/\/blogs.thesocialmedia.com\/leblogmoto\/"},{"@type":"ListItem","position":2,"name":"Des motards f\u00eatent l&rsquo;ouverture des couloirs de bus \u00e0 Londres."}]},{"@type":"WebSite","@id":"https:\/\/blogs.thesocialmedia.com\/leblogmoto\/#website","url":"https:\/\/blogs.thesocialmedia.com\/leblogmoto\/","name":"leblogmoto","description":"Toute l&#039;actualit\u00e9 des 2 roues","potentialAction":[{"@type":"SearchAction","target":{"@type":"EntryPoint","urlTemplate":"https:\/\/blogs.thesocialmedia.com\/leblogmoto\/?s={search_term_string}"},"query-input":{"@type":"PropertyValueSpecification","valueRequired":true,"valueName":"search_term_string"}}],"inLanguage":"fr-FR"},{"@type":"Person","@id":"https:\/\/blogs.thesocialmedia.com\/leblogmoto\/#\/schema\/person\/18bfe773e5725ed6d24f743da805362a","name":"benoit rieu","image":{"@type":"ImageObject","inLanguage":"fr-FR","@id":"https:\/\/blogs.thesocialmedia.com\/leblogmoto\/#\/schema\/person\/image\/","url":"https:\/\/secure.gravatar.com\/avatar\/?s=96&d=mm&r=g","contentUrl":"https:\/\/secure.gravatar.com\/avatar\/?s=96&d=mm&r=g","caption":"benoit rieu"},"url":"https:\/\/blogs.thesocialmedia.com\/leblogmoto\/author\/benoit-rieu\/"}]}},"_links":{"self":[{"href":"https:\/\/blogs.thesocialmedia.com\/leblogmoto\/wp-json\/wp\/v2\/posts\/325","targetHints":{"allow":["GET"]}}],"collection":[{"href":"https:\/\/blogs.thesocialmedia.com\/leblogmoto\/wp-json\/wp\/v2\/posts"}],"about":[{"href":"https:\/\/blogs.thesocialmedia.com\/leblogmoto\/wp-json\/wp\/v2\/types\/post"}],"author":[{"embeddable":true,"href":"https:\/\/blogs.thesocialmedia.com\/leblogmoto\/wp-json\/wp\/v2\/users\/324"}],"replies":[{"embeddable":true,"href":"https:\/\/blogs.thesocialmedia.com\/leblogmoto\/wp-json\/wp\/v2\/comments?post=325"}],"version-history":[{"count":2,"href":"https:\/\/blogs.thesocialmedia.com\/leblogmoto\/wp-json\/wp\/v2\/posts\/325\/revisions"}],"predecessor-version":[{"id":12523,"href":"https:\/\/blogs.thesocialmedia.com\/leblogmoto\/wp-json\/wp\/v2\/posts\/325\/revisions\/12523"}],"wp:attachment":[{"href":"https:\/\/blogs.thesocialmedia.com\/leblogmoto\/wp-json\/wp\/v2\/media?parent=325"}],"wp:term":[{"taxonomy":"category","embeddable":true,"href":"https:\/\/blogs.thesocialmedia.com\/leblogmoto\/wp-json\/wp\/v2\/categories?post=325"},{"taxonomy":"post_tag","embeddable":true,"href":"https:\/\/blogs.thesocialmedia.com\/leblogmoto\/wp-json\/wp\/v2\/tags?post=325"}],"curies":[{"name":"wp","href":"https:\/\/api.w.org\/{rel}","templated":true}]}}