{"id":326,"date":"2009-01-15T23:53:54","date_gmt":"2009-01-15T23:53:54","guid":{"rendered":"http:\/\/blogs.thesocialmedia.com\/leblogmoto\/2009\/01\/15\/carmelo-menace\/"},"modified":"2012-07-11T16:57:59","modified_gmt":"2012-07-11T16:57:59","slug":"carmelo-menace","status":"publish","type":"post","link":"https:\/\/blogs.thesocialmedia.com\/leblogmoto\/2009\/01\/15\/carmelo-menace\/","title":{"rendered":"Face aux ninjas, Carmelo brandit la menace d&rsquo;une action en justice."},"content":{"rendered":"<p><a href=\"http:\/\/blogs.thesocialmedia.com\/leblogmoto\/files\/2012\/07\/motogp_carmelo_ezpeleta.jpg\"><img loading=\"lazy\" decoding=\"async\" height=\"352\"  width=\"470\" alt=\"Motogp_carmelo_ezpeleta\" src=\"http:\/\/www.leblogmoto.com\/images\/2009\/01\/15\/motogp_carmelo_ezpeleta.jpg\" \/><\/a> <\/p>\n<p>Non, ne craignez rien, il ne s&rsquo;agit pas d&rsquo;une resuc\u00e9e d&rsquo;un film avec <a href=\"http:\/\/www.nanarland.com\/Chroniques\/Main.php?id_film=ninjablanc\">Michael Dudikoff<\/a>. De toute fa\u00e7on ces Ninja l\u00e0 sont verts, du moins dans leur livr\u00e9e originale. Car pour ce qui est de leur avenir&#8230; Dans le quotidien sportif italien <em>Gazzetta dello sport<\/em> Carmelo Ezpeleta explique qu&rsquo;il a accept\u00e9 \u00e0 contre-c\u0153ur l&rsquo;absence de Kawasaki en 2010 et 2011, comme elle s&rsquo;y \u00e9tait contractuellement engag\u00e9e, en \u00e9change d&rsquo;une pr\u00e9sence de la firme d&rsquo;Akashi en 2009 ou du moins de ses machines. Selon lui &quot;En Septembre, chacun d\u2019entre eux nous a dit combien de motos il ferait courir. C\u2019\u00e9tait le cas notamment de Kawasaki.&quot; Le patron de la Dorna affirme qu&rsquo;aucune p\u00e9nalit\u00e9 ne sera due pour ce d\u00e9part mais n&rsquo;accepte pas que le contrat soit rompu, du moins pas sans contre-partie. &quot;Etant donn\u00e9 qu\u2019ils nous ont dit que tous les frais \u00e9taient couverts, j\u2019ai propos\u00e9 qu\u2019ils courent en 2009. En \u00e9change, je les laisse se retirer pour 2010 et 2011.&quot; Or de leur c\u00f4t\u00e9, toujours selon l&rsquo;Espagnol, les Japonais affirment avoir assez de moteur pour disputer le quart d&rsquo;une saison normale, mais ne veulent pas en d\u00e9velopper pour le restant de la saison. C&rsquo;est l\u00e0 qu&rsquo;appara\u00eet le <a href=\"http:\/\/www.leblogmoto.com\/2009\/01\/kawasaki-serait.html\">team priv\u00e9<\/a> dont nous vous parlions derni\u00e8rement et celui-ci, \u00d4 surprise, serait fran\u00e7ais. &quot;J\u2019ai donc cherch\u00e9 une structure, en France, qui soit capable de faire ce travail. Le dernier obstacle \u00e0 franchir c\u2019est de faire en sorte que les Japonais rencontrent ces gens et acceptent leur plan de travail.&quot;<\/p>\n<p>Il encha\u00eene, optimiste &quot;Je pense que tout peut \u00eatre sauv\u00e9, Olivier Jacque fait des essais \u00e0 Eastern Creek. Le team sera une nouvelle fois dirig\u00e9 par Michael Bartholemy et il est \u00e9galement important de sauver John Hopkins et Marco Melandri.&quot; <\/p>\n<p>Et termine en prof\u00e9rant les menaces auxquelles nous nous r\u00e9f\u00e9rions en titre: &quot;De toute fa\u00e7on, maintenant c\u2019est le probl\u00e8me de Kawasaki : s\u2019ils ne courent pas, je les am\u00e8ne au tribunal.&quot;<\/p>\n<p><em>via automoto365<\/em><\/p>\n","protected":false},"excerpt":{"rendered":"<p>Non, ne craignez rien, il ne s&rsquo;agit pas d&rsquo;une resuc\u00e9e d&rsquo;un film avec Michael Dudikoff. De toute fa\u00e7on ces Ninja l\u00e0 sont verts, du moins dans leur livr\u00e9e originale. Car pour ce qui est de leur avenir&#8230; Dans le quotidien sportif italien Gazzetta dello sport Carmelo Ezpeleta explique qu&rsquo;il a accept\u00e9 \u00e0 contre-c\u0153ur l&rsquo;absence de [&hellip;]<\/p>\n","protected":false},"author":324,"featured_media":0,"comment_status":"open","ping_status":"open","sticky":false,"template":"","format":"standard","meta":{"footnotes":""},"categories":[3,45,22],"tags":[],"class_list":["post-326","post","type-post","status-publish","format-standard","hentry","category-actualite","category-kawasaki","category-motogp"],"yoast_head":"<!-- This site is optimized with the Yoast SEO plugin v26.0 - https:\/\/yoast.com\/wordpress\/plugins\/seo\/ -->\n<title>Face aux ninjas, Carmelo brandit la menace d&#039;une action en justice. - leblogmoto.com<\/title>\n<meta name=\"robots\" content=\"index, follow, max-snippet:-1, max-image-preview:large, max-video-preview:-1\" \/>\n<link rel=\"canonical\" href=\"https:\/\/blogs.thesocialmedia.com\/leblogmoto\/2009\/01\/15\/carmelo-menace\/\" \/>\n<meta name=\"twitter:card\" content=\"summary_large_image\" \/>\n<meta name=\"twitter:title\" content=\"Face aux ninjas, Carmelo brandit la menace d&#039;une action en justice. - leblogmoto.com\" \/>\n<meta name=\"twitter:description\" content=\"Non, ne craignez rien, il ne s&rsquo;agit pas d&rsquo;une resuc\u00e9e d&rsquo;un film avec Michael Dudikoff. De toute fa\u00e7on ces Ninja l\u00e0 sont verts, du moins dans leur livr\u00e9e originale. Car pour ce qui est de leur avenir&#8230; Dans le quotidien sportif italien Gazzetta dello sport Carmelo Ezpeleta explique qu&rsquo;il a accept\u00e9 \u00e0 contre-c\u0153ur l&rsquo;absence de [&hellip;]\" \/>\n<meta name=\"twitter:image\" content=\"http:\/\/www.leblogmoto.com\/images\/2009\/01\/15\/motogp_carmelo_ezpeleta.jpg\" \/>\n<meta name=\"twitter:label1\" content=\"\u00c9crit par\" \/>\n\t<meta name=\"twitter:data1\" content=\"benoit rieu\" \/>\n\t<meta name=\"twitter:label2\" content=\"Dur\u00e9e de lecture estim\u00e9e\" \/>\n\t<meta name=\"twitter:data2\" content=\"2 minutes\" \/>\n<script type=\"application\/ld+json\" class=\"yoast-schema-graph\">{\"@context\":\"https:\/\/schema.org\",\"@graph\":[{\"@type\":\"WebPage\",\"@id\":\"https:\/\/blogs.thesocialmedia.com\/leblogmoto\/2009\/01\/15\/carmelo-menace\/\",\"url\":\"https:\/\/blogs.thesocialmedia.com\/leblogmoto\/2009\/01\/15\/carmelo-menace\/\",\"name\":\"Face aux ninjas, Carmelo brandit la menace d'une action en justice. - leblogmoto.com\",\"isPartOf\":{\"@id\":\"https:\/\/blogs.thesocialmedia.com\/leblogmoto\/#website\"},\"primaryImageOfPage\":{\"@id\":\"https:\/\/blogs.thesocialmedia.com\/leblogmoto\/2009\/01\/15\/carmelo-menace\/#primaryimage\"},\"image\":{\"@id\":\"https:\/\/blogs.thesocialmedia.com\/leblogmoto\/2009\/01\/15\/carmelo-menace\/#primaryimage\"},\"thumbnailUrl\":\"http:\/\/www.leblogmoto.com\/images\/2009\/01\/15\/motogp_carmelo_ezpeleta.jpg\",\"datePublished\":\"2009-01-15T23:53:54+00:00\",\"dateModified\":\"2012-07-11T16:57:59+00:00\",\"author\":{\"@id\":\"https:\/\/blogs.thesocialmedia.com\/leblogmoto\/#\/schema\/person\/18bfe773e5725ed6d24f743da805362a\"},\"breadcrumb\":{\"@id\":\"https:\/\/blogs.thesocialmedia.com\/leblogmoto\/2009\/01\/15\/carmelo-menace\/#breadcrumb\"},\"inLanguage\":\"fr-FR\",\"potentialAction\":[{\"@type\":\"ReadAction\",\"target\":[\"https:\/\/blogs.thesocialmedia.com\/leblogmoto\/2009\/01\/15\/carmelo-menace\/\"]}]},{\"@type\":\"ImageObject\",\"inLanguage\":\"fr-FR\",\"@id\":\"https:\/\/blogs.thesocialmedia.com\/leblogmoto\/2009\/01\/15\/carmelo-menace\/#primaryimage\",\"url\":\"http:\/\/www.leblogmoto.com\/images\/2009\/01\/15\/motogp_carmelo_ezpeleta.jpg\",\"contentUrl\":\"http:\/\/www.leblogmoto.com\/images\/2009\/01\/15\/motogp_carmelo_ezpeleta.jpg\"},{\"@type\":\"BreadcrumbList\",\"@id\":\"https:\/\/blogs.thesocialmedia.com\/leblogmoto\/2009\/01\/15\/carmelo-menace\/#breadcrumb\",\"itemListElement\":[{\"@type\":\"ListItem\",\"position\":1,\"name\":\"Accueil\",\"item\":\"https:\/\/blogs.thesocialmedia.com\/leblogmoto\/\"},{\"@type\":\"ListItem\",\"position\":2,\"name\":\"Face aux ninjas, Carmelo brandit la menace d&rsquo;une action en justice.\"}]},{\"@type\":\"WebSite\",\"@id\":\"https:\/\/blogs.thesocialmedia.com\/leblogmoto\/#website\",\"url\":\"https:\/\/blogs.thesocialmedia.com\/leblogmoto\/\",\"name\":\"leblogmoto\",\"description\":\"Toute l&#039;actualit\u00e9 des 2 roues\",\"potentialAction\":[{\"@type\":\"SearchAction\",\"target\":{\"@type\":\"EntryPoint\",\"urlTemplate\":\"https:\/\/blogs.thesocialmedia.com\/leblogmoto\/?s={search_term_string}\"},\"query-input\":{\"@type\":\"PropertyValueSpecification\",\"valueRequired\":true,\"valueName\":\"search_term_string\"}}],\"inLanguage\":\"fr-FR\"},{\"@type\":\"Person\",\"@id\":\"https:\/\/blogs.thesocialmedia.com\/leblogmoto\/#\/schema\/person\/18bfe773e5725ed6d24f743da805362a\",\"name\":\"benoit rieu\",\"image\":{\"@type\":\"ImageObject\",\"inLanguage\":\"fr-FR\",\"@id\":\"https:\/\/blogs.thesocialmedia.com\/leblogmoto\/#\/schema\/person\/image\/\",\"url\":\"https:\/\/secure.gravatar.com\/avatar\/?s=96&d=mm&r=g\",\"contentUrl\":\"https:\/\/secure.gravatar.com\/avatar\/?s=96&d=mm&r=g\",\"caption\":\"benoit rieu\"},\"url\":\"https:\/\/blogs.thesocialmedia.com\/leblogmoto\/author\/benoit-rieu\/\"}]}<\/script>\n<!-- \/ Yoast SEO plugin. -->","yoast_head_json":{"title":"Face aux ninjas, Carmelo brandit la menace d'une action en justice. - leblogmoto.com","robots":{"index":"index","follow":"follow","max-snippet":"max-snippet:-1","max-image-preview":"max-image-preview:large","max-video-preview":"max-video-preview:-1"},"canonical":"https:\/\/blogs.thesocialmedia.com\/leblogmoto\/2009\/01\/15\/carmelo-menace\/","twitter_card":"summary_large_image","twitter_title":"Face aux ninjas, Carmelo brandit la menace d'une action en justice. - leblogmoto.com","twitter_description":"Non, ne craignez rien, il ne s&rsquo;agit pas d&rsquo;une resuc\u00e9e d&rsquo;un film avec Michael Dudikoff. De toute fa\u00e7on ces Ninja l\u00e0 sont verts, du moins dans leur livr\u00e9e originale. Car pour ce qui est de leur avenir&#8230; Dans le quotidien sportif italien Gazzetta dello sport Carmelo Ezpeleta explique qu&rsquo;il a accept\u00e9 \u00e0 contre-c\u0153ur l&rsquo;absence de [&hellip;]","twitter_image":"http:\/\/www.leblogmoto.com\/images\/2009\/01\/15\/motogp_carmelo_ezpeleta.jpg","twitter_misc":{"\u00c9crit par":"benoit rieu","Dur\u00e9e de lecture estim\u00e9e":"2 minutes"},"schema":{"@context":"https:\/\/schema.org","@graph":[{"@type":"WebPage","@id":"https:\/\/blogs.thesocialmedia.com\/leblogmoto\/2009\/01\/15\/carmelo-menace\/","url":"https:\/\/blogs.thesocialmedia.com\/leblogmoto\/2009\/01\/15\/carmelo-menace\/","name":"Face aux ninjas, Carmelo brandit la menace d'une action en justice. - leblogmoto.com","isPartOf":{"@id":"https:\/\/blogs.thesocialmedia.com\/leblogmoto\/#website"},"primaryImageOfPage":{"@id":"https:\/\/blogs.thesocialmedia.com\/leblogmoto\/2009\/01\/15\/carmelo-menace\/#primaryimage"},"image":{"@id":"https:\/\/blogs.thesocialmedia.com\/leblogmoto\/2009\/01\/15\/carmelo-menace\/#primaryimage"},"thumbnailUrl":"http:\/\/www.leblogmoto.com\/images\/2009\/01\/15\/motogp_carmelo_ezpeleta.jpg","datePublished":"2009-01-15T23:53:54+00:00","dateModified":"2012-07-11T16:57:59+00:00","author":{"@id":"https:\/\/blogs.thesocialmedia.com\/leblogmoto\/#\/schema\/person\/18bfe773e5725ed6d24f743da805362a"},"breadcrumb":{"@id":"https:\/\/blogs.thesocialmedia.com\/leblogmoto\/2009\/01\/15\/carmelo-menace\/#breadcrumb"},"inLanguage":"fr-FR","potentialAction":[{"@type":"ReadAction","target":["https:\/\/blogs.thesocialmedia.com\/leblogmoto\/2009\/01\/15\/carmelo-menace\/"]}]},{"@type":"ImageObject","inLanguage":"fr-FR","@id":"https:\/\/blogs.thesocialmedia.com\/leblogmoto\/2009\/01\/15\/carmelo-menace\/#primaryimage","url":"http:\/\/www.leblogmoto.com\/images\/2009\/01\/15\/motogp_carmelo_ezpeleta.jpg","contentUrl":"http:\/\/www.leblogmoto.com\/images\/2009\/01\/15\/motogp_carmelo_ezpeleta.jpg"},{"@type":"BreadcrumbList","@id":"https:\/\/blogs.thesocialmedia.com\/leblogmoto\/2009\/01\/15\/carmelo-menace\/#breadcrumb","itemListElement":[{"@type":"ListItem","position":1,"name":"Accueil","item":"https:\/\/blogs.thesocialmedia.com\/leblogmoto\/"},{"@type":"ListItem","position":2,"name":"Face aux ninjas, Carmelo brandit la menace d&rsquo;une action en justice."}]},{"@type":"WebSite","@id":"https:\/\/blogs.thesocialmedia.com\/leblogmoto\/#website","url":"https:\/\/blogs.thesocialmedia.com\/leblogmoto\/","name":"leblogmoto","description":"Toute l&#039;actualit\u00e9 des 2 roues","potentialAction":[{"@type":"SearchAction","target":{"@type":"EntryPoint","urlTemplate":"https:\/\/blogs.thesocialmedia.com\/leblogmoto\/?s={search_term_string}"},"query-input":{"@type":"PropertyValueSpecification","valueRequired":true,"valueName":"search_term_string"}}],"inLanguage":"fr-FR"},{"@type":"Person","@id":"https:\/\/blogs.thesocialmedia.com\/leblogmoto\/#\/schema\/person\/18bfe773e5725ed6d24f743da805362a","name":"benoit rieu","image":{"@type":"ImageObject","inLanguage":"fr-FR","@id":"https:\/\/blogs.thesocialmedia.com\/leblogmoto\/#\/schema\/person\/image\/","url":"https:\/\/secure.gravatar.com\/avatar\/?s=96&d=mm&r=g","contentUrl":"https:\/\/secure.gravatar.com\/avatar\/?s=96&d=mm&r=g","caption":"benoit rieu"},"url":"https:\/\/blogs.thesocialmedia.com\/leblogmoto\/author\/benoit-rieu\/"}]}},"_links":{"self":[{"href":"https:\/\/blogs.thesocialmedia.com\/leblogmoto\/wp-json\/wp\/v2\/posts\/326","targetHints":{"allow":["GET"]}}],"collection":[{"href":"https:\/\/blogs.thesocialmedia.com\/leblogmoto\/wp-json\/wp\/v2\/posts"}],"about":[{"href":"https:\/\/blogs.thesocialmedia.com\/leblogmoto\/wp-json\/wp\/v2\/types\/post"}],"author":[{"embeddable":true,"href":"https:\/\/blogs.thesocialmedia.com\/leblogmoto\/wp-json\/wp\/v2\/users\/324"}],"replies":[{"embeddable":true,"href":"https:\/\/blogs.thesocialmedia.com\/leblogmoto\/wp-json\/wp\/v2\/comments?post=326"}],"version-history":[{"count":2,"href":"https:\/\/blogs.thesocialmedia.com\/leblogmoto\/wp-json\/wp\/v2\/posts\/326\/revisions"}],"predecessor-version":[{"id":12519,"href":"https:\/\/blogs.thesocialmedia.com\/leblogmoto\/wp-json\/wp\/v2\/posts\/326\/revisions\/12519"}],"wp:attachment":[{"href":"https:\/\/blogs.thesocialmedia.com\/leblogmoto\/wp-json\/wp\/v2\/media?parent=326"}],"wp:term":[{"taxonomy":"category","embeddable":true,"href":"https:\/\/blogs.thesocialmedia.com\/leblogmoto\/wp-json\/wp\/v2\/categories?post=326"},{"taxonomy":"post_tag","embeddable":true,"href":"https:\/\/blogs.thesocialmedia.com\/leblogmoto\/wp-json\/wp\/v2\/tags?post=326"}],"curies":[{"name":"wp","href":"https:\/\/api.w.org\/{rel}","templated":true}]}}