{"id":328,"date":"2009-01-14T23:54:47","date_gmt":"2009-01-14T23:54:47","guid":{"rendered":"http:\/\/blogs.thesocialmedia.com\/leblogmoto\/2009\/01\/14\/prsentation-de\/"},"modified":"2012-07-11T16:57:55","modified_gmt":"2012-07-11T16:57:55","slug":"prsentation-de","status":"publish","type":"post","link":"https:\/\/blogs.thesocialmedia.com\/leblogmoto\/2009\/01\/14\/prsentation-de\/","title":{"rendered":"Ducati GP9, b\u00e9quille d&rsquo;atelier, champions et gel fixation forte."},"content":{"rendered":"<p><a href=\"http:\/\/blogs.thesocialmedia.com\/leblogmoto\/files\/2012\/07\/big_ducati_desmosedici_gp9_012.jpg\"><img loading=\"lazy\" decoding=\"async\" height=\"705\"  width=\"470\" alt=\"Big_ducati_desmosedici_gp9_012\" src=\"http:\/\/www.leblogmoto.com\/images\/2009\/01\/14\/big_ducati_desmosedici_gp9_012.jpg\" \/><\/a> <\/p>\n<p>Cela commence comme un inventaire \u00e0 la Pr\u00e9vert, mais il fallait bien qu&rsquo;on se distingue des autres sites. Voici la GP9 dans sa livr\u00e9e rouge Marlboro-Alice (un sponsor qui fera cruellement d\u00e9faut \u00e0 Pramac cette saison), telle qu&rsquo;officiellement pr\u00e9sent\u00e9e ce jour aux media lors du d\u00e9sormais traditionnel Wroom, dans la station de ski de Madonna di Campeglio. &quot;Officiellement&quot; car ce n&rsquo;est pas sa premi\u00e8re sortie. Vittoriano Guareschi, pilote essayeur de la marque de Borgo Panigale avait d\u00e9j\u00e0 eu l&rsquo;occasion de tester son innovant cadre en fibre de carbone, qui remplace le cadre tubulaire. Puis ce furent au tour des pilotes de la monter \u00e0 <a href=\"http:\/\/blogs.thesocialmedia.com\/leblogmoto\/files\/2012\/07\/la-gp9-de-sorti.html_1.png\">Barcelone<\/a>. Selon Filippo Preziosi, le directeur technique, les innovations de la Desmosedici GP9 &quot;ne sont pas un changement de direction dans le d\u00e9veloppement de la machine, mais un pas en avant dans cette m\u00eame direction.&quot; Peut-\u00eatre pour mieux insister sur la filiation et donc la continuit\u00e9 entre les deux bolides sur les deux saisons. C&rsquo;est aux s\u00e9millants (et surdou\u00e9s !) <a href=\"http:\/\/www.leblogmoto.com\/2008\/08\/nicky-hayden-pa.html\">champions du monde 2006<\/a> et 2007 qu&rsquo;il reviendra d&rsquo;en tirer le meilleur. Peut-\u00eatre une bonne nouvelle pour eux: le patron de Ducati Corse, Domenicali, estime qu&rsquo;elle sera plus ais\u00e9e \u00e0 piloter que ses a\u00een\u00e9es. <\/p>\n<p>Alors que Casey Stoner avait fini premier et deuxi\u00e8me sur la GP7 puis la GP8, ses co\u00e9quipiers successifs Capirossi et Melandri, ont eu beaucoup de mal avec ces deux MotoGP. Mais plut\u00f4t que d&rsquo;imputer la faute au team dans la d\u00e9fense rat\u00e9e de ses titres, il affirme qu&rsquo;avec 6 courses de remport\u00e9es, 9 pole positions et 8 des meilleurs tours en course, Ducati a fait du mieux qu&rsquo;elle a pu. Et Domenicali d&rsquo;en profiter pour souligner \u00e0 nouveau la belle performance pass\u00e9e de Yamaha et Rossi.<em><br \/><\/em><\/p>\n<p><em>Source des news Autosport.com et cr\u00e9dit photos motoblog.it<\/em><\/p>\n<p><a href=\"http:\/\/clabedan.typepad.com\/.shared\/image.html?\/photos\/uncategorized\/2009\/01\/14\/big_ducati_desmosedici_gp9_013.jpg\"><img loading=\"lazy\" decoding=\"async\" height=\"400\"  width=\"470\" alt=\"Big_ducati_desmosedici_gp9_013\" src=\"http:\/\/www.leblogmoto.com\/images\/2009\/01\/14\/big_ducati_desmosedici_gp9_013.jpg\" \/><\/a><\/p>\n<p><a href=\"http:\/\/blogs.thesocialmedia.com\/leblogmoto\/files\/2012\/07\/big_ducati_desmosedici_gp9_014.jpg\"><img loading=\"lazy\" decoding=\"async\" height=\"312\"  width=\"470\" alt=\"Big_ducati_desmosedici_gp9_014\" src=\"http:\/\/www.leblogmoto.com\/images\/2009\/01\/14\/big_ducati_desmosedici_gp9_014.jpg\" \/><\/a> <\/p>\n<p><a href=\"http:\/\/blogs.thesocialmedia.com\/leblogmoto\/files\/2012\/07\/big_ducati_desmosedici_gp9_015.jpg\"><img loading=\"lazy\" decoding=\"async\" height=\"705\"  width=\"470\" alt=\"Big_ducati_desmosedici_gp9_015\" src=\"http:\/\/www.leblogmoto.com\/images\/2009\/01\/14\/big_ducati_desmosedici_gp9_015.jpg\" \/><\/a> <\/p>\n<p><a href=\"http:\/\/blogs.thesocialmedia.com\/leblogmoto\/files\/2012\/07\/big_ducati_desmosedici_gp9_005.jpg\"><img loading=\"lazy\" decoding=\"async\" height=\"312\"  width=\"470\" alt=\"Big_ducati_desmosedici_gp9_005\" src=\"http:\/\/www.leblogmoto.com\/images\/2009\/01\/14\/big_ducati_desmosedici_gp9_005.jpg\" \/><\/a> <\/p>\n<p><a href=\"http:\/\/blogs.thesocialmedia.com\/leblogmoto\/files\/2012\/07\/big_ducati_desmosedici_gp9_006.jpg\"><img loading=\"lazy\" decoding=\"async\" height=\"312\"  width=\"470\" alt=\"Big_ducati_desmosedici_gp9_006\" src=\"http:\/\/www.leblogmoto.com\/images\/2009\/01\/14\/big_ducati_desmosedici_gp9_006.jpg\" \/><\/a> <\/p>\n<p><a href=\"http:\/\/blogs.thesocialmedia.com\/leblogmoto\/files\/2012\/07\/big_ducati_desmosedici_gp9_007.jpg\"><img loading=\"lazy\" decoding=\"async\" height=\"312\"  width=\"470\" alt=\"Big_ducati_desmosedici_gp9_007\" src=\"http:\/\/www.leblogmoto.com\/images\/2009\/01\/14\/big_ducati_desmosedici_gp9_007.jpg\" \/><\/a> <\/p>\n<p><a href=\"http:\/\/blogs.thesocialmedia.com\/leblogmoto\/files\/2012\/07\/big_ducati_desmosedici_gp9_008.jpg\"><img loading=\"lazy\" decoding=\"async\" height=\"312\"  width=\"470\" alt=\"Big_ducati_desmosedici_gp9_008\" src=\"http:\/\/www.leblogmoto.com\/images\/2009\/01\/14\/big_ducati_desmosedici_gp9_008.jpg\" \/><\/a> <\/p>\n<p><a href=\"http:\/\/blogs.thesocialmedia.com\/leblogmoto\/files\/2012\/07\/big_ducati_desmosedici_gp9_009.jpg\"><img loading=\"lazy\" decoding=\"async\" height=\"312\"  width=\"470\" alt=\"Big_ducati_desmosedici_gp9_009\" src=\"http:\/\/www.leblogmoto.com\/images\/2009\/01\/14\/big_ducati_desmosedici_gp9_009.jpg\" \/><\/a> <\/p>\n<p><a href=\"http:\/\/blogs.thesocialmedia.com\/leblogmoto\/files\/2012\/07\/big_ducati_desmosedici_gp9_010.jpg\"><img loading=\"lazy\" decoding=\"async\" height=\"705\"  width=\"470\" alt=\"Big_ducati_desmosedici_gp9_010\" src=\"http:\/\/www.leblogmoto.com\/images\/2009\/01\/14\/big_ducati_desmosedici_gp9_010.jpg\" \/><\/a> <\/p>\n<p><a href=\"http:\/\/blogs.thesocialmedia.com\/leblogmoto\/files\/2012\/07\/big_ducati_desmosedici_gp9_011.jpg\"><img loading=\"lazy\" decoding=\"async\" height=\"705\"  width=\"470\" alt=\"Big_ducati_desmosedici_gp9_011\" src=\"http:\/\/www.leblogmoto.com\/images\/2009\/01\/14\/big_ducati_desmosedici_gp9_011.jpg\" \/><\/a> <\/p>\n","protected":false},"excerpt":{"rendered":"<p>Cela commence comme un inventaire \u00e0 la Pr\u00e9vert, mais il fallait bien qu&rsquo;on se distingue des autres sites. Voici la GP9 dans sa livr\u00e9e rouge Marlboro-Alice (un sponsor qui fera cruellement d\u00e9faut \u00e0 Pramac cette saison), telle qu&rsquo;officiellement pr\u00e9sent\u00e9e ce jour aux media lors du d\u00e9sormais traditionnel Wroom, dans la station de ski de Madonna [&hellip;]<\/p>\n","protected":false},"author":324,"featured_media":0,"comment_status":"open","ping_status":"open","sticky":false,"template":"","format":"standard","meta":{"footnotes":""},"categories":[3,41,22],"tags":[],"class_list":["post-328","post","type-post","status-publish","format-standard","hentry","category-actualite","category-ducati","category-motogp"],"yoast_head":"<!-- This site is optimized with the Yoast SEO plugin v26.0 - https:\/\/yoast.com\/wordpress\/plugins\/seo\/ -->\n<title>Ducati GP9, b\u00e9quille d&#039;atelier, champions et gel fixation forte. - leblogmoto.com<\/title>\n<meta name=\"robots\" content=\"index, follow, max-snippet:-1, max-image-preview:large, max-video-preview:-1\" \/>\n<link rel=\"canonical\" href=\"https:\/\/blogs.thesocialmedia.com\/leblogmoto\/2009\/01\/14\/prsentation-de\/\" \/>\n<meta name=\"twitter:card\" content=\"summary_large_image\" \/>\n<meta name=\"twitter:title\" content=\"Ducati GP9, b\u00e9quille d&#039;atelier, champions et gel fixation forte. - leblogmoto.com\" \/>\n<meta name=\"twitter:description\" content=\"Cela commence comme un inventaire \u00e0 la Pr\u00e9vert, mais il fallait bien qu&rsquo;on se distingue des autres sites. Voici la GP9 dans sa livr\u00e9e rouge Marlboro-Alice (un sponsor qui fera cruellement d\u00e9faut \u00e0 Pramac cette saison), telle qu&rsquo;officiellement pr\u00e9sent\u00e9e ce jour aux media lors du d\u00e9sormais traditionnel Wroom, dans la station de ski de Madonna [&hellip;]\" \/>\n<meta name=\"twitter:image\" content=\"http:\/\/www.leblogmoto.com\/images\/2009\/01\/14\/big_ducati_desmosedici_gp9_012.jpg\" \/>\n<meta name=\"twitter:label1\" content=\"\u00c9crit par\" \/>\n\t<meta name=\"twitter:data1\" content=\"benoit rieu\" \/>\n\t<meta name=\"twitter:label2\" content=\"Dur\u00e9e de lecture estim\u00e9e\" \/>\n\t<meta name=\"twitter:data2\" content=\"2 minutes\" \/>\n<script type=\"application\/ld+json\" class=\"yoast-schema-graph\">{\"@context\":\"https:\/\/schema.org\",\"@graph\":[{\"@type\":\"WebPage\",\"@id\":\"https:\/\/blogs.thesocialmedia.com\/leblogmoto\/2009\/01\/14\/prsentation-de\/\",\"url\":\"https:\/\/blogs.thesocialmedia.com\/leblogmoto\/2009\/01\/14\/prsentation-de\/\",\"name\":\"Ducati GP9, b\u00e9quille d'atelier, champions et gel fixation forte. - leblogmoto.com\",\"isPartOf\":{\"@id\":\"https:\/\/blogs.thesocialmedia.com\/leblogmoto\/#website\"},\"primaryImageOfPage\":{\"@id\":\"https:\/\/blogs.thesocialmedia.com\/leblogmoto\/2009\/01\/14\/prsentation-de\/#primaryimage\"},\"image\":{\"@id\":\"https:\/\/blogs.thesocialmedia.com\/leblogmoto\/2009\/01\/14\/prsentation-de\/#primaryimage\"},\"thumbnailUrl\":\"http:\/\/www.leblogmoto.com\/images\/2009\/01\/14\/big_ducati_desmosedici_gp9_012.jpg\",\"datePublished\":\"2009-01-14T23:54:47+00:00\",\"dateModified\":\"2012-07-11T16:57:55+00:00\",\"author\":{\"@id\":\"https:\/\/blogs.thesocialmedia.com\/leblogmoto\/#\/schema\/person\/18bfe773e5725ed6d24f743da805362a\"},\"breadcrumb\":{\"@id\":\"https:\/\/blogs.thesocialmedia.com\/leblogmoto\/2009\/01\/14\/prsentation-de\/#breadcrumb\"},\"inLanguage\":\"fr-FR\",\"potentialAction\":[{\"@type\":\"ReadAction\",\"target\":[\"https:\/\/blogs.thesocialmedia.com\/leblogmoto\/2009\/01\/14\/prsentation-de\/\"]}]},{\"@type\":\"ImageObject\",\"inLanguage\":\"fr-FR\",\"@id\":\"https:\/\/blogs.thesocialmedia.com\/leblogmoto\/2009\/01\/14\/prsentation-de\/#primaryimage\",\"url\":\"http:\/\/www.leblogmoto.com\/images\/2009\/01\/14\/big_ducati_desmosedici_gp9_012.jpg\",\"contentUrl\":\"http:\/\/www.leblogmoto.com\/images\/2009\/01\/14\/big_ducati_desmosedici_gp9_012.jpg\"},{\"@type\":\"BreadcrumbList\",\"@id\":\"https:\/\/blogs.thesocialmedia.com\/leblogmoto\/2009\/01\/14\/prsentation-de\/#breadcrumb\",\"itemListElement\":[{\"@type\":\"ListItem\",\"position\":1,\"name\":\"Accueil\",\"item\":\"https:\/\/blogs.thesocialmedia.com\/leblogmoto\/\"},{\"@type\":\"ListItem\",\"position\":2,\"name\":\"Ducati GP9, b\u00e9quille d&rsquo;atelier, champions et gel fixation forte.\"}]},{\"@type\":\"WebSite\",\"@id\":\"https:\/\/blogs.thesocialmedia.com\/leblogmoto\/#website\",\"url\":\"https:\/\/blogs.thesocialmedia.com\/leblogmoto\/\",\"name\":\"leblogmoto\",\"description\":\"Toute l&#039;actualit\u00e9 des 2 roues\",\"potentialAction\":[{\"@type\":\"SearchAction\",\"target\":{\"@type\":\"EntryPoint\",\"urlTemplate\":\"https:\/\/blogs.thesocialmedia.com\/leblogmoto\/?s={search_term_string}\"},\"query-input\":{\"@type\":\"PropertyValueSpecification\",\"valueRequired\":true,\"valueName\":\"search_term_string\"}}],\"inLanguage\":\"fr-FR\"},{\"@type\":\"Person\",\"@id\":\"https:\/\/blogs.thesocialmedia.com\/leblogmoto\/#\/schema\/person\/18bfe773e5725ed6d24f743da805362a\",\"name\":\"benoit rieu\",\"image\":{\"@type\":\"ImageObject\",\"inLanguage\":\"fr-FR\",\"@id\":\"https:\/\/blogs.thesocialmedia.com\/leblogmoto\/#\/schema\/person\/image\/\",\"url\":\"https:\/\/secure.gravatar.com\/avatar\/?s=96&d=mm&r=g\",\"contentUrl\":\"https:\/\/secure.gravatar.com\/avatar\/?s=96&d=mm&r=g\",\"caption\":\"benoit rieu\"},\"url\":\"https:\/\/blogs.thesocialmedia.com\/leblogmoto\/author\/benoit-rieu\/\"}]}<\/script>\n<!-- \/ Yoast SEO plugin. -->","yoast_head_json":{"title":"Ducati GP9, b\u00e9quille d'atelier, champions et gel fixation forte. - leblogmoto.com","robots":{"index":"index","follow":"follow","max-snippet":"max-snippet:-1","max-image-preview":"max-image-preview:large","max-video-preview":"max-video-preview:-1"},"canonical":"https:\/\/blogs.thesocialmedia.com\/leblogmoto\/2009\/01\/14\/prsentation-de\/","twitter_card":"summary_large_image","twitter_title":"Ducati GP9, b\u00e9quille d'atelier, champions et gel fixation forte. - leblogmoto.com","twitter_description":"Cela commence comme un inventaire \u00e0 la Pr\u00e9vert, mais il fallait bien qu&rsquo;on se distingue des autres sites. Voici la GP9 dans sa livr\u00e9e rouge Marlboro-Alice (un sponsor qui fera cruellement d\u00e9faut \u00e0 Pramac cette saison), telle qu&rsquo;officiellement pr\u00e9sent\u00e9e ce jour aux media lors du d\u00e9sormais traditionnel Wroom, dans la station de ski de Madonna [&hellip;]","twitter_image":"http:\/\/www.leblogmoto.com\/images\/2009\/01\/14\/big_ducati_desmosedici_gp9_012.jpg","twitter_misc":{"\u00c9crit par":"benoit rieu","Dur\u00e9e de lecture estim\u00e9e":"2 minutes"},"schema":{"@context":"https:\/\/schema.org","@graph":[{"@type":"WebPage","@id":"https:\/\/blogs.thesocialmedia.com\/leblogmoto\/2009\/01\/14\/prsentation-de\/","url":"https:\/\/blogs.thesocialmedia.com\/leblogmoto\/2009\/01\/14\/prsentation-de\/","name":"Ducati GP9, b\u00e9quille d'atelier, champions et gel fixation forte. - leblogmoto.com","isPartOf":{"@id":"https:\/\/blogs.thesocialmedia.com\/leblogmoto\/#website"},"primaryImageOfPage":{"@id":"https:\/\/blogs.thesocialmedia.com\/leblogmoto\/2009\/01\/14\/prsentation-de\/#primaryimage"},"image":{"@id":"https:\/\/blogs.thesocialmedia.com\/leblogmoto\/2009\/01\/14\/prsentation-de\/#primaryimage"},"thumbnailUrl":"http:\/\/www.leblogmoto.com\/images\/2009\/01\/14\/big_ducati_desmosedici_gp9_012.jpg","datePublished":"2009-01-14T23:54:47+00:00","dateModified":"2012-07-11T16:57:55+00:00","author":{"@id":"https:\/\/blogs.thesocialmedia.com\/leblogmoto\/#\/schema\/person\/18bfe773e5725ed6d24f743da805362a"},"breadcrumb":{"@id":"https:\/\/blogs.thesocialmedia.com\/leblogmoto\/2009\/01\/14\/prsentation-de\/#breadcrumb"},"inLanguage":"fr-FR","potentialAction":[{"@type":"ReadAction","target":["https:\/\/blogs.thesocialmedia.com\/leblogmoto\/2009\/01\/14\/prsentation-de\/"]}]},{"@type":"ImageObject","inLanguage":"fr-FR","@id":"https:\/\/blogs.thesocialmedia.com\/leblogmoto\/2009\/01\/14\/prsentation-de\/#primaryimage","url":"http:\/\/www.leblogmoto.com\/images\/2009\/01\/14\/big_ducati_desmosedici_gp9_012.jpg","contentUrl":"http:\/\/www.leblogmoto.com\/images\/2009\/01\/14\/big_ducati_desmosedici_gp9_012.jpg"},{"@type":"BreadcrumbList","@id":"https:\/\/blogs.thesocialmedia.com\/leblogmoto\/2009\/01\/14\/prsentation-de\/#breadcrumb","itemListElement":[{"@type":"ListItem","position":1,"name":"Accueil","item":"https:\/\/blogs.thesocialmedia.com\/leblogmoto\/"},{"@type":"ListItem","position":2,"name":"Ducati GP9, b\u00e9quille d&rsquo;atelier, champions et gel fixation forte."}]},{"@type":"WebSite","@id":"https:\/\/blogs.thesocialmedia.com\/leblogmoto\/#website","url":"https:\/\/blogs.thesocialmedia.com\/leblogmoto\/","name":"leblogmoto","description":"Toute l&#039;actualit\u00e9 des 2 roues","potentialAction":[{"@type":"SearchAction","target":{"@type":"EntryPoint","urlTemplate":"https:\/\/blogs.thesocialmedia.com\/leblogmoto\/?s={search_term_string}"},"query-input":{"@type":"PropertyValueSpecification","valueRequired":true,"valueName":"search_term_string"}}],"inLanguage":"fr-FR"},{"@type":"Person","@id":"https:\/\/blogs.thesocialmedia.com\/leblogmoto\/#\/schema\/person\/18bfe773e5725ed6d24f743da805362a","name":"benoit rieu","image":{"@type":"ImageObject","inLanguage":"fr-FR","@id":"https:\/\/blogs.thesocialmedia.com\/leblogmoto\/#\/schema\/person\/image\/","url":"https:\/\/secure.gravatar.com\/avatar\/?s=96&d=mm&r=g","contentUrl":"https:\/\/secure.gravatar.com\/avatar\/?s=96&d=mm&r=g","caption":"benoit rieu"},"url":"https:\/\/blogs.thesocialmedia.com\/leblogmoto\/author\/benoit-rieu\/"}]}},"_links":{"self":[{"href":"https:\/\/blogs.thesocialmedia.com\/leblogmoto\/wp-json\/wp\/v2\/posts\/328","targetHints":{"allow":["GET"]}}],"collection":[{"href":"https:\/\/blogs.thesocialmedia.com\/leblogmoto\/wp-json\/wp\/v2\/posts"}],"about":[{"href":"https:\/\/blogs.thesocialmedia.com\/leblogmoto\/wp-json\/wp\/v2\/types\/post"}],"author":[{"embeddable":true,"href":"https:\/\/blogs.thesocialmedia.com\/leblogmoto\/wp-json\/wp\/v2\/users\/324"}],"replies":[{"embeddable":true,"href":"https:\/\/blogs.thesocialmedia.com\/leblogmoto\/wp-json\/wp\/v2\/comments?post=328"}],"version-history":[{"count":2,"href":"https:\/\/blogs.thesocialmedia.com\/leblogmoto\/wp-json\/wp\/v2\/posts\/328\/revisions"}],"predecessor-version":[{"id":12515,"href":"https:\/\/blogs.thesocialmedia.com\/leblogmoto\/wp-json\/wp\/v2\/posts\/328\/revisions\/12515"}],"wp:attachment":[{"href":"https:\/\/blogs.thesocialmedia.com\/leblogmoto\/wp-json\/wp\/v2\/media?parent=328"}],"wp:term":[{"taxonomy":"category","embeddable":true,"href":"https:\/\/blogs.thesocialmedia.com\/leblogmoto\/wp-json\/wp\/v2\/categories?post=328"},{"taxonomy":"post_tag","embeddable":true,"href":"https:\/\/blogs.thesocialmedia.com\/leblogmoto\/wp-json\/wp\/v2\/tags?post=328"}],"curies":[{"name":"wp","href":"https:\/\/api.w.org\/{rel}","templated":true}]}}