{"id":329,"date":"2009-01-14T23:53:29","date_gmt":"2009-01-14T23:53:29","guid":{"rendered":"http:\/\/blogs.thesocialmedia.com\/leblogmoto\/2009\/01\/14\/victime-collatr\/"},"modified":"2012-07-11T16:57:37","modified_gmt":"2012-07-11T16:57:37","slug":"victime-collatr","status":"publish","type":"post","link":"https:\/\/blogs.thesocialmedia.com\/leblogmoto\/2009\/01\/14\/victime-collatr\/","title":{"rendered":"Victime de la conjoncture, la L\u00e9gende des H\u00e9ros est report\u00e9e."},"content":{"rendered":"<p><a href=\"http:\/\/blogs.thesocialmedia.com\/leblogmoto\/files\/2012\/07\/moto_rallye_la_lgende_ds_hros_arriv.jpg\"><img loading=\"lazy\" decoding=\"async\" height=\"312\"  width=\"469\" alt=\"Moto_rallye_la_lgende_ds_hros_arriv\" src=\"http:\/\/www.leblogmoto.com\/images\/2009\/01\/14\/moto_rallye_la_lgende_ds_hros_arriv.jpg\" \/><\/a><\/p>\n<p>Nouvel avatar pour Stephane Peterhansel, apr\u00e8s son abandon sur casse moteur de son Mitsubishi en Am\u00e9rique du Sud, sa quatri\u00e8me \u00e9dition de La L\u00e9gende des H\u00e9ros, une des aventures alternatives au Dakar avec l&rsquo;<a href=\"http:\/\/www.africarace.com\/\">Africa Race<\/a> d&rsquo;Hubert Auriol, est repouss\u00e9e \u00e0 l&rsquo;automne. Mais heureusement pour ses pilotes (et pour nous amateurs de sports m\u00e9ca), c&rsquo;est plus un contre-temps qu&rsquo;autre chose. En raison des difficult\u00e9s des participants \u00e0 boucler leur budger avant le d\u00e9part, <a href=\"http:\/\/www.heroeslegend.com\">ce rallye-raid<\/a> malicieusement intitul\u00e9e &quot;L&rsquo;autre fa\u00e7on d&rsquo;aller \u00e0 Dakar&quot; est report\u00e9e \u00e0 la fin octobre. Alors que normalement le d\u00e9part de Paris devait \u00eatre donn\u00e9 au mois de mars. Le communiqu\u00e9 ajoute, &quot;De son c\u00f4t\u00e9, l&rsquo;organisation qui souhaite conserver le m\u00eame niveau de prestation et de s\u00e9curit\u00e9 pour les concurrents (service m\u00e9dical, h\u00e9licopt\u00e8res, assurances et logistique mise en place pour la course), a jug\u00e9 pr\u00e9f\u00e9rable de repousser l&rsquo;\u00e9v\u00e9nement de quelques mois&quot;. Les concurrents s&rsquo;\u00e9lanceront donc vers l&rsquo;Afrique d\u00e8s le 24 octobre, \u00e0 destination du S\u00e9n\u00e9gal, via la France, l&rsquo;Espagne, le Maroc, et la Mauritanie. <\/p>\n<p>Pour arriver au Lac Rose le 7 novembre, comme sur cette photo tir\u00e9e d&rsquo;un diaporama du site officiel. Rappelons que La L\u00e9gende des H\u00e9ros est une \u00e9preuve de r\u00e9gularit\u00e9 o\u00f9 les pilotes\/copilotes auto, motards et quadistes choisissent la vitesse \u00e0 laquelle roulera leur \u00e9quipe, la veille de l&rsquo;\u00e9tape. <\/p>\n<p>De plus, elle est essentiellement destin\u00e9e aux amateurs. Et la location de v\u00e9hicules &#8211; pour les b\u00e9canes des KTM 525 ou 690 \u00e9quip\u00e9es rallyes &#8211; est possible.<\/p>\n","protected":false},"excerpt":{"rendered":"<p>Nouvel avatar pour Stephane Peterhansel, apr\u00e8s son abandon sur casse moteur de son Mitsubishi en Am\u00e9rique du Sud, sa quatri\u00e8me \u00e9dition de La L\u00e9gende des H\u00e9ros, une des aventures alternatives au Dakar avec l&rsquo;Africa Race d&rsquo;Hubert Auriol, est repouss\u00e9e \u00e0 l&rsquo;automne. Mais heureusement pour ses pilotes (et pour nous amateurs de sports m\u00e9ca), c&rsquo;est plus [&hellip;]<\/p>\n","protected":false},"author":324,"featured_media":0,"comment_status":"open","ping_status":"open","sticky":false,"template":"","format":"standard","meta":{"footnotes":""},"categories":[3,13,61],"tags":[],"class_list":["post-329","post","type-post","status-publish","format-standard","hentry","category-actualite","category-aventure","category-rallye-raid"],"yoast_head":"<!-- This site is optimized with the Yoast SEO plugin v26.0 - https:\/\/yoast.com\/wordpress\/plugins\/seo\/ -->\n<title>Victime de la conjoncture, la L\u00e9gende des H\u00e9ros est report\u00e9e. - leblogmoto.com<\/title>\n<meta name=\"robots\" content=\"index, follow, max-snippet:-1, max-image-preview:large, max-video-preview:-1\" \/>\n<link rel=\"canonical\" href=\"https:\/\/blogs.thesocialmedia.com\/leblogmoto\/2009\/01\/14\/victime-collatr\/\" \/>\n<meta name=\"twitter:card\" content=\"summary_large_image\" \/>\n<meta name=\"twitter:title\" content=\"Victime de la conjoncture, la L\u00e9gende des H\u00e9ros est report\u00e9e. - leblogmoto.com\" \/>\n<meta name=\"twitter:description\" content=\"Nouvel avatar pour Stephane Peterhansel, apr\u00e8s son abandon sur casse moteur de son Mitsubishi en Am\u00e9rique du Sud, sa quatri\u00e8me \u00e9dition de La L\u00e9gende des H\u00e9ros, une des aventures alternatives au Dakar avec l&rsquo;Africa Race d&rsquo;Hubert Auriol, est repouss\u00e9e \u00e0 l&rsquo;automne. Mais heureusement pour ses pilotes (et pour nous amateurs de sports m\u00e9ca), c&rsquo;est plus [&hellip;]\" \/>\n<meta name=\"twitter:image\" content=\"http:\/\/www.leblogmoto.com\/images\/2009\/01\/14\/moto_rallye_la_lgende_ds_hros_arriv.jpg\" \/>\n<meta name=\"twitter:label1\" content=\"\u00c9crit par\" \/>\n\t<meta name=\"twitter:data1\" content=\"benoit rieu\" \/>\n\t<meta name=\"twitter:label2\" content=\"Dur\u00e9e de lecture estim\u00e9e\" \/>\n\t<meta name=\"twitter:data2\" content=\"1 minute\" \/>\n<script type=\"application\/ld+json\" class=\"yoast-schema-graph\">{\"@context\":\"https:\/\/schema.org\",\"@graph\":[{\"@type\":\"WebPage\",\"@id\":\"https:\/\/blogs.thesocialmedia.com\/leblogmoto\/2009\/01\/14\/victime-collatr\/\",\"url\":\"https:\/\/blogs.thesocialmedia.com\/leblogmoto\/2009\/01\/14\/victime-collatr\/\",\"name\":\"Victime de la conjoncture, la L\u00e9gende des H\u00e9ros est report\u00e9e. - leblogmoto.com\",\"isPartOf\":{\"@id\":\"https:\/\/blogs.thesocialmedia.com\/leblogmoto\/#website\"},\"primaryImageOfPage\":{\"@id\":\"https:\/\/blogs.thesocialmedia.com\/leblogmoto\/2009\/01\/14\/victime-collatr\/#primaryimage\"},\"image\":{\"@id\":\"https:\/\/blogs.thesocialmedia.com\/leblogmoto\/2009\/01\/14\/victime-collatr\/#primaryimage\"},\"thumbnailUrl\":\"http:\/\/www.leblogmoto.com\/images\/2009\/01\/14\/moto_rallye_la_lgende_ds_hros_arriv.jpg\",\"datePublished\":\"2009-01-14T23:53:29+00:00\",\"dateModified\":\"2012-07-11T16:57:37+00:00\",\"author\":{\"@id\":\"https:\/\/blogs.thesocialmedia.com\/leblogmoto\/#\/schema\/person\/18bfe773e5725ed6d24f743da805362a\"},\"breadcrumb\":{\"@id\":\"https:\/\/blogs.thesocialmedia.com\/leblogmoto\/2009\/01\/14\/victime-collatr\/#breadcrumb\"},\"inLanguage\":\"fr-FR\",\"potentialAction\":[{\"@type\":\"ReadAction\",\"target\":[\"https:\/\/blogs.thesocialmedia.com\/leblogmoto\/2009\/01\/14\/victime-collatr\/\"]}]},{\"@type\":\"ImageObject\",\"inLanguage\":\"fr-FR\",\"@id\":\"https:\/\/blogs.thesocialmedia.com\/leblogmoto\/2009\/01\/14\/victime-collatr\/#primaryimage\",\"url\":\"http:\/\/www.leblogmoto.com\/images\/2009\/01\/14\/moto_rallye_la_lgende_ds_hros_arriv.jpg\",\"contentUrl\":\"http:\/\/www.leblogmoto.com\/images\/2009\/01\/14\/moto_rallye_la_lgende_ds_hros_arriv.jpg\"},{\"@type\":\"BreadcrumbList\",\"@id\":\"https:\/\/blogs.thesocialmedia.com\/leblogmoto\/2009\/01\/14\/victime-collatr\/#breadcrumb\",\"itemListElement\":[{\"@type\":\"ListItem\",\"position\":1,\"name\":\"Accueil\",\"item\":\"https:\/\/blogs.thesocialmedia.com\/leblogmoto\/\"},{\"@type\":\"ListItem\",\"position\":2,\"name\":\"Victime de la conjoncture, la L\u00e9gende des H\u00e9ros est report\u00e9e.\"}]},{\"@type\":\"WebSite\",\"@id\":\"https:\/\/blogs.thesocialmedia.com\/leblogmoto\/#website\",\"url\":\"https:\/\/blogs.thesocialmedia.com\/leblogmoto\/\",\"name\":\"leblogmoto\",\"description\":\"Toute l&#039;actualit\u00e9 des 2 roues\",\"potentialAction\":[{\"@type\":\"SearchAction\",\"target\":{\"@type\":\"EntryPoint\",\"urlTemplate\":\"https:\/\/blogs.thesocialmedia.com\/leblogmoto\/?s={search_term_string}\"},\"query-input\":{\"@type\":\"PropertyValueSpecification\",\"valueRequired\":true,\"valueName\":\"search_term_string\"}}],\"inLanguage\":\"fr-FR\"},{\"@type\":\"Person\",\"@id\":\"https:\/\/blogs.thesocialmedia.com\/leblogmoto\/#\/schema\/person\/18bfe773e5725ed6d24f743da805362a\",\"name\":\"benoit rieu\",\"image\":{\"@type\":\"ImageObject\",\"inLanguage\":\"fr-FR\",\"@id\":\"https:\/\/blogs.thesocialmedia.com\/leblogmoto\/#\/schema\/person\/image\/\",\"url\":\"https:\/\/secure.gravatar.com\/avatar\/?s=96&d=mm&r=g\",\"contentUrl\":\"https:\/\/secure.gravatar.com\/avatar\/?s=96&d=mm&r=g\",\"caption\":\"benoit rieu\"},\"url\":\"https:\/\/blogs.thesocialmedia.com\/leblogmoto\/author\/benoit-rieu\/\"}]}<\/script>\n<!-- \/ Yoast SEO plugin. -->","yoast_head_json":{"title":"Victime de la conjoncture, la L\u00e9gende des H\u00e9ros est report\u00e9e. - leblogmoto.com","robots":{"index":"index","follow":"follow","max-snippet":"max-snippet:-1","max-image-preview":"max-image-preview:large","max-video-preview":"max-video-preview:-1"},"canonical":"https:\/\/blogs.thesocialmedia.com\/leblogmoto\/2009\/01\/14\/victime-collatr\/","twitter_card":"summary_large_image","twitter_title":"Victime de la conjoncture, la L\u00e9gende des H\u00e9ros est report\u00e9e. - leblogmoto.com","twitter_description":"Nouvel avatar pour Stephane Peterhansel, apr\u00e8s son abandon sur casse moteur de son Mitsubishi en Am\u00e9rique du Sud, sa quatri\u00e8me \u00e9dition de La L\u00e9gende des H\u00e9ros, une des aventures alternatives au Dakar avec l&rsquo;Africa Race d&rsquo;Hubert Auriol, est repouss\u00e9e \u00e0 l&rsquo;automne. Mais heureusement pour ses pilotes (et pour nous amateurs de sports m\u00e9ca), c&rsquo;est plus [&hellip;]","twitter_image":"http:\/\/www.leblogmoto.com\/images\/2009\/01\/14\/moto_rallye_la_lgende_ds_hros_arriv.jpg","twitter_misc":{"\u00c9crit par":"benoit rieu","Dur\u00e9e de lecture estim\u00e9e":"1 minute"},"schema":{"@context":"https:\/\/schema.org","@graph":[{"@type":"WebPage","@id":"https:\/\/blogs.thesocialmedia.com\/leblogmoto\/2009\/01\/14\/victime-collatr\/","url":"https:\/\/blogs.thesocialmedia.com\/leblogmoto\/2009\/01\/14\/victime-collatr\/","name":"Victime de la conjoncture, la L\u00e9gende des H\u00e9ros est report\u00e9e. - leblogmoto.com","isPartOf":{"@id":"https:\/\/blogs.thesocialmedia.com\/leblogmoto\/#website"},"primaryImageOfPage":{"@id":"https:\/\/blogs.thesocialmedia.com\/leblogmoto\/2009\/01\/14\/victime-collatr\/#primaryimage"},"image":{"@id":"https:\/\/blogs.thesocialmedia.com\/leblogmoto\/2009\/01\/14\/victime-collatr\/#primaryimage"},"thumbnailUrl":"http:\/\/www.leblogmoto.com\/images\/2009\/01\/14\/moto_rallye_la_lgende_ds_hros_arriv.jpg","datePublished":"2009-01-14T23:53:29+00:00","dateModified":"2012-07-11T16:57:37+00:00","author":{"@id":"https:\/\/blogs.thesocialmedia.com\/leblogmoto\/#\/schema\/person\/18bfe773e5725ed6d24f743da805362a"},"breadcrumb":{"@id":"https:\/\/blogs.thesocialmedia.com\/leblogmoto\/2009\/01\/14\/victime-collatr\/#breadcrumb"},"inLanguage":"fr-FR","potentialAction":[{"@type":"ReadAction","target":["https:\/\/blogs.thesocialmedia.com\/leblogmoto\/2009\/01\/14\/victime-collatr\/"]}]},{"@type":"ImageObject","inLanguage":"fr-FR","@id":"https:\/\/blogs.thesocialmedia.com\/leblogmoto\/2009\/01\/14\/victime-collatr\/#primaryimage","url":"http:\/\/www.leblogmoto.com\/images\/2009\/01\/14\/moto_rallye_la_lgende_ds_hros_arriv.jpg","contentUrl":"http:\/\/www.leblogmoto.com\/images\/2009\/01\/14\/moto_rallye_la_lgende_ds_hros_arriv.jpg"},{"@type":"BreadcrumbList","@id":"https:\/\/blogs.thesocialmedia.com\/leblogmoto\/2009\/01\/14\/victime-collatr\/#breadcrumb","itemListElement":[{"@type":"ListItem","position":1,"name":"Accueil","item":"https:\/\/blogs.thesocialmedia.com\/leblogmoto\/"},{"@type":"ListItem","position":2,"name":"Victime de la conjoncture, la L\u00e9gende des H\u00e9ros est report\u00e9e."}]},{"@type":"WebSite","@id":"https:\/\/blogs.thesocialmedia.com\/leblogmoto\/#website","url":"https:\/\/blogs.thesocialmedia.com\/leblogmoto\/","name":"leblogmoto","description":"Toute l&#039;actualit\u00e9 des 2 roues","potentialAction":[{"@type":"SearchAction","target":{"@type":"EntryPoint","urlTemplate":"https:\/\/blogs.thesocialmedia.com\/leblogmoto\/?s={search_term_string}"},"query-input":{"@type":"PropertyValueSpecification","valueRequired":true,"valueName":"search_term_string"}}],"inLanguage":"fr-FR"},{"@type":"Person","@id":"https:\/\/blogs.thesocialmedia.com\/leblogmoto\/#\/schema\/person\/18bfe773e5725ed6d24f743da805362a","name":"benoit rieu","image":{"@type":"ImageObject","inLanguage":"fr-FR","@id":"https:\/\/blogs.thesocialmedia.com\/leblogmoto\/#\/schema\/person\/image\/","url":"https:\/\/secure.gravatar.com\/avatar\/?s=96&d=mm&r=g","contentUrl":"https:\/\/secure.gravatar.com\/avatar\/?s=96&d=mm&r=g","caption":"benoit rieu"},"url":"https:\/\/blogs.thesocialmedia.com\/leblogmoto\/author\/benoit-rieu\/"}]}},"_links":{"self":[{"href":"https:\/\/blogs.thesocialmedia.com\/leblogmoto\/wp-json\/wp\/v2\/posts\/329","targetHints":{"allow":["GET"]}}],"collection":[{"href":"https:\/\/blogs.thesocialmedia.com\/leblogmoto\/wp-json\/wp\/v2\/posts"}],"about":[{"href":"https:\/\/blogs.thesocialmedia.com\/leblogmoto\/wp-json\/wp\/v2\/types\/post"}],"author":[{"embeddable":true,"href":"https:\/\/blogs.thesocialmedia.com\/leblogmoto\/wp-json\/wp\/v2\/users\/324"}],"replies":[{"embeddable":true,"href":"https:\/\/blogs.thesocialmedia.com\/leblogmoto\/wp-json\/wp\/v2\/comments?post=329"}],"version-history":[{"count":2,"href":"https:\/\/blogs.thesocialmedia.com\/leblogmoto\/wp-json\/wp\/v2\/posts\/329\/revisions"}],"predecessor-version":[{"id":12504,"href":"https:\/\/blogs.thesocialmedia.com\/leblogmoto\/wp-json\/wp\/v2\/posts\/329\/revisions\/12504"}],"wp:attachment":[{"href":"https:\/\/blogs.thesocialmedia.com\/leblogmoto\/wp-json\/wp\/v2\/media?parent=329"}],"wp:term":[{"taxonomy":"category","embeddable":true,"href":"https:\/\/blogs.thesocialmedia.com\/leblogmoto\/wp-json\/wp\/v2\/categories?post=329"},{"taxonomy":"post_tag","embeddable":true,"href":"https:\/\/blogs.thesocialmedia.com\/leblogmoto\/wp-json\/wp\/v2\/tags?post=329"}],"curies":[{"name":"wp","href":"https:\/\/api.w.org\/{rel}","templated":true}]}}