{"id":332,"date":"2009-01-13T23:55:14","date_gmt":"2009-01-13T23:55:14","guid":{"rendered":"http:\/\/blogs.thesocialmedia.com\/leblogmoto\/2009\/01\/13\/du-malaise-nais\/"},"modified":"2012-07-11T16:50:24","modified_gmt":"2012-07-11T16:50:24","slug":"du-malaise-nais","status":"publish","type":"post","link":"https:\/\/blogs.thesocialmedia.com\/leblogmoto\/2009\/01\/13\/du-malaise-nais\/","title":{"rendered":"Du malaise croissant entre motards et pilotes autos sur le Dakar&#8230;"},"content":{"rendered":"<p><a href=\"http:\/\/blogs.thesocialmedia.com\/leblogmoto\/files\/2012\/07\/moto_scurit_dakar_voiture.jpg\"><img loading=\"lazy\" decoding=\"async\" height=\"298\"  width=\"470\" src=\"http:\/\/www.leblogmoto.com\/images\/2009\/01\/13\/moto_scurit_dakar_voiture.jpg\" alt=\"Moto_scurit_dakar_voiture\" \/><\/a><\/p>\n<p>Alors que Marc Coma et Carlos Sainz, leaders de leur cat\u00e9gorie respective, ont pris une confortable avance \u00e0 l&rsquo;issue de la dixi\u00e8me \u00e9tape du Dakar, une sorte de boucle de 476 km dans des montagnes de sable, la presse en m\u00e9tropole se penche sur le sort des comp\u00e9titeurs. C&rsquo;est un article \u00e0 l&rsquo;intitul\u00e9 tr\u00e8s accrocheur sur lequel je suis tomb\u00e9 tout \u00e0 l&rsquo;heure sur le site du Monde. Sous le titre &quot;Des motards du Dakar renoncent pour <em>ne pas mourir<\/em>&quot;, il relate les affres des pilotes motos face \u00e0 leur concurrent sur quatre roues. Extrait: &quot;Je suis revenu chez moi parce que j&rsquo;ai vu trop de motards percut\u00e9s par des voitures et je me sentais en danger, raconte Dominique Marcant. Il y a des pistes tr\u00e8s \u00e9troites o\u00f9 on est \u00e0 la merci de voitures, qui vont tr\u00e8s vite. J&rsquo;ai dit \u00e0 ASO que j&rsquo;\u00e9tais d\u00e9go\u00fbt\u00e9, mais visiblement ce n&rsquo;\u00e9tait pas un probl\u00e8me pour eux. Ce sont pourtant des gens s\u00e9rieux. Comme beaucoup, je suis venu chercher du r\u00eave et de la solidarit\u00e9 et je n&rsquo;ai trouv\u00e9 qu&rsquo;une ambiance pourrie&quot;. Le grand quotidien du soir ajoute que Marcant, par ailleurs \u00e9quipier de <a href=\"http:\/\/www.leblogmoto.com\/2009\/01\/le-corps-de-pte.html\">Pascal Terry<\/a>, cite d&rsquo;autres motards rencontr\u00e9s dans l&rsquo;avion de retour, victimes de voitures ou m\u00eame de camions. Sans oublier Franck Libbrecht qui a vu la Volkswagen de Sainz, en photo, lui \u00e9craser une roue de son trail. C&rsquo;est <a href=\"http:\/\/www.lemonde.fr\/sports\/article\/2009\/01\/12\/des-motards-du-dakar-renoncent-pour-ne-pas-mourir_1140779_3242.html\">\u00e0 lire ici<\/a>.<\/p>\n","protected":false},"excerpt":{"rendered":"<p>Alors que Marc Coma et Carlos Sainz, leaders de leur cat\u00e9gorie respective, ont pris une confortable avance \u00e0 l&rsquo;issue de la dixi\u00e8me \u00e9tape du Dakar, une sorte de boucle de 476 km dans des montagnes de sable, la presse en m\u00e9tropole se penche sur le sort des comp\u00e9titeurs. C&rsquo;est un article \u00e0 l&rsquo;intitul\u00e9 tr\u00e8s accrocheur [&hellip;]<\/p>\n","protected":false},"author":324,"featured_media":0,"comment_status":"open","ping_status":"open","sticky":false,"template":"","format":"standard","meta":{"footnotes":""},"categories":[3,61],"tags":[],"class_list":["post-332","post","type-post","status-publish","format-standard","hentry","category-actualite","category-rallye-raid"],"yoast_head":"<!-- This site is optimized with the Yoast SEO plugin v26.0 - https:\/\/yoast.com\/wordpress\/plugins\/seo\/ -->\n<title>Du malaise croissant entre motards et pilotes autos sur le Dakar... - leblogmoto.com<\/title>\n<meta name=\"robots\" content=\"index, follow, max-snippet:-1, max-image-preview:large, max-video-preview:-1\" \/>\n<link rel=\"canonical\" href=\"https:\/\/blogs.thesocialmedia.com\/leblogmoto\/2009\/01\/13\/du-malaise-nais\/\" \/>\n<meta name=\"twitter:card\" content=\"summary_large_image\" \/>\n<meta name=\"twitter:title\" content=\"Du malaise croissant entre motards et pilotes autos sur le Dakar... - leblogmoto.com\" \/>\n<meta name=\"twitter:description\" content=\"Alors que Marc Coma et Carlos Sainz, leaders de leur cat\u00e9gorie respective, ont pris une confortable avance \u00e0 l&rsquo;issue de la dixi\u00e8me \u00e9tape du Dakar, une sorte de boucle de 476 km dans des montagnes de sable, la presse en m\u00e9tropole se penche sur le sort des comp\u00e9titeurs. C&rsquo;est un article \u00e0 l&rsquo;intitul\u00e9 tr\u00e8s accrocheur [&hellip;]\" \/>\n<meta name=\"twitter:image\" content=\"http:\/\/www.leblogmoto.com\/images\/2009\/01\/13\/moto_scurit_dakar_voiture.jpg\" \/>\n<meta name=\"twitter:label1\" content=\"\u00c9crit par\" \/>\n\t<meta name=\"twitter:data1\" content=\"benoit rieu\" \/>\n\t<meta name=\"twitter:label2\" content=\"Dur\u00e9e de lecture estim\u00e9e\" \/>\n\t<meta name=\"twitter:data2\" content=\"1 minute\" \/>\n<script type=\"application\/ld+json\" class=\"yoast-schema-graph\">{\"@context\":\"https:\/\/schema.org\",\"@graph\":[{\"@type\":\"WebPage\",\"@id\":\"https:\/\/blogs.thesocialmedia.com\/leblogmoto\/2009\/01\/13\/du-malaise-nais\/\",\"url\":\"https:\/\/blogs.thesocialmedia.com\/leblogmoto\/2009\/01\/13\/du-malaise-nais\/\",\"name\":\"Du malaise croissant entre motards et pilotes autos sur le Dakar... - leblogmoto.com\",\"isPartOf\":{\"@id\":\"https:\/\/blogs.thesocialmedia.com\/leblogmoto\/#website\"},\"primaryImageOfPage\":{\"@id\":\"https:\/\/blogs.thesocialmedia.com\/leblogmoto\/2009\/01\/13\/du-malaise-nais\/#primaryimage\"},\"image\":{\"@id\":\"https:\/\/blogs.thesocialmedia.com\/leblogmoto\/2009\/01\/13\/du-malaise-nais\/#primaryimage\"},\"thumbnailUrl\":\"http:\/\/www.leblogmoto.com\/images\/2009\/01\/13\/moto_scurit_dakar_voiture.jpg\",\"datePublished\":\"2009-01-13T23:55:14+00:00\",\"dateModified\":\"2012-07-11T16:50:24+00:00\",\"author\":{\"@id\":\"https:\/\/blogs.thesocialmedia.com\/leblogmoto\/#\/schema\/person\/18bfe773e5725ed6d24f743da805362a\"},\"breadcrumb\":{\"@id\":\"https:\/\/blogs.thesocialmedia.com\/leblogmoto\/2009\/01\/13\/du-malaise-nais\/#breadcrumb\"},\"inLanguage\":\"fr-FR\",\"potentialAction\":[{\"@type\":\"ReadAction\",\"target\":[\"https:\/\/blogs.thesocialmedia.com\/leblogmoto\/2009\/01\/13\/du-malaise-nais\/\"]}]},{\"@type\":\"ImageObject\",\"inLanguage\":\"fr-FR\",\"@id\":\"https:\/\/blogs.thesocialmedia.com\/leblogmoto\/2009\/01\/13\/du-malaise-nais\/#primaryimage\",\"url\":\"http:\/\/www.leblogmoto.com\/images\/2009\/01\/13\/moto_scurit_dakar_voiture.jpg\",\"contentUrl\":\"http:\/\/www.leblogmoto.com\/images\/2009\/01\/13\/moto_scurit_dakar_voiture.jpg\"},{\"@type\":\"BreadcrumbList\",\"@id\":\"https:\/\/blogs.thesocialmedia.com\/leblogmoto\/2009\/01\/13\/du-malaise-nais\/#breadcrumb\",\"itemListElement\":[{\"@type\":\"ListItem\",\"position\":1,\"name\":\"Accueil\",\"item\":\"https:\/\/blogs.thesocialmedia.com\/leblogmoto\/\"},{\"@type\":\"ListItem\",\"position\":2,\"name\":\"Du malaise croissant entre motards et pilotes autos sur le Dakar&#8230;\"}]},{\"@type\":\"WebSite\",\"@id\":\"https:\/\/blogs.thesocialmedia.com\/leblogmoto\/#website\",\"url\":\"https:\/\/blogs.thesocialmedia.com\/leblogmoto\/\",\"name\":\"leblogmoto\",\"description\":\"Toute l&#039;actualit\u00e9 des 2 roues\",\"potentialAction\":[{\"@type\":\"SearchAction\",\"target\":{\"@type\":\"EntryPoint\",\"urlTemplate\":\"https:\/\/blogs.thesocialmedia.com\/leblogmoto\/?s={search_term_string}\"},\"query-input\":{\"@type\":\"PropertyValueSpecification\",\"valueRequired\":true,\"valueName\":\"search_term_string\"}}],\"inLanguage\":\"fr-FR\"},{\"@type\":\"Person\",\"@id\":\"https:\/\/blogs.thesocialmedia.com\/leblogmoto\/#\/schema\/person\/18bfe773e5725ed6d24f743da805362a\",\"name\":\"benoit rieu\",\"image\":{\"@type\":\"ImageObject\",\"inLanguage\":\"fr-FR\",\"@id\":\"https:\/\/blogs.thesocialmedia.com\/leblogmoto\/#\/schema\/person\/image\/\",\"url\":\"https:\/\/secure.gravatar.com\/avatar\/?s=96&d=mm&r=g\",\"contentUrl\":\"https:\/\/secure.gravatar.com\/avatar\/?s=96&d=mm&r=g\",\"caption\":\"benoit rieu\"},\"url\":\"https:\/\/blogs.thesocialmedia.com\/leblogmoto\/author\/benoit-rieu\/\"}]}<\/script>\n<!-- \/ Yoast SEO plugin. -->","yoast_head_json":{"title":"Du malaise croissant entre motards et pilotes autos sur le Dakar... - leblogmoto.com","robots":{"index":"index","follow":"follow","max-snippet":"max-snippet:-1","max-image-preview":"max-image-preview:large","max-video-preview":"max-video-preview:-1"},"canonical":"https:\/\/blogs.thesocialmedia.com\/leblogmoto\/2009\/01\/13\/du-malaise-nais\/","twitter_card":"summary_large_image","twitter_title":"Du malaise croissant entre motards et pilotes autos sur le Dakar... - leblogmoto.com","twitter_description":"Alors que Marc Coma et Carlos Sainz, leaders de leur cat\u00e9gorie respective, ont pris une confortable avance \u00e0 l&rsquo;issue de la dixi\u00e8me \u00e9tape du Dakar, une sorte de boucle de 476 km dans des montagnes de sable, la presse en m\u00e9tropole se penche sur le sort des comp\u00e9titeurs. C&rsquo;est un article \u00e0 l&rsquo;intitul\u00e9 tr\u00e8s accrocheur [&hellip;]","twitter_image":"http:\/\/www.leblogmoto.com\/images\/2009\/01\/13\/moto_scurit_dakar_voiture.jpg","twitter_misc":{"\u00c9crit par":"benoit rieu","Dur\u00e9e de lecture estim\u00e9e":"1 minute"},"schema":{"@context":"https:\/\/schema.org","@graph":[{"@type":"WebPage","@id":"https:\/\/blogs.thesocialmedia.com\/leblogmoto\/2009\/01\/13\/du-malaise-nais\/","url":"https:\/\/blogs.thesocialmedia.com\/leblogmoto\/2009\/01\/13\/du-malaise-nais\/","name":"Du malaise croissant entre motards et pilotes autos sur le Dakar... - leblogmoto.com","isPartOf":{"@id":"https:\/\/blogs.thesocialmedia.com\/leblogmoto\/#website"},"primaryImageOfPage":{"@id":"https:\/\/blogs.thesocialmedia.com\/leblogmoto\/2009\/01\/13\/du-malaise-nais\/#primaryimage"},"image":{"@id":"https:\/\/blogs.thesocialmedia.com\/leblogmoto\/2009\/01\/13\/du-malaise-nais\/#primaryimage"},"thumbnailUrl":"http:\/\/www.leblogmoto.com\/images\/2009\/01\/13\/moto_scurit_dakar_voiture.jpg","datePublished":"2009-01-13T23:55:14+00:00","dateModified":"2012-07-11T16:50:24+00:00","author":{"@id":"https:\/\/blogs.thesocialmedia.com\/leblogmoto\/#\/schema\/person\/18bfe773e5725ed6d24f743da805362a"},"breadcrumb":{"@id":"https:\/\/blogs.thesocialmedia.com\/leblogmoto\/2009\/01\/13\/du-malaise-nais\/#breadcrumb"},"inLanguage":"fr-FR","potentialAction":[{"@type":"ReadAction","target":["https:\/\/blogs.thesocialmedia.com\/leblogmoto\/2009\/01\/13\/du-malaise-nais\/"]}]},{"@type":"ImageObject","inLanguage":"fr-FR","@id":"https:\/\/blogs.thesocialmedia.com\/leblogmoto\/2009\/01\/13\/du-malaise-nais\/#primaryimage","url":"http:\/\/www.leblogmoto.com\/images\/2009\/01\/13\/moto_scurit_dakar_voiture.jpg","contentUrl":"http:\/\/www.leblogmoto.com\/images\/2009\/01\/13\/moto_scurit_dakar_voiture.jpg"},{"@type":"BreadcrumbList","@id":"https:\/\/blogs.thesocialmedia.com\/leblogmoto\/2009\/01\/13\/du-malaise-nais\/#breadcrumb","itemListElement":[{"@type":"ListItem","position":1,"name":"Accueil","item":"https:\/\/blogs.thesocialmedia.com\/leblogmoto\/"},{"@type":"ListItem","position":2,"name":"Du malaise croissant entre motards et pilotes autos sur le Dakar&#8230;"}]},{"@type":"WebSite","@id":"https:\/\/blogs.thesocialmedia.com\/leblogmoto\/#website","url":"https:\/\/blogs.thesocialmedia.com\/leblogmoto\/","name":"leblogmoto","description":"Toute l&#039;actualit\u00e9 des 2 roues","potentialAction":[{"@type":"SearchAction","target":{"@type":"EntryPoint","urlTemplate":"https:\/\/blogs.thesocialmedia.com\/leblogmoto\/?s={search_term_string}"},"query-input":{"@type":"PropertyValueSpecification","valueRequired":true,"valueName":"search_term_string"}}],"inLanguage":"fr-FR"},{"@type":"Person","@id":"https:\/\/blogs.thesocialmedia.com\/leblogmoto\/#\/schema\/person\/18bfe773e5725ed6d24f743da805362a","name":"benoit rieu","image":{"@type":"ImageObject","inLanguage":"fr-FR","@id":"https:\/\/blogs.thesocialmedia.com\/leblogmoto\/#\/schema\/person\/image\/","url":"https:\/\/secure.gravatar.com\/avatar\/?s=96&d=mm&r=g","contentUrl":"https:\/\/secure.gravatar.com\/avatar\/?s=96&d=mm&r=g","caption":"benoit rieu"},"url":"https:\/\/blogs.thesocialmedia.com\/leblogmoto\/author\/benoit-rieu\/"}]}},"_links":{"self":[{"href":"https:\/\/blogs.thesocialmedia.com\/leblogmoto\/wp-json\/wp\/v2\/posts\/332","targetHints":{"allow":["GET"]}}],"collection":[{"href":"https:\/\/blogs.thesocialmedia.com\/leblogmoto\/wp-json\/wp\/v2\/posts"}],"about":[{"href":"https:\/\/blogs.thesocialmedia.com\/leblogmoto\/wp-json\/wp\/v2\/types\/post"}],"author":[{"embeddable":true,"href":"https:\/\/blogs.thesocialmedia.com\/leblogmoto\/wp-json\/wp\/v2\/users\/324"}],"replies":[{"embeddable":true,"href":"https:\/\/blogs.thesocialmedia.com\/leblogmoto\/wp-json\/wp\/v2\/comments?post=332"}],"version-history":[{"count":2,"href":"https:\/\/blogs.thesocialmedia.com\/leblogmoto\/wp-json\/wp\/v2\/posts\/332\/revisions"}],"predecessor-version":[{"id":12502,"href":"https:\/\/blogs.thesocialmedia.com\/leblogmoto\/wp-json\/wp\/v2\/posts\/332\/revisions\/12502"}],"wp:attachment":[{"href":"https:\/\/blogs.thesocialmedia.com\/leblogmoto\/wp-json\/wp\/v2\/media?parent=332"}],"wp:term":[{"taxonomy":"category","embeddable":true,"href":"https:\/\/blogs.thesocialmedia.com\/leblogmoto\/wp-json\/wp\/v2\/categories?post=332"},{"taxonomy":"post_tag","embeddable":true,"href":"https:\/\/blogs.thesocialmedia.com\/leblogmoto\/wp-json\/wp\/v2\/tags?post=332"}],"curies":[{"name":"wp","href":"https:\/\/api.w.org\/{rel}","templated":true}]}}