{"id":336,"date":"2009-01-12T23:53:56","date_gmt":"2009-01-12T23:53:56","guid":{"rendered":"http:\/\/blogs.thesocialmedia.com\/leblogmoto\/2009\/01\/12\/un-autre-rallye\/"},"modified":"2012-07-11T16:47:47","modified_gmt":"2012-07-11T16:47:47","slug":"un-autre-rallye","status":"publish","type":"post","link":"https:\/\/blogs.thesocialmedia.com\/leblogmoto\/2009\/01\/12\/un-autre-rallye\/","title":{"rendered":"Un autre rallye-raid offre son regard sur l&rsquo;Am\u00e9rique du Sud."},"content":{"rendered":"<p><a href=\"http:\/\/blogs.thesocialmedia.com\/leblogmoto\/files\/2012\/07\/normal__mg_3487.jpg\"><img loading=\"lazy\" decoding=\"async\" height=\"313\"  width=\"470\" src=\"http:\/\/www.leblogmoto.com\/images\/2009\/01\/12\/normal__mg_3487.jpg\" alt=\"Normal__mg_3487\" \/><\/a><\/p>\n<p>De la contre-programmation, comme disent les pros de la t\u00e9loche. Vu que beaucoup de sites sortent les images de la premi\u00e8re semaine du Dakar au Nouveau Monde, voici les p\u00e9r\u00e9grinations de pilotes en <a href=\"http:\/\/www.bmw-motorrad.com.fr\/fr\/fr\/index.html\">BMW<\/a> 1200 GS lors de la reco, pr\u00e9alable au Rallye Gringo 2008, dont l&rsquo;affiche cl\u00f4ture cette s\u00e9rie de photos. M\u00eame si contrairement \u00e0 ce que le laisse entendre le titre de cet article, il s&rsquo;agit moins d&rsquo;un regard diff\u00e9rent que d&rsquo;un regard qui s&rsquo;attarde et prend le temps. L\u00e0 o\u00f9 l&rsquo;ambition des concurrents les plus aguerris du Dakar est de finir dans les premiers, et pour les amateurs de finir tout court. Et tant pis si l&rsquo;image choisie en en-t\u00eate fait un peu trop publicitaire \u00e0 mon go\u00fbt, les immenses \u00e9tendues sal\u00e9es et planes sont quand m\u00eame une des caract\u00e9ristiques de l&rsquo;Am\u00e9rique, et pas seulement de celle du sud. Selon le <a href=\"http:\/\/www.t3.fr\/modules.php?name=T3_News&amp;section=4&amp;theme=T3_GS\">site<\/a> qui y est consacr\u00e9, le Gringo vous emm\u00e8ne pendant un mois sur la pampa argentine et ses haciendas priv\u00e9es, \u00e0 travers la luxuriance de l\u2019Amazonie de la r\u00e9gion de Santa Cruz et de ses missions, l\u2019altiplano bolivien, ses d\u00e9serts de sable \u00e0 4.000 m d\u2019altitude, son lac sal\u00e9 d\u2019Uyuni et ses geysers spectaculaires, et enfin le d\u00e9sert d\u2019Atacama et la c\u00f4te chilienne.<\/p>\n<p>Apr\u00e8s son p\u00e9riple am\u00e9ricain de novembre dernier, l&rsquo;\u00e9preuve \u00e0 venir, nomm\u00e9e Dundee 2009 dont le <a href=\"http:\/\/www.t3.fr\/medias\/File\/Pdf\/%20pre_inscription_DUNDEE.pdf\">formulaire<\/a> en .pdf est d\u00e9j\u00e0 \u00e0 remplir en ligne, se d\u00e9roulera dans l&rsquo;<em>outback<\/em> australien. Avant un retour en Afrique toujours australe, encore, avec le Zulu 2010. <\/p>\n<p>Une belle initiative de BMW Motorrad France, je le reconnais d&rsquo;autant plus que je loupe rarement la firme bavaroise ici et son design tarabiscot\u00e9 des nouveaux roadsters, qui r\u00e9ussit \u00e0 marier initiative promotionnelle (ouvert aux proprios de R 1200 GS) et aventure carr\u00e9e comme ils savent le faire, puisqu&rsquo;on est encadr\u00e9 tout le long du parcours par des pros. <\/p>\n<p>Concernant les prix (a\u00efe, a\u00efe), la participation forfaitaire &#8211; encore \u00e0 fixer &#8211; pour le Dundee serait de 12000 \u00e0 13000 \u20ac, hors billets d&rsquo;avion, ce qui ne la rend accessible qu&rsquo;aux voyageurs ais\u00e9s quand m\u00eame !<\/p>\n<p><em>Cr\u00e9dit photos: Ulla Lohman &#8211; T3<\/em><\/p>\n<p><a href=\"http:\/\/clabedan.typepad.com\/.shared\/image.html?\/photos\/uncategorized\/2009\/01\/12\/normal__mg_0836.jpg\"><img loading=\"lazy\" decoding=\"async\" height=\"312\"  width=\"470\" src=\"http:\/\/www.leblogmoto.com\/images\/2009\/01\/12\/normal__mg_0836.jpg\" alt=\"Normal__mg_0836\" \/><\/a><\/p>\n<p><a href=\"http:\/\/blogs.thesocialmedia.com\/leblogmoto\/files\/2012\/07\/normal__mg_1347.jpg\"><img loading=\"lazy\" decoding=\"async\" height=\"313\"  width=\"470\" src=\"http:\/\/www.leblogmoto.com\/images\/2009\/01\/12\/normal__mg_1347.jpg\" alt=\"Normal__mg_1347\" \/><\/a> <\/p>\n<p><a href=\"http:\/\/blogs.thesocialmedia.com\/leblogmoto\/files\/2012\/07\/normal__mg_0103.jpg\"><img loading=\"lazy\" decoding=\"async\" height=\"313\"  width=\"470\" src=\"http:\/\/www.leblogmoto.com\/images\/2009\/01\/12\/normal__mg_0103.jpg\" alt=\"Normal__mg_0103\" \/><\/a> <\/p>\n<p><a href=\"http:\/\/blogs.thesocialmedia.com\/leblogmoto\/files\/2012\/07\/normal__mg_0662.jpg\"><img loading=\"lazy\" decoding=\"async\" height=\"312\"  width=\"470\" src=\"http:\/\/www.leblogmoto.com\/images\/2009\/01\/12\/normal__mg_0662.jpg\" alt=\"Normal__mg_0662\" \/><\/a> <\/p>\n<p><a href=\"http:\/\/blogs.thesocialmedia.com\/leblogmoto\/files\/2012\/07\/normal__mg_0724.jpg\"><img loading=\"lazy\" decoding=\"async\" height=\"312\"  width=\"470\" src=\"http:\/\/www.leblogmoto.com\/images\/2009\/01\/12\/normal__mg_0724.jpg\" alt=\"Normal__mg_0724\" \/><\/a> <\/p>\n<p><a href=\"http:\/\/blogs.thesocialmedia.com\/leblogmoto\/files\/2012\/07\/normal__mg_0749.jpg\"><img loading=\"lazy\" decoding=\"async\" height=\"312\"  width=\"470\" src=\"http:\/\/www.leblogmoto.com\/images\/2009\/01\/12\/normal__mg_0749.jpg\" alt=\"Normal__mg_0749\" \/><\/a> <\/p>\n<p><a href=\"http:\/\/blogs.thesocialmedia.com\/leblogmoto\/files\/2012\/07\/normal__mg_0768.jpg\"><img loading=\"lazy\" decoding=\"async\" height=\"312\"  width=\"470\" src=\"http:\/\/www.leblogmoto.com\/images\/2009\/01\/12\/normal__mg_0768.jpg\" alt=\"Normal__mg_0768\" \/><\/a> <\/p>\n<p><a href=\"http:\/\/blogs.thesocialmedia.com\/leblogmoto\/files\/2012\/07\/normal__mg_0835.jpg\"><img loading=\"lazy\" decoding=\"async\" height=\"312\"  width=\"470\" src=\"http:\/\/www.leblogmoto.com\/images\/2009\/01\/12\/normal__mg_0835.jpg\" alt=\"Normal__mg_0835\" \/><\/a> <\/p>\n<p><a href=\"http:\/\/blogs.thesocialmedia.com\/leblogmoto\/files\/2012\/07\/normal__mg_1950.jpg\"><img loading=\"lazy\" decoding=\"async\" height=\"313\"  width=\"470\" src=\"http:\/\/www.leblogmoto.com\/images\/2009\/01\/12\/normal__mg_1950.jpg\" alt=\"Normal__mg_1950\" \/><\/a> <\/p>\n<p><a href=\"http:\/\/blogs.thesocialmedia.com\/leblogmoto\/files\/2012\/07\/normal_dsc02244.jpg\"><img loading=\"lazy\" decoding=\"async\" height=\"352\"  width=\"470\" src=\"http:\/\/www.leblogmoto.com\/images\/2009\/01\/12\/normal_dsc02244.jpg\" alt=\"Normal_dsc02244\" \/><\/a> <\/p>\n<p><a href=\"http:\/\/blogs.thesocialmedia.com\/leblogmoto\/files\/2012\/07\/normal__mg_1901.jpg\"><img loading=\"lazy\" decoding=\"async\" height=\"313\"  width=\"470\" src=\"http:\/\/www.leblogmoto.com\/images\/2009\/01\/12\/normal__mg_1901.jpg\" alt=\"Normal__mg_1901\" \/><\/a> <\/p>\n<p><a href=\"http:\/\/blogs.thesocialmedia.com\/leblogmoto\/files\/2012\/07\/normal_dsc02260.jpg\"><img loading=\"lazy\" decoding=\"async\" height=\"352\"  width=\"470\" src=\"http:\/\/www.leblogmoto.com\/images\/2009\/01\/12\/normal_dsc02260.jpg\" alt=\"Normal_dsc02260\" \/><\/a> <\/p>\n<p><a href=\"http:\/\/blogs.thesocialmedia.com\/leblogmoto\/files\/2012\/07\/normal_dsc02272.jpg\"><img loading=\"lazy\" decoding=\"async\" height=\"352\"  width=\"470\" src=\"http:\/\/www.leblogmoto.com\/images\/2009\/01\/12\/normal_dsc02272.jpg\" alt=\"Normal_dsc02272\" \/><\/a> <\/p>\n<p><a href=\"http:\/\/blogs.thesocialmedia.com\/leblogmoto\/files\/2012\/07\/normal_dsc03302nb.jpg\"><img loading=\"lazy\" decoding=\"async\" height=\"352\"  width=\"470\" src=\"http:\/\/www.leblogmoto.com\/images\/2009\/01\/12\/normal_dsc03302nb.jpg\" alt=\"Normal_dsc03302nb\" \/><\/a> <\/p>\n<p><a href=\"http:\/\/blogs.thesocialmedia.com\/leblogmoto\/files\/2012\/07\/moto_rallye_gringo_2008_affiche.jpg\"><img loading=\"lazy\" decoding=\"async\" height=\"406\"  width=\"470\" alt=\"Moto_rallye_gringo_2008_affiche\" src=\"http:\/\/www.leblogmoto.com\/images\/2009\/01\/12\/moto_rallye_gringo_2008_affiche.jpg\" \/><\/a> <\/p>\n","protected":false},"excerpt":{"rendered":"<p>De la contre-programmation, comme disent les pros de la t\u00e9loche. Vu que beaucoup de sites sortent les images de la premi\u00e8re semaine du Dakar au Nouveau Monde, voici les p\u00e9r\u00e9grinations de pilotes en BMW 1200 GS lors de la reco, pr\u00e9alable au Rallye Gringo 2008, dont l&rsquo;affiche cl\u00f4ture cette s\u00e9rie de photos. M\u00eame si contrairement [&hellip;]<\/p>\n","protected":false},"author":324,"featured_media":0,"comment_status":"open","ping_status":"open","sticky":false,"template":"","format":"standard","meta":{"footnotes":""},"categories":[13,7,61],"tags":[],"class_list":["post-336","post","type-post","status-publish","format-standard","hentry","category-aventure","category-bmw","category-rallye-raid"],"yoast_head":"<!-- This site is optimized with the Yoast SEO plugin v26.0 - https:\/\/yoast.com\/wordpress\/plugins\/seo\/ -->\n<title>Un autre rallye-raid offre son regard sur l&#039;Am\u00e9rique du Sud. - leblogmoto.com<\/title>\n<meta name=\"robots\" content=\"index, follow, max-snippet:-1, max-image-preview:large, max-video-preview:-1\" \/>\n<link rel=\"canonical\" href=\"https:\/\/blogs.thesocialmedia.com\/leblogmoto\/2009\/01\/12\/un-autre-rallye\/\" \/>\n<meta name=\"twitter:card\" content=\"summary_large_image\" \/>\n<meta name=\"twitter:title\" content=\"Un autre rallye-raid offre son regard sur l&#039;Am\u00e9rique du Sud. - leblogmoto.com\" \/>\n<meta name=\"twitter:description\" content=\"De la contre-programmation, comme disent les pros de la t\u00e9loche. Vu que beaucoup de sites sortent les images de la premi\u00e8re semaine du Dakar au Nouveau Monde, voici les p\u00e9r\u00e9grinations de pilotes en BMW 1200 GS lors de la reco, pr\u00e9alable au Rallye Gringo 2008, dont l&rsquo;affiche cl\u00f4ture cette s\u00e9rie de photos. M\u00eame si contrairement [&hellip;]\" \/>\n<meta name=\"twitter:image\" content=\"http:\/\/www.leblogmoto.com\/images\/2009\/01\/12\/normal__mg_3487.jpg\" \/>\n<meta name=\"twitter:label1\" content=\"\u00c9crit par\" \/>\n\t<meta name=\"twitter:data1\" content=\"benoit rieu\" \/>\n\t<meta name=\"twitter:label2\" content=\"Dur\u00e9e de lecture estim\u00e9e\" \/>\n\t<meta name=\"twitter:data2\" content=\"2 minutes\" \/>\n<script type=\"application\/ld+json\" class=\"yoast-schema-graph\">{\"@context\":\"https:\/\/schema.org\",\"@graph\":[{\"@type\":\"WebPage\",\"@id\":\"https:\/\/blogs.thesocialmedia.com\/leblogmoto\/2009\/01\/12\/un-autre-rallye\/\",\"url\":\"https:\/\/blogs.thesocialmedia.com\/leblogmoto\/2009\/01\/12\/un-autre-rallye\/\",\"name\":\"Un autre rallye-raid offre son regard sur l'Am\u00e9rique du Sud. - leblogmoto.com\",\"isPartOf\":{\"@id\":\"https:\/\/blogs.thesocialmedia.com\/leblogmoto\/#website\"},\"primaryImageOfPage\":{\"@id\":\"https:\/\/blogs.thesocialmedia.com\/leblogmoto\/2009\/01\/12\/un-autre-rallye\/#primaryimage\"},\"image\":{\"@id\":\"https:\/\/blogs.thesocialmedia.com\/leblogmoto\/2009\/01\/12\/un-autre-rallye\/#primaryimage\"},\"thumbnailUrl\":\"http:\/\/www.leblogmoto.com\/images\/2009\/01\/12\/normal__mg_3487.jpg\",\"datePublished\":\"2009-01-12T23:53:56+00:00\",\"dateModified\":\"2012-07-11T16:47:47+00:00\",\"author\":{\"@id\":\"https:\/\/blogs.thesocialmedia.com\/leblogmoto\/#\/schema\/person\/18bfe773e5725ed6d24f743da805362a\"},\"breadcrumb\":{\"@id\":\"https:\/\/blogs.thesocialmedia.com\/leblogmoto\/2009\/01\/12\/un-autre-rallye\/#breadcrumb\"},\"inLanguage\":\"fr-FR\",\"potentialAction\":[{\"@type\":\"ReadAction\",\"target\":[\"https:\/\/blogs.thesocialmedia.com\/leblogmoto\/2009\/01\/12\/un-autre-rallye\/\"]}]},{\"@type\":\"ImageObject\",\"inLanguage\":\"fr-FR\",\"@id\":\"https:\/\/blogs.thesocialmedia.com\/leblogmoto\/2009\/01\/12\/un-autre-rallye\/#primaryimage\",\"url\":\"http:\/\/www.leblogmoto.com\/images\/2009\/01\/12\/normal__mg_3487.jpg\",\"contentUrl\":\"http:\/\/www.leblogmoto.com\/images\/2009\/01\/12\/normal__mg_3487.jpg\"},{\"@type\":\"BreadcrumbList\",\"@id\":\"https:\/\/blogs.thesocialmedia.com\/leblogmoto\/2009\/01\/12\/un-autre-rallye\/#breadcrumb\",\"itemListElement\":[{\"@type\":\"ListItem\",\"position\":1,\"name\":\"Accueil\",\"item\":\"https:\/\/blogs.thesocialmedia.com\/leblogmoto\/\"},{\"@type\":\"ListItem\",\"position\":2,\"name\":\"Un autre rallye-raid offre son regard sur l&rsquo;Am\u00e9rique du Sud.\"}]},{\"@type\":\"WebSite\",\"@id\":\"https:\/\/blogs.thesocialmedia.com\/leblogmoto\/#website\",\"url\":\"https:\/\/blogs.thesocialmedia.com\/leblogmoto\/\",\"name\":\"leblogmoto\",\"description\":\"Toute l&#039;actualit\u00e9 des 2 roues\",\"potentialAction\":[{\"@type\":\"SearchAction\",\"target\":{\"@type\":\"EntryPoint\",\"urlTemplate\":\"https:\/\/blogs.thesocialmedia.com\/leblogmoto\/?s={search_term_string}\"},\"query-input\":{\"@type\":\"PropertyValueSpecification\",\"valueRequired\":true,\"valueName\":\"search_term_string\"}}],\"inLanguage\":\"fr-FR\"},{\"@type\":\"Person\",\"@id\":\"https:\/\/blogs.thesocialmedia.com\/leblogmoto\/#\/schema\/person\/18bfe773e5725ed6d24f743da805362a\",\"name\":\"benoit rieu\",\"image\":{\"@type\":\"ImageObject\",\"inLanguage\":\"fr-FR\",\"@id\":\"https:\/\/blogs.thesocialmedia.com\/leblogmoto\/#\/schema\/person\/image\/\",\"url\":\"https:\/\/secure.gravatar.com\/avatar\/?s=96&d=mm&r=g\",\"contentUrl\":\"https:\/\/secure.gravatar.com\/avatar\/?s=96&d=mm&r=g\",\"caption\":\"benoit rieu\"},\"url\":\"https:\/\/blogs.thesocialmedia.com\/leblogmoto\/author\/benoit-rieu\/\"}]}<\/script>\n<!-- \/ Yoast SEO plugin. -->","yoast_head_json":{"title":"Un autre rallye-raid offre son regard sur l'Am\u00e9rique du Sud. - leblogmoto.com","robots":{"index":"index","follow":"follow","max-snippet":"max-snippet:-1","max-image-preview":"max-image-preview:large","max-video-preview":"max-video-preview:-1"},"canonical":"https:\/\/blogs.thesocialmedia.com\/leblogmoto\/2009\/01\/12\/un-autre-rallye\/","twitter_card":"summary_large_image","twitter_title":"Un autre rallye-raid offre son regard sur l'Am\u00e9rique du Sud. - leblogmoto.com","twitter_description":"De la contre-programmation, comme disent les pros de la t\u00e9loche. Vu que beaucoup de sites sortent les images de la premi\u00e8re semaine du Dakar au Nouveau Monde, voici les p\u00e9r\u00e9grinations de pilotes en BMW 1200 GS lors de la reco, pr\u00e9alable au Rallye Gringo 2008, dont l&rsquo;affiche cl\u00f4ture cette s\u00e9rie de photos. M\u00eame si contrairement [&hellip;]","twitter_image":"http:\/\/www.leblogmoto.com\/images\/2009\/01\/12\/normal__mg_3487.jpg","twitter_misc":{"\u00c9crit par":"benoit rieu","Dur\u00e9e de lecture estim\u00e9e":"2 minutes"},"schema":{"@context":"https:\/\/schema.org","@graph":[{"@type":"WebPage","@id":"https:\/\/blogs.thesocialmedia.com\/leblogmoto\/2009\/01\/12\/un-autre-rallye\/","url":"https:\/\/blogs.thesocialmedia.com\/leblogmoto\/2009\/01\/12\/un-autre-rallye\/","name":"Un autre rallye-raid offre son regard sur l'Am\u00e9rique du Sud. - leblogmoto.com","isPartOf":{"@id":"https:\/\/blogs.thesocialmedia.com\/leblogmoto\/#website"},"primaryImageOfPage":{"@id":"https:\/\/blogs.thesocialmedia.com\/leblogmoto\/2009\/01\/12\/un-autre-rallye\/#primaryimage"},"image":{"@id":"https:\/\/blogs.thesocialmedia.com\/leblogmoto\/2009\/01\/12\/un-autre-rallye\/#primaryimage"},"thumbnailUrl":"http:\/\/www.leblogmoto.com\/images\/2009\/01\/12\/normal__mg_3487.jpg","datePublished":"2009-01-12T23:53:56+00:00","dateModified":"2012-07-11T16:47:47+00:00","author":{"@id":"https:\/\/blogs.thesocialmedia.com\/leblogmoto\/#\/schema\/person\/18bfe773e5725ed6d24f743da805362a"},"breadcrumb":{"@id":"https:\/\/blogs.thesocialmedia.com\/leblogmoto\/2009\/01\/12\/un-autre-rallye\/#breadcrumb"},"inLanguage":"fr-FR","potentialAction":[{"@type":"ReadAction","target":["https:\/\/blogs.thesocialmedia.com\/leblogmoto\/2009\/01\/12\/un-autre-rallye\/"]}]},{"@type":"ImageObject","inLanguage":"fr-FR","@id":"https:\/\/blogs.thesocialmedia.com\/leblogmoto\/2009\/01\/12\/un-autre-rallye\/#primaryimage","url":"http:\/\/www.leblogmoto.com\/images\/2009\/01\/12\/normal__mg_3487.jpg","contentUrl":"http:\/\/www.leblogmoto.com\/images\/2009\/01\/12\/normal__mg_3487.jpg"},{"@type":"BreadcrumbList","@id":"https:\/\/blogs.thesocialmedia.com\/leblogmoto\/2009\/01\/12\/un-autre-rallye\/#breadcrumb","itemListElement":[{"@type":"ListItem","position":1,"name":"Accueil","item":"https:\/\/blogs.thesocialmedia.com\/leblogmoto\/"},{"@type":"ListItem","position":2,"name":"Un autre rallye-raid offre son regard sur l&rsquo;Am\u00e9rique du Sud."}]},{"@type":"WebSite","@id":"https:\/\/blogs.thesocialmedia.com\/leblogmoto\/#website","url":"https:\/\/blogs.thesocialmedia.com\/leblogmoto\/","name":"leblogmoto","description":"Toute l&#039;actualit\u00e9 des 2 roues","potentialAction":[{"@type":"SearchAction","target":{"@type":"EntryPoint","urlTemplate":"https:\/\/blogs.thesocialmedia.com\/leblogmoto\/?s={search_term_string}"},"query-input":{"@type":"PropertyValueSpecification","valueRequired":true,"valueName":"search_term_string"}}],"inLanguage":"fr-FR"},{"@type":"Person","@id":"https:\/\/blogs.thesocialmedia.com\/leblogmoto\/#\/schema\/person\/18bfe773e5725ed6d24f743da805362a","name":"benoit rieu","image":{"@type":"ImageObject","inLanguage":"fr-FR","@id":"https:\/\/blogs.thesocialmedia.com\/leblogmoto\/#\/schema\/person\/image\/","url":"https:\/\/secure.gravatar.com\/avatar\/?s=96&d=mm&r=g","contentUrl":"https:\/\/secure.gravatar.com\/avatar\/?s=96&d=mm&r=g","caption":"benoit rieu"},"url":"https:\/\/blogs.thesocialmedia.com\/leblogmoto\/author\/benoit-rieu\/"}]}},"_links":{"self":[{"href":"https:\/\/blogs.thesocialmedia.com\/leblogmoto\/wp-json\/wp\/v2\/posts\/336","targetHints":{"allow":["GET"]}}],"collection":[{"href":"https:\/\/blogs.thesocialmedia.com\/leblogmoto\/wp-json\/wp\/v2\/posts"}],"about":[{"href":"https:\/\/blogs.thesocialmedia.com\/leblogmoto\/wp-json\/wp\/v2\/types\/post"}],"author":[{"embeddable":true,"href":"https:\/\/blogs.thesocialmedia.com\/leblogmoto\/wp-json\/wp\/v2\/users\/324"}],"replies":[{"embeddable":true,"href":"https:\/\/blogs.thesocialmedia.com\/leblogmoto\/wp-json\/wp\/v2\/comments?post=336"}],"version-history":[{"count":2,"href":"https:\/\/blogs.thesocialmedia.com\/leblogmoto\/wp-json\/wp\/v2\/posts\/336\/revisions"}],"predecessor-version":[{"id":12454,"href":"https:\/\/blogs.thesocialmedia.com\/leblogmoto\/wp-json\/wp\/v2\/posts\/336\/revisions\/12454"}],"wp:attachment":[{"href":"https:\/\/blogs.thesocialmedia.com\/leblogmoto\/wp-json\/wp\/v2\/media?parent=336"}],"wp:term":[{"taxonomy":"category","embeddable":true,"href":"https:\/\/blogs.thesocialmedia.com\/leblogmoto\/wp-json\/wp\/v2\/categories?post=336"},{"taxonomy":"post_tag","embeddable":true,"href":"https:\/\/blogs.thesocialmedia.com\/leblogmoto\/wp-json\/wp\/v2\/tags?post=336"}],"curies":[{"name":"wp","href":"https:\/\/api.w.org\/{rel}","templated":true}]}}