{"id":337,"date":"2009-01-12T05:56:40","date_gmt":"2009-01-12T05:56:40","guid":{"rendered":"http:\/\/blogs.thesocialmedia.com\/leblogmoto\/2009\/01\/12\/le-corps-de-pte\/"},"modified":"2012-07-11T16:47:15","modified_gmt":"2012-07-11T16:47:15","slug":"le-corps-de-pte","status":"publish","type":"post","link":"https:\/\/blogs.thesocialmedia.com\/leblogmoto\/2009\/01\/12\/le-corps-de-pte\/","title":{"rendered":"Le rapatriement du corps de Pascal Terry n&rsquo;\u00e9teint pas la pol\u00e9mique."},"content":{"rendered":"<p><a href=\"http:\/\/blogs.thesocialmedia.com\/leblogmoto\/files\/2012\/07\/moto_pascal_terry.jpg\"><img loading=\"lazy\" decoding=\"async\" height=\"293\"  width=\"470\" src=\"http:\/\/www.leblogmoto.com\/images\/2009\/01\/11\/moto_pascal_terry.jpg\" alt=\"Moto_pascal_terry\" \/><\/a><\/p>\n<p>Alors que sa veuve et son fils se sont rendus sur place, et que les quotidiens nationaux balancent entre pathos et voyeurisme, avec des photos* du corps du d\u00e9funt mal dissimul\u00e9 sous une b\u00e2che (!), ces m\u00eames journaux annoncent que sa d\u00e9pouille sera rapatri\u00e9e mardi d&rsquo;Argentine, pour une arriv\u00e9e le lendemain en France. Mais comme l&rsquo;a fait remarquer une de nos lectrices dans le <a href=\"http:\/\/blogs.thesocialmedia.com\/leblogmoto\/files\/2012\/07\/dakar-dcs-de-pa.html_.png\">pr\u00e9c\u00e9dent article<\/a>, la pol\u00e9mique n\u00e9e de l&rsquo;inertie des secours n&rsquo;est pas pr\u00eate de s&rsquo;\u00e9teindre. D&rsquo;autant que la machine judiciaire est bien lanc\u00e9e, elle. La justice de la province de La Pampa, a ainsi diligent\u00e9 une enqu\u00eate visant \u00e0 d\u00e9terminer les causes du d\u00e9c\u00e8s et les responsabilit\u00e9s aff\u00e9rentes. Selon la police argentine, le pilote Yamaha aurait pu \u00eatre sauv\u00e9 si seulement il avait \u00e9t\u00e9 secouru \u00e0 temps. Sans attendre, ASO** par la voix d&rsquo;E.Lavigne, a admis un dysfonctionnement interne, seul \u00e0 m\u00eame d&rsquo;expliquer que pr\u00e8s de 56 heures se soient \u00e9coul\u00e9es, entre le d\u00e9clenchement de sa balise de d\u00e9tresse et la d\u00e9couverte du motard de 49 ans, mort d&rsquo;un \u0153d\u00e8me pulmonaire. Recherch\u00e9 depuis le 4 janvier et la deuxi\u00e8me \u00e9tape entre Santa Rosa et Puerto Madryn, P.Terry signala \u00eatre en panne d&rsquo;essence, mais se d\u00e9brouilla avec un autre concurrent pour alimenter sa machine.<\/p>\n<p><a href=\"http:\/\/clabedan.typepad.com\/.shared\/image.html?\/photos\/uncategorized\/2009\/01\/11\/moto_pascal_terry_2_buenos_aires.jpg\"><img loading=\"lazy\" decoding=\"async\" height=\"334\"  width=\"470\" alt=\"Moto_pascal_terry_2_buenos_aires\" src=\"http:\/\/www.leblogmoto.com\/images\/2009\/01\/11\/moto_pascal_terry_2_buenos_aires.jpg\" \/><\/a> <\/p>\n<p>Constatant que le pilote n&rsquo;\u00e9tait toujours pas reparti apr\u00e8s ce fait de course, somme toute banal, il fut contact\u00e9 par l&rsquo;organisation du rallye sur son t\u00e9l\u00e9phone satellitaire, sans succ\u00e8s. Intervient alors un hiatus, sans doute tragique, dans la coordination des secours, qui permet de comprendre pourquoi il n&rsquo;a \u00e9t\u00e9 rep\u00e9r\u00e9 que trois jours apr\u00e8s.<\/p>\n<p>A Paris, l&rsquo;organisation du rallye alert\u00e9e dimanche soir du d\u00e9clenchement de la balise de d\u00e9tresse par le motard, n&rsquo;avait contact\u00e9 le PC sur place que le lendemain matin. S&rsquo;en suivirent une patrouille de la d\u00e9fense argentine et une battue des forces de l&rsquo;ordre.<\/p>\n<p>Pour ajouter \u00e0 cette cacophonie, l&rsquo;imbroglio dans la cha\u00eene de communication s&rsquo;est doubl\u00e9 d&rsquo;une information erron\u00e9e, sa pr\u00e9sence ayant \u00e9t\u00e9 annonc\u00e9e \u00e0 tort*** au final de la quatri\u00e8me \u00e9tape, \u00e0 Neuquen, lundi soir, interrompant ainsi toute recherche pendant plusieurs heures.<\/p>\n<p>Certains sites g\u00e9n\u00e9ralistes s&rsquo;\u00e9tonnent aussi que les Argentins n&rsquo;aient pas rep\u00e9r\u00e9 Pascal Terry alors qu&rsquo;ils devaient disposer de sa derni\u00e8re position satellite connue. D&rsquo;autres soufflent d\u00e9j\u00e0 sur les braises en incriminant la mort dans l&rsquo;indiff\u00e9rence d&rsquo;un &quot;poireau&quot;, qui, par d\u00e9finition, n&rsquo;a pas la chance de courir dans une \u00e9curie de pointe. <\/p>\n<p>Selon cette th\u00e9orie les moyens mis en \u0153uvre n&rsquo;ont pas \u00e9t\u00e9 \u00e0 la hauteur, car le Normand \u00e9tait un motard peu m\u00e9diatis\u00e9. A ceci pr\u00e8s que les h\u00e9licopt\u00e8res d&rsquo;ASO par exemple, d\u00e9j\u00e0 mobilis\u00e9s sur la troisi\u00e8me \u00e9tape, ne pouvaient participer aux recherches. <\/p>\n<p>Il ne sera finalement retrouv\u00e9 que mercredi \u00e0 2h10 du matin heure locale, \u00e0 une quinzaine de m\u00e8tres de son trail, parti se mettre \u00e0 l&rsquo;abri dans un endroit \u00e0 la v\u00e9g\u00e9tation touffue, et difficile d&rsquo;acc\u00e8s, son casque retir\u00e9, avec de l&rsquo;eau et de la nourriture \u00e0 ses c\u00f4t\u00e9s. Le pilote serait d\u00e9c\u00e9d\u00e9 dans la nuit de lundi \u00e0 mardi. <\/p>\n<p>Il est la 51\u00e8me victime du Dakar &#8211; pilotes, organisateurs, et spectateurs confondus &#8211; depuis la premi\u00e8re \u00e9dition du rallye raid en 1979. Pens\u00e9e aux siens. Qu&rsquo;il repose en paix.<\/p>\n<p><em>*la vue de ses bottes SDI n&rsquo;a fait qu&rsquo;ajouter \u00e0 cette peine, il est impossible de ne pas \u00e9prouver une sorte de proximit\u00e9 ou de l&#8217;empathie.<br \/><\/em><\/p>\n<p><em>**Amaury Sport Organisation, <\/em><em>qui manage aussi le Tour de France (cycliste), <\/em><em>le groupe Amaury publie \u00e9galement le journal L&rsquo;Equipe.<br \/><\/em><\/p>\n<p><em>***une confusion sur les pilotes a t&rsquo;on tent\u00e9 de justifier.<br \/><\/em><\/p>\n<p><em>Cr\u00e9dit photos: Reuters.<br \/><\/em><\/p>\n","protected":false},"excerpt":{"rendered":"<p>Alors que sa veuve et son fils se sont rendus sur place, et que les quotidiens nationaux balancent entre pathos et voyeurisme, avec des photos* du corps du d\u00e9funt mal dissimul\u00e9 sous une b\u00e2che (!), ces m\u00eames journaux annoncent que sa d\u00e9pouille sera rapatri\u00e9e mardi d&rsquo;Argentine, pour une arriv\u00e9e le lendemain en France. Mais comme [&hellip;]<\/p>\n","protected":false},"author":324,"featured_media":0,"comment_status":"open","ping_status":"open","sticky":false,"template":"","format":"standard","meta":{"footnotes":""},"categories":[3,61,44],"tags":[],"class_list":["post-337","post","type-post","status-publish","format-standard","hentry","category-actualite","category-rallye-raid","category-yamaha"],"yoast_head":"<!-- This site is optimized with the Yoast SEO plugin v26.0 - https:\/\/yoast.com\/wordpress\/plugins\/seo\/ -->\n<title>Le rapatriement du corps de Pascal Terry n&#039;\u00e9teint pas la pol\u00e9mique. - leblogmoto.com<\/title>\n<meta name=\"robots\" content=\"index, follow, max-snippet:-1, max-image-preview:large, max-video-preview:-1\" \/>\n<link rel=\"canonical\" href=\"https:\/\/blogs.thesocialmedia.com\/leblogmoto\/2009\/01\/12\/le-corps-de-pte\/\" \/>\n<meta name=\"twitter:card\" content=\"summary_large_image\" \/>\n<meta name=\"twitter:title\" content=\"Le rapatriement du corps de Pascal Terry n&#039;\u00e9teint pas la pol\u00e9mique. - leblogmoto.com\" \/>\n<meta name=\"twitter:description\" content=\"Alors que sa veuve et son fils se sont rendus sur place, et que les quotidiens nationaux balancent entre pathos et voyeurisme, avec des photos* du corps du d\u00e9funt mal dissimul\u00e9 sous une b\u00e2che (!), ces m\u00eames journaux annoncent que sa d\u00e9pouille sera rapatri\u00e9e mardi d&rsquo;Argentine, pour une arriv\u00e9e le lendemain en France. Mais comme [&hellip;]\" \/>\n<meta name=\"twitter:image\" content=\"http:\/\/www.leblogmoto.com\/images\/2009\/01\/11\/moto_pascal_terry.jpg\" \/>\n<meta name=\"twitter:label1\" content=\"\u00c9crit par\" \/>\n\t<meta name=\"twitter:data1\" content=\"benoit rieu\" \/>\n\t<meta name=\"twitter:label2\" content=\"Dur\u00e9e de lecture estim\u00e9e\" \/>\n\t<meta name=\"twitter:data2\" content=\"3 minutes\" \/>\n<script type=\"application\/ld+json\" class=\"yoast-schema-graph\">{\"@context\":\"https:\/\/schema.org\",\"@graph\":[{\"@type\":\"WebPage\",\"@id\":\"https:\/\/blogs.thesocialmedia.com\/leblogmoto\/2009\/01\/12\/le-corps-de-pte\/\",\"url\":\"https:\/\/blogs.thesocialmedia.com\/leblogmoto\/2009\/01\/12\/le-corps-de-pte\/\",\"name\":\"Le rapatriement du corps de Pascal Terry n'\u00e9teint pas la pol\u00e9mique. - leblogmoto.com\",\"isPartOf\":{\"@id\":\"https:\/\/blogs.thesocialmedia.com\/leblogmoto\/#website\"},\"primaryImageOfPage\":{\"@id\":\"https:\/\/blogs.thesocialmedia.com\/leblogmoto\/2009\/01\/12\/le-corps-de-pte\/#primaryimage\"},\"image\":{\"@id\":\"https:\/\/blogs.thesocialmedia.com\/leblogmoto\/2009\/01\/12\/le-corps-de-pte\/#primaryimage\"},\"thumbnailUrl\":\"http:\/\/www.leblogmoto.com\/images\/2009\/01\/11\/moto_pascal_terry.jpg\",\"datePublished\":\"2009-01-12T05:56:40+00:00\",\"dateModified\":\"2012-07-11T16:47:15+00:00\",\"author\":{\"@id\":\"https:\/\/blogs.thesocialmedia.com\/leblogmoto\/#\/schema\/person\/18bfe773e5725ed6d24f743da805362a\"},\"breadcrumb\":{\"@id\":\"https:\/\/blogs.thesocialmedia.com\/leblogmoto\/2009\/01\/12\/le-corps-de-pte\/#breadcrumb\"},\"inLanguage\":\"fr-FR\",\"potentialAction\":[{\"@type\":\"ReadAction\",\"target\":[\"https:\/\/blogs.thesocialmedia.com\/leblogmoto\/2009\/01\/12\/le-corps-de-pte\/\"]}]},{\"@type\":\"ImageObject\",\"inLanguage\":\"fr-FR\",\"@id\":\"https:\/\/blogs.thesocialmedia.com\/leblogmoto\/2009\/01\/12\/le-corps-de-pte\/#primaryimage\",\"url\":\"http:\/\/www.leblogmoto.com\/images\/2009\/01\/11\/moto_pascal_terry.jpg\",\"contentUrl\":\"http:\/\/www.leblogmoto.com\/images\/2009\/01\/11\/moto_pascal_terry.jpg\"},{\"@type\":\"BreadcrumbList\",\"@id\":\"https:\/\/blogs.thesocialmedia.com\/leblogmoto\/2009\/01\/12\/le-corps-de-pte\/#breadcrumb\",\"itemListElement\":[{\"@type\":\"ListItem\",\"position\":1,\"name\":\"Accueil\",\"item\":\"https:\/\/blogs.thesocialmedia.com\/leblogmoto\/\"},{\"@type\":\"ListItem\",\"position\":2,\"name\":\"Le rapatriement du corps de Pascal Terry n&rsquo;\u00e9teint pas la pol\u00e9mique.\"}]},{\"@type\":\"WebSite\",\"@id\":\"https:\/\/blogs.thesocialmedia.com\/leblogmoto\/#website\",\"url\":\"https:\/\/blogs.thesocialmedia.com\/leblogmoto\/\",\"name\":\"leblogmoto\",\"description\":\"Toute l&#039;actualit\u00e9 des 2 roues\",\"potentialAction\":[{\"@type\":\"SearchAction\",\"target\":{\"@type\":\"EntryPoint\",\"urlTemplate\":\"https:\/\/blogs.thesocialmedia.com\/leblogmoto\/?s={search_term_string}\"},\"query-input\":{\"@type\":\"PropertyValueSpecification\",\"valueRequired\":true,\"valueName\":\"search_term_string\"}}],\"inLanguage\":\"fr-FR\"},{\"@type\":\"Person\",\"@id\":\"https:\/\/blogs.thesocialmedia.com\/leblogmoto\/#\/schema\/person\/18bfe773e5725ed6d24f743da805362a\",\"name\":\"benoit rieu\",\"image\":{\"@type\":\"ImageObject\",\"inLanguage\":\"fr-FR\",\"@id\":\"https:\/\/blogs.thesocialmedia.com\/leblogmoto\/#\/schema\/person\/image\/\",\"url\":\"https:\/\/secure.gravatar.com\/avatar\/?s=96&d=mm&r=g\",\"contentUrl\":\"https:\/\/secure.gravatar.com\/avatar\/?s=96&d=mm&r=g\",\"caption\":\"benoit rieu\"},\"url\":\"https:\/\/blogs.thesocialmedia.com\/leblogmoto\/author\/benoit-rieu\/\"}]}<\/script>\n<!-- \/ Yoast SEO plugin. -->","yoast_head_json":{"title":"Le rapatriement du corps de Pascal Terry n'\u00e9teint pas la pol\u00e9mique. - leblogmoto.com","robots":{"index":"index","follow":"follow","max-snippet":"max-snippet:-1","max-image-preview":"max-image-preview:large","max-video-preview":"max-video-preview:-1"},"canonical":"https:\/\/blogs.thesocialmedia.com\/leblogmoto\/2009\/01\/12\/le-corps-de-pte\/","twitter_card":"summary_large_image","twitter_title":"Le rapatriement du corps de Pascal Terry n'\u00e9teint pas la pol\u00e9mique. - leblogmoto.com","twitter_description":"Alors que sa veuve et son fils se sont rendus sur place, et que les quotidiens nationaux balancent entre pathos et voyeurisme, avec des photos* du corps du d\u00e9funt mal dissimul\u00e9 sous une b\u00e2che (!), ces m\u00eames journaux annoncent que sa d\u00e9pouille sera rapatri\u00e9e mardi d&rsquo;Argentine, pour une arriv\u00e9e le lendemain en France. Mais comme [&hellip;]","twitter_image":"http:\/\/www.leblogmoto.com\/images\/2009\/01\/11\/moto_pascal_terry.jpg","twitter_misc":{"\u00c9crit par":"benoit rieu","Dur\u00e9e de lecture estim\u00e9e":"3 minutes"},"schema":{"@context":"https:\/\/schema.org","@graph":[{"@type":"WebPage","@id":"https:\/\/blogs.thesocialmedia.com\/leblogmoto\/2009\/01\/12\/le-corps-de-pte\/","url":"https:\/\/blogs.thesocialmedia.com\/leblogmoto\/2009\/01\/12\/le-corps-de-pte\/","name":"Le rapatriement du corps de Pascal Terry n'\u00e9teint pas la pol\u00e9mique. - leblogmoto.com","isPartOf":{"@id":"https:\/\/blogs.thesocialmedia.com\/leblogmoto\/#website"},"primaryImageOfPage":{"@id":"https:\/\/blogs.thesocialmedia.com\/leblogmoto\/2009\/01\/12\/le-corps-de-pte\/#primaryimage"},"image":{"@id":"https:\/\/blogs.thesocialmedia.com\/leblogmoto\/2009\/01\/12\/le-corps-de-pte\/#primaryimage"},"thumbnailUrl":"http:\/\/www.leblogmoto.com\/images\/2009\/01\/11\/moto_pascal_terry.jpg","datePublished":"2009-01-12T05:56:40+00:00","dateModified":"2012-07-11T16:47:15+00:00","author":{"@id":"https:\/\/blogs.thesocialmedia.com\/leblogmoto\/#\/schema\/person\/18bfe773e5725ed6d24f743da805362a"},"breadcrumb":{"@id":"https:\/\/blogs.thesocialmedia.com\/leblogmoto\/2009\/01\/12\/le-corps-de-pte\/#breadcrumb"},"inLanguage":"fr-FR","potentialAction":[{"@type":"ReadAction","target":["https:\/\/blogs.thesocialmedia.com\/leblogmoto\/2009\/01\/12\/le-corps-de-pte\/"]}]},{"@type":"ImageObject","inLanguage":"fr-FR","@id":"https:\/\/blogs.thesocialmedia.com\/leblogmoto\/2009\/01\/12\/le-corps-de-pte\/#primaryimage","url":"http:\/\/www.leblogmoto.com\/images\/2009\/01\/11\/moto_pascal_terry.jpg","contentUrl":"http:\/\/www.leblogmoto.com\/images\/2009\/01\/11\/moto_pascal_terry.jpg"},{"@type":"BreadcrumbList","@id":"https:\/\/blogs.thesocialmedia.com\/leblogmoto\/2009\/01\/12\/le-corps-de-pte\/#breadcrumb","itemListElement":[{"@type":"ListItem","position":1,"name":"Accueil","item":"https:\/\/blogs.thesocialmedia.com\/leblogmoto\/"},{"@type":"ListItem","position":2,"name":"Le rapatriement du corps de Pascal Terry n&rsquo;\u00e9teint pas la pol\u00e9mique."}]},{"@type":"WebSite","@id":"https:\/\/blogs.thesocialmedia.com\/leblogmoto\/#website","url":"https:\/\/blogs.thesocialmedia.com\/leblogmoto\/","name":"leblogmoto","description":"Toute l&#039;actualit\u00e9 des 2 roues","potentialAction":[{"@type":"SearchAction","target":{"@type":"EntryPoint","urlTemplate":"https:\/\/blogs.thesocialmedia.com\/leblogmoto\/?s={search_term_string}"},"query-input":{"@type":"PropertyValueSpecification","valueRequired":true,"valueName":"search_term_string"}}],"inLanguage":"fr-FR"},{"@type":"Person","@id":"https:\/\/blogs.thesocialmedia.com\/leblogmoto\/#\/schema\/person\/18bfe773e5725ed6d24f743da805362a","name":"benoit rieu","image":{"@type":"ImageObject","inLanguage":"fr-FR","@id":"https:\/\/blogs.thesocialmedia.com\/leblogmoto\/#\/schema\/person\/image\/","url":"https:\/\/secure.gravatar.com\/avatar\/?s=96&d=mm&r=g","contentUrl":"https:\/\/secure.gravatar.com\/avatar\/?s=96&d=mm&r=g","caption":"benoit rieu"},"url":"https:\/\/blogs.thesocialmedia.com\/leblogmoto\/author\/benoit-rieu\/"}]}},"_links":{"self":[{"href":"https:\/\/blogs.thesocialmedia.com\/leblogmoto\/wp-json\/wp\/v2\/posts\/337","targetHints":{"allow":["GET"]}}],"collection":[{"href":"https:\/\/blogs.thesocialmedia.com\/leblogmoto\/wp-json\/wp\/v2\/posts"}],"about":[{"href":"https:\/\/blogs.thesocialmedia.com\/leblogmoto\/wp-json\/wp\/v2\/types\/post"}],"author":[{"embeddable":true,"href":"https:\/\/blogs.thesocialmedia.com\/leblogmoto\/wp-json\/wp\/v2\/users\/324"}],"replies":[{"embeddable":true,"href":"https:\/\/blogs.thesocialmedia.com\/leblogmoto\/wp-json\/wp\/v2\/comments?post=337"}],"version-history":[{"count":2,"href":"https:\/\/blogs.thesocialmedia.com\/leblogmoto\/wp-json\/wp\/v2\/posts\/337\/revisions"}],"predecessor-version":[{"id":12438,"href":"https:\/\/blogs.thesocialmedia.com\/leblogmoto\/wp-json\/wp\/v2\/posts\/337\/revisions\/12438"}],"wp:attachment":[{"href":"https:\/\/blogs.thesocialmedia.com\/leblogmoto\/wp-json\/wp\/v2\/media?parent=337"}],"wp:term":[{"taxonomy":"category","embeddable":true,"href":"https:\/\/blogs.thesocialmedia.com\/leblogmoto\/wp-json\/wp\/v2\/categories?post=337"},{"taxonomy":"post_tag","embeddable":true,"href":"https:\/\/blogs.thesocialmedia.com\/leblogmoto\/wp-json\/wp\/v2\/tags?post=337"}],"curies":[{"name":"wp","href":"https:\/\/api.w.org\/{rel}","templated":true}]}}