{"id":338,"date":"2009-01-11T23:13:03","date_gmt":"2009-01-11T23:13:03","guid":{"rendered":"http:\/\/blogs.thesocialmedia.com\/leblogmoto\/2009\/01\/11\/le-flex-vanity\/"},"modified":"2012-07-11T16:47:14","modified_gmt":"2012-07-11T16:47:14","slug":"le-flex-vanity","status":"publish","type":"post","link":"https:\/\/blogs.thesocialmedia.com\/leblogmoto\/2009\/01\/11\/le-flex-vanity\/","title":{"rendered":"Le Flex, vanity-case et bagage de cabine du motard ?"},"content":{"rendered":"<p><a href=\"http:\/\/blogs.thesocialmedia.com\/leblogmoto\/files\/2012\/07\/item1.jpg\"><img loading=\"lazy\" decoding=\"async\" height=\"279\"  width=\"470\" alt=\"Item1\" src=\"http:\/\/www.leblogmoto.com\/images\/2009\/01\/06\/item1.jpg\" \/><\/a><\/p>\n<p>Un coup de c\u0153ur chez <a href=\"http:\/\/www.bagster.com\">Bagster<\/a> que ce Flex, autant pour son c\u00f4t\u00e9 pratique que pour son prix modique de 19 \u20ac, en ces temps o\u00f9 l&rsquo;on a m\u00eame plus la place pour ranger un antivol en U sur nos b\u00e9canes, et o\u00f9 l&rsquo;on a pas forc\u00e9ment envie de se promener avec un top case, ou une sacoche de r\u00e9servoir (par ailleurs le fond de commerce de Bagster). Contrairement aux apparences, la poche filet est (\u00e9videmment) \u00e0 l&rsquo;int\u00e9rieur du Flex, prot\u00e9g\u00e9e par un plastique transparent, comme le montre bien la photo suivante. Cette mini-sacoche peut tout aussi bien se porter sur l&rsquo;avant-bras que sur la cuisse, ou le guidon du scooter, selon le pitch de la marque. De quoi avoir le strict minimum imm\u00e9diatement disponible, un kit anti-crevaison par exemple. Il serait m\u00eame tr\u00e8s tentant d&rsquo;y incorporer un GPS, peut-\u00eatre que la fen\u00eatre n&rsquo;est pas assez grande, et cela oblige \u00e0 d\u00e9tourner les yeux de la route. Puisque l&rsquo;on parle du contenu, passons enfin aux specs, le litrage est de 0,8 litre, soit 20 x 12 x 4 cm de dimensions (ext\u00e9rieures certainement) et l&rsquo;on y acc\u00e8de par un double zip. L&rsquo;ensemble p\u00e8se 200 grammes, et est maintenu fermement sur le membre porteur \u00e0 l&rsquo;aide de deux sangles.  <\/p>\n<p><a href=\"http:\/\/clabedan.typepad.com\/.shared\/image.html?\/photos\/uncategorized\/2009\/01\/11\/moto_accessoires_flex.jpg\"><img loading=\"lazy\" decoding=\"async\" height=\"659\"  width=\"470\" src=\"http:\/\/www.leblogmoto.com\/images\/2009\/01\/11\/moto_accessoires_flex.jpg\" alt=\"Moto_accessoires_flex\" \/><\/a> <\/p>\n","protected":false},"excerpt":{"rendered":"<p>Un coup de c\u0153ur chez Bagster que ce Flex, autant pour son c\u00f4t\u00e9 pratique que pour son prix modique de 19 \u20ac, en ces temps o\u00f9 l&rsquo;on a m\u00eame plus la place pour ranger un antivol en U sur nos b\u00e9canes, et o\u00f9 l&rsquo;on a pas forc\u00e9ment envie de se promener avec un top case, [&hellip;]<\/p>\n","protected":false},"author":324,"featured_media":0,"comment_status":"open","ping_status":"open","sticky":false,"template":"","format":"standard","meta":{"footnotes":""},"categories":[49,17,56],"tags":[],"class_list":["post-338","post","type-post","status-publish","format-standard","hentry","category-actualites-entreprise","category-divers","category-protections"],"yoast_head":"<!-- This site is optimized with the Yoast SEO plugin v26.0 - https:\/\/yoast.com\/wordpress\/plugins\/seo\/ -->\n<title>Le Flex, vanity-case et bagage de cabine du motard ? - leblogmoto.com<\/title>\n<meta name=\"robots\" content=\"index, follow, max-snippet:-1, max-image-preview:large, max-video-preview:-1\" \/>\n<link rel=\"canonical\" href=\"https:\/\/blogs.thesocialmedia.com\/leblogmoto\/2009\/01\/11\/le-flex-vanity\/\" \/>\n<meta name=\"twitter:card\" content=\"summary_large_image\" \/>\n<meta name=\"twitter:title\" content=\"Le Flex, vanity-case et bagage de cabine du motard ? - leblogmoto.com\" \/>\n<meta name=\"twitter:description\" content=\"Un coup de c\u0153ur chez Bagster que ce Flex, autant pour son c\u00f4t\u00e9 pratique que pour son prix modique de 19 \u20ac, en ces temps o\u00f9 l&rsquo;on a m\u00eame plus la place pour ranger un antivol en U sur nos b\u00e9canes, et o\u00f9 l&rsquo;on a pas forc\u00e9ment envie de se promener avec un top case, [&hellip;]\" \/>\n<meta name=\"twitter:image\" content=\"http:\/\/www.leblogmoto.com\/images\/2009\/01\/06\/item1.jpg\" \/>\n<meta name=\"twitter:label1\" content=\"\u00c9crit par\" \/>\n\t<meta name=\"twitter:data1\" content=\"benoit rieu\" \/>\n\t<meta name=\"twitter:label2\" content=\"Dur\u00e9e de lecture estim\u00e9e\" \/>\n\t<meta name=\"twitter:data2\" content=\"1 minute\" \/>\n<script type=\"application\/ld+json\" class=\"yoast-schema-graph\">{\"@context\":\"https:\/\/schema.org\",\"@graph\":[{\"@type\":\"WebPage\",\"@id\":\"https:\/\/blogs.thesocialmedia.com\/leblogmoto\/2009\/01\/11\/le-flex-vanity\/\",\"url\":\"https:\/\/blogs.thesocialmedia.com\/leblogmoto\/2009\/01\/11\/le-flex-vanity\/\",\"name\":\"Le Flex, vanity-case et bagage de cabine du motard ? - leblogmoto.com\",\"isPartOf\":{\"@id\":\"https:\/\/blogs.thesocialmedia.com\/leblogmoto\/#website\"},\"primaryImageOfPage\":{\"@id\":\"https:\/\/blogs.thesocialmedia.com\/leblogmoto\/2009\/01\/11\/le-flex-vanity\/#primaryimage\"},\"image\":{\"@id\":\"https:\/\/blogs.thesocialmedia.com\/leblogmoto\/2009\/01\/11\/le-flex-vanity\/#primaryimage\"},\"thumbnailUrl\":\"http:\/\/www.leblogmoto.com\/images\/2009\/01\/06\/item1.jpg\",\"datePublished\":\"2009-01-11T23:13:03+00:00\",\"dateModified\":\"2012-07-11T16:47:14+00:00\",\"author\":{\"@id\":\"https:\/\/blogs.thesocialmedia.com\/leblogmoto\/#\/schema\/person\/18bfe773e5725ed6d24f743da805362a\"},\"breadcrumb\":{\"@id\":\"https:\/\/blogs.thesocialmedia.com\/leblogmoto\/2009\/01\/11\/le-flex-vanity\/#breadcrumb\"},\"inLanguage\":\"fr-FR\",\"potentialAction\":[{\"@type\":\"ReadAction\",\"target\":[\"https:\/\/blogs.thesocialmedia.com\/leblogmoto\/2009\/01\/11\/le-flex-vanity\/\"]}]},{\"@type\":\"ImageObject\",\"inLanguage\":\"fr-FR\",\"@id\":\"https:\/\/blogs.thesocialmedia.com\/leblogmoto\/2009\/01\/11\/le-flex-vanity\/#primaryimage\",\"url\":\"http:\/\/www.leblogmoto.com\/images\/2009\/01\/06\/item1.jpg\",\"contentUrl\":\"http:\/\/www.leblogmoto.com\/images\/2009\/01\/06\/item1.jpg\"},{\"@type\":\"BreadcrumbList\",\"@id\":\"https:\/\/blogs.thesocialmedia.com\/leblogmoto\/2009\/01\/11\/le-flex-vanity\/#breadcrumb\",\"itemListElement\":[{\"@type\":\"ListItem\",\"position\":1,\"name\":\"Accueil\",\"item\":\"https:\/\/blogs.thesocialmedia.com\/leblogmoto\/\"},{\"@type\":\"ListItem\",\"position\":2,\"name\":\"Le Flex, vanity-case et bagage de cabine du motard ?\"}]},{\"@type\":\"WebSite\",\"@id\":\"https:\/\/blogs.thesocialmedia.com\/leblogmoto\/#website\",\"url\":\"https:\/\/blogs.thesocialmedia.com\/leblogmoto\/\",\"name\":\"leblogmoto\",\"description\":\"Toute l&#039;actualit\u00e9 des 2 roues\",\"potentialAction\":[{\"@type\":\"SearchAction\",\"target\":{\"@type\":\"EntryPoint\",\"urlTemplate\":\"https:\/\/blogs.thesocialmedia.com\/leblogmoto\/?s={search_term_string}\"},\"query-input\":{\"@type\":\"PropertyValueSpecification\",\"valueRequired\":true,\"valueName\":\"search_term_string\"}}],\"inLanguage\":\"fr-FR\"},{\"@type\":\"Person\",\"@id\":\"https:\/\/blogs.thesocialmedia.com\/leblogmoto\/#\/schema\/person\/18bfe773e5725ed6d24f743da805362a\",\"name\":\"benoit rieu\",\"image\":{\"@type\":\"ImageObject\",\"inLanguage\":\"fr-FR\",\"@id\":\"https:\/\/blogs.thesocialmedia.com\/leblogmoto\/#\/schema\/person\/image\/\",\"url\":\"https:\/\/secure.gravatar.com\/avatar\/?s=96&d=mm&r=g\",\"contentUrl\":\"https:\/\/secure.gravatar.com\/avatar\/?s=96&d=mm&r=g\",\"caption\":\"benoit rieu\"},\"url\":\"https:\/\/blogs.thesocialmedia.com\/leblogmoto\/author\/benoit-rieu\/\"}]}<\/script>\n<!-- \/ Yoast SEO plugin. -->","yoast_head_json":{"title":"Le Flex, vanity-case et bagage de cabine du motard ? - leblogmoto.com","robots":{"index":"index","follow":"follow","max-snippet":"max-snippet:-1","max-image-preview":"max-image-preview:large","max-video-preview":"max-video-preview:-1"},"canonical":"https:\/\/blogs.thesocialmedia.com\/leblogmoto\/2009\/01\/11\/le-flex-vanity\/","twitter_card":"summary_large_image","twitter_title":"Le Flex, vanity-case et bagage de cabine du motard ? - leblogmoto.com","twitter_description":"Un coup de c\u0153ur chez Bagster que ce Flex, autant pour son c\u00f4t\u00e9 pratique que pour son prix modique de 19 \u20ac, en ces temps o\u00f9 l&rsquo;on a m\u00eame plus la place pour ranger un antivol en U sur nos b\u00e9canes, et o\u00f9 l&rsquo;on a pas forc\u00e9ment envie de se promener avec un top case, [&hellip;]","twitter_image":"http:\/\/www.leblogmoto.com\/images\/2009\/01\/06\/item1.jpg","twitter_misc":{"\u00c9crit par":"benoit rieu","Dur\u00e9e de lecture estim\u00e9e":"1 minute"},"schema":{"@context":"https:\/\/schema.org","@graph":[{"@type":"WebPage","@id":"https:\/\/blogs.thesocialmedia.com\/leblogmoto\/2009\/01\/11\/le-flex-vanity\/","url":"https:\/\/blogs.thesocialmedia.com\/leblogmoto\/2009\/01\/11\/le-flex-vanity\/","name":"Le Flex, vanity-case et bagage de cabine du motard ? - leblogmoto.com","isPartOf":{"@id":"https:\/\/blogs.thesocialmedia.com\/leblogmoto\/#website"},"primaryImageOfPage":{"@id":"https:\/\/blogs.thesocialmedia.com\/leblogmoto\/2009\/01\/11\/le-flex-vanity\/#primaryimage"},"image":{"@id":"https:\/\/blogs.thesocialmedia.com\/leblogmoto\/2009\/01\/11\/le-flex-vanity\/#primaryimage"},"thumbnailUrl":"http:\/\/www.leblogmoto.com\/images\/2009\/01\/06\/item1.jpg","datePublished":"2009-01-11T23:13:03+00:00","dateModified":"2012-07-11T16:47:14+00:00","author":{"@id":"https:\/\/blogs.thesocialmedia.com\/leblogmoto\/#\/schema\/person\/18bfe773e5725ed6d24f743da805362a"},"breadcrumb":{"@id":"https:\/\/blogs.thesocialmedia.com\/leblogmoto\/2009\/01\/11\/le-flex-vanity\/#breadcrumb"},"inLanguage":"fr-FR","potentialAction":[{"@type":"ReadAction","target":["https:\/\/blogs.thesocialmedia.com\/leblogmoto\/2009\/01\/11\/le-flex-vanity\/"]}]},{"@type":"ImageObject","inLanguage":"fr-FR","@id":"https:\/\/blogs.thesocialmedia.com\/leblogmoto\/2009\/01\/11\/le-flex-vanity\/#primaryimage","url":"http:\/\/www.leblogmoto.com\/images\/2009\/01\/06\/item1.jpg","contentUrl":"http:\/\/www.leblogmoto.com\/images\/2009\/01\/06\/item1.jpg"},{"@type":"BreadcrumbList","@id":"https:\/\/blogs.thesocialmedia.com\/leblogmoto\/2009\/01\/11\/le-flex-vanity\/#breadcrumb","itemListElement":[{"@type":"ListItem","position":1,"name":"Accueil","item":"https:\/\/blogs.thesocialmedia.com\/leblogmoto\/"},{"@type":"ListItem","position":2,"name":"Le Flex, vanity-case et bagage de cabine du motard ?"}]},{"@type":"WebSite","@id":"https:\/\/blogs.thesocialmedia.com\/leblogmoto\/#website","url":"https:\/\/blogs.thesocialmedia.com\/leblogmoto\/","name":"leblogmoto","description":"Toute l&#039;actualit\u00e9 des 2 roues","potentialAction":[{"@type":"SearchAction","target":{"@type":"EntryPoint","urlTemplate":"https:\/\/blogs.thesocialmedia.com\/leblogmoto\/?s={search_term_string}"},"query-input":{"@type":"PropertyValueSpecification","valueRequired":true,"valueName":"search_term_string"}}],"inLanguage":"fr-FR"},{"@type":"Person","@id":"https:\/\/blogs.thesocialmedia.com\/leblogmoto\/#\/schema\/person\/18bfe773e5725ed6d24f743da805362a","name":"benoit rieu","image":{"@type":"ImageObject","inLanguage":"fr-FR","@id":"https:\/\/blogs.thesocialmedia.com\/leblogmoto\/#\/schema\/person\/image\/","url":"https:\/\/secure.gravatar.com\/avatar\/?s=96&d=mm&r=g","contentUrl":"https:\/\/secure.gravatar.com\/avatar\/?s=96&d=mm&r=g","caption":"benoit rieu"},"url":"https:\/\/blogs.thesocialmedia.com\/leblogmoto\/author\/benoit-rieu\/"}]}},"_links":{"self":[{"href":"https:\/\/blogs.thesocialmedia.com\/leblogmoto\/wp-json\/wp\/v2\/posts\/338","targetHints":{"allow":["GET"]}}],"collection":[{"href":"https:\/\/blogs.thesocialmedia.com\/leblogmoto\/wp-json\/wp\/v2\/posts"}],"about":[{"href":"https:\/\/blogs.thesocialmedia.com\/leblogmoto\/wp-json\/wp\/v2\/types\/post"}],"author":[{"embeddable":true,"href":"https:\/\/blogs.thesocialmedia.com\/leblogmoto\/wp-json\/wp\/v2\/users\/324"}],"replies":[{"embeddable":true,"href":"https:\/\/blogs.thesocialmedia.com\/leblogmoto\/wp-json\/wp\/v2\/comments?post=338"}],"version-history":[{"count":2,"href":"https:\/\/blogs.thesocialmedia.com\/leblogmoto\/wp-json\/wp\/v2\/posts\/338\/revisions"}],"predecessor-version":[{"id":12436,"href":"https:\/\/blogs.thesocialmedia.com\/leblogmoto\/wp-json\/wp\/v2\/posts\/338\/revisions\/12436"}],"wp:attachment":[{"href":"https:\/\/blogs.thesocialmedia.com\/leblogmoto\/wp-json\/wp\/v2\/media?parent=338"}],"wp:term":[{"taxonomy":"category","embeddable":true,"href":"https:\/\/blogs.thesocialmedia.com\/leblogmoto\/wp-json\/wp\/v2\/categories?post=338"},{"taxonomy":"post_tag","embeddable":true,"href":"https:\/\/blogs.thesocialmedia.com\/leblogmoto\/wp-json\/wp\/v2\/tags?post=338"}],"curies":[{"name":"wp","href":"https:\/\/api.w.org\/{rel}","templated":true}]}}