{"id":339,"date":"2009-01-10T22:25:27","date_gmt":"2009-01-10T22:25:27","guid":{"rendered":"http:\/\/blogs.thesocialmedia.com\/leblogmoto\/2009\/01\/10\/kawasaki-serait\/"},"modified":"2012-07-11T16:47:12","modified_gmt":"2012-07-11T16:47:12","slug":"kawasaki-serait","status":"publish","type":"post","link":"https:\/\/blogs.thesocialmedia.com\/leblogmoto\/2009\/01\/10\/kawasaki-serait\/","title":{"rendered":"Kawasaki serait rep\u00each\u00e9e et transform\u00e9e en team priv\u00e9."},"content":{"rendered":"<p><a href=\"http:\/\/blogs.thesocialmedia.com\/leblogmoto\/files\/2012\/07\/moto_kawasaki_motogp.jpg\"><img loading=\"lazy\" decoding=\"async\" height=\"352\"  width=\"470\" src=\"http:\/\/www.leblogmoto.com\/images\/2009\/01\/10\/moto_kawasaki_motogp.jpg\" alt=\"Moto_kawasaki_motogp\" \/><\/a><\/p>\n<p>C&rsquo;est la piste explor\u00e9e par la Dorna mise au pied du mur par ce &quot;retrait avec effet imm\u00e9diat&quot;, et qui ne veut pas appauvrir le plateau \u00e0 venir, du moins quantitativement, si ce n&rsquo;est qualitativement*. Lu sur une <a href=\"http:\/\/www.lefigaro.fr\/flash-actu\/2009\/01\/10\/01011-20090110FILSPO00496-l-ecurie-kawasaki-sauvee-.php\">d\u00e9p\u00eache<\/a> de l&rsquo;Agence France Presse ce midi, Carmelo Ezpeleta d\u00e9clare: &quot;Nous nous sommes mis d&rsquo;accord avec Kawasaki pour coop\u00e9rer afin de trouver une solution \u00e0 leurs probl\u00e8mes et \u00e9ventuellement leur permettre de continuer en tant que team priv\u00e9&quot;. Et faire ainsi comprendre aux Japonais qu&rsquo;ils avaient contractuellement une obligation de s&rsquo;aligner jusqu&rsquo;en 2011&#8230; Une chance pour nos voisins belges tr\u00e8s repr\u00e9sent\u00e9s dans ce team, ainsi que pour ses pilotes John Hopkins et surtout Marco Melandri. Un Italien auquel on ne donnait que peu de chance de retrouver une monture apr\u00e8s son ann\u00e9e 2008 catastrophique chez Ducati, compar\u00e9 (ou non !) avec la bonne quatri\u00e8me place au championnat 2007 de son ex-futur co\u00e9quipier am\u00e9ricain chez les verts.<\/p>\n<p><em>*Le plateau \u00e9tait annonc\u00e9 \u00e0 19 motos avec le line-up de toutes les \u00e9quipes avant le retrait de Kawa (soit un pilote de plus qu&rsquo;en 2008), il est maintenant de 17 pilotes, en attendant mieux.<\/em> <\/p>\n","protected":false},"excerpt":{"rendered":"<p>C&rsquo;est la piste explor\u00e9e par la Dorna mise au pied du mur par ce &quot;retrait avec effet imm\u00e9diat&quot;, et qui ne veut pas appauvrir le plateau \u00e0 venir, du moins quantitativement, si ce n&rsquo;est qualitativement*. Lu sur une d\u00e9p\u00eache de l&rsquo;Agence France Presse ce midi, Carmelo Ezpeleta d\u00e9clare: &quot;Nous nous sommes mis d&rsquo;accord avec Kawasaki [&hellip;]<\/p>\n","protected":false},"author":324,"featured_media":0,"comment_status":"open","ping_status":"open","sticky":false,"template":"","format":"standard","meta":{"footnotes":""},"categories":[3,45,22],"tags":[],"class_list":["post-339","post","type-post","status-publish","format-standard","hentry","category-actualite","category-kawasaki","category-motogp"],"yoast_head":"<!-- This site is optimized with the Yoast SEO plugin v26.0 - https:\/\/yoast.com\/wordpress\/plugins\/seo\/ -->\n<title>Kawasaki serait rep\u00each\u00e9e et transform\u00e9e en team priv\u00e9. - leblogmoto.com<\/title>\n<meta name=\"robots\" content=\"index, follow, max-snippet:-1, max-image-preview:large, max-video-preview:-1\" \/>\n<link rel=\"canonical\" href=\"https:\/\/blogs.thesocialmedia.com\/leblogmoto\/2009\/01\/10\/kawasaki-serait\/\" \/>\n<meta name=\"twitter:card\" content=\"summary_large_image\" \/>\n<meta name=\"twitter:title\" content=\"Kawasaki serait rep\u00each\u00e9e et transform\u00e9e en team priv\u00e9. - leblogmoto.com\" \/>\n<meta name=\"twitter:description\" content=\"C&rsquo;est la piste explor\u00e9e par la Dorna mise au pied du mur par ce &quot;retrait avec effet imm\u00e9diat&quot;, et qui ne veut pas appauvrir le plateau \u00e0 venir, du moins quantitativement, si ce n&rsquo;est qualitativement*. Lu sur une d\u00e9p\u00eache de l&rsquo;Agence France Presse ce midi, Carmelo Ezpeleta d\u00e9clare: &quot;Nous nous sommes mis d&rsquo;accord avec Kawasaki [&hellip;]\" \/>\n<meta name=\"twitter:image\" content=\"http:\/\/www.leblogmoto.com\/images\/2009\/01\/10\/moto_kawasaki_motogp.jpg\" \/>\n<meta name=\"twitter:label1\" content=\"\u00c9crit par\" \/>\n\t<meta name=\"twitter:data1\" content=\"benoit rieu\" \/>\n\t<meta name=\"twitter:label2\" content=\"Dur\u00e9e de lecture estim\u00e9e\" \/>\n\t<meta name=\"twitter:data2\" content=\"1 minute\" \/>\n<script type=\"application\/ld+json\" class=\"yoast-schema-graph\">{\"@context\":\"https:\/\/schema.org\",\"@graph\":[{\"@type\":\"WebPage\",\"@id\":\"https:\/\/blogs.thesocialmedia.com\/leblogmoto\/2009\/01\/10\/kawasaki-serait\/\",\"url\":\"https:\/\/blogs.thesocialmedia.com\/leblogmoto\/2009\/01\/10\/kawasaki-serait\/\",\"name\":\"Kawasaki serait rep\u00each\u00e9e et transform\u00e9e en team priv\u00e9. - leblogmoto.com\",\"isPartOf\":{\"@id\":\"https:\/\/blogs.thesocialmedia.com\/leblogmoto\/#website\"},\"primaryImageOfPage\":{\"@id\":\"https:\/\/blogs.thesocialmedia.com\/leblogmoto\/2009\/01\/10\/kawasaki-serait\/#primaryimage\"},\"image\":{\"@id\":\"https:\/\/blogs.thesocialmedia.com\/leblogmoto\/2009\/01\/10\/kawasaki-serait\/#primaryimage\"},\"thumbnailUrl\":\"http:\/\/www.leblogmoto.com\/images\/2009\/01\/10\/moto_kawasaki_motogp.jpg\",\"datePublished\":\"2009-01-10T22:25:27+00:00\",\"dateModified\":\"2012-07-11T16:47:12+00:00\",\"author\":{\"@id\":\"https:\/\/blogs.thesocialmedia.com\/leblogmoto\/#\/schema\/person\/18bfe773e5725ed6d24f743da805362a\"},\"breadcrumb\":{\"@id\":\"https:\/\/blogs.thesocialmedia.com\/leblogmoto\/2009\/01\/10\/kawasaki-serait\/#breadcrumb\"},\"inLanguage\":\"fr-FR\",\"potentialAction\":[{\"@type\":\"ReadAction\",\"target\":[\"https:\/\/blogs.thesocialmedia.com\/leblogmoto\/2009\/01\/10\/kawasaki-serait\/\"]}]},{\"@type\":\"ImageObject\",\"inLanguage\":\"fr-FR\",\"@id\":\"https:\/\/blogs.thesocialmedia.com\/leblogmoto\/2009\/01\/10\/kawasaki-serait\/#primaryimage\",\"url\":\"http:\/\/www.leblogmoto.com\/images\/2009\/01\/10\/moto_kawasaki_motogp.jpg\",\"contentUrl\":\"http:\/\/www.leblogmoto.com\/images\/2009\/01\/10\/moto_kawasaki_motogp.jpg\"},{\"@type\":\"BreadcrumbList\",\"@id\":\"https:\/\/blogs.thesocialmedia.com\/leblogmoto\/2009\/01\/10\/kawasaki-serait\/#breadcrumb\",\"itemListElement\":[{\"@type\":\"ListItem\",\"position\":1,\"name\":\"Accueil\",\"item\":\"https:\/\/blogs.thesocialmedia.com\/leblogmoto\/\"},{\"@type\":\"ListItem\",\"position\":2,\"name\":\"Kawasaki serait rep\u00each\u00e9e et transform\u00e9e en team priv\u00e9.\"}]},{\"@type\":\"WebSite\",\"@id\":\"https:\/\/blogs.thesocialmedia.com\/leblogmoto\/#website\",\"url\":\"https:\/\/blogs.thesocialmedia.com\/leblogmoto\/\",\"name\":\"leblogmoto\",\"description\":\"Toute l&#039;actualit\u00e9 des 2 roues\",\"potentialAction\":[{\"@type\":\"SearchAction\",\"target\":{\"@type\":\"EntryPoint\",\"urlTemplate\":\"https:\/\/blogs.thesocialmedia.com\/leblogmoto\/?s={search_term_string}\"},\"query-input\":{\"@type\":\"PropertyValueSpecification\",\"valueRequired\":true,\"valueName\":\"search_term_string\"}}],\"inLanguage\":\"fr-FR\"},{\"@type\":\"Person\",\"@id\":\"https:\/\/blogs.thesocialmedia.com\/leblogmoto\/#\/schema\/person\/18bfe773e5725ed6d24f743da805362a\",\"name\":\"benoit rieu\",\"image\":{\"@type\":\"ImageObject\",\"inLanguage\":\"fr-FR\",\"@id\":\"https:\/\/blogs.thesocialmedia.com\/leblogmoto\/#\/schema\/person\/image\/\",\"url\":\"https:\/\/secure.gravatar.com\/avatar\/?s=96&d=mm&r=g\",\"contentUrl\":\"https:\/\/secure.gravatar.com\/avatar\/?s=96&d=mm&r=g\",\"caption\":\"benoit rieu\"},\"url\":\"https:\/\/blogs.thesocialmedia.com\/leblogmoto\/author\/benoit-rieu\/\"}]}<\/script>\n<!-- \/ Yoast SEO plugin. -->","yoast_head_json":{"title":"Kawasaki serait rep\u00each\u00e9e et transform\u00e9e en team priv\u00e9. - leblogmoto.com","robots":{"index":"index","follow":"follow","max-snippet":"max-snippet:-1","max-image-preview":"max-image-preview:large","max-video-preview":"max-video-preview:-1"},"canonical":"https:\/\/blogs.thesocialmedia.com\/leblogmoto\/2009\/01\/10\/kawasaki-serait\/","twitter_card":"summary_large_image","twitter_title":"Kawasaki serait rep\u00each\u00e9e et transform\u00e9e en team priv\u00e9. - leblogmoto.com","twitter_description":"C&rsquo;est la piste explor\u00e9e par la Dorna mise au pied du mur par ce &quot;retrait avec effet imm\u00e9diat&quot;, et qui ne veut pas appauvrir le plateau \u00e0 venir, du moins quantitativement, si ce n&rsquo;est qualitativement*. Lu sur une d\u00e9p\u00eache de l&rsquo;Agence France Presse ce midi, Carmelo Ezpeleta d\u00e9clare: &quot;Nous nous sommes mis d&rsquo;accord avec Kawasaki [&hellip;]","twitter_image":"http:\/\/www.leblogmoto.com\/images\/2009\/01\/10\/moto_kawasaki_motogp.jpg","twitter_misc":{"\u00c9crit par":"benoit rieu","Dur\u00e9e de lecture estim\u00e9e":"1 minute"},"schema":{"@context":"https:\/\/schema.org","@graph":[{"@type":"WebPage","@id":"https:\/\/blogs.thesocialmedia.com\/leblogmoto\/2009\/01\/10\/kawasaki-serait\/","url":"https:\/\/blogs.thesocialmedia.com\/leblogmoto\/2009\/01\/10\/kawasaki-serait\/","name":"Kawasaki serait rep\u00each\u00e9e et transform\u00e9e en team priv\u00e9. - leblogmoto.com","isPartOf":{"@id":"https:\/\/blogs.thesocialmedia.com\/leblogmoto\/#website"},"primaryImageOfPage":{"@id":"https:\/\/blogs.thesocialmedia.com\/leblogmoto\/2009\/01\/10\/kawasaki-serait\/#primaryimage"},"image":{"@id":"https:\/\/blogs.thesocialmedia.com\/leblogmoto\/2009\/01\/10\/kawasaki-serait\/#primaryimage"},"thumbnailUrl":"http:\/\/www.leblogmoto.com\/images\/2009\/01\/10\/moto_kawasaki_motogp.jpg","datePublished":"2009-01-10T22:25:27+00:00","dateModified":"2012-07-11T16:47:12+00:00","author":{"@id":"https:\/\/blogs.thesocialmedia.com\/leblogmoto\/#\/schema\/person\/18bfe773e5725ed6d24f743da805362a"},"breadcrumb":{"@id":"https:\/\/blogs.thesocialmedia.com\/leblogmoto\/2009\/01\/10\/kawasaki-serait\/#breadcrumb"},"inLanguage":"fr-FR","potentialAction":[{"@type":"ReadAction","target":["https:\/\/blogs.thesocialmedia.com\/leblogmoto\/2009\/01\/10\/kawasaki-serait\/"]}]},{"@type":"ImageObject","inLanguage":"fr-FR","@id":"https:\/\/blogs.thesocialmedia.com\/leblogmoto\/2009\/01\/10\/kawasaki-serait\/#primaryimage","url":"http:\/\/www.leblogmoto.com\/images\/2009\/01\/10\/moto_kawasaki_motogp.jpg","contentUrl":"http:\/\/www.leblogmoto.com\/images\/2009\/01\/10\/moto_kawasaki_motogp.jpg"},{"@type":"BreadcrumbList","@id":"https:\/\/blogs.thesocialmedia.com\/leblogmoto\/2009\/01\/10\/kawasaki-serait\/#breadcrumb","itemListElement":[{"@type":"ListItem","position":1,"name":"Accueil","item":"https:\/\/blogs.thesocialmedia.com\/leblogmoto\/"},{"@type":"ListItem","position":2,"name":"Kawasaki serait rep\u00each\u00e9e et transform\u00e9e en team priv\u00e9."}]},{"@type":"WebSite","@id":"https:\/\/blogs.thesocialmedia.com\/leblogmoto\/#website","url":"https:\/\/blogs.thesocialmedia.com\/leblogmoto\/","name":"leblogmoto","description":"Toute l&#039;actualit\u00e9 des 2 roues","potentialAction":[{"@type":"SearchAction","target":{"@type":"EntryPoint","urlTemplate":"https:\/\/blogs.thesocialmedia.com\/leblogmoto\/?s={search_term_string}"},"query-input":{"@type":"PropertyValueSpecification","valueRequired":true,"valueName":"search_term_string"}}],"inLanguage":"fr-FR"},{"@type":"Person","@id":"https:\/\/blogs.thesocialmedia.com\/leblogmoto\/#\/schema\/person\/18bfe773e5725ed6d24f743da805362a","name":"benoit rieu","image":{"@type":"ImageObject","inLanguage":"fr-FR","@id":"https:\/\/blogs.thesocialmedia.com\/leblogmoto\/#\/schema\/person\/image\/","url":"https:\/\/secure.gravatar.com\/avatar\/?s=96&d=mm&r=g","contentUrl":"https:\/\/secure.gravatar.com\/avatar\/?s=96&d=mm&r=g","caption":"benoit rieu"},"url":"https:\/\/blogs.thesocialmedia.com\/leblogmoto\/author\/benoit-rieu\/"}]}},"_links":{"self":[{"href":"https:\/\/blogs.thesocialmedia.com\/leblogmoto\/wp-json\/wp\/v2\/posts\/339","targetHints":{"allow":["GET"]}}],"collection":[{"href":"https:\/\/blogs.thesocialmedia.com\/leblogmoto\/wp-json\/wp\/v2\/posts"}],"about":[{"href":"https:\/\/blogs.thesocialmedia.com\/leblogmoto\/wp-json\/wp\/v2\/types\/post"}],"author":[{"embeddable":true,"href":"https:\/\/blogs.thesocialmedia.com\/leblogmoto\/wp-json\/wp\/v2\/users\/324"}],"replies":[{"embeddable":true,"href":"https:\/\/blogs.thesocialmedia.com\/leblogmoto\/wp-json\/wp\/v2\/comments?post=339"}],"version-history":[{"count":2,"href":"https:\/\/blogs.thesocialmedia.com\/leblogmoto\/wp-json\/wp\/v2\/posts\/339\/revisions"}],"predecessor-version":[{"id":12434,"href":"https:\/\/blogs.thesocialmedia.com\/leblogmoto\/wp-json\/wp\/v2\/posts\/339\/revisions\/12434"}],"wp:attachment":[{"href":"https:\/\/blogs.thesocialmedia.com\/leblogmoto\/wp-json\/wp\/v2\/media?parent=339"}],"wp:term":[{"taxonomy":"category","embeddable":true,"href":"https:\/\/blogs.thesocialmedia.com\/leblogmoto\/wp-json\/wp\/v2\/categories?post=339"},{"taxonomy":"post_tag","embeddable":true,"href":"https:\/\/blogs.thesocialmedia.com\/leblogmoto\/wp-json\/wp\/v2\/tags?post=339"}],"curies":[{"name":"wp","href":"https:\/\/api.w.org\/{rel}","templated":true}]}}