{"id":34,"date":"2009-11-06T07:22:30","date_gmt":"2009-11-06T07:22:30","guid":{"rendered":"http:\/\/blogs.thesocialmedia.com\/leblogmoto\/2009\/11\/06\/marisa-miller-harley-patriote-soutient-troupes\/"},"modified":"2012-07-11T17:41:49","modified_gmt":"2012-07-11T17:41:49","slug":"marisa-miller-harley-patriote-soutient-troupes","status":"publish","type":"post","link":"https:\/\/blogs.thesocialmedia.com\/leblogmoto\/2009\/11\/06\/marisa-miller-harley-patriote-soutient-troupes\/","title":{"rendered":"Harley et Marisa soutiennent les troupes et les croupes."},"content":{"rendered":"<p><a href=\"http:\/\/blogs.thesocialmedia.com\/leblogmoto\/files\/2012\/07\/6a00d83451b18369e20120a6afca29970c-popup.png\"><img decoding=\"async\" alt=\"Moto Marisa Miller American Bombshell 2\" class=\"asset asset-image at-xid-6a00d83451b18369e20120a6afca29970c \" src=\"http:\/\/blogs.thesocialmedia.com\/leblogmoto\/files\/2012\/07\/6a00d83451b18369e20120a6afca29970c-500wi.jpg\" \/><\/a><\/p>\n<p>&quot;Magie&quot; de la soci\u00e9t\u00e9 de consommation&#160;qui veut que lorsqu&#039;une <em>babe<\/em> vous manque,&#160;le marketing&#160;vienne vite combler ce vide. On ne pr\u00e9sente plus Marisa Miller qui par le <a href=\"http:\/\/blogs.thesocialmedia.com\/leblogmoto\/files\/2012\/07\/trop-tard-pour-vous-refourguer-tout-le-calendrier-de-marisa-.html_.png\">pass\u00e9<\/a> a d\u00e9j\u00e0 fait l&#039;<a href=\"http:\/\/www.leblogmoto.com\/2008\/10\/marisa-miller-h.html\">objet<\/a> de <a href=\"http:\/\/www.leblogmoto.com\/2009\/01\/un-peu-de-maris.html\">trois<\/a>&#160;articles&#160;sur ce blog.&#160;La voici donc de nouveau posant sur&#160;une Harley Davidson pour rendre <a href=\"http:\/\/contest.maxim.com\/contest\/salutes\/\">hommage<\/a> au personnel des&#160;arm\u00e9es, qu&#039;il soit d&#039;active ou v\u00e9t\u00e9rans, nous pr\u00e9cise cette d\u00e9p\u00eache de l&#039;<a href=\"http:\/\/entertainment.oneindia.in\/hollywood\/top-stories\/scoop\/2009\/marissa-miller-armed-forces-041109.html\">ANI<\/a>. Et les r\u00e9servistes alors, rien pour la Garde Nationale ? Plaisanterie mise \u00e0 part, la mannequin californien prend tr\u00e8s au s\u00e9rieux son r\u00f4le de pin-up. Il faut dire que la tradition de ce genre typiquement am\u00e9ricain&#160;rel\u00e8ve&#160;tout autant de la prestation artistique que&#160;de la mission civique&#160;: &quot;Je&#160;suis tr\u00e8s honor\u00e9e&#160;d&#039;aider \u00e0 rendre hommage aux hommes et aux femmes qui permettent de garder notre pays libre.&quot;<\/p>\n<p>Elle poursuit: &quot;Mon grand p\u00e8re est un ancien combattant et j&#039;ai eu la chance exceptionnelle de rencontrer des soldats et soldates lors d&#039;une tourn\u00e9e avec l&#039;<a href=\"http:\/\/www.uso.org\/\">USO<\/a>. C&#039;est pour cela que l&#039;arm\u00e9e occupe une place particuli\u00e8re dans mon coeur.&quot; <\/p>\n<p>Nos lectrices et&#160;lecteurs qui auraient d\u00e9j\u00e0&#160;vu des images de Marlene Dietrich (naturalis\u00e9e), <a href=\"http:\/\/www.youtube.com\/watch?v=22GkBTAC7QQ&amp;feature=related\">Marilyn<\/a> Monroe,&#160;voire plus r\u00e9cemment Mariah Carey et Fergie*, pousser la chansonnette face aux&#160;G.Is, ne s&#039;\u00e9tonneront pas&#160;de ces paroles.<\/p>\n<p>Mais la l\u00e9gendaire firme de Milwaukee n&#039;est jamais tr\u00e8s loin, dans ce discours aux accents sinc\u00e8rement patriotiques, puisque la bombe blonde ajoute: &quot;J&#039;esp\u00e8re que d&#039;autres Am\u00e9ricains&#160;nous rejoindront, moi&#160;et Harley Davidson,&#160;pour honorer ces v\u00e9ritables h\u00e9ros durant le mois de Novembre.&quot;<\/p>\n<p>Toujours selon cette d\u00e9p\u00eache, la compagnie organise un concours pour permettre aux militaires de remporter une moto de la marque, b\u00e9cane sp\u00e9cialement livr\u00e9e (comprendre &quot;pr\u00e9sent\u00e9e&quot;)&#160;par la belle Marisa. Inutile de s&#039;amuser \u00e0 traduire les d\u00e9clarations du directeur de la publicit\u00e9, elles sont du m\u00eame tonneau. Normal, pour un discours commercial calibr\u00e9, et ce n&#039;est pas une critique.<\/p>\n<p>Pour celles et surtout ceux qui ne voudraient pas passer par le long processus d&#039;inscription sur le site,&#160;voici quelques chouettes images&#160;piqu\u00e9es aux&#160;Italiens de&#160;Gossipblog,&#160;comme un avant-go\u00fbt de ce que le magazine <a href=\"http:\/\/contest.maxim.com\/contest\/salutes\/\">Maxim<\/a>&#160;a mis en ligne. <\/p>\n<p>Allez, pour terminer, dans le m\u00eame esprit que ces photos, voici&#160;un petit&#160;<a href=\"http:\/\/www.dailymotion.com\/video\/x20cj7_christina-aguilera-candyman_music\">Candyman<\/a>&#160;avec Christina Aguilera.<\/p>\n<p><em>*des Black Eyed Peas.<\/em><\/p>\n<p><a href=\"http:\/\/clabedan.typepad.com\/.a\/6a00d83451b18369e20120a65a93eb970b-popup\"><img decoding=\"async\" alt=\"Moto Marisa Miller American Bombshell 3\" class=\"asset asset-image at-xid-6a00d83451b18369e20120a65a93eb970b \" src=\"http:\/\/blogs.thesocialmedia.com\/leblogmoto\/files\/2012\/07\/6a00d83451b18369e20120a65a93eb970b-500wi.jpg\" \/><\/a>&#160;<\/p>\n<p><a href=\"http:\/\/blogs.thesocialmedia.com\/leblogmoto\/files\/2012\/07\/6a00d83451b18369e20120a65a9423970b-popup.png\"><img decoding=\"async\" alt=\"Moto Marisa Miller American Bombshell 4\" class=\"asset asset-image at-xid-6a00d83451b18369e20120a65a9423970b \" src=\"http:\/\/blogs.thesocialmedia.com\/leblogmoto\/files\/2012\/07\/6a00d83451b18369e20120a65a9423970b-500wi.jpg\" \/><\/a>&#160;<\/p>\n<p><img decoding=\"async\" alt=\"Moto Marisa Miller American Bombshell 5\" class=\"asset asset-image at-xid-6a00d83451b18369e20120a65a94d6970b \" src=\"http:\/\/blogs.thesocialmedia.com\/leblogmoto\/files\/2012\/07\/6a00d83451b18369e20120a65a94d6970b-500wi.jpg\" \/><\/p>\n<p><a href=\"http:\/\/blogs.thesocialmedia.com\/leblogmoto\/files\/2012\/07\/6a00d83451b18369e20120a6afcbd9970c-popup.png\"><img decoding=\"async\" alt=\"Moto Marisa Miller American Bombshell\" class=\"asset asset-image at-xid-6a00d83451b18369e20120a6afcbd9970c \" src=\"http:\/\/blogs.thesocialmedia.com\/leblogmoto\/files\/2012\/07\/6a00d83451b18369e20120a6afcbd9970c-500wi.jpg\" \/><\/a> <\/p>\n<p>&#160;<\/p>\n<p>&#160;<\/p>\n","protected":false},"excerpt":{"rendered":"<p>&quot;Magie&quot; de la soci\u00e9t\u00e9 de consommation&#160;qui veut que lorsqu&#039;une babe vous manque,&#160;le marketing&#160;vienne vite combler ce vide. On ne pr\u00e9sente plus Marisa Miller qui par le pass\u00e9 a d\u00e9j\u00e0 fait l&#039;objet de trois&#160;articles&#160;sur ce blog.&#160;La voici donc de nouveau posant sur&#160;une Harley Davidson pour rendre hommage au personnel des&#160;arm\u00e9es, qu&#039;il soit d&#039;active ou v\u00e9t\u00e9rans, nous [&hellip;]<\/p>\n","protected":false},"author":324,"featured_media":14303,"comment_status":"open","ping_status":"open","sticky":false,"template":"","format":"standard","meta":{"footnotes":""},"categories":[8,34,29],"tags":[],"class_list":["post-34","post","type-post","status-publish","format-standard","has-post-thumbnail","hentry","category-chaines-et-cuirs","category-charme","category-harley-davidson"],"yoast_head":"<!-- This site is optimized with the Yoast SEO plugin v26.0 - https:\/\/yoast.com\/wordpress\/plugins\/seo\/ -->\n<title>Harley et Marisa soutiennent les troupes et les croupes. - leblogmoto.com<\/title>\n<meta name=\"robots\" content=\"index, follow, max-snippet:-1, max-image-preview:large, max-video-preview:-1\" \/>\n<link rel=\"canonical\" href=\"https:\/\/blogs.thesocialmedia.com\/leblogmoto\/2009\/11\/06\/marisa-miller-harley-patriote-soutient-troupes\/\" \/>\n<meta name=\"twitter:card\" content=\"summary_large_image\" \/>\n<meta name=\"twitter:title\" content=\"Harley et Marisa soutiennent les troupes et les croupes. - leblogmoto.com\" \/>\n<meta name=\"twitter:description\" content=\"&quot;Magie&quot; de la soci\u00e9t\u00e9 de consommation&#160;qui veut que lorsqu&#039;une babe vous manque,&#160;le marketing&#160;vienne vite combler ce vide. On ne pr\u00e9sente plus Marisa Miller qui par le pass\u00e9 a d\u00e9j\u00e0 fait l&#039;objet de trois&#160;articles&#160;sur ce blog.&#160;La voici donc de nouveau posant sur&#160;une Harley Davidson pour rendre hommage au personnel des&#160;arm\u00e9es, qu&#039;il soit d&#039;active ou v\u00e9t\u00e9rans, nous [&hellip;]\" \/>\n<meta name=\"twitter:image\" content=\"https:\/\/blogs.thesocialmedia.com\/leblogmoto\/files\/2012\/07\/6a00d83451b18369e20120a6afca29970c-500wi.jpg\" \/>\n<meta name=\"twitter:label1\" content=\"\u00c9crit par\" \/>\n\t<meta name=\"twitter:data1\" content=\"benoit rieu\" \/>\n\t<meta name=\"twitter:label2\" content=\"Dur\u00e9e de lecture estim\u00e9e\" \/>\n\t<meta name=\"twitter:data2\" content=\"2 minutes\" \/>\n<script type=\"application\/ld+json\" class=\"yoast-schema-graph\">{\"@context\":\"https:\/\/schema.org\",\"@graph\":[{\"@type\":\"WebPage\",\"@id\":\"https:\/\/blogs.thesocialmedia.com\/leblogmoto\/2009\/11\/06\/marisa-miller-harley-patriote-soutient-troupes\/\",\"url\":\"https:\/\/blogs.thesocialmedia.com\/leblogmoto\/2009\/11\/06\/marisa-miller-harley-patriote-soutient-troupes\/\",\"name\":\"Harley et Marisa soutiennent les troupes et les croupes. - leblogmoto.com\",\"isPartOf\":{\"@id\":\"https:\/\/blogs.thesocialmedia.com\/leblogmoto\/#website\"},\"primaryImageOfPage\":{\"@id\":\"https:\/\/blogs.thesocialmedia.com\/leblogmoto\/2009\/11\/06\/marisa-miller-harley-patriote-soutient-troupes\/#primaryimage\"},\"image\":{\"@id\":\"https:\/\/blogs.thesocialmedia.com\/leblogmoto\/2009\/11\/06\/marisa-miller-harley-patriote-soutient-troupes\/#primaryimage\"},\"thumbnailUrl\":\"https:\/\/blogs.thesocialmedia.com\/leblogmoto\/files\/2012\/07\/6a00d83451b18369e20120a6afca29970c-500wi.jpg\",\"datePublished\":\"2009-11-06T07:22:30+00:00\",\"dateModified\":\"2012-07-11T17:41:49+00:00\",\"author\":{\"@id\":\"https:\/\/blogs.thesocialmedia.com\/leblogmoto\/#\/schema\/person\/18bfe773e5725ed6d24f743da805362a\"},\"breadcrumb\":{\"@id\":\"https:\/\/blogs.thesocialmedia.com\/leblogmoto\/2009\/11\/06\/marisa-miller-harley-patriote-soutient-troupes\/#breadcrumb\"},\"inLanguage\":\"fr-FR\",\"potentialAction\":[{\"@type\":\"ReadAction\",\"target\":[\"https:\/\/blogs.thesocialmedia.com\/leblogmoto\/2009\/11\/06\/marisa-miller-harley-patriote-soutient-troupes\/\"]}]},{\"@type\":\"ImageObject\",\"inLanguage\":\"fr-FR\",\"@id\":\"https:\/\/blogs.thesocialmedia.com\/leblogmoto\/2009\/11\/06\/marisa-miller-harley-patriote-soutient-troupes\/#primaryimage\",\"url\":\"https:\/\/blogs.thesocialmedia.com\/leblogmoto\/files\/2012\/07\/6a00d83451b18369e20120a6afca29970c-500wi.jpg\",\"contentUrl\":\"https:\/\/blogs.thesocialmedia.com\/leblogmoto\/files\/2012\/07\/6a00d83451b18369e20120a6afca29970c-500wi.jpg\",\"width\":\"500\",\"height\":\"678\"},{\"@type\":\"BreadcrumbList\",\"@id\":\"https:\/\/blogs.thesocialmedia.com\/leblogmoto\/2009\/11\/06\/marisa-miller-harley-patriote-soutient-troupes\/#breadcrumb\",\"itemListElement\":[{\"@type\":\"ListItem\",\"position\":1,\"name\":\"Accueil\",\"item\":\"https:\/\/blogs.thesocialmedia.com\/leblogmoto\/\"},{\"@type\":\"ListItem\",\"position\":2,\"name\":\"Harley et Marisa soutiennent les troupes et les croupes.\"}]},{\"@type\":\"WebSite\",\"@id\":\"https:\/\/blogs.thesocialmedia.com\/leblogmoto\/#website\",\"url\":\"https:\/\/blogs.thesocialmedia.com\/leblogmoto\/\",\"name\":\"leblogmoto\",\"description\":\"Toute l&#039;actualit\u00e9 des 2 roues\",\"potentialAction\":[{\"@type\":\"SearchAction\",\"target\":{\"@type\":\"EntryPoint\",\"urlTemplate\":\"https:\/\/blogs.thesocialmedia.com\/leblogmoto\/?s={search_term_string}\"},\"query-input\":{\"@type\":\"PropertyValueSpecification\",\"valueRequired\":true,\"valueName\":\"search_term_string\"}}],\"inLanguage\":\"fr-FR\"},{\"@type\":\"Person\",\"@id\":\"https:\/\/blogs.thesocialmedia.com\/leblogmoto\/#\/schema\/person\/18bfe773e5725ed6d24f743da805362a\",\"name\":\"benoit rieu\",\"image\":{\"@type\":\"ImageObject\",\"inLanguage\":\"fr-FR\",\"@id\":\"https:\/\/blogs.thesocialmedia.com\/leblogmoto\/#\/schema\/person\/image\/\",\"url\":\"https:\/\/secure.gravatar.com\/avatar\/?s=96&d=mm&r=g\",\"contentUrl\":\"https:\/\/secure.gravatar.com\/avatar\/?s=96&d=mm&r=g\",\"caption\":\"benoit rieu\"},\"url\":\"https:\/\/blogs.thesocialmedia.com\/leblogmoto\/author\/benoit-rieu\/\"}]}<\/script>\n<!-- \/ Yoast SEO plugin. -->","yoast_head_json":{"title":"Harley et Marisa soutiennent les troupes et les croupes. - leblogmoto.com","robots":{"index":"index","follow":"follow","max-snippet":"max-snippet:-1","max-image-preview":"max-image-preview:large","max-video-preview":"max-video-preview:-1"},"canonical":"https:\/\/blogs.thesocialmedia.com\/leblogmoto\/2009\/11\/06\/marisa-miller-harley-patriote-soutient-troupes\/","twitter_card":"summary_large_image","twitter_title":"Harley et Marisa soutiennent les troupes et les croupes. - leblogmoto.com","twitter_description":"&quot;Magie&quot; de la soci\u00e9t\u00e9 de consommation&#160;qui veut que lorsqu&#039;une babe vous manque,&#160;le marketing&#160;vienne vite combler ce vide. On ne pr\u00e9sente plus Marisa Miller qui par le pass\u00e9 a d\u00e9j\u00e0 fait l&#039;objet de trois&#160;articles&#160;sur ce blog.&#160;La voici donc de nouveau posant sur&#160;une Harley Davidson pour rendre hommage au personnel des&#160;arm\u00e9es, qu&#039;il soit d&#039;active ou v\u00e9t\u00e9rans, nous [&hellip;]","twitter_image":"https:\/\/blogs.thesocialmedia.com\/leblogmoto\/files\/2012\/07\/6a00d83451b18369e20120a6afca29970c-500wi.jpg","twitter_misc":{"\u00c9crit par":"benoit rieu","Dur\u00e9e de lecture estim\u00e9e":"2 minutes"},"schema":{"@context":"https:\/\/schema.org","@graph":[{"@type":"WebPage","@id":"https:\/\/blogs.thesocialmedia.com\/leblogmoto\/2009\/11\/06\/marisa-miller-harley-patriote-soutient-troupes\/","url":"https:\/\/blogs.thesocialmedia.com\/leblogmoto\/2009\/11\/06\/marisa-miller-harley-patriote-soutient-troupes\/","name":"Harley et Marisa soutiennent les troupes et les croupes. - leblogmoto.com","isPartOf":{"@id":"https:\/\/blogs.thesocialmedia.com\/leblogmoto\/#website"},"primaryImageOfPage":{"@id":"https:\/\/blogs.thesocialmedia.com\/leblogmoto\/2009\/11\/06\/marisa-miller-harley-patriote-soutient-troupes\/#primaryimage"},"image":{"@id":"https:\/\/blogs.thesocialmedia.com\/leblogmoto\/2009\/11\/06\/marisa-miller-harley-patriote-soutient-troupes\/#primaryimage"},"thumbnailUrl":"https:\/\/blogs.thesocialmedia.com\/leblogmoto\/files\/2012\/07\/6a00d83451b18369e20120a6afca29970c-500wi.jpg","datePublished":"2009-11-06T07:22:30+00:00","dateModified":"2012-07-11T17:41:49+00:00","author":{"@id":"https:\/\/blogs.thesocialmedia.com\/leblogmoto\/#\/schema\/person\/18bfe773e5725ed6d24f743da805362a"},"breadcrumb":{"@id":"https:\/\/blogs.thesocialmedia.com\/leblogmoto\/2009\/11\/06\/marisa-miller-harley-patriote-soutient-troupes\/#breadcrumb"},"inLanguage":"fr-FR","potentialAction":[{"@type":"ReadAction","target":["https:\/\/blogs.thesocialmedia.com\/leblogmoto\/2009\/11\/06\/marisa-miller-harley-patriote-soutient-troupes\/"]}]},{"@type":"ImageObject","inLanguage":"fr-FR","@id":"https:\/\/blogs.thesocialmedia.com\/leblogmoto\/2009\/11\/06\/marisa-miller-harley-patriote-soutient-troupes\/#primaryimage","url":"https:\/\/blogs.thesocialmedia.com\/leblogmoto\/files\/2012\/07\/6a00d83451b18369e20120a6afca29970c-500wi.jpg","contentUrl":"https:\/\/blogs.thesocialmedia.com\/leblogmoto\/files\/2012\/07\/6a00d83451b18369e20120a6afca29970c-500wi.jpg","width":"500","height":"678"},{"@type":"BreadcrumbList","@id":"https:\/\/blogs.thesocialmedia.com\/leblogmoto\/2009\/11\/06\/marisa-miller-harley-patriote-soutient-troupes\/#breadcrumb","itemListElement":[{"@type":"ListItem","position":1,"name":"Accueil","item":"https:\/\/blogs.thesocialmedia.com\/leblogmoto\/"},{"@type":"ListItem","position":2,"name":"Harley et Marisa soutiennent les troupes et les croupes."}]},{"@type":"WebSite","@id":"https:\/\/blogs.thesocialmedia.com\/leblogmoto\/#website","url":"https:\/\/blogs.thesocialmedia.com\/leblogmoto\/","name":"leblogmoto","description":"Toute l&#039;actualit\u00e9 des 2 roues","potentialAction":[{"@type":"SearchAction","target":{"@type":"EntryPoint","urlTemplate":"https:\/\/blogs.thesocialmedia.com\/leblogmoto\/?s={search_term_string}"},"query-input":{"@type":"PropertyValueSpecification","valueRequired":true,"valueName":"search_term_string"}}],"inLanguage":"fr-FR"},{"@type":"Person","@id":"https:\/\/blogs.thesocialmedia.com\/leblogmoto\/#\/schema\/person\/18bfe773e5725ed6d24f743da805362a","name":"benoit rieu","image":{"@type":"ImageObject","inLanguage":"fr-FR","@id":"https:\/\/blogs.thesocialmedia.com\/leblogmoto\/#\/schema\/person\/image\/","url":"https:\/\/secure.gravatar.com\/avatar\/?s=96&d=mm&r=g","contentUrl":"https:\/\/secure.gravatar.com\/avatar\/?s=96&d=mm&r=g","caption":"benoit rieu"},"url":"https:\/\/blogs.thesocialmedia.com\/leblogmoto\/author\/benoit-rieu\/"}]}},"_links":{"self":[{"href":"https:\/\/blogs.thesocialmedia.com\/leblogmoto\/wp-json\/wp\/v2\/posts\/34","targetHints":{"allow":["GET"]}}],"collection":[{"href":"https:\/\/blogs.thesocialmedia.com\/leblogmoto\/wp-json\/wp\/v2\/posts"}],"about":[{"href":"https:\/\/blogs.thesocialmedia.com\/leblogmoto\/wp-json\/wp\/v2\/types\/post"}],"author":[{"embeddable":true,"href":"https:\/\/blogs.thesocialmedia.com\/leblogmoto\/wp-json\/wp\/v2\/users\/324"}],"replies":[{"embeddable":true,"href":"https:\/\/blogs.thesocialmedia.com\/leblogmoto\/wp-json\/wp\/v2\/comments?post=34"}],"version-history":[{"count":2,"href":"https:\/\/blogs.thesocialmedia.com\/leblogmoto\/wp-json\/wp\/v2\/posts\/34\/revisions"}],"predecessor-version":[{"id":14311,"href":"https:\/\/blogs.thesocialmedia.com\/leblogmoto\/wp-json\/wp\/v2\/posts\/34\/revisions\/14311"}],"wp:featuredmedia":[{"embeddable":true,"href":"https:\/\/blogs.thesocialmedia.com\/leblogmoto\/wp-json\/wp\/v2\/media\/14303"}],"wp:attachment":[{"href":"https:\/\/blogs.thesocialmedia.com\/leblogmoto\/wp-json\/wp\/v2\/media?parent=34"}],"wp:term":[{"taxonomy":"category","embeddable":true,"href":"https:\/\/blogs.thesocialmedia.com\/leblogmoto\/wp-json\/wp\/v2\/categories?post=34"},{"taxonomy":"post_tag","embeddable":true,"href":"https:\/\/blogs.thesocialmedia.com\/leblogmoto\/wp-json\/wp\/v2\/tags?post=34"}],"curies":[{"name":"wp","href":"https:\/\/api.w.org\/{rel}","templated":true}]}}