{"id":341,"date":"2009-01-09T03:43:04","date_gmt":"2009-01-09T03:43:04","guid":{"rendered":"http:\/\/blogs.thesocialmedia.com\/leblogmoto\/2009\/01\/09\/album-du-vendre-3\/"},"modified":"2012-07-11T16:47:00","modified_gmt":"2012-07-11T16:47:00","slug":"album-du-vendre-3","status":"publish","type":"post","link":"https:\/\/blogs.thesocialmedia.com\/leblogmoto\/2009\/01\/09\/album-du-vendre-3\/","title":{"rendered":"Album du vendredi, Po\u00e9sie des rues"},"content":{"rendered":"<p><a href=\"http:\/\/blogs.thesocialmedia.com\/leblogmoto\/files\/2012\/07\/road1.jpg\"><img loading=\"lazy\" decoding=\"async\" width=\"470\" height=\"352\"  src=\"http:\/\/www.leblogmoto.com\/images\/2009\/01\/08\/road1.jpg\" alt=\"Road1\" \/><\/a> <\/p>\n<p>Il existe plusieurs types de <a href=\"http:\/\/fr.wikipedia.org\/wiki\/Graffitis\">graffitis<\/a>, mais pour simplifier, disons qu&rsquo;il y a ceux qui d\u00e9figurent l&rsquo;espace priv\u00e9 et ceux qui utilisent l&rsquo;espace publique. Les deux v\u00e9hiculent un message, le premier personnel du style \u00abje ne vous aime pas\u00bb, et l&rsquo;autre plus militant disant \u00abr\u00e9fl\u00e9chissez \u00e0 ceci\u00bb<\/p>\n<p>Peter Gibson, alias <a href=\"http:\/\/roadsworth.com\/\">Roadsworth<\/a> est de cette derni\u00e8re \u00e9cole. Cycliste, las de se faire bousculer par les automobilistes et devant la raret\u00e9 des pistes cyclables, il commen\u00e7a \u00e0 ajouter des symboles de v\u00e9lo un peu partout. Septembre 2001 politisera ses interventions, et il utilisera avec grand succ\u00e8s les signes d\u00e9j\u00e0 pr\u00e9sents sur la chauss\u00e9e pour en d\u00e9tourner le sens et susciter la r\u00e9flexion.<\/p>\n<p>Pris en flagrant d\u00e9lit en 2004, aux petites heures du matin alors qu&rsquo;il \u00e9tait en plein travail, le dossier criminel et la juteuse contravention qui le guettait soulev\u00e8rent la col\u00e8re populaire, les journaux s&#8217;empar\u00e8rent de l&rsquo;histoire, et c&rsquo;est dans l&#8217;embarras de l&rsquo;administration municipale qu&rsquo;il en fut quitte pour une semonce symbolique.<\/p>\n<p>Ne ratez pas la <a href=\"http:\/\/www.roadsworth.com\/main\/video\/video.html\">section vid\u00e9o<\/a> de son site.<\/p>\n<p><a href=\"http:\/\/clabedan.typepad.com\/.shared\/image.html?\/photos\/uncategorized\/2009\/01\/08\/road2.jpg\"><img loading=\"lazy\" decoding=\"async\" width=\"470\" height=\"305\"  src=\"http:\/\/www.leblogmoto.com\/images\/2009\/01\/08\/road2.jpg\" alt=\"Road2\" \/><\/a> <\/p>\n<p><a href=\"http:\/\/blogs.thesocialmedia.com\/leblogmoto\/files\/2012\/07\/road3.jpg\"><img loading=\"lazy\" decoding=\"async\" width=\"470\" height=\"352\"  src=\"http:\/\/www.leblogmoto.com\/images\/2009\/01\/08\/road3.jpg\" alt=\"Road3\" \/><\/a> <\/p>\n<p><a href=\"http:\/\/blogs.thesocialmedia.com\/leblogmoto\/files\/2012\/07\/road4.jpg\"><img loading=\"lazy\" decoding=\"async\" width=\"470\" height=\"352\"  src=\"http:\/\/www.leblogmoto.com\/images\/2009\/01\/08\/road4.jpg\" alt=\"Road4\" \/><\/a> <\/p>\n<p><a href=\"http:\/\/blogs.thesocialmedia.com\/leblogmoto\/files\/2012\/07\/road5.jpg\"><img loading=\"lazy\" decoding=\"async\" width=\"470\" height=\"352\"  src=\"http:\/\/www.leblogmoto.com\/images\/2009\/01\/08\/road5.jpg\" alt=\"Road5\" \/><\/a> <\/p>\n<p><a href=\"http:\/\/blogs.thesocialmedia.com\/leblogmoto\/files\/2012\/07\/road6.jpg\"><img loading=\"lazy\" decoding=\"async\" width=\"470\" height=\"352\"  src=\"http:\/\/www.leblogmoto.com\/images\/2009\/01\/08\/road6.jpg\" alt=\"Road6\" \/><\/a> <\/p>\n<p><a href=\"http:\/\/blogs.thesocialmedia.com\/leblogmoto\/files\/2012\/07\/road7.jpg\"><img loading=\"lazy\" decoding=\"async\" width=\"470\" height=\"352\"  src=\"http:\/\/www.leblogmoto.com\/images\/2009\/01\/08\/road7.jpg\" alt=\"Road7\" \/><\/a> <\/p>\n<p><a href=\"http:\/\/blogs.thesocialmedia.com\/leblogmoto\/files\/2012\/07\/road8.jpg\"><img loading=\"lazy\" decoding=\"async\" width=\"470\" height=\"352\"  src=\"http:\/\/www.leblogmoto.com\/images\/2009\/01\/08\/road8.jpg\" alt=\"Road8\" \/><\/a> <\/p>\n<p><a href=\"http:\/\/blogs.thesocialmedia.com\/leblogmoto\/files\/2012\/07\/road9.jpg\"><img loading=\"lazy\" decoding=\"async\" width=\"470\" height=\"352\"  src=\"http:\/\/www.leblogmoto.com\/images\/2009\/01\/08\/road9.jpg\" alt=\"Road9\" \/><\/a> <\/p>\n<p><a href=\"http:\/\/blogs.thesocialmedia.com\/leblogmoto\/files\/2012\/07\/road10.jpg\"><img loading=\"lazy\" decoding=\"async\" width=\"470\" height=\"352\"  src=\"http:\/\/www.leblogmoto.com\/images\/2009\/01\/08\/road10.jpg\" alt=\"Road10\" \/><\/a> <\/p>\n<p><a href=\"http:\/\/blogs.thesocialmedia.com\/leblogmoto\/files\/2012\/07\/road11.jpg\"><img loading=\"lazy\" decoding=\"async\" width=\"470\" height=\"176\"  src=\"http:\/\/www.leblogmoto.com\/images\/2009\/01\/08\/road11.jpg\" alt=\"Road11\" \/><\/a> <\/p>\n","protected":false},"excerpt":{"rendered":"<p>Il existe plusieurs types de graffitis, mais pour simplifier, disons qu&rsquo;il y a ceux qui d\u00e9figurent l&rsquo;espace priv\u00e9 et ceux qui utilisent l&rsquo;espace publique. Les deux v\u00e9hiculent un message, le premier personnel du style \u00abje ne vous aime pas\u00bb, et l&rsquo;autre plus militant disant \u00abr\u00e9fl\u00e9chissez \u00e0 ceci\u00bb Peter Gibson, alias Roadsworth est de cette derni\u00e8re [&hellip;]<\/p>\n","protected":false},"author":325,"featured_media":0,"comment_status":"open","ping_status":"open","sticky":false,"template":"","format":"standard","meta":{"footnotes":""},"categories":[17,58],"tags":[],"class_list":["post-341","post","type-post","status-publish","format-standard","hentry","category-divers","category-insolite"],"yoast_head":"<!-- This site is optimized with the Yoast SEO plugin v26.0 - https:\/\/yoast.com\/wordpress\/plugins\/seo\/ -->\n<title>Album du vendredi, Po\u00e9sie des rues - leblogmoto.com<\/title>\n<meta name=\"robots\" content=\"index, follow, max-snippet:-1, max-image-preview:large, max-video-preview:-1\" \/>\n<link rel=\"canonical\" href=\"https:\/\/blogs.thesocialmedia.com\/leblogmoto\/2009\/01\/09\/album-du-vendre-3\/\" \/>\n<meta name=\"twitter:card\" content=\"summary_large_image\" \/>\n<meta name=\"twitter:title\" content=\"Album du vendredi, Po\u00e9sie des rues - leblogmoto.com\" \/>\n<meta name=\"twitter:description\" content=\"Il existe plusieurs types de graffitis, mais pour simplifier, disons qu&rsquo;il y a ceux qui d\u00e9figurent l&rsquo;espace priv\u00e9 et ceux qui utilisent l&rsquo;espace publique. Les deux v\u00e9hiculent un message, le premier personnel du style \u00abje ne vous aime pas\u00bb, et l&rsquo;autre plus militant disant \u00abr\u00e9fl\u00e9chissez \u00e0 ceci\u00bb Peter Gibson, alias Roadsworth est de cette derni\u00e8re [&hellip;]\" \/>\n<meta name=\"twitter:image\" content=\"http:\/\/www.leblogmoto.com\/images\/2009\/01\/08\/road1.jpg\" \/>\n<meta name=\"twitter:label1\" content=\"\u00c9crit par\" \/>\n\t<meta name=\"twitter:data1\" content=\"jacques lesage\" \/>\n\t<meta name=\"twitter:label2\" content=\"Dur\u00e9e de lecture estim\u00e9e\" \/>\n\t<meta name=\"twitter:data2\" content=\"1 minute\" \/>\n<script type=\"application\/ld+json\" class=\"yoast-schema-graph\">{\"@context\":\"https:\/\/schema.org\",\"@graph\":[{\"@type\":\"WebPage\",\"@id\":\"https:\/\/blogs.thesocialmedia.com\/leblogmoto\/2009\/01\/09\/album-du-vendre-3\/\",\"url\":\"https:\/\/blogs.thesocialmedia.com\/leblogmoto\/2009\/01\/09\/album-du-vendre-3\/\",\"name\":\"Album du vendredi, Po\u00e9sie des rues - leblogmoto.com\",\"isPartOf\":{\"@id\":\"https:\/\/blogs.thesocialmedia.com\/leblogmoto\/#website\"},\"primaryImageOfPage\":{\"@id\":\"https:\/\/blogs.thesocialmedia.com\/leblogmoto\/2009\/01\/09\/album-du-vendre-3\/#primaryimage\"},\"image\":{\"@id\":\"https:\/\/blogs.thesocialmedia.com\/leblogmoto\/2009\/01\/09\/album-du-vendre-3\/#primaryimage\"},\"thumbnailUrl\":\"http:\/\/www.leblogmoto.com\/images\/2009\/01\/08\/road1.jpg\",\"datePublished\":\"2009-01-09T03:43:04+00:00\",\"dateModified\":\"2012-07-11T16:47:00+00:00\",\"author\":{\"@id\":\"https:\/\/blogs.thesocialmedia.com\/leblogmoto\/#\/schema\/person\/e82a0ca8a9a63d031586097a3ed58526\"},\"breadcrumb\":{\"@id\":\"https:\/\/blogs.thesocialmedia.com\/leblogmoto\/2009\/01\/09\/album-du-vendre-3\/#breadcrumb\"},\"inLanguage\":\"fr-FR\",\"potentialAction\":[{\"@type\":\"ReadAction\",\"target\":[\"https:\/\/blogs.thesocialmedia.com\/leblogmoto\/2009\/01\/09\/album-du-vendre-3\/\"]}]},{\"@type\":\"ImageObject\",\"inLanguage\":\"fr-FR\",\"@id\":\"https:\/\/blogs.thesocialmedia.com\/leblogmoto\/2009\/01\/09\/album-du-vendre-3\/#primaryimage\",\"url\":\"http:\/\/www.leblogmoto.com\/images\/2009\/01\/08\/road1.jpg\",\"contentUrl\":\"http:\/\/www.leblogmoto.com\/images\/2009\/01\/08\/road1.jpg\"},{\"@type\":\"BreadcrumbList\",\"@id\":\"https:\/\/blogs.thesocialmedia.com\/leblogmoto\/2009\/01\/09\/album-du-vendre-3\/#breadcrumb\",\"itemListElement\":[{\"@type\":\"ListItem\",\"position\":1,\"name\":\"Accueil\",\"item\":\"https:\/\/blogs.thesocialmedia.com\/leblogmoto\/\"},{\"@type\":\"ListItem\",\"position\":2,\"name\":\"Album du vendredi, Po\u00e9sie des rues\"}]},{\"@type\":\"WebSite\",\"@id\":\"https:\/\/blogs.thesocialmedia.com\/leblogmoto\/#website\",\"url\":\"https:\/\/blogs.thesocialmedia.com\/leblogmoto\/\",\"name\":\"leblogmoto\",\"description\":\"Toute l&#039;actualit\u00e9 des 2 roues\",\"potentialAction\":[{\"@type\":\"SearchAction\",\"target\":{\"@type\":\"EntryPoint\",\"urlTemplate\":\"https:\/\/blogs.thesocialmedia.com\/leblogmoto\/?s={search_term_string}\"},\"query-input\":{\"@type\":\"PropertyValueSpecification\",\"valueRequired\":true,\"valueName\":\"search_term_string\"}}],\"inLanguage\":\"fr-FR\"},{\"@type\":\"Person\",\"@id\":\"https:\/\/blogs.thesocialmedia.com\/leblogmoto\/#\/schema\/person\/e82a0ca8a9a63d031586097a3ed58526\",\"name\":\"jacques lesage\",\"image\":{\"@type\":\"ImageObject\",\"inLanguage\":\"fr-FR\",\"@id\":\"https:\/\/blogs.thesocialmedia.com\/leblogmoto\/#\/schema\/person\/image\/\",\"url\":\"https:\/\/secure.gravatar.com\/avatar\/?s=96&d=mm&r=g\",\"contentUrl\":\"https:\/\/secure.gravatar.com\/avatar\/?s=96&d=mm&r=g\",\"caption\":\"jacques lesage\"},\"url\":\"https:\/\/blogs.thesocialmedia.com\/leblogmoto\/author\/jacques-lesage\/\"}]}<\/script>\n<!-- \/ Yoast SEO plugin. -->","yoast_head_json":{"title":"Album du vendredi, Po\u00e9sie des rues - leblogmoto.com","robots":{"index":"index","follow":"follow","max-snippet":"max-snippet:-1","max-image-preview":"max-image-preview:large","max-video-preview":"max-video-preview:-1"},"canonical":"https:\/\/blogs.thesocialmedia.com\/leblogmoto\/2009\/01\/09\/album-du-vendre-3\/","twitter_card":"summary_large_image","twitter_title":"Album du vendredi, Po\u00e9sie des rues - leblogmoto.com","twitter_description":"Il existe plusieurs types de graffitis, mais pour simplifier, disons qu&rsquo;il y a ceux qui d\u00e9figurent l&rsquo;espace priv\u00e9 et ceux qui utilisent l&rsquo;espace publique. Les deux v\u00e9hiculent un message, le premier personnel du style \u00abje ne vous aime pas\u00bb, et l&rsquo;autre plus militant disant \u00abr\u00e9fl\u00e9chissez \u00e0 ceci\u00bb Peter Gibson, alias Roadsworth est de cette derni\u00e8re [&hellip;]","twitter_image":"http:\/\/www.leblogmoto.com\/images\/2009\/01\/08\/road1.jpg","twitter_misc":{"\u00c9crit par":"jacques lesage","Dur\u00e9e de lecture estim\u00e9e":"1 minute"},"schema":{"@context":"https:\/\/schema.org","@graph":[{"@type":"WebPage","@id":"https:\/\/blogs.thesocialmedia.com\/leblogmoto\/2009\/01\/09\/album-du-vendre-3\/","url":"https:\/\/blogs.thesocialmedia.com\/leblogmoto\/2009\/01\/09\/album-du-vendre-3\/","name":"Album du vendredi, Po\u00e9sie des rues - leblogmoto.com","isPartOf":{"@id":"https:\/\/blogs.thesocialmedia.com\/leblogmoto\/#website"},"primaryImageOfPage":{"@id":"https:\/\/blogs.thesocialmedia.com\/leblogmoto\/2009\/01\/09\/album-du-vendre-3\/#primaryimage"},"image":{"@id":"https:\/\/blogs.thesocialmedia.com\/leblogmoto\/2009\/01\/09\/album-du-vendre-3\/#primaryimage"},"thumbnailUrl":"http:\/\/www.leblogmoto.com\/images\/2009\/01\/08\/road1.jpg","datePublished":"2009-01-09T03:43:04+00:00","dateModified":"2012-07-11T16:47:00+00:00","author":{"@id":"https:\/\/blogs.thesocialmedia.com\/leblogmoto\/#\/schema\/person\/e82a0ca8a9a63d031586097a3ed58526"},"breadcrumb":{"@id":"https:\/\/blogs.thesocialmedia.com\/leblogmoto\/2009\/01\/09\/album-du-vendre-3\/#breadcrumb"},"inLanguage":"fr-FR","potentialAction":[{"@type":"ReadAction","target":["https:\/\/blogs.thesocialmedia.com\/leblogmoto\/2009\/01\/09\/album-du-vendre-3\/"]}]},{"@type":"ImageObject","inLanguage":"fr-FR","@id":"https:\/\/blogs.thesocialmedia.com\/leblogmoto\/2009\/01\/09\/album-du-vendre-3\/#primaryimage","url":"http:\/\/www.leblogmoto.com\/images\/2009\/01\/08\/road1.jpg","contentUrl":"http:\/\/www.leblogmoto.com\/images\/2009\/01\/08\/road1.jpg"},{"@type":"BreadcrumbList","@id":"https:\/\/blogs.thesocialmedia.com\/leblogmoto\/2009\/01\/09\/album-du-vendre-3\/#breadcrumb","itemListElement":[{"@type":"ListItem","position":1,"name":"Accueil","item":"https:\/\/blogs.thesocialmedia.com\/leblogmoto\/"},{"@type":"ListItem","position":2,"name":"Album du vendredi, Po\u00e9sie des rues"}]},{"@type":"WebSite","@id":"https:\/\/blogs.thesocialmedia.com\/leblogmoto\/#website","url":"https:\/\/blogs.thesocialmedia.com\/leblogmoto\/","name":"leblogmoto","description":"Toute l&#039;actualit\u00e9 des 2 roues","potentialAction":[{"@type":"SearchAction","target":{"@type":"EntryPoint","urlTemplate":"https:\/\/blogs.thesocialmedia.com\/leblogmoto\/?s={search_term_string}"},"query-input":{"@type":"PropertyValueSpecification","valueRequired":true,"valueName":"search_term_string"}}],"inLanguage":"fr-FR"},{"@type":"Person","@id":"https:\/\/blogs.thesocialmedia.com\/leblogmoto\/#\/schema\/person\/e82a0ca8a9a63d031586097a3ed58526","name":"jacques lesage","image":{"@type":"ImageObject","inLanguage":"fr-FR","@id":"https:\/\/blogs.thesocialmedia.com\/leblogmoto\/#\/schema\/person\/image\/","url":"https:\/\/secure.gravatar.com\/avatar\/?s=96&d=mm&r=g","contentUrl":"https:\/\/secure.gravatar.com\/avatar\/?s=96&d=mm&r=g","caption":"jacques lesage"},"url":"https:\/\/blogs.thesocialmedia.com\/leblogmoto\/author\/jacques-lesage\/"}]}},"_links":{"self":[{"href":"https:\/\/blogs.thesocialmedia.com\/leblogmoto\/wp-json\/wp\/v2\/posts\/341","targetHints":{"allow":["GET"]}}],"collection":[{"href":"https:\/\/blogs.thesocialmedia.com\/leblogmoto\/wp-json\/wp\/v2\/posts"}],"about":[{"href":"https:\/\/blogs.thesocialmedia.com\/leblogmoto\/wp-json\/wp\/v2\/types\/post"}],"author":[{"embeddable":true,"href":"https:\/\/blogs.thesocialmedia.com\/leblogmoto\/wp-json\/wp\/v2\/users\/325"}],"replies":[{"embeddable":true,"href":"https:\/\/blogs.thesocialmedia.com\/leblogmoto\/wp-json\/wp\/v2\/comments?post=341"}],"version-history":[{"count":2,"href":"https:\/\/blogs.thesocialmedia.com\/leblogmoto\/wp-json\/wp\/v2\/posts\/341\/revisions"}],"predecessor-version":[{"id":12427,"href":"https:\/\/blogs.thesocialmedia.com\/leblogmoto\/wp-json\/wp\/v2\/posts\/341\/revisions\/12427"}],"wp:attachment":[{"href":"https:\/\/blogs.thesocialmedia.com\/leblogmoto\/wp-json\/wp\/v2\/media?parent=341"}],"wp:term":[{"taxonomy":"category","embeddable":true,"href":"https:\/\/blogs.thesocialmedia.com\/leblogmoto\/wp-json\/wp\/v2\/categories?post=341"},{"taxonomy":"post_tag","embeddable":true,"href":"https:\/\/blogs.thesocialmedia.com\/leblogmoto\/wp-json\/wp\/v2\/tags?post=341"}],"curies":[{"name":"wp","href":"https:\/\/api.w.org\/{rel}","templated":true}]}}