{"id":343,"date":"2009-01-07T12:00:33","date_gmt":"2009-01-07T12:00:33","guid":{"rendered":"http:\/\/blogs.thesocialmedia.com\/leblogmoto\/2009\/01\/07\/dakar-dcs-de-pa\/"},"modified":"2012-07-11T16:46:22","modified_gmt":"2012-07-11T16:46:22","slug":"dakar-dcs-de-pa","status":"publish","type":"post","link":"https:\/\/blogs.thesocialmedia.com\/leblogmoto\/2009\/01\/07\/dakar-dcs-de-pa\/","title":{"rendered":"Dakar, d\u00e9c\u00e8s de Pascal Terry."},"content":{"rendered":"<p><a href=\"http:\/\/blogs.thesocialmedia.com\/leblogmoto\/files\/2012\/07\/moto_dakar_pascal_terry.jpg\"><img loading=\"lazy\" decoding=\"async\" height=\"296\"  width=\"470\" src=\"http:\/\/www.leblogmoto.com\/images\/2009\/01\/07\/moto_dakar_pascal_terry.jpg\" alt=\"Moto_dakar_pascal_terry\" \/><\/a><\/p>\n<p>Veuillez tout d&rsquo;abord m&rsquo;excuser de ne parler du Dakar que pour les mauvaises nouvelles, mais celle-ci est tragique, on vient d&rsquo;apprendre la mort de Pascal Terry, que l&rsquo;on voit ici pr\u00e9c\u00e9dant Pascal Gilbert \u00e0 Buenos Aires sur cette photo de l&rsquo;Associated Press dat\u00e9e du 31 d\u00e9cembre. Selon une d\u00e9p\u00eache AFP, le motard fran\u00e7ais de 49 ans, participant au rallye-raid Dakar-2009, a \u00e9t\u00e9 retrouv\u00e9 mort dans la nuit d&rsquo;hier \u00e0 aujourd&rsquo;hui <del>lors de la 4e \u00e9tape courue mardi entre Jacobacci et Neuquen en Argentine<\/del>, a-t-on appris aupr\u00e8s de l&rsquo;organisation. Toutes nos pens\u00e9es vont vers ses proches. Plus de pr\u00e9cisions sur ce triste \u00e9v\u00e9nement dans le courant de la journ\u00e9e.<\/p>\n","protected":false},"excerpt":{"rendered":"<p>Veuillez tout d&rsquo;abord m&rsquo;excuser de ne parler du Dakar que pour les mauvaises nouvelles, mais celle-ci est tragique, on vient d&rsquo;apprendre la mort de Pascal Terry, que l&rsquo;on voit ici pr\u00e9c\u00e9dant Pascal Gilbert \u00e0 Buenos Aires sur cette photo de l&rsquo;Associated Press dat\u00e9e du 31 d\u00e9cembre. Selon une d\u00e9p\u00eache AFP, le motard fran\u00e7ais de 49 [&hellip;]<\/p>\n","protected":false},"author":324,"featured_media":0,"comment_status":"open","ping_status":"open","sticky":false,"template":"","format":"standard","meta":{"footnotes":""},"categories":[3,61],"tags":[],"class_list":["post-343","post","type-post","status-publish","format-standard","hentry","category-actualite","category-rallye-raid"],"yoast_head":"<!-- This site is optimized with the Yoast SEO plugin v26.0 - https:\/\/yoast.com\/wordpress\/plugins\/seo\/ -->\n<title>Dakar, d\u00e9c\u00e8s de Pascal Terry. - leblogmoto.com<\/title>\n<meta name=\"robots\" content=\"index, follow, max-snippet:-1, max-image-preview:large, max-video-preview:-1\" \/>\n<link rel=\"canonical\" href=\"https:\/\/blogs.thesocialmedia.com\/leblogmoto\/2009\/01\/07\/dakar-dcs-de-pa\/\" \/>\n<meta name=\"twitter:card\" content=\"summary_large_image\" \/>\n<meta name=\"twitter:title\" content=\"Dakar, d\u00e9c\u00e8s de Pascal Terry. - leblogmoto.com\" \/>\n<meta name=\"twitter:description\" content=\"Veuillez tout d&rsquo;abord m&rsquo;excuser de ne parler du Dakar que pour les mauvaises nouvelles, mais celle-ci est tragique, on vient d&rsquo;apprendre la mort de Pascal Terry, que l&rsquo;on voit ici pr\u00e9c\u00e9dant Pascal Gilbert \u00e0 Buenos Aires sur cette photo de l&rsquo;Associated Press dat\u00e9e du 31 d\u00e9cembre. Selon une d\u00e9p\u00eache AFP, le motard fran\u00e7ais de 49 [&hellip;]\" \/>\n<meta name=\"twitter:image\" content=\"http:\/\/www.leblogmoto.com\/images\/2009\/01\/07\/moto_dakar_pascal_terry.jpg\" \/>\n<meta name=\"twitter:label1\" content=\"\u00c9crit par\" \/>\n\t<meta name=\"twitter:data1\" content=\"benoit rieu\" \/>\n\t<meta name=\"twitter:label2\" content=\"Dur\u00e9e de lecture estim\u00e9e\" \/>\n\t<meta name=\"twitter:data2\" content=\"1 minute\" \/>\n<script type=\"application\/ld+json\" class=\"yoast-schema-graph\">{\"@context\":\"https:\/\/schema.org\",\"@graph\":[{\"@type\":\"WebPage\",\"@id\":\"https:\/\/blogs.thesocialmedia.com\/leblogmoto\/2009\/01\/07\/dakar-dcs-de-pa\/\",\"url\":\"https:\/\/blogs.thesocialmedia.com\/leblogmoto\/2009\/01\/07\/dakar-dcs-de-pa\/\",\"name\":\"Dakar, d\u00e9c\u00e8s de Pascal Terry. - leblogmoto.com\",\"isPartOf\":{\"@id\":\"https:\/\/blogs.thesocialmedia.com\/leblogmoto\/#website\"},\"primaryImageOfPage\":{\"@id\":\"https:\/\/blogs.thesocialmedia.com\/leblogmoto\/2009\/01\/07\/dakar-dcs-de-pa\/#primaryimage\"},\"image\":{\"@id\":\"https:\/\/blogs.thesocialmedia.com\/leblogmoto\/2009\/01\/07\/dakar-dcs-de-pa\/#primaryimage\"},\"thumbnailUrl\":\"http:\/\/www.leblogmoto.com\/images\/2009\/01\/07\/moto_dakar_pascal_terry.jpg\",\"datePublished\":\"2009-01-07T12:00:33+00:00\",\"dateModified\":\"2012-07-11T16:46:22+00:00\",\"author\":{\"@id\":\"https:\/\/blogs.thesocialmedia.com\/leblogmoto\/#\/schema\/person\/18bfe773e5725ed6d24f743da805362a\"},\"breadcrumb\":{\"@id\":\"https:\/\/blogs.thesocialmedia.com\/leblogmoto\/2009\/01\/07\/dakar-dcs-de-pa\/#breadcrumb\"},\"inLanguage\":\"fr-FR\",\"potentialAction\":[{\"@type\":\"ReadAction\",\"target\":[\"https:\/\/blogs.thesocialmedia.com\/leblogmoto\/2009\/01\/07\/dakar-dcs-de-pa\/\"]}]},{\"@type\":\"ImageObject\",\"inLanguage\":\"fr-FR\",\"@id\":\"https:\/\/blogs.thesocialmedia.com\/leblogmoto\/2009\/01\/07\/dakar-dcs-de-pa\/#primaryimage\",\"url\":\"http:\/\/www.leblogmoto.com\/images\/2009\/01\/07\/moto_dakar_pascal_terry.jpg\",\"contentUrl\":\"http:\/\/www.leblogmoto.com\/images\/2009\/01\/07\/moto_dakar_pascal_terry.jpg\"},{\"@type\":\"BreadcrumbList\",\"@id\":\"https:\/\/blogs.thesocialmedia.com\/leblogmoto\/2009\/01\/07\/dakar-dcs-de-pa\/#breadcrumb\",\"itemListElement\":[{\"@type\":\"ListItem\",\"position\":1,\"name\":\"Accueil\",\"item\":\"https:\/\/blogs.thesocialmedia.com\/leblogmoto\/\"},{\"@type\":\"ListItem\",\"position\":2,\"name\":\"Dakar, d\u00e9c\u00e8s de Pascal Terry.\"}]},{\"@type\":\"WebSite\",\"@id\":\"https:\/\/blogs.thesocialmedia.com\/leblogmoto\/#website\",\"url\":\"https:\/\/blogs.thesocialmedia.com\/leblogmoto\/\",\"name\":\"leblogmoto\",\"description\":\"Toute l&#039;actualit\u00e9 des 2 roues\",\"potentialAction\":[{\"@type\":\"SearchAction\",\"target\":{\"@type\":\"EntryPoint\",\"urlTemplate\":\"https:\/\/blogs.thesocialmedia.com\/leblogmoto\/?s={search_term_string}\"},\"query-input\":{\"@type\":\"PropertyValueSpecification\",\"valueRequired\":true,\"valueName\":\"search_term_string\"}}],\"inLanguage\":\"fr-FR\"},{\"@type\":\"Person\",\"@id\":\"https:\/\/blogs.thesocialmedia.com\/leblogmoto\/#\/schema\/person\/18bfe773e5725ed6d24f743da805362a\",\"name\":\"benoit rieu\",\"image\":{\"@type\":\"ImageObject\",\"inLanguage\":\"fr-FR\",\"@id\":\"https:\/\/blogs.thesocialmedia.com\/leblogmoto\/#\/schema\/person\/image\/\",\"url\":\"https:\/\/secure.gravatar.com\/avatar\/?s=96&d=mm&r=g\",\"contentUrl\":\"https:\/\/secure.gravatar.com\/avatar\/?s=96&d=mm&r=g\",\"caption\":\"benoit rieu\"},\"url\":\"https:\/\/blogs.thesocialmedia.com\/leblogmoto\/author\/benoit-rieu\/\"}]}<\/script>\n<!-- \/ Yoast SEO plugin. -->","yoast_head_json":{"title":"Dakar, d\u00e9c\u00e8s de Pascal Terry. - leblogmoto.com","robots":{"index":"index","follow":"follow","max-snippet":"max-snippet:-1","max-image-preview":"max-image-preview:large","max-video-preview":"max-video-preview:-1"},"canonical":"https:\/\/blogs.thesocialmedia.com\/leblogmoto\/2009\/01\/07\/dakar-dcs-de-pa\/","twitter_card":"summary_large_image","twitter_title":"Dakar, d\u00e9c\u00e8s de Pascal Terry. - leblogmoto.com","twitter_description":"Veuillez tout d&rsquo;abord m&rsquo;excuser de ne parler du Dakar que pour les mauvaises nouvelles, mais celle-ci est tragique, on vient d&rsquo;apprendre la mort de Pascal Terry, que l&rsquo;on voit ici pr\u00e9c\u00e9dant Pascal Gilbert \u00e0 Buenos Aires sur cette photo de l&rsquo;Associated Press dat\u00e9e du 31 d\u00e9cembre. Selon une d\u00e9p\u00eache AFP, le motard fran\u00e7ais de 49 [&hellip;]","twitter_image":"http:\/\/www.leblogmoto.com\/images\/2009\/01\/07\/moto_dakar_pascal_terry.jpg","twitter_misc":{"\u00c9crit par":"benoit rieu","Dur\u00e9e de lecture estim\u00e9e":"1 minute"},"schema":{"@context":"https:\/\/schema.org","@graph":[{"@type":"WebPage","@id":"https:\/\/blogs.thesocialmedia.com\/leblogmoto\/2009\/01\/07\/dakar-dcs-de-pa\/","url":"https:\/\/blogs.thesocialmedia.com\/leblogmoto\/2009\/01\/07\/dakar-dcs-de-pa\/","name":"Dakar, d\u00e9c\u00e8s de Pascal Terry. - leblogmoto.com","isPartOf":{"@id":"https:\/\/blogs.thesocialmedia.com\/leblogmoto\/#website"},"primaryImageOfPage":{"@id":"https:\/\/blogs.thesocialmedia.com\/leblogmoto\/2009\/01\/07\/dakar-dcs-de-pa\/#primaryimage"},"image":{"@id":"https:\/\/blogs.thesocialmedia.com\/leblogmoto\/2009\/01\/07\/dakar-dcs-de-pa\/#primaryimage"},"thumbnailUrl":"http:\/\/www.leblogmoto.com\/images\/2009\/01\/07\/moto_dakar_pascal_terry.jpg","datePublished":"2009-01-07T12:00:33+00:00","dateModified":"2012-07-11T16:46:22+00:00","author":{"@id":"https:\/\/blogs.thesocialmedia.com\/leblogmoto\/#\/schema\/person\/18bfe773e5725ed6d24f743da805362a"},"breadcrumb":{"@id":"https:\/\/blogs.thesocialmedia.com\/leblogmoto\/2009\/01\/07\/dakar-dcs-de-pa\/#breadcrumb"},"inLanguage":"fr-FR","potentialAction":[{"@type":"ReadAction","target":["https:\/\/blogs.thesocialmedia.com\/leblogmoto\/2009\/01\/07\/dakar-dcs-de-pa\/"]}]},{"@type":"ImageObject","inLanguage":"fr-FR","@id":"https:\/\/blogs.thesocialmedia.com\/leblogmoto\/2009\/01\/07\/dakar-dcs-de-pa\/#primaryimage","url":"http:\/\/www.leblogmoto.com\/images\/2009\/01\/07\/moto_dakar_pascal_terry.jpg","contentUrl":"http:\/\/www.leblogmoto.com\/images\/2009\/01\/07\/moto_dakar_pascal_terry.jpg"},{"@type":"BreadcrumbList","@id":"https:\/\/blogs.thesocialmedia.com\/leblogmoto\/2009\/01\/07\/dakar-dcs-de-pa\/#breadcrumb","itemListElement":[{"@type":"ListItem","position":1,"name":"Accueil","item":"https:\/\/blogs.thesocialmedia.com\/leblogmoto\/"},{"@type":"ListItem","position":2,"name":"Dakar, d\u00e9c\u00e8s de Pascal Terry."}]},{"@type":"WebSite","@id":"https:\/\/blogs.thesocialmedia.com\/leblogmoto\/#website","url":"https:\/\/blogs.thesocialmedia.com\/leblogmoto\/","name":"leblogmoto","description":"Toute l&#039;actualit\u00e9 des 2 roues","potentialAction":[{"@type":"SearchAction","target":{"@type":"EntryPoint","urlTemplate":"https:\/\/blogs.thesocialmedia.com\/leblogmoto\/?s={search_term_string}"},"query-input":{"@type":"PropertyValueSpecification","valueRequired":true,"valueName":"search_term_string"}}],"inLanguage":"fr-FR"},{"@type":"Person","@id":"https:\/\/blogs.thesocialmedia.com\/leblogmoto\/#\/schema\/person\/18bfe773e5725ed6d24f743da805362a","name":"benoit rieu","image":{"@type":"ImageObject","inLanguage":"fr-FR","@id":"https:\/\/blogs.thesocialmedia.com\/leblogmoto\/#\/schema\/person\/image\/","url":"https:\/\/secure.gravatar.com\/avatar\/?s=96&d=mm&r=g","contentUrl":"https:\/\/secure.gravatar.com\/avatar\/?s=96&d=mm&r=g","caption":"benoit rieu"},"url":"https:\/\/blogs.thesocialmedia.com\/leblogmoto\/author\/benoit-rieu\/"}]}},"_links":{"self":[{"href":"https:\/\/blogs.thesocialmedia.com\/leblogmoto\/wp-json\/wp\/v2\/posts\/343","targetHints":{"allow":["GET"]}}],"collection":[{"href":"https:\/\/blogs.thesocialmedia.com\/leblogmoto\/wp-json\/wp\/v2\/posts"}],"about":[{"href":"https:\/\/blogs.thesocialmedia.com\/leblogmoto\/wp-json\/wp\/v2\/types\/post"}],"author":[{"embeddable":true,"href":"https:\/\/blogs.thesocialmedia.com\/leblogmoto\/wp-json\/wp\/v2\/users\/324"}],"replies":[{"embeddable":true,"href":"https:\/\/blogs.thesocialmedia.com\/leblogmoto\/wp-json\/wp\/v2\/comments?post=343"}],"version-history":[{"count":2,"href":"https:\/\/blogs.thesocialmedia.com\/leblogmoto\/wp-json\/wp\/v2\/posts\/343\/revisions"}],"predecessor-version":[{"id":12412,"href":"https:\/\/blogs.thesocialmedia.com\/leblogmoto\/wp-json\/wp\/v2\/posts\/343\/revisions\/12412"}],"wp:attachment":[{"href":"https:\/\/blogs.thesocialmedia.com\/leblogmoto\/wp-json\/wp\/v2\/media?parent=343"}],"wp:term":[{"taxonomy":"category","embeddable":true,"href":"https:\/\/blogs.thesocialmedia.com\/leblogmoto\/wp-json\/wp\/v2\/categories?post=343"},{"taxonomy":"post_tag","embeddable":true,"href":"https:\/\/blogs.thesocialmedia.com\/leblogmoto\/wp-json\/wp\/v2\/tags?post=343"}],"curies":[{"name":"wp","href":"https:\/\/api.w.org\/{rel}","templated":true}]}}