{"id":345,"date":"2009-01-04T03:44:00","date_gmt":"2009-01-04T03:44:00","guid":{"rendered":"http:\/\/blogs.thesocialmedia.com\/leblogmoto\/2009\/01\/04\/complainte-pour\/"},"modified":"2012-07-11T16:46:18","modified_gmt":"2012-07-11T16:46:18","slug":"complainte-pour","status":"publish","type":"post","link":"https:\/\/blogs.thesocialmedia.com\/leblogmoto\/2009\/01\/04\/complainte-pour\/","title":{"rendered":"Complainte pour des jours meilleurs"},"content":{"rendered":"<p><a href=\"http:\/\/blogs.thesocialmedia.com\/leblogmoto\/files\/2012\/07\/intro1.jpg\"><img loading=\"lazy\" decoding=\"async\" width=\"470\" height=\"359\"  src=\"http:\/\/www.leblogmoto.com\/images\/2009\/01\/03\/intro.jpg\" alt=\"Intro\" \/><\/a> <\/p>\n<p>Parce que l\u2019on veut notre bien, en fait, nos biens, les constructeurs n\u2019ont rien trouv\u00e9 de mieux que de nous demander la meilleure fa\u00e7on de faire. Il y a m\u00eame un nom pour \u00e7a: la conception participative. Dit plus simplement, on nous demande notre avis, ou pour les plus timides, on nous observe du coin de l\u2019\u0153il en prenant des notes. Comme avec la classe politique qui gouverne par sondages pour ne pas se mettre les pieds dans les plats, les fabricants de motos ont chang\u00e9 de motto, ce n\u2019est plus, faites-le ils viendront, mais donnons leurs ce qu\u2019ils veulent.<br \/>On navigue \u00e0 la tendance, en ce moment, c\u2019est le r\u00e9trotech avec le look d\u2019hier sur une technologie de pointe, et une fois la moto sur nos routes, ce n\u2019est plus comment la rendre meilleure (un peu, du moins on l\u2019esp\u00e8re), mais bien plus comment l\u2019adapter aux go\u00fbts et d\u00e9sirs de la client\u00e8le?<\/p>\n<p>Les grands avec leurs parts de march\u00e9s qui fluctuent au gr\u00e9 des vents, bons ou mauvais, n\u2019osent plus s\u2019aventurer dans l\u2019inconnu, et l\u2019innovation ne se fait plus que dans le seul d\u00e9tail qu\u2019une nouvelle r\u00e9glementation impose. Et parce qu\u2019il est plus simple et moins risqu\u00e9 de satisfaire les besoins d\u00e9j\u00e0 existants, que de tenter d\u2019en cr\u00e9er de nouveau, ils s\u2019accrochent aux valeurs communes v\u00e9hicul\u00e9es par le groupe de ses adeptes, de l\u2019image qu\u2019ils se font d\u2019eux-m\u00eames, et de celles qu\u2019ils veulent projeter.<\/p>\n<p>Harley-Davidson fonctionne de cette fa\u00e7on depuis des ann\u00e9es, pour ne pas dire d\u00e9cennies. Harley, ce n\u2019est pas une moto, c\u2019est une mani\u00e8re de vivre, rouler en Harley, c\u2019est faire partie d\u2019une famille qui partage, non seulement une histoire maintenant centenaire, mais aussi un code vestimentaire, un d\u00e9sir affich\u00e9 de libert\u00e9, d\u2019aventure et de camaraderie virile. Rouler en Harley, c\u2019est rouler dans l\u2019imaginaire collectif du mauvais gar\u00e7on, m\u00eame si l\u2019on est dentiste, mari\u00e9 avec enfants et non-fumeur.<br \/>Toutes les motos font cet effet, bien que certaines plus que d\u2019autres, alors on n\u2019est plus soi m\u00eame, nous jouons un r\u00f4le, nous devenons Valentino Rossi, Steve McQueen, Marlon Brando (et il serait temps que le cin\u00e9ma renouvelle cet imaginaire), on est membre d\u2019un clan, et plusieurs s\u2019en font tatouer le logo.<\/p>\n<p><a href=\"http:\/\/blogs.thesocialmedia.com\/leblogmoto\/files\/2012\/07\/doc1.jpg\"><img loading=\"lazy\" decoding=\"async\" width=\"470\" height=\"364\"  src=\"http:\/\/www.leblogmoto.com\/images\/2009\/01\/03\/doc1.jpg\" alt=\"Doc1\" \/><\/a> <\/p>\n<p>Des communaut\u00e9s se forment, le <a href=\"http:\/\/www.harley-davidson.com\/wcm\/Content\/Pages\/Owners\/Owners.jsp?HDCWPSession=mdw2JgpD42w9BQcSQt9LGfqPfyPdLJnvd2xnJSL9YQ2TGgHwLv0S!674895132!-1329818469&amp;locale=en_US\">Harley Owners Group<\/a> (HOG), le <a href=\"http:\/\/www.ducati.com\/ducatiworld\/index.jhtml\">Desmo Owners Club<\/a> (DOC), des liens virtuels apparaissent comme le <a href=\"http:\/\/www.yamaha-motor.fr\/designcafe\/fr\/\">Design Caf\u00e9 <\/a>de Yamaha, l\u2019id\u00e9e \u00e9tant de retenir la client\u00e8le gr\u00e2ce \u00e0 l\u2019interaction et le dialogue. On y partage des id\u00e9es, nos opinions, nos exp\u00e9riences, on organise des \u00e9v\u00e9nements, on se regroupe, on se responsabilise. Des ateliers sont cr\u00e9\u00e9s, on s\u2019entraide, on offre des produits comme de l\u2019assurance, du cr\u00e9dit, des produits exclusifs inspir\u00e9s par l\u2019image de la famille. Les femmes, les v\u00e9t\u00e9rans, les enfants, tous sont int\u00e9gr\u00e9s autour de la marque pour entretenir le sentiment d\u2019appartenance.<\/p>\n<p><a href=\"http:\/\/clabedan.typepad.com\/.shared\/image.html?\/photos\/uncategorized\/2009\/01\/03\/hog3.jpg\"><img loading=\"lazy\" decoding=\"async\" width=\"470\" height=\"264\"  src=\"http:\/\/www.leblogmoto.com\/images\/2009\/01\/03\/hog3.jpg\" alt=\"Hog3\" \/><\/a> <\/p>\n<p>Les motos ne naissent pas toutes \u00e9gales, mais les circonstances, cette grande ordonnatrice du chaos, peuvent faire en sorte que n\u2019importe qu\u2019elle moto sera capable de faire na\u00eetre un profond lien \u00e9motif. Ce lien est pr\u00e9cieux, pour nous, car il procure un bien-\u00eatre, mais surtout pour la marque, qui compte l\u00e0-dessus pour entretenir et encourager notre loyaut\u00e9.<\/p>\n<p>Et comme il est 5 fois plus co\u00fbteux d\u2019attirer un nouveau client que de garder celui qui est d\u00e9j\u00e0 l\u00e0, on comprendra que l\u2019id\u00e9e de communaut\u00e9, voire de tribu, est importante.<\/p>\n<p><a href=\"http:\/\/blogs.thesocialmedia.com\/leblogmoto\/files\/2012\/07\/bm31.jpg\"><img loading=\"lazy\" decoding=\"async\" width=\"470\" height=\"315\"  src=\"http:\/\/www.leblogmoto.com\/images\/2009\/01\/03\/bm3.jpg\" alt=\"Bm3\" \/><\/a> <\/p>\n<p>Alors que BMW jette en p\u00e2ture un produit comme le <a href=\"http:\/\/www.bmw-motorrad.com\/com\/en\/index.html?content=http:\/\/www.bmw-motorrad.com\/com\/en\/individual\/news\/index.html&amp;id=323\">LoRider<\/a>, personnalisable avec tout le toc et les tics du moment, ce n\u2019est pas seulement pour nous faire plaisir, pour nous offrir une meilleure exp\u00e9rience de notre moto, mais surtout pour encourager ce d\u00e9sir d\u2019appropriation. Que ce ne soit pas uniquement une moto, mais sa moto, une BMW. Et si la LoRider voit le jour, tout un \u00e9cosyst\u00e8me se d\u00e9veloppera autour du concept, pour le nourrir.<br \/>BMW mise sur l\u2019inclination du moment vers la personnalisation (en fait, l\u2019id\u00e9e du chopper, mettre \u00e0 sa main, date plut\u00f4t d\u2019avant-hier, mais puisqu\u2019on y ajoute le r\u00e9trotech actuel, on esp\u00e8re que \u00e7a tiendra le coup) pour y recycler son moteur Boxer sous des habits neufs, hautement interchangeables.<\/p>\n<p>Les temps sont durs, on devient frileux, mais chers constructeurs, croyez-vous vraiment que vous avez les moyens de nous ennuyer en nous donnant ce que nous voulons?<br \/>La morosit\u00e9 ambiante actuelle n\u2019est pas un caprice auquel l\u2019on c\u00e8de, comme on le ferait pour un enfant trop g\u00e2t\u00e9 avec lequel on ach\u00e8terait la paix!<\/p>\n<p>La vraie satisfaction ne vient pas du d\u00e9sir assouvi, mais de l\u2019inattendu, de la rencontre avec l\u2019inconnu. Je veux \u00eatre intrigu\u00e9, surpris, divertis, ce n\u2019est pas d\u2019un je t\u2019aime convenu \u00e0 l\u2019oreille dont j\u2019ai besoin, je veux me faire bousculer dans une \u00e9treinte farouche, entendre des cris, pas des murmures.<\/p>\n<p>Qui a encore les moyens d\u2019\u00eatre timide? Il est d\u00e9raisonnable d\u2019\u00eatre raisonnable, il faut imaginer l\u2019inimaginable, surmonter l\u2019insurmontable, se bercer d\u2019illusions pour atteindre l\u2019illusoire, ne pas avoir peur du ridicule si l\u2019on veut atteindre le sublime.<br \/>Je veux cette moto, tous, on voudra cette moto. Qui nous la donnera?<\/p>\n","protected":false},"excerpt":{"rendered":"<p>Parce que l\u2019on veut notre bien, en fait, nos biens, les constructeurs n\u2019ont rien trouv\u00e9 de mieux que de nous demander la meilleure fa\u00e7on de faire. Il y a m\u00eame un nom pour \u00e7a: la conception participative. Dit plus simplement, on nous demande notre avis, ou pour les plus timides, on nous observe du coin [&hellip;]<\/p>\n","protected":false},"author":325,"featured_media":0,"comment_status":"open","ping_status":"open","sticky":false,"template":"","format":"standard","meta":{"footnotes":""},"categories":[7,17,41,29,44],"tags":[],"class_list":["post-345","post","type-post","status-publish","format-standard","hentry","category-bmw","category-divers","category-ducati","category-harley-davidson","category-yamaha"],"yoast_head":"<!-- This site is optimized with the Yoast SEO plugin v26.0 - https:\/\/yoast.com\/wordpress\/plugins\/seo\/ -->\n<title>Complainte pour des jours meilleurs - leblogmoto.com<\/title>\n<meta name=\"robots\" content=\"index, follow, max-snippet:-1, max-image-preview:large, max-video-preview:-1\" \/>\n<link rel=\"canonical\" href=\"https:\/\/blogs.thesocialmedia.com\/leblogmoto\/2009\/01\/04\/complainte-pour\/\" \/>\n<meta name=\"twitter:card\" content=\"summary_large_image\" \/>\n<meta name=\"twitter:title\" content=\"Complainte pour des jours meilleurs - leblogmoto.com\" \/>\n<meta name=\"twitter:description\" content=\"Parce que l\u2019on veut notre bien, en fait, nos biens, les constructeurs n\u2019ont rien trouv\u00e9 de mieux que de nous demander la meilleure fa\u00e7on de faire. Il y a m\u00eame un nom pour \u00e7a: la conception participative. Dit plus simplement, on nous demande notre avis, ou pour les plus timides, on nous observe du coin [&hellip;]\" \/>\n<meta name=\"twitter:image\" content=\"http:\/\/www.leblogmoto.com\/images\/2009\/01\/03\/intro.jpg\" \/>\n<meta name=\"twitter:label1\" content=\"\u00c9crit par\" \/>\n\t<meta name=\"twitter:data1\" content=\"jacques lesage\" \/>\n\t<meta name=\"twitter:label2\" content=\"Dur\u00e9e de lecture estim\u00e9e\" \/>\n\t<meta name=\"twitter:data2\" content=\"5 minutes\" \/>\n<script type=\"application\/ld+json\" class=\"yoast-schema-graph\">{\"@context\":\"https:\/\/schema.org\",\"@graph\":[{\"@type\":\"WebPage\",\"@id\":\"https:\/\/blogs.thesocialmedia.com\/leblogmoto\/2009\/01\/04\/complainte-pour\/\",\"url\":\"https:\/\/blogs.thesocialmedia.com\/leblogmoto\/2009\/01\/04\/complainte-pour\/\",\"name\":\"Complainte pour des jours meilleurs - leblogmoto.com\",\"isPartOf\":{\"@id\":\"https:\/\/blogs.thesocialmedia.com\/leblogmoto\/#website\"},\"primaryImageOfPage\":{\"@id\":\"https:\/\/blogs.thesocialmedia.com\/leblogmoto\/2009\/01\/04\/complainte-pour\/#primaryimage\"},\"image\":{\"@id\":\"https:\/\/blogs.thesocialmedia.com\/leblogmoto\/2009\/01\/04\/complainte-pour\/#primaryimage\"},\"thumbnailUrl\":\"http:\/\/www.leblogmoto.com\/images\/2009\/01\/03\/intro.jpg\",\"datePublished\":\"2009-01-04T03:44:00+00:00\",\"dateModified\":\"2012-07-11T16:46:18+00:00\",\"author\":{\"@id\":\"https:\/\/blogs.thesocialmedia.com\/leblogmoto\/#\/schema\/person\/e82a0ca8a9a63d031586097a3ed58526\"},\"breadcrumb\":{\"@id\":\"https:\/\/blogs.thesocialmedia.com\/leblogmoto\/2009\/01\/04\/complainte-pour\/#breadcrumb\"},\"inLanguage\":\"fr-FR\",\"potentialAction\":[{\"@type\":\"ReadAction\",\"target\":[\"https:\/\/blogs.thesocialmedia.com\/leblogmoto\/2009\/01\/04\/complainte-pour\/\"]}]},{\"@type\":\"ImageObject\",\"inLanguage\":\"fr-FR\",\"@id\":\"https:\/\/blogs.thesocialmedia.com\/leblogmoto\/2009\/01\/04\/complainte-pour\/#primaryimage\",\"url\":\"http:\/\/www.leblogmoto.com\/images\/2009\/01\/03\/intro.jpg\",\"contentUrl\":\"http:\/\/www.leblogmoto.com\/images\/2009\/01\/03\/intro.jpg\"},{\"@type\":\"BreadcrumbList\",\"@id\":\"https:\/\/blogs.thesocialmedia.com\/leblogmoto\/2009\/01\/04\/complainte-pour\/#breadcrumb\",\"itemListElement\":[{\"@type\":\"ListItem\",\"position\":1,\"name\":\"Accueil\",\"item\":\"https:\/\/blogs.thesocialmedia.com\/leblogmoto\/\"},{\"@type\":\"ListItem\",\"position\":2,\"name\":\"Complainte pour des jours meilleurs\"}]},{\"@type\":\"WebSite\",\"@id\":\"https:\/\/blogs.thesocialmedia.com\/leblogmoto\/#website\",\"url\":\"https:\/\/blogs.thesocialmedia.com\/leblogmoto\/\",\"name\":\"leblogmoto\",\"description\":\"Toute l&#039;actualit\u00e9 des 2 roues\",\"potentialAction\":[{\"@type\":\"SearchAction\",\"target\":{\"@type\":\"EntryPoint\",\"urlTemplate\":\"https:\/\/blogs.thesocialmedia.com\/leblogmoto\/?s={search_term_string}\"},\"query-input\":{\"@type\":\"PropertyValueSpecification\",\"valueRequired\":true,\"valueName\":\"search_term_string\"}}],\"inLanguage\":\"fr-FR\"},{\"@type\":\"Person\",\"@id\":\"https:\/\/blogs.thesocialmedia.com\/leblogmoto\/#\/schema\/person\/e82a0ca8a9a63d031586097a3ed58526\",\"name\":\"jacques lesage\",\"image\":{\"@type\":\"ImageObject\",\"inLanguage\":\"fr-FR\",\"@id\":\"https:\/\/blogs.thesocialmedia.com\/leblogmoto\/#\/schema\/person\/image\/\",\"url\":\"https:\/\/secure.gravatar.com\/avatar\/?s=96&d=mm&r=g\",\"contentUrl\":\"https:\/\/secure.gravatar.com\/avatar\/?s=96&d=mm&r=g\",\"caption\":\"jacques lesage\"},\"url\":\"https:\/\/blogs.thesocialmedia.com\/leblogmoto\/author\/jacques-lesage\/\"}]}<\/script>\n<!-- \/ Yoast SEO plugin. -->","yoast_head_json":{"title":"Complainte pour des jours meilleurs - leblogmoto.com","robots":{"index":"index","follow":"follow","max-snippet":"max-snippet:-1","max-image-preview":"max-image-preview:large","max-video-preview":"max-video-preview:-1"},"canonical":"https:\/\/blogs.thesocialmedia.com\/leblogmoto\/2009\/01\/04\/complainte-pour\/","twitter_card":"summary_large_image","twitter_title":"Complainte pour des jours meilleurs - leblogmoto.com","twitter_description":"Parce que l\u2019on veut notre bien, en fait, nos biens, les constructeurs n\u2019ont rien trouv\u00e9 de mieux que de nous demander la meilleure fa\u00e7on de faire. Il y a m\u00eame un nom pour \u00e7a: la conception participative. Dit plus simplement, on nous demande notre avis, ou pour les plus timides, on nous observe du coin [&hellip;]","twitter_image":"http:\/\/www.leblogmoto.com\/images\/2009\/01\/03\/intro.jpg","twitter_misc":{"\u00c9crit par":"jacques lesage","Dur\u00e9e de lecture estim\u00e9e":"5 minutes"},"schema":{"@context":"https:\/\/schema.org","@graph":[{"@type":"WebPage","@id":"https:\/\/blogs.thesocialmedia.com\/leblogmoto\/2009\/01\/04\/complainte-pour\/","url":"https:\/\/blogs.thesocialmedia.com\/leblogmoto\/2009\/01\/04\/complainte-pour\/","name":"Complainte pour des jours meilleurs - leblogmoto.com","isPartOf":{"@id":"https:\/\/blogs.thesocialmedia.com\/leblogmoto\/#website"},"primaryImageOfPage":{"@id":"https:\/\/blogs.thesocialmedia.com\/leblogmoto\/2009\/01\/04\/complainte-pour\/#primaryimage"},"image":{"@id":"https:\/\/blogs.thesocialmedia.com\/leblogmoto\/2009\/01\/04\/complainte-pour\/#primaryimage"},"thumbnailUrl":"http:\/\/www.leblogmoto.com\/images\/2009\/01\/03\/intro.jpg","datePublished":"2009-01-04T03:44:00+00:00","dateModified":"2012-07-11T16:46:18+00:00","author":{"@id":"https:\/\/blogs.thesocialmedia.com\/leblogmoto\/#\/schema\/person\/e82a0ca8a9a63d031586097a3ed58526"},"breadcrumb":{"@id":"https:\/\/blogs.thesocialmedia.com\/leblogmoto\/2009\/01\/04\/complainte-pour\/#breadcrumb"},"inLanguage":"fr-FR","potentialAction":[{"@type":"ReadAction","target":["https:\/\/blogs.thesocialmedia.com\/leblogmoto\/2009\/01\/04\/complainte-pour\/"]}]},{"@type":"ImageObject","inLanguage":"fr-FR","@id":"https:\/\/blogs.thesocialmedia.com\/leblogmoto\/2009\/01\/04\/complainte-pour\/#primaryimage","url":"http:\/\/www.leblogmoto.com\/images\/2009\/01\/03\/intro.jpg","contentUrl":"http:\/\/www.leblogmoto.com\/images\/2009\/01\/03\/intro.jpg"},{"@type":"BreadcrumbList","@id":"https:\/\/blogs.thesocialmedia.com\/leblogmoto\/2009\/01\/04\/complainte-pour\/#breadcrumb","itemListElement":[{"@type":"ListItem","position":1,"name":"Accueil","item":"https:\/\/blogs.thesocialmedia.com\/leblogmoto\/"},{"@type":"ListItem","position":2,"name":"Complainte pour des jours meilleurs"}]},{"@type":"WebSite","@id":"https:\/\/blogs.thesocialmedia.com\/leblogmoto\/#website","url":"https:\/\/blogs.thesocialmedia.com\/leblogmoto\/","name":"leblogmoto","description":"Toute l&#039;actualit\u00e9 des 2 roues","potentialAction":[{"@type":"SearchAction","target":{"@type":"EntryPoint","urlTemplate":"https:\/\/blogs.thesocialmedia.com\/leblogmoto\/?s={search_term_string}"},"query-input":{"@type":"PropertyValueSpecification","valueRequired":true,"valueName":"search_term_string"}}],"inLanguage":"fr-FR"},{"@type":"Person","@id":"https:\/\/blogs.thesocialmedia.com\/leblogmoto\/#\/schema\/person\/e82a0ca8a9a63d031586097a3ed58526","name":"jacques lesage","image":{"@type":"ImageObject","inLanguage":"fr-FR","@id":"https:\/\/blogs.thesocialmedia.com\/leblogmoto\/#\/schema\/person\/image\/","url":"https:\/\/secure.gravatar.com\/avatar\/?s=96&d=mm&r=g","contentUrl":"https:\/\/secure.gravatar.com\/avatar\/?s=96&d=mm&r=g","caption":"jacques lesage"},"url":"https:\/\/blogs.thesocialmedia.com\/leblogmoto\/author\/jacques-lesage\/"}]}},"_links":{"self":[{"href":"https:\/\/blogs.thesocialmedia.com\/leblogmoto\/wp-json\/wp\/v2\/posts\/345","targetHints":{"allow":["GET"]}}],"collection":[{"href":"https:\/\/blogs.thesocialmedia.com\/leblogmoto\/wp-json\/wp\/v2\/posts"}],"about":[{"href":"https:\/\/blogs.thesocialmedia.com\/leblogmoto\/wp-json\/wp\/v2\/types\/post"}],"author":[{"embeddable":true,"href":"https:\/\/blogs.thesocialmedia.com\/leblogmoto\/wp-json\/wp\/v2\/users\/325"}],"replies":[{"embeddable":true,"href":"https:\/\/blogs.thesocialmedia.com\/leblogmoto\/wp-json\/wp\/v2\/comments?post=345"}],"version-history":[{"count":2,"href":"https:\/\/blogs.thesocialmedia.com\/leblogmoto\/wp-json\/wp\/v2\/posts\/345\/revisions"}],"predecessor-version":[{"id":12408,"href":"https:\/\/blogs.thesocialmedia.com\/leblogmoto\/wp-json\/wp\/v2\/posts\/345\/revisions\/12408"}],"wp:attachment":[{"href":"https:\/\/blogs.thesocialmedia.com\/leblogmoto\/wp-json\/wp\/v2\/media?parent=345"}],"wp:term":[{"taxonomy":"category","embeddable":true,"href":"https:\/\/blogs.thesocialmedia.com\/leblogmoto\/wp-json\/wp\/v2\/categories?post=345"},{"taxonomy":"post_tag","embeddable":true,"href":"https:\/\/blogs.thesocialmedia.com\/leblogmoto\/wp-json\/wp\/v2\/tags?post=345"}],"curies":[{"name":"wp","href":"https:\/\/api.w.org\/{rel}","templated":true}]}}