{"id":347,"date":"2008-12-28T23:55:30","date_gmt":"2008-12-28T23:55:30","guid":{"rendered":"http:\/\/blogs.thesocialmedia.com\/leblogmoto\/2008\/12\/28\/la-marque-gp-me\/"},"modified":"2012-07-11T16:46:08","modified_gmt":"2012-07-11T16:46:08","slug":"la-marque-gp-me","status":"publish","type":"post","link":"https:\/\/blogs.thesocialmedia.com\/leblogmoto\/2008\/12\/28\/la-marque-gp-me\/","title":{"rendered":"Le br\u00e9silien PG et ses tr\u00e8s color\u00e9s visuels anti-crise."},"content":{"rendered":"<p><a href=\"http:\/\/blogs.thesocialmedia.com\/leblogmoto\/files\/2012\/07\/pgmotos03.jpg\"><img loading=\"lazy\" decoding=\"async\" height=\"331\"  width=\"470\" alt=\"Pgmotos03\" src=\"http:\/\/www.leblogmoto.com\/images\/2008\/12\/24\/pgmotos03.jpg\" \/><\/a><\/p>\n<p>Apr\u00e8s la <a href=\"http:\/\/blogs.thesocialmedia.com\/leblogmoto\/files\/2012\/07\/harley-ragit-fa.html_.png\">campagne r\u00e9cente<\/a> de Harley Davidson sur le prix de l&rsquo;or noir qui plombe son chiffre d&rsquo;affaire, passons \u00e0 un constructeur beaucoup plus discret, qui propose \u00e0 la vente de petits mod\u00e8les, peu gourmands en carburant. M\u00eame si notre cher super sans plomb 95 &#8211; voire le 98, pour les rares motos qui en sifflent &#8211; a chut\u00e9 dans certaines stations <a href=\"http:\/\/www.google.com\/hostednews\/afp\/article\/ALeqM5iUbAXQnyMwnoEMBnlQweVR2eJUBg\">\u00e0 moins d&rsquo;un euro le litre<\/a>, pour le plus l\u00e9ger en octane des deux, il est bon de se rappeler qu&rsquo;au d\u00e9but de l&rsquo;\u00e9t\u00e9, ce dernier d\u00e9passait les 1,5 \u20ac. Et les motards montraient leur amertume face \u00e0 cette spirale des prix. A ce sujet, les images percutantes ne manquent pas ici pour vanter les avantages de ces scoot et meules: des puits de p\u00e9troles qui prennent des formes de marteaux, des derricks qui tiennent \u00e0 leur merci des voitures et tentent de mettre la main sur un <em>Hunter<\/em> (sic) de 100cc. Et, pour finir, des pompes \u00e0 essence qui \u00e9touffent les v\u00e9hicules tels des boas constricteurs. A rapprocher de ces <a href=\"http:\/\/www.leblogmoto.com\/2008\/07\/comme-la-corde.html\">Tshirts<\/a>, encore plus accrocheurs et efficaces selon moi. Source: <a href=\"http:\/\/www.adverbox.com\/pg-motos\/\">advertbox<\/a>.<\/p>\n<p><a href=\"http:\/\/clabedan.typepad.com\/.shared\/image.html?\/photos\/uncategorized\/2008\/12\/24\/pgmotos01_2.jpg\"><img loading=\"lazy\" decoding=\"async\" height=\"331\"  width=\"470\" alt=\"Pgmotos01_2\" src=\"http:\/\/www.leblogmoto.com\/images\/2008\/12\/24\/pgmotos01_2.jpg\" \/><\/a><\/p>\n<p><a href=\"http:\/\/blogs.thesocialmedia.com\/leblogmoto\/files\/2012\/07\/pgmotos02_2.jpg\"><img loading=\"lazy\" decoding=\"async\" height=\"331\"  width=\"470\" alt=\"Pgmotos02_2\" src=\"http:\/\/www.leblogmoto.com\/images\/2008\/12\/24\/pgmotos02_2.jpg\" \/><\/a>&nbsp; <\/p>\n","protected":false},"excerpt":{"rendered":"<p>Apr\u00e8s la campagne r\u00e9cente de Harley Davidson sur le prix de l&rsquo;or noir qui plombe son chiffre d&rsquo;affaire, passons \u00e0 un constructeur beaucoup plus discret, qui propose \u00e0 la vente de petits mod\u00e8les, peu gourmands en carburant. M\u00eame si notre cher super sans plomb 95 &#8211; voire le 98, pour les rares motos qui en [&hellip;]<\/p>\n","protected":false},"author":324,"featured_media":0,"comment_status":"open","ping_status":"open","sticky":false,"template":"","format":"standard","meta":{"footnotes":""},"categories":[30,17],"tags":[],"class_list":["post-347","post","type-post","status-publish","format-standard","hentry","category-bio-carburantsvehicules-propres","category-divers"],"yoast_head":"<!-- This site is optimized with the Yoast SEO plugin v26.0 - https:\/\/yoast.com\/wordpress\/plugins\/seo\/ -->\n<title>Le br\u00e9silien PG et ses tr\u00e8s color\u00e9s visuels anti-crise. - leblogmoto.com<\/title>\n<meta name=\"robots\" content=\"index, follow, max-snippet:-1, max-image-preview:large, max-video-preview:-1\" \/>\n<link rel=\"canonical\" href=\"https:\/\/blogs.thesocialmedia.com\/leblogmoto\/2008\/12\/28\/la-marque-gp-me\/\" \/>\n<meta name=\"twitter:card\" content=\"summary_large_image\" \/>\n<meta name=\"twitter:title\" content=\"Le br\u00e9silien PG et ses tr\u00e8s color\u00e9s visuels anti-crise. - leblogmoto.com\" \/>\n<meta name=\"twitter:description\" content=\"Apr\u00e8s la campagne r\u00e9cente de Harley Davidson sur le prix de l&rsquo;or noir qui plombe son chiffre d&rsquo;affaire, passons \u00e0 un constructeur beaucoup plus discret, qui propose \u00e0 la vente de petits mod\u00e8les, peu gourmands en carburant. M\u00eame si notre cher super sans plomb 95 &#8211; voire le 98, pour les rares motos qui en [&hellip;]\" \/>\n<meta name=\"twitter:image\" content=\"http:\/\/www.leblogmoto.com\/images\/2008\/12\/24\/pgmotos03.jpg\" \/>\n<meta name=\"twitter:label1\" content=\"\u00c9crit par\" \/>\n\t<meta name=\"twitter:data1\" content=\"benoit rieu\" \/>\n\t<meta name=\"twitter:label2\" content=\"Dur\u00e9e de lecture estim\u00e9e\" \/>\n\t<meta name=\"twitter:data2\" content=\"1 minute\" \/>\n<script type=\"application\/ld+json\" class=\"yoast-schema-graph\">{\"@context\":\"https:\/\/schema.org\",\"@graph\":[{\"@type\":\"WebPage\",\"@id\":\"https:\/\/blogs.thesocialmedia.com\/leblogmoto\/2008\/12\/28\/la-marque-gp-me\/\",\"url\":\"https:\/\/blogs.thesocialmedia.com\/leblogmoto\/2008\/12\/28\/la-marque-gp-me\/\",\"name\":\"Le br\u00e9silien PG et ses tr\u00e8s color\u00e9s visuels anti-crise. - leblogmoto.com\",\"isPartOf\":{\"@id\":\"https:\/\/blogs.thesocialmedia.com\/leblogmoto\/#website\"},\"primaryImageOfPage\":{\"@id\":\"https:\/\/blogs.thesocialmedia.com\/leblogmoto\/2008\/12\/28\/la-marque-gp-me\/#primaryimage\"},\"image\":{\"@id\":\"https:\/\/blogs.thesocialmedia.com\/leblogmoto\/2008\/12\/28\/la-marque-gp-me\/#primaryimage\"},\"thumbnailUrl\":\"http:\/\/www.leblogmoto.com\/images\/2008\/12\/24\/pgmotos03.jpg\",\"datePublished\":\"2008-12-28T23:55:30+00:00\",\"dateModified\":\"2012-07-11T16:46:08+00:00\",\"author\":{\"@id\":\"https:\/\/blogs.thesocialmedia.com\/leblogmoto\/#\/schema\/person\/18bfe773e5725ed6d24f743da805362a\"},\"breadcrumb\":{\"@id\":\"https:\/\/blogs.thesocialmedia.com\/leblogmoto\/2008\/12\/28\/la-marque-gp-me\/#breadcrumb\"},\"inLanguage\":\"fr-FR\",\"potentialAction\":[{\"@type\":\"ReadAction\",\"target\":[\"https:\/\/blogs.thesocialmedia.com\/leblogmoto\/2008\/12\/28\/la-marque-gp-me\/\"]}]},{\"@type\":\"ImageObject\",\"inLanguage\":\"fr-FR\",\"@id\":\"https:\/\/blogs.thesocialmedia.com\/leblogmoto\/2008\/12\/28\/la-marque-gp-me\/#primaryimage\",\"url\":\"http:\/\/www.leblogmoto.com\/images\/2008\/12\/24\/pgmotos03.jpg\",\"contentUrl\":\"http:\/\/www.leblogmoto.com\/images\/2008\/12\/24\/pgmotos03.jpg\"},{\"@type\":\"BreadcrumbList\",\"@id\":\"https:\/\/blogs.thesocialmedia.com\/leblogmoto\/2008\/12\/28\/la-marque-gp-me\/#breadcrumb\",\"itemListElement\":[{\"@type\":\"ListItem\",\"position\":1,\"name\":\"Accueil\",\"item\":\"https:\/\/blogs.thesocialmedia.com\/leblogmoto\/\"},{\"@type\":\"ListItem\",\"position\":2,\"name\":\"Le br\u00e9silien PG et ses tr\u00e8s color\u00e9s visuels anti-crise.\"}]},{\"@type\":\"WebSite\",\"@id\":\"https:\/\/blogs.thesocialmedia.com\/leblogmoto\/#website\",\"url\":\"https:\/\/blogs.thesocialmedia.com\/leblogmoto\/\",\"name\":\"leblogmoto\",\"description\":\"Toute l&#039;actualit\u00e9 des 2 roues\",\"potentialAction\":[{\"@type\":\"SearchAction\",\"target\":{\"@type\":\"EntryPoint\",\"urlTemplate\":\"https:\/\/blogs.thesocialmedia.com\/leblogmoto\/?s={search_term_string}\"},\"query-input\":{\"@type\":\"PropertyValueSpecification\",\"valueRequired\":true,\"valueName\":\"search_term_string\"}}],\"inLanguage\":\"fr-FR\"},{\"@type\":\"Person\",\"@id\":\"https:\/\/blogs.thesocialmedia.com\/leblogmoto\/#\/schema\/person\/18bfe773e5725ed6d24f743da805362a\",\"name\":\"benoit rieu\",\"image\":{\"@type\":\"ImageObject\",\"inLanguage\":\"fr-FR\",\"@id\":\"https:\/\/blogs.thesocialmedia.com\/leblogmoto\/#\/schema\/person\/image\/\",\"url\":\"https:\/\/secure.gravatar.com\/avatar\/?s=96&d=mm&r=g\",\"contentUrl\":\"https:\/\/secure.gravatar.com\/avatar\/?s=96&d=mm&r=g\",\"caption\":\"benoit rieu\"},\"url\":\"https:\/\/blogs.thesocialmedia.com\/leblogmoto\/author\/benoit-rieu\/\"}]}<\/script>\n<!-- \/ Yoast SEO plugin. -->","yoast_head_json":{"title":"Le br\u00e9silien PG et ses tr\u00e8s color\u00e9s visuels anti-crise. - leblogmoto.com","robots":{"index":"index","follow":"follow","max-snippet":"max-snippet:-1","max-image-preview":"max-image-preview:large","max-video-preview":"max-video-preview:-1"},"canonical":"https:\/\/blogs.thesocialmedia.com\/leblogmoto\/2008\/12\/28\/la-marque-gp-me\/","twitter_card":"summary_large_image","twitter_title":"Le br\u00e9silien PG et ses tr\u00e8s color\u00e9s visuels anti-crise. - leblogmoto.com","twitter_description":"Apr\u00e8s la campagne r\u00e9cente de Harley Davidson sur le prix de l&rsquo;or noir qui plombe son chiffre d&rsquo;affaire, passons \u00e0 un constructeur beaucoup plus discret, qui propose \u00e0 la vente de petits mod\u00e8les, peu gourmands en carburant. M\u00eame si notre cher super sans plomb 95 &#8211; voire le 98, pour les rares motos qui en [&hellip;]","twitter_image":"http:\/\/www.leblogmoto.com\/images\/2008\/12\/24\/pgmotos03.jpg","twitter_misc":{"\u00c9crit par":"benoit rieu","Dur\u00e9e de lecture estim\u00e9e":"1 minute"},"schema":{"@context":"https:\/\/schema.org","@graph":[{"@type":"WebPage","@id":"https:\/\/blogs.thesocialmedia.com\/leblogmoto\/2008\/12\/28\/la-marque-gp-me\/","url":"https:\/\/blogs.thesocialmedia.com\/leblogmoto\/2008\/12\/28\/la-marque-gp-me\/","name":"Le br\u00e9silien PG et ses tr\u00e8s color\u00e9s visuels anti-crise. - leblogmoto.com","isPartOf":{"@id":"https:\/\/blogs.thesocialmedia.com\/leblogmoto\/#website"},"primaryImageOfPage":{"@id":"https:\/\/blogs.thesocialmedia.com\/leblogmoto\/2008\/12\/28\/la-marque-gp-me\/#primaryimage"},"image":{"@id":"https:\/\/blogs.thesocialmedia.com\/leblogmoto\/2008\/12\/28\/la-marque-gp-me\/#primaryimage"},"thumbnailUrl":"http:\/\/www.leblogmoto.com\/images\/2008\/12\/24\/pgmotos03.jpg","datePublished":"2008-12-28T23:55:30+00:00","dateModified":"2012-07-11T16:46:08+00:00","author":{"@id":"https:\/\/blogs.thesocialmedia.com\/leblogmoto\/#\/schema\/person\/18bfe773e5725ed6d24f743da805362a"},"breadcrumb":{"@id":"https:\/\/blogs.thesocialmedia.com\/leblogmoto\/2008\/12\/28\/la-marque-gp-me\/#breadcrumb"},"inLanguage":"fr-FR","potentialAction":[{"@type":"ReadAction","target":["https:\/\/blogs.thesocialmedia.com\/leblogmoto\/2008\/12\/28\/la-marque-gp-me\/"]}]},{"@type":"ImageObject","inLanguage":"fr-FR","@id":"https:\/\/blogs.thesocialmedia.com\/leblogmoto\/2008\/12\/28\/la-marque-gp-me\/#primaryimage","url":"http:\/\/www.leblogmoto.com\/images\/2008\/12\/24\/pgmotos03.jpg","contentUrl":"http:\/\/www.leblogmoto.com\/images\/2008\/12\/24\/pgmotos03.jpg"},{"@type":"BreadcrumbList","@id":"https:\/\/blogs.thesocialmedia.com\/leblogmoto\/2008\/12\/28\/la-marque-gp-me\/#breadcrumb","itemListElement":[{"@type":"ListItem","position":1,"name":"Accueil","item":"https:\/\/blogs.thesocialmedia.com\/leblogmoto\/"},{"@type":"ListItem","position":2,"name":"Le br\u00e9silien PG et ses tr\u00e8s color\u00e9s visuels anti-crise."}]},{"@type":"WebSite","@id":"https:\/\/blogs.thesocialmedia.com\/leblogmoto\/#website","url":"https:\/\/blogs.thesocialmedia.com\/leblogmoto\/","name":"leblogmoto","description":"Toute l&#039;actualit\u00e9 des 2 roues","potentialAction":[{"@type":"SearchAction","target":{"@type":"EntryPoint","urlTemplate":"https:\/\/blogs.thesocialmedia.com\/leblogmoto\/?s={search_term_string}"},"query-input":{"@type":"PropertyValueSpecification","valueRequired":true,"valueName":"search_term_string"}}],"inLanguage":"fr-FR"},{"@type":"Person","@id":"https:\/\/blogs.thesocialmedia.com\/leblogmoto\/#\/schema\/person\/18bfe773e5725ed6d24f743da805362a","name":"benoit rieu","image":{"@type":"ImageObject","inLanguage":"fr-FR","@id":"https:\/\/blogs.thesocialmedia.com\/leblogmoto\/#\/schema\/person\/image\/","url":"https:\/\/secure.gravatar.com\/avatar\/?s=96&d=mm&r=g","contentUrl":"https:\/\/secure.gravatar.com\/avatar\/?s=96&d=mm&r=g","caption":"benoit rieu"},"url":"https:\/\/blogs.thesocialmedia.com\/leblogmoto\/author\/benoit-rieu\/"}]}},"_links":{"self":[{"href":"https:\/\/blogs.thesocialmedia.com\/leblogmoto\/wp-json\/wp\/v2\/posts\/347","targetHints":{"allow":["GET"]}}],"collection":[{"href":"https:\/\/blogs.thesocialmedia.com\/leblogmoto\/wp-json\/wp\/v2\/posts"}],"about":[{"href":"https:\/\/blogs.thesocialmedia.com\/leblogmoto\/wp-json\/wp\/v2\/types\/post"}],"author":[{"embeddable":true,"href":"https:\/\/blogs.thesocialmedia.com\/leblogmoto\/wp-json\/wp\/v2\/users\/324"}],"replies":[{"embeddable":true,"href":"https:\/\/blogs.thesocialmedia.com\/leblogmoto\/wp-json\/wp\/v2\/comments?post=347"}],"version-history":[{"count":2,"href":"https:\/\/blogs.thesocialmedia.com\/leblogmoto\/wp-json\/wp\/v2\/posts\/347\/revisions"}],"predecessor-version":[{"id":12401,"href":"https:\/\/blogs.thesocialmedia.com\/leblogmoto\/wp-json\/wp\/v2\/posts\/347\/revisions\/12401"}],"wp:attachment":[{"href":"https:\/\/blogs.thesocialmedia.com\/leblogmoto\/wp-json\/wp\/v2\/media?parent=347"}],"wp:term":[{"taxonomy":"category","embeddable":true,"href":"https:\/\/blogs.thesocialmedia.com\/leblogmoto\/wp-json\/wp\/v2\/categories?post=347"},{"taxonomy":"post_tag","embeddable":true,"href":"https:\/\/blogs.thesocialmedia.com\/leblogmoto\/wp-json\/wp\/v2\/tags?post=347"}],"curies":[{"name":"wp","href":"https:\/\/api.w.org\/{rel}","templated":true}]}}